{"id":46859,"date":"2025-12-03T11:35:00","date_gmt":"2025-12-03T14:35:00","guid":{"rendered":"https:\/\/portaltela.pt\/noticias\/2025\/12\/03\/sao-silvestre-dos-madeiros-realiza-a-11a-edicao\/"},"modified":"2025-12-03T11:35:00","modified_gmt":"2025-12-03T14:35:00","slug":"sao-silvestre-dos-madeiros-realiza-a-11a-edicao","status":"publish","type":"post","link":"https:\/\/portaltela.pt\/desporto\/2025\/12\/03\/sao-silvestre-dos-madeiros-realiza-a-11a-edicao\/","title":{"rendered":"S\u00e3o Silvestre dos Madeiros realiza a 11\u00aa edi\u00e7\u00e3o"},"content":{"rendered":"<p>A corrida S\u00e3o Silvestre dos Madeiros, em Castelo Branco, regressa no dia 20 de dezembro, s\u00e1bado, para a sua 11\u00aa edi\u00e7\u00e3o. A partida e a meta voltam a situar-se em frente \u00e0 sede da Associa\u00e7\u00e3o Cultural, Recreativa e Desportiva do Bairro do Cansado, organiza\u00e7\u00e3o da Associa\u00e7\u00e3o do Bairro do Cansado.<\/p>\n<p>A prova contempla v\u00e1rios escal\u00f5es e dist\u00e2ncias. Pelas 18h30 inicia a Caminhada dos Madeiros. \u00c0s 19h come\u00e7am as categorias sub-12, 14 e 16. Aos 20h ter\u00e1 lugar a Corrida para juniores, sub-23, seniores e veteranos.<\/p>\n<p>Pelas 21h15 decorre a cerim\u00f3nia de entrega de pr\u00e9mios. As inscri\u00e7\u00f5es para a corrida encontram-se em meutempo.pt; a caminhada tem contactos dispon\u00edveis da associa\u00e7\u00e3o.<\/p>\n<h3>Detalhes do evento<\/h3>\n<p>A organiza\u00e7\u00e3o \u00e9 da Associa\u00e7\u00e3o do Bairro do Cansado, com passagem pelos tr\u00eas Madeiros: Madeiro do Cansado, Madeiro da S\u00e9 e Madeiro do Esp\u00edrito Santo. O regulamento e condi\u00e7\u00f5es de participa\u00e7\u00e3o ser\u00e3o disponibilizados nos locais oficiais da associa\u00e7\u00e3o.<\/p>\n","protected":false},"excerpt":{"rendered":"<ul>\n<li>A corrida S\u00e3o Silvestre dos Madeiros, em Castelo Branco, regressa a 20 de dezembro para a 11.\u00aa edi\u00e7\u00e3o, com in\u00edcio e chegada em frente \u00e0 sede da Associa\u00e7\u00e3o Cultural, Recreativa e Desportiva do Bairro do Cansado.<\/li>\n<li>A caminhada dos Madeiros come\u00e7a \u00e0s 18h30; a corrida para sub\u201112, 14 e 16 inicia \u00e0s 19h, e a corrida principal para juniores, sub\u201123, seniores e veteranos \u00e0s 20h.<\/li>\n<li>A prova inclui passagem pelos tr\u00eas Madeiros (Madeiro do Cansado, Madeiro da S\u00e9 e Madeiro do Esp\u00edrito Santo) e entrega de pr\u00e9mios \u00e0s 21h15.<\/li>\n<li>A organiza\u00e7\u00e3o \u00e9 da Associa\u00e7\u00e3o do Bairro do Cansado, com inscri\u00e7\u00f5es na corrida feitas pela internet (meutempo.pt) e informa\u00e7\u00f5es da caminhada atrav\u00e9s de contactos da associa\u00e7\u00e3o.<\/li>\n<li>Esta edi\u00e7\u00e3o marca a 11.\u00aa edi\u00e7\u00e3o do evento, mantendo o formato tradicional do evento anual na cidade.<\/li>\n<\/ul>\n","protected":false},"author":2,"featured_media":46863,"comment_status":"closed","ping_status":"closed","sticky":false,"template":"","format":"standard","meta":{"footnotes":""},"categories":[21],"tags":[278,679,123,152,282],"class_list":["post-46859","post","type-post","status-publish","format-standard","has-post-thumbnail","hentry","category-desporto","tag-associacao-desportiva-do-ano","tag-associacoes","tag-desportivos","tag-desporto","tag-evento-desportivo-do-ano"],"yoast_head":"<!-- This site is optimized with the Yoast SEO plugin v27.2 - https:\/\/yoast.com\/product\/yoast-seo-wordpress\/ -->\n<title>S\u00e3o Silvestre dos Madeiros realiza a 11\u00aa edi\u00e7\u00e3o - Portal Tela Portugal<\/title>\n<meta name=\"robots\" content=\"index, follow, max-snippet:-1, max-image-preview:large, max-video-preview:-1\" \/>\n<meta property=\"og:locale\" content=\"pt_PT\" \/>\n<meta property=\"og:type\" content=\"article\" \/>\n<meta property=\"og:title\" content=\"S\u00e3o Silvestre dos Madeiros realiza a 11\u00aa edi\u00e7\u00e3o - Portal Tela Portugal\" \/>\n<meta property=\"og:description\" content=\"A corrida S\u00e3o Silvestre dos Madeiros, em Castelo Branco, regressa a 20 de dezembro para a 11.\u00aa edi\u00e7\u00e3o, com in\u00edcio e chegada em frente \u00e0 sede da Associa\u00e7\u00e3o Cultural, Recreativa e Desportiva do Bairro do Cansado. A caminhada dos Madeiros come\u00e7a \u00e0s 18h30; a corrida para sub\u201112, 14 e 16 inicia \u00e0s 19h, e a corrida principal para juniores, sub\u201123, seniores e veteranos \u00e0s 20h. A prova inclui passagem pelos tr\u00eas Madeiros (Madeiro do Cansado, Madeiro da S\u00e9 e Madeiro do Esp\u00edrito Santo) e entrega de pr\u00e9mios \u00e0s 21h15. A organiza\u00e7\u00e3o \u00e9 da Associa\u00e7\u00e3o do Bairro do Cansado, com inscri\u00e7\u00f5es na corrida feitas pela internet (meutempo.pt) e informa\u00e7\u00f5es da caminhada atrav\u00e9s de contactos da associa\u00e7\u00e3o. Esta edi\u00e7\u00e3o marca a 11.\u00aa edi\u00e7\u00e3o do evento, mantendo o formato tradicional do evento anual na cidade.\" \/>\n<meta property=\"og:url\" content=\"https:\/\/portaltela.pt\/noticias\/2025\/12\/03\/sao-silvestre-dos-madeiros-realiza-a-11a-edicao\/\" \/>\n<meta property=\"og:site_name\" content=\"Portal Tela Portugal\" \/>\n<meta property=\"article:published_time\" content=\"2025-12-03T14:35:00+00:00\" \/>\n<meta name=\"author\" content=\"Telinha\" \/>\n<meta name=\"twitter:card\" content=\"summary_large_image\" \/>\n<meta name=\"twitter:label1\" content=\"Escrito por\" \/>\n\t<meta name=\"twitter:data1\" content=\"Telinha\" \/>\n\t<meta name=\"twitter:label2\" content=\"Tempo estimado de leitura\" \/>\n\t<meta name=\"twitter:data2\" content=\"1 minuto\" \/>\n<script type=\"application\/ld+json\" class=\"yoast-schema-graph\">{\"@context\":\"https:\/\/schema.org\",\"@graph\":[{\"@type\":\"Article\",\"@id\":\"https:\/\/portaltela.pt\/noticias\/2025\/12\/03\/sao-silvestre-dos-madeiros-realiza-a-11a-edicao\/#article\",\"isPartOf\":{\"@id\":\"https:\/\/portaltela.pt\/noticias\/2025\/12\/03\/sao-silvestre-dos-madeiros-realiza-a-11a-edicao\/\"},\"author\":{\"name\":\"Telinha\",\"@id\":\"https:\/\/portaltela.pt\/#\/schema\/person\/c4278d4a6028830caff9ee44b42d32ed\"},\"headline\":\"S\u00e3o Silvestre dos Madeiros realiza a 11\u00aa edi\u00e7\u00e3o\",\"datePublished\":\"2025-12-03T14:35:00+00:00\",\"mainEntityOfPage\":{\"@id\":\"https:\/\/portaltela.pt\/noticias\/2025\/12\/03\/sao-silvestre-dos-madeiros-realiza-a-11a-edicao\/\"},\"wordCount\":177,\"image\":{\"@id\":\"https:\/\/portaltela.pt\/noticias\/2025\/12\/03\/sao-silvestre-dos-madeiros-realiza-a-11a-edicao\/#primaryimage\"},\"thumbnailUrl\":\"https:\/\/portaltela.pt\/s.01k8rhncp4jt1\/2025\/12\/2d2635c7b1087d9881573553cc7842f58f6fe763-17.jpg\",\"keywords\":[\"Associa\u00e7\u00e3o Desportiva do Ano\",\"associa\u00e7\u00f5es\",\"desportivos\",\"desporto\",\"Evento Desportivo do Ano\"],\"articleSection\":[\"Desporto\"],\"inLanguage\":\"pt-PT\"},{\"@type\":\"WebPage\",\"@id\":\"https:\/\/portaltela.pt\/noticias\/2025\/12\/03\/sao-silvestre-dos-madeiros-realiza-a-11a-edicao\/\",\"url\":\"https:\/\/portaltela.pt\/noticias\/2025\/12\/03\/sao-silvestre-dos-madeiros-realiza-a-11a-edicao\/\",\"name\":\"S\u00e3o Silvestre dos Madeiros realiza a 11\u00aa edi\u00e7\u00e3o - Portal Tela Portugal\",\"isPartOf\":{\"@id\":\"https:\/\/portaltela.pt\/#website\"},\"primaryImageOfPage\":{\"@id\":\"https:\/\/portaltela.pt\/noticias\/2025\/12\/03\/sao-silvestre-dos-madeiros-realiza-a-11a-edicao\/#primaryimage\"},\"image\":{\"@id\":\"https:\/\/portaltela.pt\/noticias\/2025\/12\/03\/sao-silvestre-dos-madeiros-realiza-a-11a-edicao\/#primaryimage\"},\"thumbnailUrl\":\"https:\/\/portaltela.pt\/s.01k8rhncp4jt1\/2025\/12\/2d2635c7b1087d9881573553cc7842f58f6fe763-17.jpg\",\"datePublished\":\"2025-12-03T14:35:00+00:00\",\"author\":{\"@id\":\"https:\/\/portaltela.pt\/#\/schema\/person\/c4278d4a6028830caff9ee44b42d32ed\"},\"breadcrumb\":{\"@id\":\"https:\/\/portaltela.pt\/noticias\/2025\/12\/03\/sao-silvestre-dos-madeiros-realiza-a-11a-edicao\/#breadcrumb\"},\"inLanguage\":\"pt-PT\",\"potentialAction\":[{\"@type\":\"ReadAction\",\"target\":[\"https:\/\/portaltela.pt\/noticias\/2025\/12\/03\/sao-silvestre-dos-madeiros-realiza-a-11a-edicao\/\"]}]},{\"@type\":\"ImageObject\",\"inLanguage\":\"pt-PT\",\"@id\":\"https:\/\/portaltela.pt\/noticias\/2025\/12\/03\/sao-silvestre-dos-madeiros-realiza-a-11a-edicao\/#primaryimage\",\"url\":\"https:\/\/portaltela.pt\/s.01k8rhncp4jt1\/2025\/12\/2d2635c7b1087d9881573553cc7842f58f6fe763-17.jpg\",\"contentUrl\":\"https:\/\/portaltela.pt\/s.01k8rhncp4jt1\/2025\/12\/2d2635c7b1087d9881573553cc7842f58f6fe763-17.jpg\",\"width\":796,\"height\":448,\"caption\":\"R\u00e1dio Castelo Branco\"},{\"@type\":\"BreadcrumbList\",\"@id\":\"https:\/\/portaltela.pt\/noticias\/2025\/12\/03\/sao-silvestre-dos-madeiros-realiza-a-11a-edicao\/#breadcrumb\",\"itemListElement\":[{\"@type\":\"ListItem\",\"position\":1,\"name\":\"In\u00edcio\",\"item\":\"https:\/\/portaltela.pt\/\"},{\"@type\":\"ListItem\",\"position\":2,\"name\":\"S\u00e3o Silvestre dos Madeiros realiza a 11\u00aa edi\u00e7\u00e3o\"}]},{\"@type\":\"WebSite\",\"@id\":\"https:\/\/portaltela.pt\/#website\",\"url\":\"https:\/\/portaltela.pt\/\",\"name\":\"Portal Tela Portugal\",\"description\":\"\",\"potentialAction\":[{\"@type\":\"SearchAction\",\"target\":{\"@type\":\"EntryPoint\",\"urlTemplate\":\"https:\/\/portaltela.pt\/?s={search_term_string}\"},\"query-input\":{\"@type\":\"PropertyValueSpecification\",\"valueRequired\":true,\"valueName\":\"search_term_string\"}}],\"inLanguage\":\"pt-PT\"},{\"@type\":\"Person\",\"@id\":\"https:\/\/portaltela.pt\/#\/schema\/person\/c4278d4a6028830caff9ee44b42d32ed\",\"name\":\"Telinha\",\"image\":{\"@type\":\"ImageObject\",\"inLanguage\":\"pt-PT\",\"@id\":\"https:\/\/portaltela.pt\/s.01k8rhncp4jt1\/2025\/11\/talking-bot-125x125.png\",\"url\":\"https:\/\/portaltela.pt\/s.01k8rhncp4jt1\/2025\/11\/talking-bot-125x125.png\",\"contentUrl\":\"https:\/\/portaltela.pt\/s.01k8rhncp4jt1\/2025\/11\/talking-bot-125x125.png\",\"caption\":\"Telinha\"},\"sameAs\":[\"https:\/\/portaltela.pt\/\"],\"url\":\"https:\/\/portaltela.pt\/por\/367410592786\/\"}]}<\/script>\n<!-- \/ Yoast SEO plugin. -->","yoast_head_json":{"title":"S\u00e3o Silvestre dos Madeiros realiza a 11\u00aa edi\u00e7\u00e3o - Portal Tela Portugal","robots":{"index":"index","follow":"follow","max-snippet":"max-snippet:-1","max-image-preview":"max-image-preview:large","max-video-preview":"max-video-preview:-1"},"og_locale":"pt_PT","og_type":"article","og_title":"S\u00e3o Silvestre dos Madeiros realiza a 11\u00aa edi\u00e7\u00e3o - Portal Tela Portugal","og_description":"A corrida S\u00e3o Silvestre dos Madeiros, em Castelo Branco, regressa a 20 de dezembro para a 11.\u00aa edi\u00e7\u00e3o, com in\u00edcio e chegada em frente \u00e0 sede da Associa\u00e7\u00e3o Cultural, Recreativa e Desportiva do Bairro do Cansado. A caminhada dos Madeiros come\u00e7a \u00e0s 18h30; a corrida para sub\u201112, 14 e 16 inicia \u00e0s 19h, e a corrida principal para juniores, sub\u201123, seniores e veteranos \u00e0s 20h. A prova inclui passagem pelos tr\u00eas Madeiros (Madeiro do Cansado, Madeiro da S\u00e9 e Madeiro do Esp\u00edrito Santo) e entrega de pr\u00e9mios \u00e0s 21h15. A organiza\u00e7\u00e3o \u00e9 da Associa\u00e7\u00e3o do Bairro do Cansado, com inscri\u00e7\u00f5es na corrida feitas pela internet (meutempo.pt) e informa\u00e7\u00f5es da caminhada atrav\u00e9s de contactos da associa\u00e7\u00e3o. Esta edi\u00e7\u00e3o marca a 11.\u00aa edi\u00e7\u00e3o do evento, mantendo o formato tradicional do evento anual na cidade.","og_url":"https:\/\/portaltela.pt\/noticias\/2025\/12\/03\/sao-silvestre-dos-madeiros-realiza-a-11a-edicao\/","og_site_name":"Portal Tela Portugal","article_published_time":"2025-12-03T14:35:00+00:00","author":"Telinha","twitter_card":"summary_large_image","twitter_misc":{"Escrito por":"Telinha","Tempo estimado de leitura":"1 minuto"},"schema":{"@context":"https:\/\/schema.org","@graph":[{"@type":"Article","@id":"https:\/\/portaltela.pt\/noticias\/2025\/12\/03\/sao-silvestre-dos-madeiros-realiza-a-11a-edicao\/#article","isPartOf":{"@id":"https:\/\/portaltela.pt\/noticias\/2025\/12\/03\/sao-silvestre-dos-madeiros-realiza-a-11a-edicao\/"},"author":{"name":"Telinha","@id":"https:\/\/portaltela.pt\/#\/schema\/person\/c4278d4a6028830caff9ee44b42d32ed"},"headline":"S\u00e3o Silvestre dos Madeiros realiza a 11\u00aa edi\u00e7\u00e3o","datePublished":"2025-12-03T14:35:00+00:00","mainEntityOfPage":{"@id":"https:\/\/portaltela.pt\/noticias\/2025\/12\/03\/sao-silvestre-dos-madeiros-realiza-a-11a-edicao\/"},"wordCount":177,"image":{"@id":"https:\/\/portaltela.pt\/noticias\/2025\/12\/03\/sao-silvestre-dos-madeiros-realiza-a-11a-edicao\/#primaryimage"},"thumbnailUrl":"https:\/\/portaltela.pt\/s.01k8rhncp4jt1\/2025\/12\/2d2635c7b1087d9881573553cc7842f58f6fe763-17.jpg","keywords":["Associa\u00e7\u00e3o Desportiva do Ano","associa\u00e7\u00f5es","desportivos","desporto","Evento Desportivo do Ano"],"articleSection":["Desporto"],"inLanguage":"pt-PT"},{"@type":"WebPage","@id":"https:\/\/portaltela.pt\/noticias\/2025\/12\/03\/sao-silvestre-dos-madeiros-realiza-a-11a-edicao\/","url":"https:\/\/portaltela.pt\/noticias\/2025\/12\/03\/sao-silvestre-dos-madeiros-realiza-a-11a-edicao\/","name":"S\u00e3o Silvestre dos Madeiros realiza a 11\u00aa edi\u00e7\u00e3o - Portal Tela Portugal","isPartOf":{"@id":"https:\/\/portaltela.pt\/#website"},"primaryImageOfPage":{"@id":"https:\/\/portaltela.pt\/noticias\/2025\/12\/03\/sao-silvestre-dos-madeiros-realiza-a-11a-edicao\/#primaryimage"},"image":{"@id":"https:\/\/portaltela.pt\/noticias\/2025\/12\/03\/sao-silvestre-dos-madeiros-realiza-a-11a-edicao\/#primaryimage"},"thumbnailUrl":"https:\/\/portaltela.pt\/s.01k8rhncp4jt1\/2025\/12\/2d2635c7b1087d9881573553cc7842f58f6fe763-17.jpg","datePublished":"2025-12-03T14:35:00+00:00","author":{"@id":"https:\/\/portaltela.pt\/#\/schema\/person\/c4278d4a6028830caff9ee44b42d32ed"},"breadcrumb":{"@id":"https:\/\/portaltela.pt\/noticias\/2025\/12\/03\/sao-silvestre-dos-madeiros-realiza-a-11a-edicao\/#breadcrumb"},"inLanguage":"pt-PT","potentialAction":[{"@type":"ReadAction","target":["https:\/\/portaltela.pt\/noticias\/2025\/12\/03\/sao-silvestre-dos-madeiros-realiza-a-11a-edicao\/"]}]},{"@type":"ImageObject","inLanguage":"pt-PT","@id":"https:\/\/portaltela.pt\/noticias\/2025\/12\/03\/sao-silvestre-dos-madeiros-realiza-a-11a-edicao\/#primaryimage","url":"https:\/\/portaltela.pt\/s.01k8rhncp4jt1\/2025\/12\/2d2635c7b1087d9881573553cc7842f58f6fe763-17.jpg","contentUrl":"https:\/\/portaltela.pt\/s.01k8rhncp4jt1\/2025\/12\/2d2635c7b1087d9881573553cc7842f58f6fe763-17.jpg","width":796,"height":448,"caption":"R\u00e1dio Castelo Branco"},{"@type":"BreadcrumbList","@id":"https:\/\/portaltela.pt\/noticias\/2025\/12\/03\/sao-silvestre-dos-madeiros-realiza-a-11a-edicao\/#breadcrumb","itemListElement":[{"@type":"ListItem","position":1,"name":"In\u00edcio","item":"https:\/\/portaltela.pt\/"},{"@type":"ListItem","position":2,"name":"S\u00e3o Silvestre dos Madeiros realiza a 11\u00aa edi\u00e7\u00e3o"}]},{"@type":"WebSite","@id":"https:\/\/portaltela.pt\/#website","url":"https:\/\/portaltela.pt\/","name":"Portal Tela Portugal","description":"","potentialAction":[{"@type":"SearchAction","target":{"@type":"EntryPoint","urlTemplate":"https:\/\/portaltela.pt\/?s={search_term_string}"},"query-input":{"@type":"PropertyValueSpecification","valueRequired":true,"valueName":"search_term_string"}}],"inLanguage":"pt-PT"},{"@type":"Person","@id":"https:\/\/portaltela.pt\/#\/schema\/person\/c4278d4a6028830caff9ee44b42d32ed","name":"Telinha","image":{"@type":"ImageObject","inLanguage":"pt-PT","@id":"https:\/\/portaltela.pt\/s.01k8rhncp4jt1\/2025\/11\/talking-bot-125x125.png","url":"https:\/\/portaltela.pt\/s.01k8rhncp4jt1\/2025\/11\/talking-bot-125x125.png","contentUrl":"https:\/\/portaltela.pt\/s.01k8rhncp4jt1\/2025\/11\/talking-bot-125x125.png","caption":"Telinha"},"sameAs":["https:\/\/portaltela.pt\/"],"url":"https:\/\/portaltela.pt\/por\/367410592786\/"}]}},"_links":{"self":[{"href":"https:\/\/portaltela.pt\/api\/wp\/v2\/posts\/46859","targetHints":{"allow":["GET"]}}],"collection":[{"href":"https:\/\/portaltela.pt\/api\/wp\/v2\/posts"}],"about":[{"href":"https:\/\/portaltela.pt\/api\/wp\/v2\/types\/post"}],"author":[{"embeddable":true,"href":"https:\/\/portaltela.pt\/api\/wp\/v2\/users\/2"}],"replies":[{"embeddable":true,"href":"https:\/\/portaltela.pt\/api\/wp\/v2\/comments?post=46859"}],"version-history":[{"count":0,"href":"https:\/\/portaltela.pt\/api\/wp\/v2\/posts\/46859\/revisions"}],"wp:featuredmedia":[{"embeddable":true,"href":"https:\/\/portaltela.pt\/api\/wp\/v2\/media\/46863"}],"wp:attachment":[{"href":"https:\/\/portaltela.pt\/api\/wp\/v2\/media?parent=46859"}],"wp:term":[{"taxonomy":"category","embeddable":true,"href":"https:\/\/portaltela.pt\/api\/wp\/v2\/categories?post=46859"},{"taxonomy":"post_tag","embeddable":true,"href":"https:\/\/portaltela.pt\/api\/wp\/v2\/tags?post=46859"}],"curies":[{"name":"wp","href":"https:\/\/api.w.org\/{rel}","templated":true}]}}