{"id":46655,"date":"2025-12-03T09:46:00","date_gmt":"2025-12-03T12:46:00","guid":{"rendered":"https:\/\/portaltela.pt\/noticias\/2025\/12\/03\/pedofilo-admite-abusos-sexuais-a-criancas-em-creche-de-londres\/"},"modified":"2025-12-03T09:46:00","modified_gmt":"2025-12-03T12:46:00","slug":"pedofilo-admite-abusos-sexuais-a-criancas-em-creche-de-londres","status":"publish","type":"post","link":"https:\/\/portaltela.pt\/noticias\/2025\/12\/03\/pedofilo-admite-abusos-sexuais-a-criancas-em-creche-de-londres\/","title":{"rendered":"Ped\u00f3filo admite abusos sexuais a crian\u00e7as em creche de Londres"},"content":{"rendered":"<p>Vincent Chan, 45 anos, funcion\u00e1rio de uma creche no norte de Londres, reconheceu nesta quarta-feira 26 crimesu sexuais graves contra crian\u00e7as, cometidos entre 2022 e 2024. Os crimes incluem abuso com penetra\u00e7\u00e3o, abuso por contacto, produ\u00e7\u00e3o e distribui\u00e7\u00e3o de imagens indecentes.<\/p>\n<p>A investiga\u00e7\u00e3o come\u00e7ou ap\u00f3s uma den\u00fancia de uma colega, em junho de 2024, levando \u00e0 deten\u00e7\u00e3o de Chan. Dispositivos m\u00f3veis usados por ele cont\u00eam grande quantidade de material indecente envolvendo menores. A creche deixou de funcionar no mesmo local.<\/p>\n<p>A pol\u00edcia financeira metropolitana informou que 700 pais de crian\u00e7as, que frequentaram a creche entre 2017 e 2024, foram contactados. A investiga\u00e7\u00e3o, liderada pelo detetive Basford, aponta um padr\u00e3o de abuso calculado e predat\u00f3rio que se estendeu ao longo de v\u00e1rios anos.<\/p>\n<h3>Detalhes do caso<\/h3>\n<p>Chan foi acusado de cinco casos de abuso sexual com penetra\u00e7\u00e3o e quatro de abuso por contacto f\u00edsico. Tamb\u00e9m enfrenta 11 acusa\u00e7\u00f5es por fotografar crian\u00e7as sem consentimento e seis por produzir imagens indecentes. A pol\u00edcia afirma ter identificado todas as crian\u00e7as potencialmente afetadas.<\/p>\n<p>A autoridade policial ressalva que, apesar do contacto com muitos pais, ainda pode haver incerteza se os filhos foram alvos diretos de Chan. O caso continua em vias legais, com as acusa\u00e7\u00f5es j\u00e1 garantidas pela justi\u00e7a.<\/p>\n","protected":false},"excerpt":{"rendered":"<ul>\n<li>Vincent Chan, 45 anos, funcion\u00e1rio de uma creche no norte de Londres, declarou-se culpado de 26 crimes sexuais graves contra crian\u00e7as entre 2022 e 2024.<\/li>\n<li>As acusa\u00e7\u00f5es incluem cinco de abuso sexual de crian\u00e7a com penetra\u00e7\u00e3o, quatro de abuso por contacto f\u00edsico, 11 de fotografias indecentes de crian\u00e7as e seis de produ\u00e7\u00e3o de fotografias indecentes.<\/li>\n<li>Foi detido em junho de 2024 ap\u00f3s uma colega denunciar que filmava as crian\u00e7as; buscas a dispositivos m\u00f3veis revelaram uma quantidade substancial de conte\u00fado indecente.<\/li>\n<li>O detetive Lewis Basford afirmou que os crimes formaram um padr\u00e3o predat\u00f3rio que se estendeu ao longo de v\u00e1rios anos, com incerteza entre alguns pais se os filhos foram alvos.<\/li>\n<li>A creche j\u00e1 n\u00e3o funciona no mesmo local; a Pol\u00edcia Metropolitana informou que 700 pais foram contactados e que deve haver identifica\u00e7\u00e3o de todas as v\u00edtimas.<\/li>\n<\/ul>\n","protected":false},"author":2,"featured_media":46656,"comment_status":"closed","ping_status":"closed","sticky":false,"template":"","format":"standard","meta":{"footnotes":""},"categories":[1],"tags":[208,199,147,215,700,52],"class_list":["post-46655","post","type-post","status-publish","format-standard","has-post-thumbnail","hentry","category-noticias","tag-abuso-de-menores-dependentes","tag-abuso-sexual-de-menor-dependente-ou-em-situacao-vulneravel","tag-crime","tag-investigacao","tag-producao-e-distribuicao-de-imagens-indecentes","tag-tribunal"],"yoast_head":"<!-- This site is optimized with the Yoast SEO plugin v27.2 - https:\/\/yoast.com\/product\/yoast-seo-wordpress\/ -->\n<title>Ped\u00f3filo admite abusos sexuais a crian\u00e7as em creche de Londres - Portal Tela Portugal<\/title>\n<meta name=\"robots\" content=\"index, follow, max-snippet:-1, max-image-preview:large, max-video-preview:-1\" \/>\n<meta property=\"og:locale\" content=\"pt_PT\" \/>\n<meta property=\"og:type\" content=\"article\" \/>\n<meta property=\"og:title\" content=\"Ped\u00f3filo admite abusos sexuais a crian\u00e7as em creche de Londres - Portal Tela Portugal\" \/>\n<meta property=\"og:description\" content=\"Vincent Chan, 45 anos, funcion\u00e1rio de uma creche no norte de Londres, declarou-se culpado de 26 crimes sexuais graves contra crian\u00e7as entre 2022 e 2024. As acusa\u00e7\u00f5es incluem cinco de abuso sexual de crian\u00e7a com penetra\u00e7\u00e3o, quatro de abuso por contacto f\u00edsico, 11 de fotografias indecentes de crian\u00e7as e seis de produ\u00e7\u00e3o de fotografias indecentes. Foi detido em junho de 2024 ap\u00f3s uma colega denunciar que filmava as crian\u00e7as; buscas a dispositivos m\u00f3veis revelaram uma quantidade substancial de conte\u00fado indecente. O detetive Lewis Basford afirmou que os crimes formaram um padr\u00e3o predat\u00f3rio que se estendeu ao longo de v\u00e1rios anos, com incerteza entre alguns pais se os filhos foram alvos. A creche j\u00e1 n\u00e3o funciona no mesmo local; a Pol\u00edcia Metropolitana informou que 700 pais foram contactados e que deve haver identifica\u00e7\u00e3o de todas as v\u00edtimas.\" \/>\n<meta property=\"og:url\" content=\"https:\/\/portaltela.pt\/noticias\/2025\/12\/03\/pedofilo-admite-abusos-sexuais-a-criancas-em-creche-de-londres\/\" \/>\n<meta property=\"og:site_name\" content=\"Portal Tela Portugal\" \/>\n<meta property=\"article:published_time\" content=\"2025-12-03T12:46:00+00:00\" \/>\n<meta name=\"author\" content=\"Telinha\" \/>\n<meta name=\"twitter:card\" content=\"summary_large_image\" \/>\n<meta name=\"twitter:label1\" content=\"Escrito por\" \/>\n\t<meta name=\"twitter:data1\" content=\"Telinha\" \/>\n\t<meta name=\"twitter:label2\" content=\"Tempo estimado de leitura\" \/>\n\t<meta name=\"twitter:data2\" content=\"1 minuto\" \/>\n<script type=\"application\/ld+json\" class=\"yoast-schema-graph\">{\"@context\":\"https:\/\/schema.org\",\"@graph\":[{\"@type\":\"Article\",\"@id\":\"https:\/\/portaltela.pt\/noticias\/2025\/12\/03\/pedofilo-admite-abusos-sexuais-a-criancas-em-creche-de-londres\/#article\",\"isPartOf\":{\"@id\":\"https:\/\/portaltela.pt\/noticias\/2025\/12\/03\/pedofilo-admite-abusos-sexuais-a-criancas-em-creche-de-londres\/\"},\"author\":{\"name\":\"Telinha\",\"@id\":\"https:\/\/portaltela.pt\/#\/schema\/person\/c4278d4a6028830caff9ee44b42d32ed\"},\"headline\":\"Ped\u00f3filo admite abusos sexuais a crian\u00e7as em creche de Londres\",\"datePublished\":\"2025-12-03T12:46:00+00:00\",\"mainEntityOfPage\":{\"@id\":\"https:\/\/portaltela.pt\/noticias\/2025\/12\/03\/pedofilo-admite-abusos-sexuais-a-criancas-em-creche-de-londres\/\"},\"wordCount\":233,\"image\":{\"@id\":\"https:\/\/portaltela.pt\/noticias\/2025\/12\/03\/pedofilo-admite-abusos-sexuais-a-criancas-em-creche-de-londres\/#primaryimage\"},\"thumbnailUrl\":\"https:\/\/portaltela.pt\/s.01k8rhncp4jt1\/2025\/12\/img_1280x721uu2025-12-03-12-43-18-2252173.jpg\",\"keywords\":[\"abuso de menores dependentes\",\"abuso sexual de menor dependente ou em situa\u00e7\u00e3o vulner\u00e1vel\",\"crime\",\"investiga\u00e7\u00e3o\",\"produ\u00e7\u00e3o e distribui\u00e7\u00e3o de imagens indecentes\",\"tribunal\"],\"articleSection\":[\"Not\u00edcias\"],\"inLanguage\":\"pt-PT\"},{\"@type\":\"WebPage\",\"@id\":\"https:\/\/portaltela.pt\/noticias\/2025\/12\/03\/pedofilo-admite-abusos-sexuais-a-criancas-em-creche-de-londres\/\",\"url\":\"https:\/\/portaltela.pt\/noticias\/2025\/12\/03\/pedofilo-admite-abusos-sexuais-a-criancas-em-creche-de-londres\/\",\"name\":\"Ped\u00f3filo admite abusos sexuais a crian\u00e7as em creche de Londres - Portal Tela Portugal\",\"isPartOf\":{\"@id\":\"https:\/\/portaltela.pt\/#website\"},\"primaryImageOfPage\":{\"@id\":\"https:\/\/portaltela.pt\/noticias\/2025\/12\/03\/pedofilo-admite-abusos-sexuais-a-criancas-em-creche-de-londres\/#primaryimage\"},\"image\":{\"@id\":\"https:\/\/portaltela.pt\/noticias\/2025\/12\/03\/pedofilo-admite-abusos-sexuais-a-criancas-em-creche-de-londres\/#primaryimage\"},\"thumbnailUrl\":\"https:\/\/portaltela.pt\/s.01k8rhncp4jt1\/2025\/12\/img_1280x721uu2025-12-03-12-43-18-2252173.jpg\",\"datePublished\":\"2025-12-03T12:46:00+00:00\",\"author\":{\"@id\":\"https:\/\/portaltela.pt\/#\/schema\/person\/c4278d4a6028830caff9ee44b42d32ed\"},\"breadcrumb\":{\"@id\":\"https:\/\/portaltela.pt\/noticias\/2025\/12\/03\/pedofilo-admite-abusos-sexuais-a-criancas-em-creche-de-londres\/#breadcrumb\"},\"inLanguage\":\"pt-PT\",\"potentialAction\":[{\"@type\":\"ReadAction\",\"target\":[\"https:\/\/portaltela.pt\/noticias\/2025\/12\/03\/pedofilo-admite-abusos-sexuais-a-criancas-em-creche-de-londres\/\"]}]},{\"@type\":\"ImageObject\",\"inLanguage\":\"pt-PT\",\"@id\":\"https:\/\/portaltela.pt\/noticias\/2025\/12\/03\/pedofilo-admite-abusos-sexuais-a-criancas-em-creche-de-londres\/#primaryimage\",\"url\":\"https:\/\/portaltela.pt\/s.01k8rhncp4jt1\/2025\/12\/img_1280x721uu2025-12-03-12-43-18-2252173.jpg\",\"contentUrl\":\"https:\/\/portaltela.pt\/s.01k8rhncp4jt1\/2025\/12\/img_1280x721uu2025-12-03-12-43-18-2252173.jpg\",\"width\":796,\"height\":448,\"caption\":\"Homem condenado por abuso sexual infantil numa creche de Londres. FOTO: Pol\u00edcia Metropolitana de Londres\"},{\"@type\":\"BreadcrumbList\",\"@id\":\"https:\/\/portaltela.pt\/noticias\/2025\/12\/03\/pedofilo-admite-abusos-sexuais-a-criancas-em-creche-de-londres\/#breadcrumb\",\"itemListElement\":[{\"@type\":\"ListItem\",\"position\":1,\"name\":\"In\u00edcio\",\"item\":\"https:\/\/portaltela.pt\/\"},{\"@type\":\"ListItem\",\"position\":2,\"name\":\"Ped\u00f3filo admite abusos sexuais a crian\u00e7as em creche de Londres\"}]},{\"@type\":\"WebSite\",\"@id\":\"https:\/\/portaltela.pt\/#website\",\"url\":\"https:\/\/portaltela.pt\/\",\"name\":\"Portal Tela Portugal\",\"description\":\"\",\"potentialAction\":[{\"@type\":\"SearchAction\",\"target\":{\"@type\":\"EntryPoint\",\"urlTemplate\":\"https:\/\/portaltela.pt\/?s={search_term_string}\"},\"query-input\":{\"@type\":\"PropertyValueSpecification\",\"valueRequired\":true,\"valueName\":\"search_term_string\"}}],\"inLanguage\":\"pt-PT\"},{\"@type\":\"Person\",\"@id\":\"https:\/\/portaltela.pt\/#\/schema\/person\/c4278d4a6028830caff9ee44b42d32ed\",\"name\":\"Telinha\",\"image\":{\"@type\":\"ImageObject\",\"inLanguage\":\"pt-PT\",\"@id\":\"https:\/\/portaltela.pt\/s.01k8rhncp4jt1\/2025\/11\/talking-bot-125x125.png\",\"url\":\"https:\/\/portaltela.pt\/s.01k8rhncp4jt1\/2025\/11\/talking-bot-125x125.png\",\"contentUrl\":\"https:\/\/portaltela.pt\/s.01k8rhncp4jt1\/2025\/11\/talking-bot-125x125.png\",\"caption\":\"Telinha\"},\"sameAs\":[\"https:\/\/portaltela.pt\/\"],\"url\":\"https:\/\/portaltela.pt\/por\/367410592786\/\"}]}<\/script>\n<!-- \/ Yoast SEO plugin. -->","yoast_head_json":{"title":"Ped\u00f3filo admite abusos sexuais a crian\u00e7as em creche de Londres - Portal Tela Portugal","robots":{"index":"index","follow":"follow","max-snippet":"max-snippet:-1","max-image-preview":"max-image-preview:large","max-video-preview":"max-video-preview:-1"},"og_locale":"pt_PT","og_type":"article","og_title":"Ped\u00f3filo admite abusos sexuais a crian\u00e7as em creche de Londres - Portal Tela Portugal","og_description":"Vincent Chan, 45 anos, funcion\u00e1rio de uma creche no norte de Londres, declarou-se culpado de 26 crimes sexuais graves contra crian\u00e7as entre 2022 e 2024. As acusa\u00e7\u00f5es incluem cinco de abuso sexual de crian\u00e7a com penetra\u00e7\u00e3o, quatro de abuso por contacto f\u00edsico, 11 de fotografias indecentes de crian\u00e7as e seis de produ\u00e7\u00e3o de fotografias indecentes. Foi detido em junho de 2024 ap\u00f3s uma colega denunciar que filmava as crian\u00e7as; buscas a dispositivos m\u00f3veis revelaram uma quantidade substancial de conte\u00fado indecente. O detetive Lewis Basford afirmou que os crimes formaram um padr\u00e3o predat\u00f3rio que se estendeu ao longo de v\u00e1rios anos, com incerteza entre alguns pais se os filhos foram alvos. A creche j\u00e1 n\u00e3o funciona no mesmo local; a Pol\u00edcia Metropolitana informou que 700 pais foram contactados e que deve haver identifica\u00e7\u00e3o de todas as v\u00edtimas.","og_url":"https:\/\/portaltela.pt\/noticias\/2025\/12\/03\/pedofilo-admite-abusos-sexuais-a-criancas-em-creche-de-londres\/","og_site_name":"Portal Tela Portugal","article_published_time":"2025-12-03T12:46:00+00:00","author":"Telinha","twitter_card":"summary_large_image","twitter_misc":{"Escrito por":"Telinha","Tempo estimado de leitura":"1 minuto"},"schema":{"@context":"https:\/\/schema.org","@graph":[{"@type":"Article","@id":"https:\/\/portaltela.pt\/noticias\/2025\/12\/03\/pedofilo-admite-abusos-sexuais-a-criancas-em-creche-de-londres\/#article","isPartOf":{"@id":"https:\/\/portaltela.pt\/noticias\/2025\/12\/03\/pedofilo-admite-abusos-sexuais-a-criancas-em-creche-de-londres\/"},"author":{"name":"Telinha","@id":"https:\/\/portaltela.pt\/#\/schema\/person\/c4278d4a6028830caff9ee44b42d32ed"},"headline":"Ped\u00f3filo admite abusos sexuais a crian\u00e7as em creche de Londres","datePublished":"2025-12-03T12:46:00+00:00","mainEntityOfPage":{"@id":"https:\/\/portaltela.pt\/noticias\/2025\/12\/03\/pedofilo-admite-abusos-sexuais-a-criancas-em-creche-de-londres\/"},"wordCount":233,"image":{"@id":"https:\/\/portaltela.pt\/noticias\/2025\/12\/03\/pedofilo-admite-abusos-sexuais-a-criancas-em-creche-de-londres\/#primaryimage"},"thumbnailUrl":"https:\/\/portaltela.pt\/s.01k8rhncp4jt1\/2025\/12\/img_1280x721uu2025-12-03-12-43-18-2252173.jpg","keywords":["abuso de menores dependentes","abuso sexual de menor dependente ou em situa\u00e7\u00e3o vulner\u00e1vel","crime","investiga\u00e7\u00e3o","produ\u00e7\u00e3o e distribui\u00e7\u00e3o de imagens indecentes","tribunal"],"articleSection":["Not\u00edcias"],"inLanguage":"pt-PT"},{"@type":"WebPage","@id":"https:\/\/portaltela.pt\/noticias\/2025\/12\/03\/pedofilo-admite-abusos-sexuais-a-criancas-em-creche-de-londres\/","url":"https:\/\/portaltela.pt\/noticias\/2025\/12\/03\/pedofilo-admite-abusos-sexuais-a-criancas-em-creche-de-londres\/","name":"Ped\u00f3filo admite abusos sexuais a crian\u00e7as em creche de Londres - Portal Tela Portugal","isPartOf":{"@id":"https:\/\/portaltela.pt\/#website"},"primaryImageOfPage":{"@id":"https:\/\/portaltela.pt\/noticias\/2025\/12\/03\/pedofilo-admite-abusos-sexuais-a-criancas-em-creche-de-londres\/#primaryimage"},"image":{"@id":"https:\/\/portaltela.pt\/noticias\/2025\/12\/03\/pedofilo-admite-abusos-sexuais-a-criancas-em-creche-de-londres\/#primaryimage"},"thumbnailUrl":"https:\/\/portaltela.pt\/s.01k8rhncp4jt1\/2025\/12\/img_1280x721uu2025-12-03-12-43-18-2252173.jpg","datePublished":"2025-12-03T12:46:00+00:00","author":{"@id":"https:\/\/portaltela.pt\/#\/schema\/person\/c4278d4a6028830caff9ee44b42d32ed"},"breadcrumb":{"@id":"https:\/\/portaltela.pt\/noticias\/2025\/12\/03\/pedofilo-admite-abusos-sexuais-a-criancas-em-creche-de-londres\/#breadcrumb"},"inLanguage":"pt-PT","potentialAction":[{"@type":"ReadAction","target":["https:\/\/portaltela.pt\/noticias\/2025\/12\/03\/pedofilo-admite-abusos-sexuais-a-criancas-em-creche-de-londres\/"]}]},{"@type":"ImageObject","inLanguage":"pt-PT","@id":"https:\/\/portaltela.pt\/noticias\/2025\/12\/03\/pedofilo-admite-abusos-sexuais-a-criancas-em-creche-de-londres\/#primaryimage","url":"https:\/\/portaltela.pt\/s.01k8rhncp4jt1\/2025\/12\/img_1280x721uu2025-12-03-12-43-18-2252173.jpg","contentUrl":"https:\/\/portaltela.pt\/s.01k8rhncp4jt1\/2025\/12\/img_1280x721uu2025-12-03-12-43-18-2252173.jpg","width":796,"height":448,"caption":"Homem condenado por abuso sexual infantil numa creche de Londres. FOTO: Pol\u00edcia Metropolitana de Londres"},{"@type":"BreadcrumbList","@id":"https:\/\/portaltela.pt\/noticias\/2025\/12\/03\/pedofilo-admite-abusos-sexuais-a-criancas-em-creche-de-londres\/#breadcrumb","itemListElement":[{"@type":"ListItem","position":1,"name":"In\u00edcio","item":"https:\/\/portaltela.pt\/"},{"@type":"ListItem","position":2,"name":"Ped\u00f3filo admite abusos sexuais a crian\u00e7as em creche de Londres"}]},{"@type":"WebSite","@id":"https:\/\/portaltela.pt\/#website","url":"https:\/\/portaltela.pt\/","name":"Portal Tela Portugal","description":"","potentialAction":[{"@type":"SearchAction","target":{"@type":"EntryPoint","urlTemplate":"https:\/\/portaltela.pt\/?s={search_term_string}"},"query-input":{"@type":"PropertyValueSpecification","valueRequired":true,"valueName":"search_term_string"}}],"inLanguage":"pt-PT"},{"@type":"Person","@id":"https:\/\/portaltela.pt\/#\/schema\/person\/c4278d4a6028830caff9ee44b42d32ed","name":"Telinha","image":{"@type":"ImageObject","inLanguage":"pt-PT","@id":"https:\/\/portaltela.pt\/s.01k8rhncp4jt1\/2025\/11\/talking-bot-125x125.png","url":"https:\/\/portaltela.pt\/s.01k8rhncp4jt1\/2025\/11\/talking-bot-125x125.png","contentUrl":"https:\/\/portaltela.pt\/s.01k8rhncp4jt1\/2025\/11\/talking-bot-125x125.png","caption":"Telinha"},"sameAs":["https:\/\/portaltela.pt\/"],"url":"https:\/\/portaltela.pt\/por\/367410592786\/"}]}},"_links":{"self":[{"href":"https:\/\/portaltela.pt\/api\/wp\/v2\/posts\/46655","targetHints":{"allow":["GET"]}}],"collection":[{"href":"https:\/\/portaltela.pt\/api\/wp\/v2\/posts"}],"about":[{"href":"https:\/\/portaltela.pt\/api\/wp\/v2\/types\/post"}],"author":[{"embeddable":true,"href":"https:\/\/portaltela.pt\/api\/wp\/v2\/users\/2"}],"replies":[{"embeddable":true,"href":"https:\/\/portaltela.pt\/api\/wp\/v2\/comments?post=46655"}],"version-history":[{"count":0,"href":"https:\/\/portaltela.pt\/api\/wp\/v2\/posts\/46655\/revisions"}],"wp:featuredmedia":[{"embeddable":true,"href":"https:\/\/portaltela.pt\/api\/wp\/v2\/media\/46656"}],"wp:attachment":[{"href":"https:\/\/portaltela.pt\/api\/wp\/v2\/media?parent=46655"}],"wp:term":[{"taxonomy":"category","embeddable":true,"href":"https:\/\/portaltela.pt\/api\/wp\/v2\/categories?post=46655"},{"taxonomy":"post_tag","embeddable":true,"href":"https:\/\/portaltela.pt\/api\/wp\/v2\/tags?post=46655"}],"curies":[{"name":"wp","href":"https:\/\/api.w.org\/{rel}","templated":true}]}}