{"id":466046,"date":"2026-05-03T11:48:11","date_gmt":"2026-05-03T14:48:11","guid":{"rendered":"https:\/\/portaltela.pt\/noticias\/2026\/05\/03\/shakira-canta-loba-em-copacabana-com-anitta-e-ivete\/"},"modified":"2026-05-03T11:48:11","modified_gmt":"2026-05-03T14:48:11","slug":"shakira-canta-loba-em-copacabana-com-anitta-e-ivete","status":"publish","type":"post","link":"https:\/\/portaltela.pt\/musica\/2026\/05\/03\/shakira-canta-loba-em-copacabana-com-anitta-e-ivete\/","title":{"rendered":"Shakira canta Loba em Copacabana com Anitta e Ivete"},"content":{"rendered":"<p>Copacabana recebeu ontem um dos maiores palcos ao ar livre do mundo, com a cantora Shakira a incendiar a praia. Cerca de dois milh\u00f5es de pessoas seguiram o concerto, segundo a C\u00e2mara Municipal do Rio de Janeiro. O espet\u00e1culo cruzou m\u00fasica global e cultura brasileira, com emo\u00e7\u00e3o que atravessou v\u00e1rias gera\u00e7\u00f5es.<\/p>\n<p>A atua\u00e7\u00e3o come\u00e7ou por volta das 23h, com Shakira a surgir em visual inspirado nas cores do Brasil. O alinhamento percorreu hits e momentos intimistas, incluindo vers\u00f5es de maior vivacidade e trechos ac\u00fasticos. O atraso ficou ligado a uma quest\u00e3o familiar envolvendo o pai da artista.<\/p>\n<p>Ao longo da noite, a produ\u00e7\u00e3o manteve a energia do palco alta, com mudan\u00e7as de registo que permitiram percorrer diferentes fases da carreira de Shakira, num cen\u00e1rio com proje\u00e7\u00f5es e ilumina\u00e7\u00e3o arrojada. A plateia acompanhou de perto cada momento, numa mem\u00f3ria colectiva da digress\u00e3o.<\/p>\n<h3>Participa\u00e7\u00f5es especiais<\/h3>\n<p>Anitta subiu ao palco para interpretar Choka Choka, num encontro entre refer\u00eancias da pop latina. Caetano Veloso presenteou o p\u00fablico com Le\u00e3ozinho, leitura intimista que contrastou com a grandiosidade da sala ao ar livre. Maria Beth\u00e2nia, acompanhada pela bateria da Unidos da Tijuca, cantou O Que \u00c9, O Que \u00c9? de Gonzaguinha.<\/p>\n<p>Ivete Sangalo voltou a partilhar o palco com Shakira em Pa\u00eds Tropical, repetindo uma colabora\u00e7\u00e3o j\u00e1 vista no Rock in Rio de 2011. O segmento encerrou com Raphael Vicente na faixa Waka Waka (This Time for Africa), trazendo linguagem digital e p\u00fablicos mais jovens para o maior festival da noite.<\/p>\n<h3>Detalhes e homenagem<\/h3>\n<p>A artista dedicou o concerto \u00e0s mais de 20 milh\u00f5es de m\u00e3es solteiras no Brasil, ao introduzir Soltera. A cenografia combinou uma estrutura de lobo com proje\u00e7\u00f5es a\u00e9reas, refor\u00e7ando o simbolismo de for\u00e7a e identidade da performance.<\/p>\n<p>Encerramento ocorreu com She Wolf e Bzrp Music Sessions, Vol. 53, consolidando uma liga\u00e7\u00e3o de quase tr\u00eas d\u00e9cadas com o p\u00fablico brasileiro. Dois dias de celebra\u00e7\u00e3o musical que marcaram a programa\u00e7\u00e3o de Copacabana nesta edi\u00e7\u00e3o.<\/p>\n","protected":false},"excerpt":{"rendered":"<ul>\n<li>Shakira atuou na Praia de Copacabana, com cerca de dois milh\u00f5es de pessoas, segundo a C\u00e2mara Municipal do Rio de Janeiro.<\/li>\n<li>O concerto come\u00e7ou pouco depois das 23h, com abertura de La Fuerte e Girl Like Me; o atraso deveu-se a uma quest\u00e3o familiar envolvendo o pai da artista.<\/li>\n<li>O alinhamento percorreu a carreira de Shakira, com temas como Whenever, Wherever, Hips Don\u2019t Lie, Estoy Aqu\u00ed e vers\u00f5es ac\u00fasticas de Pies Descalzos, Sue\u00f1os Blancos e Antolog\u00eda.<\/li>\n<li>Participa\u00e7\u00f5es especiais marcaram o show: Anitta em Choka Choka, Caetano Veloso em Le\u00e3ozinho, Maria Beth\u00e2nia em O Que \u00c9, O Que \u00c9? e Ivete Sangalo em Pa\u00eds Tropical; o segmento terminou com Waka Waka, com Raphael Vicente.<\/li>\n<li>O espet\u00e1culo encerrou com She Wolf e Bzrp Music Sessions, Vol. 53, e incluiu a dedicat\u00f3ria \u00e0s mais de 20 milh\u00f5es de m\u00e3es solteiras no Brasil.<\/li>\n<\/ul>\n","protected":false},"author":2,"featured_media":466049,"comment_status":"closed","ping_status":"closed","sticky":false,"template":"","format":"standard","meta":{"footnotes":""},"categories":[6676],"tags":[8170,8880,7756,9346,9029,8233],"class_list":["post-466046","post","type-post","status-publish","format-standard","has-post-thumbnail","hentry","category-musica","tag-_brasil","tag-_concertos","tag-_cultura","tag-_eventos","tag-_festa","tag-_musica"],"yoast_head":"<!-- This site is optimized with the Yoast SEO plugin v27.2 - https:\/\/yoast.com\/product\/yoast-seo-wordpress\/ -->\n<title>Shakira canta Loba em Copacabana com Anitta e Ivete - Portal Tela Portugal<\/title>\n<meta name=\"robots\" content=\"index, follow, max-snippet:-1, max-image-preview:large, max-video-preview:-1\" \/>\n<meta property=\"og:locale\" content=\"pt_PT\" \/>\n<meta property=\"og:type\" content=\"article\" \/>\n<meta property=\"og:title\" content=\"Shakira canta Loba em Copacabana com Anitta e Ivete - Portal Tela Portugal\" \/>\n<meta property=\"og:description\" content=\"Shakira atuou na Praia de Copacabana, com cerca de dois milh\u00f5es de pessoas, segundo a C\u00e2mara Municipal do Rio de Janeiro. O concerto come\u00e7ou pouco depois das 23h, com abertura de La Fuerte e Girl Like Me; o atraso deveu-se a uma quest\u00e3o familiar envolvendo o pai da artista. O alinhamento percorreu a carreira de Shakira, com temas como Whenever, Wherever, Hips Don\u2019t Lie, Estoy Aqu\u00ed e vers\u00f5es ac\u00fasticas de Pies Descalzos, Sue\u00f1os Blancos e Antolog\u00eda. Participa\u00e7\u00f5es especiais marcaram o show: Anitta em Choka Choka, Caetano Veloso em Le\u00e3ozinho, Maria Beth\u00e2nia em O Que \u00c9, O Que \u00c9? e Ivete Sangalo em Pa\u00eds Tropical; o segmento terminou com Waka Waka, com Raphael Vicente. O espet\u00e1culo encerrou com She Wolf e Bzrp Music Sessions, Vol. 53, e incluiu a dedicat\u00f3ria \u00e0s mais de 20 milh\u00f5es de m\u00e3es solteiras no Brasil.\" \/>\n<meta property=\"og:url\" content=\"https:\/\/portaltela.pt\/noticias\/2026\/05\/03\/shakira-canta-loba-em-copacabana-com-anitta-e-ivete\/\" \/>\n<meta property=\"og:site_name\" content=\"Portal Tela Portugal\" \/>\n<meta property=\"article:published_time\" content=\"2026-05-03T14:48:11+00:00\" \/>\n<meta name=\"author\" content=\"Telinha\" \/>\n<meta name=\"twitter:card\" content=\"summary_large_image\" \/>\n<meta name=\"twitter:label1\" content=\"Escrito por\" \/>\n\t<meta name=\"twitter:data1\" content=\"Telinha\" \/>\n\t<meta name=\"twitter:label2\" content=\"Tempo estimado de leitura\" \/>\n\t<meta name=\"twitter:data2\" content=\"2 minutos\" \/>\n<script type=\"application\/ld+json\" class=\"yoast-schema-graph\">{\"@context\":\"https:\/\/schema.org\",\"@graph\":[{\"@type\":\"Article\",\"@id\":\"https:\/\/portaltela.pt\/noticias\/2026\/05\/03\/shakira-canta-loba-em-copacabana-com-anitta-e-ivete\/#article\",\"isPartOf\":{\"@id\":\"https:\/\/portaltela.pt\/noticias\/2026\/05\/03\/shakira-canta-loba-em-copacabana-com-anitta-e-ivete\/\"},\"author\":{\"name\":\"Telinha\",\"@id\":\"https:\/\/portaltela.pt\/#\/schema\/person\/c4278d4a6028830caff9ee44b42d32ed\"},\"headline\":\"Shakira canta Loba em Copacabana com Anitta e Ivete\",\"datePublished\":\"2026-05-03T14:48:11+00:00\",\"mainEntityOfPage\":{\"@id\":\"https:\/\/portaltela.pt\/noticias\/2026\/05\/03\/shakira-canta-loba-em-copacabana-com-anitta-e-ivete\/\"},\"wordCount\":364,\"image\":{\"@id\":\"https:\/\/portaltela.pt\/noticias\/2026\/05\/03\/shakira-canta-loba-em-copacabana-com-anitta-e-ivete\/#primaryimage\"},\"thumbnailUrl\":\"https:\/\/portaltela.pt\/s.01k8rhncp4jt1\/2026\/05\/36af0eb6-5935-41fa-8b6a-feadaf2e413f_1200x675.jpg\",\"keywords\":[\"_Brasil\",\"_concertos\",\"_cultura\",\"_eventos\",\"_festa\",\"_m\u00fasica\"],\"articleSection\":[\"M\u00fasica\"],\"inLanguage\":\"pt-PT\"},{\"@type\":\"WebPage\",\"@id\":\"https:\/\/portaltela.pt\/noticias\/2026\/05\/03\/shakira-canta-loba-em-copacabana-com-anitta-e-ivete\/\",\"url\":\"https:\/\/portaltela.pt\/noticias\/2026\/05\/03\/shakira-canta-loba-em-copacabana-com-anitta-e-ivete\/\",\"name\":\"Shakira canta Loba em Copacabana com Anitta e Ivete - Portal Tela Portugal\",\"isPartOf\":{\"@id\":\"https:\/\/portaltela.pt\/#website\"},\"primaryImageOfPage\":{\"@id\":\"https:\/\/portaltela.pt\/noticias\/2026\/05\/03\/shakira-canta-loba-em-copacabana-com-anitta-e-ivete\/#primaryimage\"},\"image\":{\"@id\":\"https:\/\/portaltela.pt\/noticias\/2026\/05\/03\/shakira-canta-loba-em-copacabana-com-anitta-e-ivete\/#primaryimage\"},\"thumbnailUrl\":\"https:\/\/portaltela.pt\/s.01k8rhncp4jt1\/2026\/05\/36af0eb6-5935-41fa-8b6a-feadaf2e413f_1200x675.jpg\",\"datePublished\":\"2026-05-03T14:48:11+00:00\",\"author\":{\"@id\":\"https:\/\/portaltela.pt\/#\/schema\/person\/c4278d4a6028830caff9ee44b42d32ed\"},\"breadcrumb\":{\"@id\":\"https:\/\/portaltela.pt\/noticias\/2026\/05\/03\/shakira-canta-loba-em-copacabana-com-anitta-e-ivete\/#breadcrumb\"},\"inLanguage\":\"pt-PT\",\"potentialAction\":[{\"@type\":\"ReadAction\",\"target\":[\"https:\/\/portaltela.pt\/noticias\/2026\/05\/03\/shakira-canta-loba-em-copacabana-com-anitta-e-ivete\/\"]}]},{\"@type\":\"ImageObject\",\"inLanguage\":\"pt-PT\",\"@id\":\"https:\/\/portaltela.pt\/noticias\/2026\/05\/03\/shakira-canta-loba-em-copacabana-com-anitta-e-ivete\/#primaryimage\",\"url\":\"https:\/\/portaltela.pt\/s.01k8rhncp4jt1\/2026\/05\/36af0eb6-5935-41fa-8b6a-feadaf2e413f_1200x675.jpg\",\"contentUrl\":\"https:\/\/portaltela.pt\/s.01k8rhncp4jt1\/2026\/05\/36af0eb6-5935-41fa-8b6a-feadaf2e413f_1200x675.jpg\",\"width\":796,\"height\":448,\"caption\":\"Photo\"},{\"@type\":\"BreadcrumbList\",\"@id\":\"https:\/\/portaltela.pt\/noticias\/2026\/05\/03\/shakira-canta-loba-em-copacabana-com-anitta-e-ivete\/#breadcrumb\",\"itemListElement\":[{\"@type\":\"ListItem\",\"position\":1,\"name\":\"In\u00edcio\",\"item\":\"https:\/\/portaltela.pt\/\"},{\"@type\":\"ListItem\",\"position\":2,\"name\":\"Shakira canta Loba em Copacabana com Anitta e Ivete\"}]},{\"@type\":\"WebSite\",\"@id\":\"https:\/\/portaltela.pt\/#website\",\"url\":\"https:\/\/portaltela.pt\/\",\"name\":\"Portal Tela Portugal\",\"description\":\"\",\"potentialAction\":[{\"@type\":\"SearchAction\",\"target\":{\"@type\":\"EntryPoint\",\"urlTemplate\":\"https:\/\/portaltela.pt\/?s={search_term_string}\"},\"query-input\":{\"@type\":\"PropertyValueSpecification\",\"valueRequired\":true,\"valueName\":\"search_term_string\"}}],\"inLanguage\":\"pt-PT\"},{\"@type\":\"Person\",\"@id\":\"https:\/\/portaltela.pt\/#\/schema\/person\/c4278d4a6028830caff9ee44b42d32ed\",\"name\":\"Telinha\",\"image\":{\"@type\":\"ImageObject\",\"inLanguage\":\"pt-PT\",\"@id\":\"https:\/\/portaltela.pt\/s.01k8rhncp4jt1\/2025\/11\/talking-bot-125x125.png\",\"url\":\"https:\/\/portaltela.pt\/s.01k8rhncp4jt1\/2025\/11\/talking-bot-125x125.png\",\"contentUrl\":\"https:\/\/portaltela.pt\/s.01k8rhncp4jt1\/2025\/11\/talking-bot-125x125.png\",\"caption\":\"Telinha\"},\"sameAs\":[\"https:\/\/portaltela.pt\/\"],\"url\":\"https:\/\/portaltela.pt\/por\/367410592786\/\"}]}<\/script>\n<!-- \/ Yoast SEO plugin. -->","yoast_head_json":{"title":"Shakira canta Loba em Copacabana com Anitta e Ivete - Portal Tela Portugal","robots":{"index":"index","follow":"follow","max-snippet":"max-snippet:-1","max-image-preview":"max-image-preview:large","max-video-preview":"max-video-preview:-1"},"og_locale":"pt_PT","og_type":"article","og_title":"Shakira canta Loba em Copacabana com Anitta e Ivete - Portal Tela Portugal","og_description":"Shakira atuou na Praia de Copacabana, com cerca de dois milh\u00f5es de pessoas, segundo a C\u00e2mara Municipal do Rio de Janeiro. O concerto come\u00e7ou pouco depois das 23h, com abertura de La Fuerte e Girl Like Me; o atraso deveu-se a uma quest\u00e3o familiar envolvendo o pai da artista. O alinhamento percorreu a carreira de Shakira, com temas como Whenever, Wherever, Hips Don\u2019t Lie, Estoy Aqu\u00ed e vers\u00f5es ac\u00fasticas de Pies Descalzos, Sue\u00f1os Blancos e Antolog\u00eda. Participa\u00e7\u00f5es especiais marcaram o show: Anitta em Choka Choka, Caetano Veloso em Le\u00e3ozinho, Maria Beth\u00e2nia em O Que \u00c9, O Que \u00c9? e Ivete Sangalo em Pa\u00eds Tropical; o segmento terminou com Waka Waka, com Raphael Vicente. O espet\u00e1culo encerrou com She Wolf e Bzrp Music Sessions, Vol. 53, e incluiu a dedicat\u00f3ria \u00e0s mais de 20 milh\u00f5es de m\u00e3es solteiras no Brasil.","og_url":"https:\/\/portaltela.pt\/noticias\/2026\/05\/03\/shakira-canta-loba-em-copacabana-com-anitta-e-ivete\/","og_site_name":"Portal Tela Portugal","article_published_time":"2026-05-03T14:48:11+00:00","author":"Telinha","twitter_card":"summary_large_image","twitter_misc":{"Escrito por":"Telinha","Tempo estimado de leitura":"2 minutos"},"schema":{"@context":"https:\/\/schema.org","@graph":[{"@type":"Article","@id":"https:\/\/portaltela.pt\/noticias\/2026\/05\/03\/shakira-canta-loba-em-copacabana-com-anitta-e-ivete\/#article","isPartOf":{"@id":"https:\/\/portaltela.pt\/noticias\/2026\/05\/03\/shakira-canta-loba-em-copacabana-com-anitta-e-ivete\/"},"author":{"name":"Telinha","@id":"https:\/\/portaltela.pt\/#\/schema\/person\/c4278d4a6028830caff9ee44b42d32ed"},"headline":"Shakira canta Loba em Copacabana com Anitta e Ivete","datePublished":"2026-05-03T14:48:11+00:00","mainEntityOfPage":{"@id":"https:\/\/portaltela.pt\/noticias\/2026\/05\/03\/shakira-canta-loba-em-copacabana-com-anitta-e-ivete\/"},"wordCount":364,"image":{"@id":"https:\/\/portaltela.pt\/noticias\/2026\/05\/03\/shakira-canta-loba-em-copacabana-com-anitta-e-ivete\/#primaryimage"},"thumbnailUrl":"https:\/\/portaltela.pt\/s.01k8rhncp4jt1\/2026\/05\/36af0eb6-5935-41fa-8b6a-feadaf2e413f_1200x675.jpg","keywords":["_Brasil","_concertos","_cultura","_eventos","_festa","_m\u00fasica"],"articleSection":["M\u00fasica"],"inLanguage":"pt-PT"},{"@type":"WebPage","@id":"https:\/\/portaltela.pt\/noticias\/2026\/05\/03\/shakira-canta-loba-em-copacabana-com-anitta-e-ivete\/","url":"https:\/\/portaltela.pt\/noticias\/2026\/05\/03\/shakira-canta-loba-em-copacabana-com-anitta-e-ivete\/","name":"Shakira canta Loba em Copacabana com Anitta e Ivete - Portal Tela Portugal","isPartOf":{"@id":"https:\/\/portaltela.pt\/#website"},"primaryImageOfPage":{"@id":"https:\/\/portaltela.pt\/noticias\/2026\/05\/03\/shakira-canta-loba-em-copacabana-com-anitta-e-ivete\/#primaryimage"},"image":{"@id":"https:\/\/portaltela.pt\/noticias\/2026\/05\/03\/shakira-canta-loba-em-copacabana-com-anitta-e-ivete\/#primaryimage"},"thumbnailUrl":"https:\/\/portaltela.pt\/s.01k8rhncp4jt1\/2026\/05\/36af0eb6-5935-41fa-8b6a-feadaf2e413f_1200x675.jpg","datePublished":"2026-05-03T14:48:11+00:00","author":{"@id":"https:\/\/portaltela.pt\/#\/schema\/person\/c4278d4a6028830caff9ee44b42d32ed"},"breadcrumb":{"@id":"https:\/\/portaltela.pt\/noticias\/2026\/05\/03\/shakira-canta-loba-em-copacabana-com-anitta-e-ivete\/#breadcrumb"},"inLanguage":"pt-PT","potentialAction":[{"@type":"ReadAction","target":["https:\/\/portaltela.pt\/noticias\/2026\/05\/03\/shakira-canta-loba-em-copacabana-com-anitta-e-ivete\/"]}]},{"@type":"ImageObject","inLanguage":"pt-PT","@id":"https:\/\/portaltela.pt\/noticias\/2026\/05\/03\/shakira-canta-loba-em-copacabana-com-anitta-e-ivete\/#primaryimage","url":"https:\/\/portaltela.pt\/s.01k8rhncp4jt1\/2026\/05\/36af0eb6-5935-41fa-8b6a-feadaf2e413f_1200x675.jpg","contentUrl":"https:\/\/portaltela.pt\/s.01k8rhncp4jt1\/2026\/05\/36af0eb6-5935-41fa-8b6a-feadaf2e413f_1200x675.jpg","width":796,"height":448,"caption":"Photo"},{"@type":"BreadcrumbList","@id":"https:\/\/portaltela.pt\/noticias\/2026\/05\/03\/shakira-canta-loba-em-copacabana-com-anitta-e-ivete\/#breadcrumb","itemListElement":[{"@type":"ListItem","position":1,"name":"In\u00edcio","item":"https:\/\/portaltela.pt\/"},{"@type":"ListItem","position":2,"name":"Shakira canta Loba em Copacabana com Anitta e Ivete"}]},{"@type":"WebSite","@id":"https:\/\/portaltela.pt\/#website","url":"https:\/\/portaltela.pt\/","name":"Portal Tela Portugal","description":"","potentialAction":[{"@type":"SearchAction","target":{"@type":"EntryPoint","urlTemplate":"https:\/\/portaltela.pt\/?s={search_term_string}"},"query-input":{"@type":"PropertyValueSpecification","valueRequired":true,"valueName":"search_term_string"}}],"inLanguage":"pt-PT"},{"@type":"Person","@id":"https:\/\/portaltela.pt\/#\/schema\/person\/c4278d4a6028830caff9ee44b42d32ed","name":"Telinha","image":{"@type":"ImageObject","inLanguage":"pt-PT","@id":"https:\/\/portaltela.pt\/s.01k8rhncp4jt1\/2025\/11\/talking-bot-125x125.png","url":"https:\/\/portaltela.pt\/s.01k8rhncp4jt1\/2025\/11\/talking-bot-125x125.png","contentUrl":"https:\/\/portaltela.pt\/s.01k8rhncp4jt1\/2025\/11\/talking-bot-125x125.png","caption":"Telinha"},"sameAs":["https:\/\/portaltela.pt\/"],"url":"https:\/\/portaltela.pt\/por\/367410592786\/"}]}},"_links":{"self":[{"href":"https:\/\/portaltela.pt\/api\/wp\/v2\/posts\/466046","targetHints":{"allow":["GET"]}}],"collection":[{"href":"https:\/\/portaltela.pt\/api\/wp\/v2\/posts"}],"about":[{"href":"https:\/\/portaltela.pt\/api\/wp\/v2\/types\/post"}],"author":[{"embeddable":true,"href":"https:\/\/portaltela.pt\/api\/wp\/v2\/users\/2"}],"replies":[{"embeddable":true,"href":"https:\/\/portaltela.pt\/api\/wp\/v2\/comments?post=466046"}],"version-history":[{"count":0,"href":"https:\/\/portaltela.pt\/api\/wp\/v2\/posts\/466046\/revisions"}],"wp:featuredmedia":[{"embeddable":true,"href":"https:\/\/portaltela.pt\/api\/wp\/v2\/media\/466049"}],"wp:attachment":[{"href":"https:\/\/portaltela.pt\/api\/wp\/v2\/media?parent=466046"}],"wp:term":[{"taxonomy":"category","embeddable":true,"href":"https:\/\/portaltela.pt\/api\/wp\/v2\/categories?post=466046"},{"taxonomy":"post_tag","embeddable":true,"href":"https:\/\/portaltela.pt\/api\/wp\/v2\/tags?post=466046"}],"curies":[{"name":"wp","href":"https:\/\/api.w.org\/{rel}","templated":true}]}}