{"id":466044,"date":"2026-05-03T11:48:09","date_gmt":"2026-05-03T14:48:09","guid":{"rendered":"https:\/\/portaltela.pt\/noticias\/2026\/05\/03\/rio-de-janeiro-recentes-acontecimentos-em-foco\/"},"modified":"2026-05-03T11:48:09","modified_gmt":"2026-05-03T14:48:09","slug":"rio-de-janeiro-recentes-acontecimentos-em-foco","status":"publish","type":"post","link":"https:\/\/portaltela.pt\/noticias\/politica\/2026\/05\/03\/rio-de-janeiro-recentes-acontecimentos-em-foco\/","title":{"rendered":"Rio de Janeiro: recentes acontecimentos em foco"},"content":{"rendered":"<p>O Rio de Janeiro recebeu uma vaga de eventos culturais e carnavalescos que atra\u00edram milhares de pessoas nesta semana. Entre shows gratuitos, desfiles e celebra\u00e7\u00f5es, a cidade manteve a m\u00edstica do Carnaval em pleno centro da cidade, com atividades abertas ao p\u00fablico. A programa\u00e7\u00e3o incluiu concertos, homenagens e blocos de rua, al\u00e9m de rituais tradicionais ligados a festas populares.<\/p>\n<p>Confronte-se com a agenda variada da capital fluminense: multid\u00f5es juntaram-se na praia de Copacabana para um concerto gratuito de Shakira, enquanto no Samb\u00f3dromo decorriam desfiles de escolas de samba em homenagem a Rita Lee. Detalhes de organiza\u00e7\u00e3o, hor\u00e1rios e itiner\u00e1rios foram comunicados pelas entidades respons\u00e1veis, com foco na seguran\u00e7a e na participa\u00e7\u00e3o popular.<\/p>\n<h3>Copacabana recebe show gratuito de Shakira<\/h3>\n<p>Milhares reuniram-se na noite de s\u00e1bado para a atua\u00e7\u00e3o de Shakira na praia de Copacabana, em evento aberto ao p\u00fablico. A organiza\u00e7\u00e3o indicou acesso livre, com pontos de apoio, alimenta\u00e7\u00e3o e seguran\u00e7a refor\u00e7ada para acomodar o p\u00fablico.<\/p>\n<h3>Desfiles no Samb\u00f3dromo com tributo a Rita Lee<\/h3>\n<p>A segunda noite do Carnaval do Rio abriu com a Mocidade Independente de Padre Miguel, que prestou homenagem a Rita Lee, figura emblem\u00e1tica do rock nacional. Desfiles seguiram com coreografias e looks tem\u00e1ticos, atraindo f\u00e3s e curiosos aos arredores do Samb\u00f3dromo.<\/p>\n<h3>Bloco Carmelitas inicia o Carnaval de rua<\/h3>\n<p>O bloco Carmelitas abriu o Carnaval de rua em Santa Teresa, com milhares de foli\u00f5es, samba e fantasias inspiradas em padres e freiras. O desfile ocorreu ao longo de estreitas vias do bairro, atraindo moradores e visitantes.<\/p>\n<h3>Homenagem a Iemanj\u00e1 atrai fi\u00e9is na costa<\/h3>\n<p>Na Praia do Arpoador, fi\u00e9is celebraram Iemanj\u00e1, oferendo flores ao mar. O evento reuniu milhares de pessoas para rituais de devo\u00e7\u00e3o afro-brasileira, marcando uma das tradi\u00e7\u00f5es de in\u00edcio de ano no litoral.<\/p>\n<h3>Turismo no Rio em alta<\/h3>\n<p>O Rio de Janeiro viveu um boom tur\u00edstico, com visitantes em \u00e1reas antes estigmatizadas. Guias locais destacaram que o turismo tem impulsionado economias de comunidades de menor rendimento, com impactos positivos para com\u00e9rcio local e servi\u00e7os.<\/p>\n<h3>Dia de Reis nas favelas<\/h3>\n<p>Em as favelas, celebra\u00e7\u00f5es do Dia de Reis reuniram comunidades em desfiles coloridos, com m\u00fasicas e dan\u00e7as. As comemora\u00e7\u00f5es refor\u00e7aram a diversidade cultural da cidade e o esp\u00edrito comunit\u00e1rio das vizinhan\u00e7as.<\/p>\n","protected":false},"excerpt":{"rendered":"<ul>\n<li>O Rio de Janeiro recebeu um concerto gratuito de Shakira na praia de Copacabana, atraindo uma multid\u00e3o.<\/li>\n<li>A segunda noite de desfiles no Samb\u00f3dromo homenageou Rita Lee, com a Mocidade Independente de Padre Miguel.<\/li>\n<li>O carnaval come\u00e7ou no Rio com o bloco de rua Carmelitas, em Santa Teresa, com destaque para samba e fantasias.<\/li>\n<li>Milhares de pessoas celebraram Iemanj\u00e1 na Praia do Arpoador, oferecendo flores \u00e0 divindade afro-brasileira do mar.<\/li>\n<li>A megaopera\u00e7\u00e3o policial no Rio resultou em 121 mortos, entre eles quatro agentes e 117 suspeitos, com a Defensoria P\u00fablica a falar em mais at\u00e9 130 \u00f3bitos.<\/li>\n<\/ul>\n","protected":false},"author":2,"featured_media":466048,"comment_status":"closed","ping_status":"closed","sticky":false,"template":"","format":"standard","meta":{"footnotes":""},"categories":[1,5],"tags":[8170,7756,8536,8276,7912,9021],"class_list":["post-466044","post","type-post","status-publish","format-standard","has-post-thumbnail","hentry","category-noticias","category-politica","tag-_brasil","tag-_cultura","tag-_festas","tag-_pessoas","tag-_turismo","tag-_turismo-internacional"],"yoast_head":"<!-- This site is optimized with the Yoast SEO plugin v27.2 - https:\/\/yoast.com\/product\/yoast-seo-wordpress\/ -->\n<title>Rio de Janeiro: recentes acontecimentos em foco - Portal Tela Portugal<\/title>\n<meta name=\"robots\" content=\"index, follow, max-snippet:-1, max-image-preview:large, max-video-preview:-1\" \/>\n<meta property=\"og:locale\" content=\"pt_PT\" \/>\n<meta property=\"og:type\" content=\"article\" \/>\n<meta property=\"og:title\" content=\"Rio de Janeiro: recentes acontecimentos em foco - Portal Tela Portugal\" \/>\n<meta property=\"og:description\" content=\"O Rio de Janeiro recebeu um concerto gratuito de Shakira na praia de Copacabana, atraindo uma multid\u00e3o. A segunda noite de desfiles no Samb\u00f3dromo homenageou Rita Lee, com a Mocidade Independente de Padre Miguel. O carnaval come\u00e7ou no Rio com o bloco de rua Carmelitas, em Santa Teresa, com destaque para samba e fantasias. Milhares de pessoas celebraram Iemanj\u00e1 na Praia do Arpoador, oferecendo flores \u00e0 divindade afro-brasileira do mar. A megaopera\u00e7\u00e3o policial no Rio resultou em 121 mortos, entre eles quatro agentes e 117 suspeitos, com a Defensoria P\u00fablica a falar em mais at\u00e9 130 \u00f3bitos.\" \/>\n<meta property=\"og:url\" content=\"https:\/\/portaltela.pt\/noticias\/2026\/05\/03\/rio-de-janeiro-recentes-acontecimentos-em-foco\/\" \/>\n<meta property=\"og:site_name\" content=\"Portal Tela Portugal\" \/>\n<meta property=\"article:published_time\" content=\"2026-05-03T14:48:09+00:00\" \/>\n<meta name=\"author\" content=\"Telinha\" \/>\n<meta name=\"twitter:card\" content=\"summary_large_image\" \/>\n<meta name=\"twitter:label1\" content=\"Escrito por\" \/>\n\t<meta name=\"twitter:data1\" content=\"Telinha\" \/>\n\t<meta name=\"twitter:label2\" content=\"Tempo estimado de leitura\" \/>\n\t<meta name=\"twitter:data2\" content=\"2 minutos\" \/>\n<script type=\"application\/ld+json\" class=\"yoast-schema-graph\">{\"@context\":\"https:\/\/schema.org\",\"@graph\":[{\"@type\":\"Article\",\"@id\":\"https:\/\/portaltela.pt\/noticias\/2026\/05\/03\/rio-de-janeiro-recentes-acontecimentos-em-foco\/#article\",\"isPartOf\":{\"@id\":\"https:\/\/portaltela.pt\/noticias\/2026\/05\/03\/rio-de-janeiro-recentes-acontecimentos-em-foco\/\"},\"author\":{\"name\":\"Telinha\",\"@id\":\"https:\/\/portaltela.pt\/#\/schema\/person\/c4278d4a6028830caff9ee44b42d32ed\"},\"headline\":\"Rio de Janeiro: recentes acontecimentos em foco\",\"datePublished\":\"2026-05-03T14:48:09+00:00\",\"mainEntityOfPage\":{\"@id\":\"https:\/\/portaltela.pt\/noticias\/2026\/05\/03\/rio-de-janeiro-recentes-acontecimentos-em-foco\/\"},\"wordCount\":415,\"image\":{\"@id\":\"https:\/\/portaltela.pt\/noticias\/2026\/05\/03\/rio-de-janeiro-recentes-acontecimentos-em-foco\/#primaryimage\"},\"thumbnailUrl\":\"https:\/\/portaltela.pt\/s.01k8rhncp4jt1\/2026\/05\/320x180_cmsv2_55f1f8c5-de41-5158-b422-8ebfc27ffcff-9744825.jpg\",\"keywords\":[\"_Brasil\",\"_cultura\",\"_festas\",\"_pessoas\",\"_turismo\",\"_turismo internacional\"],\"articleSection\":[\"Not\u00edcias\",\"Pol\u00edtica\"],\"inLanguage\":\"pt-PT\"},{\"@type\":\"WebPage\",\"@id\":\"https:\/\/portaltela.pt\/noticias\/2026\/05\/03\/rio-de-janeiro-recentes-acontecimentos-em-foco\/\",\"url\":\"https:\/\/portaltela.pt\/noticias\/2026\/05\/03\/rio-de-janeiro-recentes-acontecimentos-em-foco\/\",\"name\":\"Rio de Janeiro: recentes acontecimentos em foco - Portal Tela Portugal\",\"isPartOf\":{\"@id\":\"https:\/\/portaltela.pt\/#website\"},\"primaryImageOfPage\":{\"@id\":\"https:\/\/portaltela.pt\/noticias\/2026\/05\/03\/rio-de-janeiro-recentes-acontecimentos-em-foco\/#primaryimage\"},\"image\":{\"@id\":\"https:\/\/portaltela.pt\/noticias\/2026\/05\/03\/rio-de-janeiro-recentes-acontecimentos-em-foco\/#primaryimage\"},\"thumbnailUrl\":\"https:\/\/portaltela.pt\/s.01k8rhncp4jt1\/2026\/05\/320x180_cmsv2_55f1f8c5-de41-5158-b422-8ebfc27ffcff-9744825.jpg\",\"datePublished\":\"2026-05-03T14:48:09+00:00\",\"author\":{\"@id\":\"https:\/\/portaltela.pt\/#\/schema\/person\/c4278d4a6028830caff9ee44b42d32ed\"},\"breadcrumb\":{\"@id\":\"https:\/\/portaltela.pt\/noticias\/2026\/05\/03\/rio-de-janeiro-recentes-acontecimentos-em-foco\/#breadcrumb\"},\"inLanguage\":\"pt-PT\",\"potentialAction\":[{\"@type\":\"ReadAction\",\"target\":[\"https:\/\/portaltela.pt\/noticias\/2026\/05\/03\/rio-de-janeiro-recentes-acontecimentos-em-foco\/\"]}]},{\"@type\":\"ImageObject\",\"inLanguage\":\"pt-PT\",\"@id\":\"https:\/\/portaltela.pt\/noticias\/2026\/05\/03\/rio-de-janeiro-recentes-acontecimentos-em-foco\/#primaryimage\",\"url\":\"https:\/\/portaltela.pt\/s.01k8rhncp4jt1\/2026\/05\/320x180_cmsv2_55f1f8c5-de41-5158-b422-8ebfc27ffcff-9744825.jpg\",\"contentUrl\":\"https:\/\/portaltela.pt\/s.01k8rhncp4jt1\/2026\/05\/320x180_cmsv2_55f1f8c5-de41-5158-b422-8ebfc27ffcff-9744825.jpg\",\"width\":796,\"height\":448,\"caption\":\"Hakira atua num concerto gratuito na praia de Copacabana, no Rio de Janeiro, s\u00e1bado, 2 de maio de 2026\"},{\"@type\":\"BreadcrumbList\",\"@id\":\"https:\/\/portaltela.pt\/noticias\/2026\/05\/03\/rio-de-janeiro-recentes-acontecimentos-em-foco\/#breadcrumb\",\"itemListElement\":[{\"@type\":\"ListItem\",\"position\":1,\"name\":\"In\u00edcio\",\"item\":\"https:\/\/portaltela.pt\/\"},{\"@type\":\"ListItem\",\"position\":2,\"name\":\"Rio de Janeiro: recentes acontecimentos em foco\"}]},{\"@type\":\"WebSite\",\"@id\":\"https:\/\/portaltela.pt\/#website\",\"url\":\"https:\/\/portaltela.pt\/\",\"name\":\"Portal Tela Portugal\",\"description\":\"\",\"potentialAction\":[{\"@type\":\"SearchAction\",\"target\":{\"@type\":\"EntryPoint\",\"urlTemplate\":\"https:\/\/portaltela.pt\/?s={search_term_string}\"},\"query-input\":{\"@type\":\"PropertyValueSpecification\",\"valueRequired\":true,\"valueName\":\"search_term_string\"}}],\"inLanguage\":\"pt-PT\"},{\"@type\":\"Person\",\"@id\":\"https:\/\/portaltela.pt\/#\/schema\/person\/c4278d4a6028830caff9ee44b42d32ed\",\"name\":\"Telinha\",\"image\":{\"@type\":\"ImageObject\",\"inLanguage\":\"pt-PT\",\"@id\":\"https:\/\/portaltela.pt\/s.01k8rhncp4jt1\/2025\/11\/talking-bot-125x125.png\",\"url\":\"https:\/\/portaltela.pt\/s.01k8rhncp4jt1\/2025\/11\/talking-bot-125x125.png\",\"contentUrl\":\"https:\/\/portaltela.pt\/s.01k8rhncp4jt1\/2025\/11\/talking-bot-125x125.png\",\"caption\":\"Telinha\"},\"sameAs\":[\"https:\/\/portaltela.pt\/\"],\"url\":\"https:\/\/portaltela.pt\/por\/367410592786\/\"}]}<\/script>\n<!-- \/ Yoast SEO plugin. -->","yoast_head_json":{"title":"Rio de Janeiro: recentes acontecimentos em foco - Portal Tela Portugal","robots":{"index":"index","follow":"follow","max-snippet":"max-snippet:-1","max-image-preview":"max-image-preview:large","max-video-preview":"max-video-preview:-1"},"og_locale":"pt_PT","og_type":"article","og_title":"Rio de Janeiro: recentes acontecimentos em foco - Portal Tela Portugal","og_description":"O Rio de Janeiro recebeu um concerto gratuito de Shakira na praia de Copacabana, atraindo uma multid\u00e3o. A segunda noite de desfiles no Samb\u00f3dromo homenageou Rita Lee, com a Mocidade Independente de Padre Miguel. O carnaval come\u00e7ou no Rio com o bloco de rua Carmelitas, em Santa Teresa, com destaque para samba e fantasias. Milhares de pessoas celebraram Iemanj\u00e1 na Praia do Arpoador, oferecendo flores \u00e0 divindade afro-brasileira do mar. A megaopera\u00e7\u00e3o policial no Rio resultou em 121 mortos, entre eles quatro agentes e 117 suspeitos, com a Defensoria P\u00fablica a falar em mais at\u00e9 130 \u00f3bitos.","og_url":"https:\/\/portaltela.pt\/noticias\/2026\/05\/03\/rio-de-janeiro-recentes-acontecimentos-em-foco\/","og_site_name":"Portal Tela Portugal","article_published_time":"2026-05-03T14:48:09+00:00","author":"Telinha","twitter_card":"summary_large_image","twitter_misc":{"Escrito por":"Telinha","Tempo estimado de leitura":"2 minutos"},"schema":{"@context":"https:\/\/schema.org","@graph":[{"@type":"Article","@id":"https:\/\/portaltela.pt\/noticias\/2026\/05\/03\/rio-de-janeiro-recentes-acontecimentos-em-foco\/#article","isPartOf":{"@id":"https:\/\/portaltela.pt\/noticias\/2026\/05\/03\/rio-de-janeiro-recentes-acontecimentos-em-foco\/"},"author":{"name":"Telinha","@id":"https:\/\/portaltela.pt\/#\/schema\/person\/c4278d4a6028830caff9ee44b42d32ed"},"headline":"Rio de Janeiro: recentes acontecimentos em foco","datePublished":"2026-05-03T14:48:09+00:00","mainEntityOfPage":{"@id":"https:\/\/portaltela.pt\/noticias\/2026\/05\/03\/rio-de-janeiro-recentes-acontecimentos-em-foco\/"},"wordCount":415,"image":{"@id":"https:\/\/portaltela.pt\/noticias\/2026\/05\/03\/rio-de-janeiro-recentes-acontecimentos-em-foco\/#primaryimage"},"thumbnailUrl":"https:\/\/portaltela.pt\/s.01k8rhncp4jt1\/2026\/05\/320x180_cmsv2_55f1f8c5-de41-5158-b422-8ebfc27ffcff-9744825.jpg","keywords":["_Brasil","_cultura","_festas","_pessoas","_turismo","_turismo internacional"],"articleSection":["Not\u00edcias","Pol\u00edtica"],"inLanguage":"pt-PT"},{"@type":"WebPage","@id":"https:\/\/portaltela.pt\/noticias\/2026\/05\/03\/rio-de-janeiro-recentes-acontecimentos-em-foco\/","url":"https:\/\/portaltela.pt\/noticias\/2026\/05\/03\/rio-de-janeiro-recentes-acontecimentos-em-foco\/","name":"Rio de Janeiro: recentes acontecimentos em foco - Portal Tela Portugal","isPartOf":{"@id":"https:\/\/portaltela.pt\/#website"},"primaryImageOfPage":{"@id":"https:\/\/portaltela.pt\/noticias\/2026\/05\/03\/rio-de-janeiro-recentes-acontecimentos-em-foco\/#primaryimage"},"image":{"@id":"https:\/\/portaltela.pt\/noticias\/2026\/05\/03\/rio-de-janeiro-recentes-acontecimentos-em-foco\/#primaryimage"},"thumbnailUrl":"https:\/\/portaltela.pt\/s.01k8rhncp4jt1\/2026\/05\/320x180_cmsv2_55f1f8c5-de41-5158-b422-8ebfc27ffcff-9744825.jpg","datePublished":"2026-05-03T14:48:09+00:00","author":{"@id":"https:\/\/portaltela.pt\/#\/schema\/person\/c4278d4a6028830caff9ee44b42d32ed"},"breadcrumb":{"@id":"https:\/\/portaltela.pt\/noticias\/2026\/05\/03\/rio-de-janeiro-recentes-acontecimentos-em-foco\/#breadcrumb"},"inLanguage":"pt-PT","potentialAction":[{"@type":"ReadAction","target":["https:\/\/portaltela.pt\/noticias\/2026\/05\/03\/rio-de-janeiro-recentes-acontecimentos-em-foco\/"]}]},{"@type":"ImageObject","inLanguage":"pt-PT","@id":"https:\/\/portaltela.pt\/noticias\/2026\/05\/03\/rio-de-janeiro-recentes-acontecimentos-em-foco\/#primaryimage","url":"https:\/\/portaltela.pt\/s.01k8rhncp4jt1\/2026\/05\/320x180_cmsv2_55f1f8c5-de41-5158-b422-8ebfc27ffcff-9744825.jpg","contentUrl":"https:\/\/portaltela.pt\/s.01k8rhncp4jt1\/2026\/05\/320x180_cmsv2_55f1f8c5-de41-5158-b422-8ebfc27ffcff-9744825.jpg","width":796,"height":448,"caption":"Hakira atua num concerto gratuito na praia de Copacabana, no Rio de Janeiro, s\u00e1bado, 2 de maio de 2026"},{"@type":"BreadcrumbList","@id":"https:\/\/portaltela.pt\/noticias\/2026\/05\/03\/rio-de-janeiro-recentes-acontecimentos-em-foco\/#breadcrumb","itemListElement":[{"@type":"ListItem","position":1,"name":"In\u00edcio","item":"https:\/\/portaltela.pt\/"},{"@type":"ListItem","position":2,"name":"Rio de Janeiro: recentes acontecimentos em foco"}]},{"@type":"WebSite","@id":"https:\/\/portaltela.pt\/#website","url":"https:\/\/portaltela.pt\/","name":"Portal Tela Portugal","description":"","potentialAction":[{"@type":"SearchAction","target":{"@type":"EntryPoint","urlTemplate":"https:\/\/portaltela.pt\/?s={search_term_string}"},"query-input":{"@type":"PropertyValueSpecification","valueRequired":true,"valueName":"search_term_string"}}],"inLanguage":"pt-PT"},{"@type":"Person","@id":"https:\/\/portaltela.pt\/#\/schema\/person\/c4278d4a6028830caff9ee44b42d32ed","name":"Telinha","image":{"@type":"ImageObject","inLanguage":"pt-PT","@id":"https:\/\/portaltela.pt\/s.01k8rhncp4jt1\/2025\/11\/talking-bot-125x125.png","url":"https:\/\/portaltela.pt\/s.01k8rhncp4jt1\/2025\/11\/talking-bot-125x125.png","contentUrl":"https:\/\/portaltela.pt\/s.01k8rhncp4jt1\/2025\/11\/talking-bot-125x125.png","caption":"Telinha"},"sameAs":["https:\/\/portaltela.pt\/"],"url":"https:\/\/portaltela.pt\/por\/367410592786\/"}]}},"_links":{"self":[{"href":"https:\/\/portaltela.pt\/api\/wp\/v2\/posts\/466044","targetHints":{"allow":["GET"]}}],"collection":[{"href":"https:\/\/portaltela.pt\/api\/wp\/v2\/posts"}],"about":[{"href":"https:\/\/portaltela.pt\/api\/wp\/v2\/types\/post"}],"author":[{"embeddable":true,"href":"https:\/\/portaltela.pt\/api\/wp\/v2\/users\/2"}],"replies":[{"embeddable":true,"href":"https:\/\/portaltela.pt\/api\/wp\/v2\/comments?post=466044"}],"version-history":[{"count":0,"href":"https:\/\/portaltela.pt\/api\/wp\/v2\/posts\/466044\/revisions"}],"wp:featuredmedia":[{"embeddable":true,"href":"https:\/\/portaltela.pt\/api\/wp\/v2\/media\/466048"}],"wp:attachment":[{"href":"https:\/\/portaltela.pt\/api\/wp\/v2\/media?parent=466044"}],"wp:term":[{"taxonomy":"category","embeddable":true,"href":"https:\/\/portaltela.pt\/api\/wp\/v2\/categories?post=466044"},{"taxonomy":"post_tag","embeddable":true,"href":"https:\/\/portaltela.pt\/api\/wp\/v2\/tags?post=466044"}],"curies":[{"name":"wp","href":"https:\/\/api.w.org\/{rel}","templated":true}]}}