{"id":466027,"date":"2026-05-03T11:32:56","date_gmt":"2026-05-03T14:32:56","guid":{"rendered":"https:\/\/portaltela.pt\/noticias\/2026\/05\/03\/diogo-costa-diz-que-ser-campeao-sabe-ainda-melhor-apos-superar-adversidades\/"},"modified":"2026-05-03T11:32:56","modified_gmt":"2026-05-03T14:32:56","slug":"diogo-costa-diz-que-ser-campeao-sabe-ainda-melhor-apos-superar-adversidades","status":"publish","type":"post","link":"https:\/\/portaltela.pt\/desporto\/futebol\/2026\/05\/03\/diogo-costa-diz-que-ser-campeao-sabe-ainda-melhor-apos-superar-adversidades\/","title":{"rendered":"Diogo Costa diz que ser campe\u00e3o sabe ainda melhor ap\u00f3s superar adversidades"},"content":{"rendered":"<p>Diogo Costa, guarda-redes do FC Porto, utilizou as redes sociais para partilhar uma reflex\u00e3o sobre a conquista do t\u00edtulo de campe\u00e3o nacional. A mensagem ressalta o sacrif\u00edcio feito pela equipa e o significado da vit\u00f3ria para o grupo.<\/p>\n<p>O jogador salienta que o t\u00edtulo n\u00e3o surge por acaso, mas resulta de trabalho duro, foco di\u00e1rio e entrega total. Destaca a uni\u00e3o dentro e fora de campo, bem como o papel fundamental de jogadores, equipa t\u00e9cnica, staff e adeptos.<\/p>\n<p>A mensagem reconhece ainda o clube, o orgulho de vestir a camisola e o simbolismo do FC Porto. O guardi\u00e3o agradece \u00e0 fam\u00edlia e a quem acompanha a equipa, incluindo o Presidente Pinto da Costa, pela presen\u00e7a constante.<\/p>\n<h3>Agradecimentos e reconhecimento<\/h3>\n<p>A publica\u00e7\u00e3o refor\u00e7a que o t\u00edtulo \u00e9 de todos os que apoiaram o FC Porto, num percurso marcado por dificuldades superadas e pela continuidade do apoio ao plantel.<\/p>\n","protected":false},"excerpt":{"rendered":"<ul>\n<li>Diogo Costa recorreu \u00e0s redes sociais para partilhar uma reflex\u00e3o sobre a conquista do t\u00edtulo de campe\u00e3o nacional pelo FC Porto.<\/li>\n<li>Na mensagem, o guarda-redes destaca o sacrif\u00edcio, o trabalho duro, o foco di\u00e1rio, a entrega total e a n\u00e3o desist\u00eancia como pilares da vit\u00f3ria.<\/li>\n<li>Afirma que o t\u00edtulo n\u00e3o \u00e9 apenas dele, mas de um grupo que lutou junto, dentro e fora de campo, com a uni\u00e3o da equipa, do staff e dos adeptos.<\/li>\n<li>Dedica o t\u00edtulo ao clube, ao amor pelas cores e ao FC Porto, e tamb\u00e9m \u00e0 fam\u00edlia que o apoiou nos bons e maus momentos.<\/li>\n<li>Menciona ainda quem o acompanha de perto, como o Presidente Jorge Nuno Pinto da Costa, e assegura que o t\u00edtulo \u00e9 de todos e mais especial pelo que foi ultrapassado.<\/li>\n<\/ul>\n","protected":false},"author":2,"featured_media":466029,"comment_status":"closed","ping_status":"closed","sticky":false,"template":"","format":"standard","meta":{"footnotes":""},"categories":[21,24],"tags":[4143,2533,2028,32,1786,982],"class_list":["post-466027","post","type-post","status-publish","format-standard","has-post-thumbnail","hentry","category-desporto","category-futebol","tag-1-liga","tag-adeptos","tag-fc-porto","tag-futebol","tag-liga","tag-porto"],"yoast_head":"<!-- This site is optimized with the Yoast SEO plugin v27.2 - https:\/\/yoast.com\/product\/yoast-seo-wordpress\/ -->\n<title>Diogo Costa diz que ser campe\u00e3o sabe ainda melhor ap\u00f3s superar adversidades - Portal Tela Portugal<\/title>\n<meta name=\"robots\" content=\"index, follow, max-snippet:-1, max-image-preview:large, max-video-preview:-1\" \/>\n<meta property=\"og:locale\" content=\"pt_PT\" \/>\n<meta property=\"og:type\" content=\"article\" \/>\n<meta property=\"og:title\" content=\"Diogo Costa diz que ser campe\u00e3o sabe ainda melhor ap\u00f3s superar adversidades - Portal Tela Portugal\" \/>\n<meta property=\"og:description\" content=\"Diogo Costa recorreu \u00e0s redes sociais para partilhar uma reflex\u00e3o sobre a conquista do t\u00edtulo de campe\u00e3o nacional pelo FC Porto. Na mensagem, o guarda-redes destaca o sacrif\u00edcio, o trabalho duro, o foco di\u00e1rio, a entrega total e a n\u00e3o desist\u00eancia como pilares da vit\u00f3ria. Afirma que o t\u00edtulo n\u00e3o \u00e9 apenas dele, mas de um grupo que lutou junto, dentro e fora de campo, com a uni\u00e3o da equipa, do staff e dos adeptos. Dedica o t\u00edtulo ao clube, ao amor pelas cores e ao FC Porto, e tamb\u00e9m \u00e0 fam\u00edlia que o apoiou nos bons e maus momentos. Menciona ainda quem o acompanha de perto, como o Presidente Jorge Nuno Pinto da Costa, e assegura que o t\u00edtulo \u00e9 de todos e mais especial pelo que foi ultrapassado.\" \/>\n<meta property=\"og:url\" content=\"https:\/\/portaltela.pt\/noticias\/2026\/05\/03\/diogo-costa-diz-que-ser-campeao-sabe-ainda-melhor-apos-superar-adversidades\/\" \/>\n<meta property=\"og:site_name\" content=\"Portal Tela Portugal\" \/>\n<meta property=\"article:published_time\" content=\"2026-05-03T14:32:56+00:00\" \/>\n<meta name=\"author\" content=\"Telinha\" \/>\n<meta name=\"twitter:card\" content=\"summary_large_image\" \/>\n<meta name=\"twitter:label1\" content=\"Escrito por\" \/>\n\t<meta name=\"twitter:data1\" content=\"Telinha\" \/>\n\t<meta name=\"twitter:label2\" content=\"Tempo estimado de leitura\" \/>\n\t<meta name=\"twitter:data2\" content=\"1 minuto\" \/>\n<script type=\"application\/ld+json\" class=\"yoast-schema-graph\">{\"@context\":\"https:\/\/schema.org\",\"@graph\":[{\"@type\":\"Article\",\"@id\":\"https:\/\/portaltela.pt\/noticias\/2026\/05\/03\/diogo-costa-diz-que-ser-campeao-sabe-ainda-melhor-apos-superar-adversidades\/#article\",\"isPartOf\":{\"@id\":\"https:\/\/portaltela.pt\/noticias\/2026\/05\/03\/diogo-costa-diz-que-ser-campeao-sabe-ainda-melhor-apos-superar-adversidades\/\"},\"author\":{\"name\":\"Telinha\",\"@id\":\"https:\/\/portaltela.pt\/#\/schema\/person\/c4278d4a6028830caff9ee44b42d32ed\"},\"headline\":\"Diogo Costa diz que ser campe\u00e3o sabe ainda melhor ap\u00f3s superar adversidades\",\"datePublished\":\"2026-05-03T14:32:56+00:00\",\"mainEntityOfPage\":{\"@id\":\"https:\/\/portaltela.pt\/noticias\/2026\/05\/03\/diogo-costa-diz-que-ser-campeao-sabe-ainda-melhor-apos-superar-adversidades\/\"},\"wordCount\":175,\"image\":{\"@id\":\"https:\/\/portaltela.pt\/noticias\/2026\/05\/03\/diogo-costa-diz-que-ser-campeao-sabe-ainda-melhor-apos-superar-adversidades\/#primaryimage\"},\"thumbnailUrl\":\"https:\/\/portaltela.pt\/s.01k8rhncp4jt1\/2026\/05\/img_293x165uu2026-05-03-01-54-02-2436573.jpg\",\"keywords\":[\"1. Liga\",\"adeptos\",\"FC Porto\",\"futebol\",\"Liga\",\"Porto\"],\"articleSection\":[\"Desporto\",\"Futebol\"],\"inLanguage\":\"pt-PT\"},{\"@type\":\"WebPage\",\"@id\":\"https:\/\/portaltela.pt\/noticias\/2026\/05\/03\/diogo-costa-diz-que-ser-campeao-sabe-ainda-melhor-apos-superar-adversidades\/\",\"url\":\"https:\/\/portaltela.pt\/noticias\/2026\/05\/03\/diogo-costa-diz-que-ser-campeao-sabe-ainda-melhor-apos-superar-adversidades\/\",\"name\":\"Diogo Costa diz que ser campe\u00e3o sabe ainda melhor ap\u00f3s superar adversidades - Portal Tela Portugal\",\"isPartOf\":{\"@id\":\"https:\/\/portaltela.pt\/#website\"},\"primaryImageOfPage\":{\"@id\":\"https:\/\/portaltela.pt\/noticias\/2026\/05\/03\/diogo-costa-diz-que-ser-campeao-sabe-ainda-melhor-apos-superar-adversidades\/#primaryimage\"},\"image\":{\"@id\":\"https:\/\/portaltela.pt\/noticias\/2026\/05\/03\/diogo-costa-diz-que-ser-campeao-sabe-ainda-melhor-apos-superar-adversidades\/#primaryimage\"},\"thumbnailUrl\":\"https:\/\/portaltela.pt\/s.01k8rhncp4jt1\/2026\/05\/img_293x165uu2026-05-03-01-54-02-2436573.jpg\",\"datePublished\":\"2026-05-03T14:32:56+00:00\",\"author\":{\"@id\":\"https:\/\/portaltela.pt\/#\/schema\/person\/c4278d4a6028830caff9ee44b42d32ed\"},\"breadcrumb\":{\"@id\":\"https:\/\/portaltela.pt\/noticias\/2026\/05\/03\/diogo-costa-diz-que-ser-campeao-sabe-ainda-melhor-apos-superar-adversidades\/#breadcrumb\"},\"inLanguage\":\"pt-PT\",\"potentialAction\":[{\"@type\":\"ReadAction\",\"target\":[\"https:\/\/portaltela.pt\/noticias\/2026\/05\/03\/diogo-costa-diz-que-ser-campeao-sabe-ainda-melhor-apos-superar-adversidades\/\"]}]},{\"@type\":\"ImageObject\",\"inLanguage\":\"pt-PT\",\"@id\":\"https:\/\/portaltela.pt\/noticias\/2026\/05\/03\/diogo-costa-diz-que-ser-campeao-sabe-ainda-melhor-apos-superar-adversidades\/#primaryimage\",\"url\":\"https:\/\/portaltela.pt\/s.01k8rhncp4jt1\/2026\/05\/img_293x165uu2026-05-03-01-54-02-2436573.jpg\",\"contentUrl\":\"https:\/\/portaltela.pt\/s.01k8rhncp4jt1\/2026\/05\/img_293x165uu2026-05-03-01-54-02-2436573.jpg\",\"width\":796,\"height\":448,\"caption\":\"Diogo Costa: \u00abSer campe\u00e3o sabe ainda melhor quando sabemos tudo o que foi preciso ultrapassar...\u00bb\"},{\"@type\":\"BreadcrumbList\",\"@id\":\"https:\/\/portaltela.pt\/noticias\/2026\/05\/03\/diogo-costa-diz-que-ser-campeao-sabe-ainda-melhor-apos-superar-adversidades\/#breadcrumb\",\"itemListElement\":[{\"@type\":\"ListItem\",\"position\":1,\"name\":\"In\u00edcio\",\"item\":\"https:\/\/portaltela.pt\/\"},{\"@type\":\"ListItem\",\"position\":2,\"name\":\"Diogo Costa diz que ser campe\u00e3o sabe ainda melhor ap\u00f3s superar adversidades\"}]},{\"@type\":\"WebSite\",\"@id\":\"https:\/\/portaltela.pt\/#website\",\"url\":\"https:\/\/portaltela.pt\/\",\"name\":\"Portal Tela Portugal\",\"description\":\"\",\"potentialAction\":[{\"@type\":\"SearchAction\",\"target\":{\"@type\":\"EntryPoint\",\"urlTemplate\":\"https:\/\/portaltela.pt\/?s={search_term_string}\"},\"query-input\":{\"@type\":\"PropertyValueSpecification\",\"valueRequired\":true,\"valueName\":\"search_term_string\"}}],\"inLanguage\":\"pt-PT\"},{\"@type\":\"Person\",\"@id\":\"https:\/\/portaltela.pt\/#\/schema\/person\/c4278d4a6028830caff9ee44b42d32ed\",\"name\":\"Telinha\",\"image\":{\"@type\":\"ImageObject\",\"inLanguage\":\"pt-PT\",\"@id\":\"https:\/\/portaltela.pt\/s.01k8rhncp4jt1\/2025\/11\/talking-bot-125x125.png\",\"url\":\"https:\/\/portaltela.pt\/s.01k8rhncp4jt1\/2025\/11\/talking-bot-125x125.png\",\"contentUrl\":\"https:\/\/portaltela.pt\/s.01k8rhncp4jt1\/2025\/11\/talking-bot-125x125.png\",\"caption\":\"Telinha\"},\"sameAs\":[\"https:\/\/portaltela.pt\/\"],\"url\":\"https:\/\/portaltela.pt\/por\/367410592786\/\"}]}<\/script>\n<!-- \/ Yoast SEO plugin. -->","yoast_head_json":{"title":"Diogo Costa diz que ser campe\u00e3o sabe ainda melhor ap\u00f3s superar adversidades - Portal Tela Portugal","robots":{"index":"index","follow":"follow","max-snippet":"max-snippet:-1","max-image-preview":"max-image-preview:large","max-video-preview":"max-video-preview:-1"},"og_locale":"pt_PT","og_type":"article","og_title":"Diogo Costa diz que ser campe\u00e3o sabe ainda melhor ap\u00f3s superar adversidades - Portal Tela Portugal","og_description":"Diogo Costa recorreu \u00e0s redes sociais para partilhar uma reflex\u00e3o sobre a conquista do t\u00edtulo de campe\u00e3o nacional pelo FC Porto. Na mensagem, o guarda-redes destaca o sacrif\u00edcio, o trabalho duro, o foco di\u00e1rio, a entrega total e a n\u00e3o desist\u00eancia como pilares da vit\u00f3ria. Afirma que o t\u00edtulo n\u00e3o \u00e9 apenas dele, mas de um grupo que lutou junto, dentro e fora de campo, com a uni\u00e3o da equipa, do staff e dos adeptos. Dedica o t\u00edtulo ao clube, ao amor pelas cores e ao FC Porto, e tamb\u00e9m \u00e0 fam\u00edlia que o apoiou nos bons e maus momentos. Menciona ainda quem o acompanha de perto, como o Presidente Jorge Nuno Pinto da Costa, e assegura que o t\u00edtulo \u00e9 de todos e mais especial pelo que foi ultrapassado.","og_url":"https:\/\/portaltela.pt\/noticias\/2026\/05\/03\/diogo-costa-diz-que-ser-campeao-sabe-ainda-melhor-apos-superar-adversidades\/","og_site_name":"Portal Tela Portugal","article_published_time":"2026-05-03T14:32:56+00:00","author":"Telinha","twitter_card":"summary_large_image","twitter_misc":{"Escrito por":"Telinha","Tempo estimado de leitura":"1 minuto"},"schema":{"@context":"https:\/\/schema.org","@graph":[{"@type":"Article","@id":"https:\/\/portaltela.pt\/noticias\/2026\/05\/03\/diogo-costa-diz-que-ser-campeao-sabe-ainda-melhor-apos-superar-adversidades\/#article","isPartOf":{"@id":"https:\/\/portaltela.pt\/noticias\/2026\/05\/03\/diogo-costa-diz-que-ser-campeao-sabe-ainda-melhor-apos-superar-adversidades\/"},"author":{"name":"Telinha","@id":"https:\/\/portaltela.pt\/#\/schema\/person\/c4278d4a6028830caff9ee44b42d32ed"},"headline":"Diogo Costa diz que ser campe\u00e3o sabe ainda melhor ap\u00f3s superar adversidades","datePublished":"2026-05-03T14:32:56+00:00","mainEntityOfPage":{"@id":"https:\/\/portaltela.pt\/noticias\/2026\/05\/03\/diogo-costa-diz-que-ser-campeao-sabe-ainda-melhor-apos-superar-adversidades\/"},"wordCount":175,"image":{"@id":"https:\/\/portaltela.pt\/noticias\/2026\/05\/03\/diogo-costa-diz-que-ser-campeao-sabe-ainda-melhor-apos-superar-adversidades\/#primaryimage"},"thumbnailUrl":"https:\/\/portaltela.pt\/s.01k8rhncp4jt1\/2026\/05\/img_293x165uu2026-05-03-01-54-02-2436573.jpg","keywords":["1. Liga","adeptos","FC Porto","futebol","Liga","Porto"],"articleSection":["Desporto","Futebol"],"inLanguage":"pt-PT"},{"@type":"WebPage","@id":"https:\/\/portaltela.pt\/noticias\/2026\/05\/03\/diogo-costa-diz-que-ser-campeao-sabe-ainda-melhor-apos-superar-adversidades\/","url":"https:\/\/portaltela.pt\/noticias\/2026\/05\/03\/diogo-costa-diz-que-ser-campeao-sabe-ainda-melhor-apos-superar-adversidades\/","name":"Diogo Costa diz que ser campe\u00e3o sabe ainda melhor ap\u00f3s superar adversidades - Portal Tela Portugal","isPartOf":{"@id":"https:\/\/portaltela.pt\/#website"},"primaryImageOfPage":{"@id":"https:\/\/portaltela.pt\/noticias\/2026\/05\/03\/diogo-costa-diz-que-ser-campeao-sabe-ainda-melhor-apos-superar-adversidades\/#primaryimage"},"image":{"@id":"https:\/\/portaltela.pt\/noticias\/2026\/05\/03\/diogo-costa-diz-que-ser-campeao-sabe-ainda-melhor-apos-superar-adversidades\/#primaryimage"},"thumbnailUrl":"https:\/\/portaltela.pt\/s.01k8rhncp4jt1\/2026\/05\/img_293x165uu2026-05-03-01-54-02-2436573.jpg","datePublished":"2026-05-03T14:32:56+00:00","author":{"@id":"https:\/\/portaltela.pt\/#\/schema\/person\/c4278d4a6028830caff9ee44b42d32ed"},"breadcrumb":{"@id":"https:\/\/portaltela.pt\/noticias\/2026\/05\/03\/diogo-costa-diz-que-ser-campeao-sabe-ainda-melhor-apos-superar-adversidades\/#breadcrumb"},"inLanguage":"pt-PT","potentialAction":[{"@type":"ReadAction","target":["https:\/\/portaltela.pt\/noticias\/2026\/05\/03\/diogo-costa-diz-que-ser-campeao-sabe-ainda-melhor-apos-superar-adversidades\/"]}]},{"@type":"ImageObject","inLanguage":"pt-PT","@id":"https:\/\/portaltela.pt\/noticias\/2026\/05\/03\/diogo-costa-diz-que-ser-campeao-sabe-ainda-melhor-apos-superar-adversidades\/#primaryimage","url":"https:\/\/portaltela.pt\/s.01k8rhncp4jt1\/2026\/05\/img_293x165uu2026-05-03-01-54-02-2436573.jpg","contentUrl":"https:\/\/portaltela.pt\/s.01k8rhncp4jt1\/2026\/05\/img_293x165uu2026-05-03-01-54-02-2436573.jpg","width":796,"height":448,"caption":"Diogo Costa: \u00abSer campe\u00e3o sabe ainda melhor quando sabemos tudo o que foi preciso ultrapassar...\u00bb"},{"@type":"BreadcrumbList","@id":"https:\/\/portaltela.pt\/noticias\/2026\/05\/03\/diogo-costa-diz-que-ser-campeao-sabe-ainda-melhor-apos-superar-adversidades\/#breadcrumb","itemListElement":[{"@type":"ListItem","position":1,"name":"In\u00edcio","item":"https:\/\/portaltela.pt\/"},{"@type":"ListItem","position":2,"name":"Diogo Costa diz que ser campe\u00e3o sabe ainda melhor ap\u00f3s superar adversidades"}]},{"@type":"WebSite","@id":"https:\/\/portaltela.pt\/#website","url":"https:\/\/portaltela.pt\/","name":"Portal Tela Portugal","description":"","potentialAction":[{"@type":"SearchAction","target":{"@type":"EntryPoint","urlTemplate":"https:\/\/portaltela.pt\/?s={search_term_string}"},"query-input":{"@type":"PropertyValueSpecification","valueRequired":true,"valueName":"search_term_string"}}],"inLanguage":"pt-PT"},{"@type":"Person","@id":"https:\/\/portaltela.pt\/#\/schema\/person\/c4278d4a6028830caff9ee44b42d32ed","name":"Telinha","image":{"@type":"ImageObject","inLanguage":"pt-PT","@id":"https:\/\/portaltela.pt\/s.01k8rhncp4jt1\/2025\/11\/talking-bot-125x125.png","url":"https:\/\/portaltela.pt\/s.01k8rhncp4jt1\/2025\/11\/talking-bot-125x125.png","contentUrl":"https:\/\/portaltela.pt\/s.01k8rhncp4jt1\/2025\/11\/talking-bot-125x125.png","caption":"Telinha"},"sameAs":["https:\/\/portaltela.pt\/"],"url":"https:\/\/portaltela.pt\/por\/367410592786\/"}]}},"_links":{"self":[{"href":"https:\/\/portaltela.pt\/api\/wp\/v2\/posts\/466027","targetHints":{"allow":["GET"]}}],"collection":[{"href":"https:\/\/portaltela.pt\/api\/wp\/v2\/posts"}],"about":[{"href":"https:\/\/portaltela.pt\/api\/wp\/v2\/types\/post"}],"author":[{"embeddable":true,"href":"https:\/\/portaltela.pt\/api\/wp\/v2\/users\/2"}],"replies":[{"embeddable":true,"href":"https:\/\/portaltela.pt\/api\/wp\/v2\/comments?post=466027"}],"version-history":[{"count":0,"href":"https:\/\/portaltela.pt\/api\/wp\/v2\/posts\/466027\/revisions"}],"wp:featuredmedia":[{"embeddable":true,"href":"https:\/\/portaltela.pt\/api\/wp\/v2\/media\/466029"}],"wp:attachment":[{"href":"https:\/\/portaltela.pt\/api\/wp\/v2\/media?parent=466027"}],"wp:term":[{"taxonomy":"category","embeddable":true,"href":"https:\/\/portaltela.pt\/api\/wp\/v2\/categories?post=466027"},{"taxonomy":"post_tag","embeddable":true,"href":"https:\/\/portaltela.pt\/api\/wp\/v2\/tags?post=466027"}],"curies":[{"name":"wp","href":"https:\/\/api.w.org\/{rel}","templated":true}]}}