{"id":466004,"date":"2026-05-03T11:03:05","date_gmt":"2026-05-03T14:03:05","guid":{"rendered":"https:\/\/portaltela.pt\/noticias\/2026\/05\/03\/irao-anuncia-enforcamento-do-terceiro-curdo-em-dois-dias\/"},"modified":"2026-05-03T11:03:05","modified_gmt":"2026-05-03T14:03:05","slug":"irao-anuncia-enforcamento-do-terceiro-curdo-em-dois-dias","status":"publish","type":"post","link":"https:\/\/portaltela.pt\/internacionais\/2026\/05\/03\/irao-anuncia-enforcamento-do-terceiro-curdo-em-dois-dias\/","title":{"rendered":"Ir\u00e3o anuncia enforcamento do terceiro curdo em dois dias"},"content":{"rendered":"<p>O Ir\u00e3o confirmou a execu\u00e7\u00e3o de Mehrab Abdollahzadeh, o terceiro curdo a ser enforcado num curto espa\u00e7o de tempo, por participa\u00e7\u00e3o no assassinato de um agente das for\u00e7as de seguran\u00e7a durante os protestos de 2022, que se seguiram \u00e0 morte de Mahsa Amini. A senten\u00e7a foi aplicada na pris\u00e3o central de Urmia, na prov\u00edncia do Azerbaij\u00e3o Ocidental.<\/p>\n<p>No s\u00e1bado, a televis\u00e3o estatal IRIB informou a execu\u00e7\u00e3o de Yaqoub Karimpour e Nasser Bekerzadeh, acusados de coopera\u00e7\u00e3o de intelig\u00eancia e espionagem a favor do regime sionista. A confirma\u00e7\u00e3o oficial veio pela ag\u00eancia Mizan, porta-voz do poder judicial iraniano.<\/p>\n<p>A prov\u00edncia de Urmia \u00e9 apontada como um foco da oposi\u00e7\u00e3o curda no oeste do pa\u00eds. O presidente dos EUA, Donald Trump, \u00e9 citado por organiza\u00e7\u00f5es de direitos humanos como tendo admitido ter tentado usar grupos oposicionistas para alimentar os protestos.<\/p>\n<h3>Contexto e n\u00fameros de Abril<\/h3>\n<p>Segundo a ONG Hengaw para os Direitos Humanos, ao longo de abril foram executadas no Ir\u00e3o pelo menos 26 pessoas, incluindo 14 consideradas prisioneiros pol\u00edticos. Este n\u00famero representa uma diminui\u00e7\u00e3o de pelo menos 96 execu\u00e7\u00f5es (78,5%) face a abril de 2025, quando foram registadas 122 execu\u00e7\u00f5es.<\/p>\n","protected":false},"excerpt":{"rendered":"<ul>\n<li>O Ir\u00e3o executou Mehrab Abdollahzadeh, o terceiro curdo em dois dias, por participa\u00e7\u00e3o no assassinato de um agente das for\u00e7as de seguran\u00e7a durante os protestos de 2022, ap\u00f3s a morte de Mahsa Amini.<\/li>\n<li>No s\u00e1bado j\u00e1 tinham sido enforcados Yaqoub Karimpour e Nasser Bekerzadeh, por coopera\u00e7\u00e3o de intelig\u00eancia e espionagem a favor do regime sionista, segundo a televis\u00e3o estatal IRIB.<\/li>\n<li>A execu\u00e7\u00e3o de Abdollahzadeh ocorreu na pris\u00e3o central de Urmia, na prov\u00edncia do Azerbaij\u00e3o Ocidental, uma regi\u00e3o de forte oposi\u00e7\u00e3o curda.<\/li>\n<li>De acordo com a ONG Hengaw para os Direitos Humanos, em abril foram executados pelo menos 26 prisioneiros em pris\u00f5es iranianas, incluindo 14 considerados presos pol\u00edticos, n\u00fameros que representam uma queda face a abril de 2025 (122 execu\u00e7\u00f5es).<\/li>\n<li>A Hengaw acrescenta que o presidente dos Estados Unidos, Donald Trump, reconheceu ter tentado usar estes grupos opositores para alimentar os protestos.<\/li>\n<\/ul>\n","protected":false},"author":2,"featured_media":466008,"comment_status":"closed","ping_status":"closed","sticky":false,"template":"","format":"standard","meta":{"footnotes":""},"categories":[6790,6912],"tags":[7914,8942,8429,8132,8652],"class_list":["post-466004","post","type-post","status-publish","format-standard","has-post-thumbnail","hentry","category-conflitos","category-internacionais","tag-_direitos-humanos","tag-_espionagem","tag-_execucoes","tag-_iran","tag-_protestos"],"yoast_head":"<!-- This site is optimized with the Yoast SEO plugin v27.2 - https:\/\/yoast.com\/product\/yoast-seo-wordpress\/ -->\n<title>Ir\u00e3o anuncia enforcamento do terceiro curdo em dois dias - Portal Tela Portugal<\/title>\n<meta name=\"robots\" content=\"index, follow, max-snippet:-1, max-image-preview:large, max-video-preview:-1\" \/>\n<meta property=\"og:locale\" content=\"pt_PT\" \/>\n<meta property=\"og:type\" content=\"article\" \/>\n<meta property=\"og:title\" content=\"Ir\u00e3o anuncia enforcamento do terceiro curdo em dois dias - Portal Tela Portugal\" \/>\n<meta property=\"og:description\" content=\"O Ir\u00e3o executou Mehrab Abdollahzadeh, o terceiro curdo em dois dias, por participa\u00e7\u00e3o no assassinato de um agente das for\u00e7as de seguran\u00e7a durante os protestos de 2022, ap\u00f3s a morte de Mahsa Amini. No s\u00e1bado j\u00e1 tinham sido enforcados Yaqoub Karimpour e Nasser Bekerzadeh, por coopera\u00e7\u00e3o de intelig\u00eancia e espionagem a favor do regime sionista, segundo a televis\u00e3o estatal IRIB. A execu\u00e7\u00e3o de Abdollahzadeh ocorreu na pris\u00e3o central de Urmia, na prov\u00edncia do Azerbaij\u00e3o Ocidental, uma regi\u00e3o de forte oposi\u00e7\u00e3o curda. De acordo com a ONG Hengaw para os Direitos Humanos, em abril foram executados pelo menos 26 prisioneiros em pris\u00f5es iranianas, incluindo 14 considerados presos pol\u00edticos, n\u00fameros que representam uma queda face a abril de 2025 (122 execu\u00e7\u00f5es). A Hengaw acrescenta que o presidente dos Estados Unidos, Donald Trump, reconheceu ter tentado usar estes grupos opositores para alimentar os protestos.\" \/>\n<meta property=\"og:url\" content=\"https:\/\/portaltela.pt\/noticias\/2026\/05\/03\/irao-anuncia-enforcamento-do-terceiro-curdo-em-dois-dias\/\" \/>\n<meta property=\"og:site_name\" content=\"Portal Tela Portugal\" \/>\n<meta property=\"article:published_time\" content=\"2026-05-03T14:03:05+00:00\" \/>\n<meta name=\"author\" content=\"Telinha\" \/>\n<meta name=\"twitter:card\" content=\"summary_large_image\" \/>\n<meta name=\"twitter:label1\" content=\"Escrito por\" \/>\n\t<meta name=\"twitter:data1\" content=\"Telinha\" \/>\n\t<meta name=\"twitter:label2\" content=\"Tempo estimado de leitura\" \/>\n\t<meta name=\"twitter:data2\" content=\"1 minuto\" \/>\n<script type=\"application\/ld+json\" class=\"yoast-schema-graph\">{\"@context\":\"https:\/\/schema.org\",\"@graph\":[{\"@type\":\"Article\",\"@id\":\"https:\/\/portaltela.pt\/noticias\/2026\/05\/03\/irao-anuncia-enforcamento-do-terceiro-curdo-em-dois-dias\/#article\",\"isPartOf\":{\"@id\":\"https:\/\/portaltela.pt\/noticias\/2026\/05\/03\/irao-anuncia-enforcamento-do-terceiro-curdo-em-dois-dias\/\"},\"author\":{\"name\":\"Telinha\",\"@id\":\"https:\/\/portaltela.pt\/#\/schema\/person\/c4278d4a6028830caff9ee44b42d32ed\"},\"headline\":\"Ir\u00e3o anuncia enforcamento do terceiro curdo em dois dias\",\"datePublished\":\"2026-05-03T14:03:05+00:00\",\"mainEntityOfPage\":{\"@id\":\"https:\/\/portaltela.pt\/noticias\/2026\/05\/03\/irao-anuncia-enforcamento-do-terceiro-curdo-em-dois-dias\/\"},\"wordCount\":216,\"image\":{\"@id\":\"https:\/\/portaltela.pt\/noticias\/2026\/05\/03\/irao-anuncia-enforcamento-do-terceiro-curdo-em-dois-dias\/#primaryimage\"},\"thumbnailUrl\":\"https:\/\/portaltela.pt\/s.01k8rhncp4jt1\/2026\/05\/2085699.jpg\",\"keywords\":[\"_direitos humanos\",\"_espionagem\",\"_execu\u00e7\u00f5es\",\"_\u00cdr\u00e1n\",\"_protestos\"],\"articleSection\":[\"Conflitos\",\"Internacionais\"],\"inLanguage\":\"pt-PT\"},{\"@type\":\"WebPage\",\"@id\":\"https:\/\/portaltela.pt\/noticias\/2026\/05\/03\/irao-anuncia-enforcamento-do-terceiro-curdo-em-dois-dias\/\",\"url\":\"https:\/\/portaltela.pt\/noticias\/2026\/05\/03\/irao-anuncia-enforcamento-do-terceiro-curdo-em-dois-dias\/\",\"name\":\"Ir\u00e3o anuncia enforcamento do terceiro curdo em dois dias - Portal Tela Portugal\",\"isPartOf\":{\"@id\":\"https:\/\/portaltela.pt\/#website\"},\"primaryImageOfPage\":{\"@id\":\"https:\/\/portaltela.pt\/noticias\/2026\/05\/03\/irao-anuncia-enforcamento-do-terceiro-curdo-em-dois-dias\/#primaryimage\"},\"image\":{\"@id\":\"https:\/\/portaltela.pt\/noticias\/2026\/05\/03\/irao-anuncia-enforcamento-do-terceiro-curdo-em-dois-dias\/#primaryimage\"},\"thumbnailUrl\":\"https:\/\/portaltela.pt\/s.01k8rhncp4jt1\/2026\/05\/2085699.jpg\",\"datePublished\":\"2026-05-03T14:03:05+00:00\",\"author\":{\"@id\":\"https:\/\/portaltela.pt\/#\/schema\/person\/c4278d4a6028830caff9ee44b42d32ed\"},\"breadcrumb\":{\"@id\":\"https:\/\/portaltela.pt\/noticias\/2026\/05\/03\/irao-anuncia-enforcamento-do-terceiro-curdo-em-dois-dias\/#breadcrumb\"},\"inLanguage\":\"pt-PT\",\"potentialAction\":[{\"@type\":\"ReadAction\",\"target\":[\"https:\/\/portaltela.pt\/noticias\/2026\/05\/03\/irao-anuncia-enforcamento-do-terceiro-curdo-em-dois-dias\/\"]}]},{\"@type\":\"ImageObject\",\"inLanguage\":\"pt-PT\",\"@id\":\"https:\/\/portaltela.pt\/noticias\/2026\/05\/03\/irao-anuncia-enforcamento-do-terceiro-curdo-em-dois-dias\/#primaryimage\",\"url\":\"https:\/\/portaltela.pt\/s.01k8rhncp4jt1\/2026\/05\/2085699.jpg\",\"contentUrl\":\"https:\/\/portaltela.pt\/s.01k8rhncp4jt1\/2026\/05\/2085699.jpg\",\"width\":796,\"height\":448,\"caption\":\"Manifestantes entram em confronto com a pol\u00edcia em Teer\u00e3o durante os protestos de 2022\"},{\"@type\":\"BreadcrumbList\",\"@id\":\"https:\/\/portaltela.pt\/noticias\/2026\/05\/03\/irao-anuncia-enforcamento-do-terceiro-curdo-em-dois-dias\/#breadcrumb\",\"itemListElement\":[{\"@type\":\"ListItem\",\"position\":1,\"name\":\"In\u00edcio\",\"item\":\"https:\/\/portaltela.pt\/\"},{\"@type\":\"ListItem\",\"position\":2,\"name\":\"Ir\u00e3o anuncia enforcamento do terceiro curdo em dois dias\"}]},{\"@type\":\"WebSite\",\"@id\":\"https:\/\/portaltela.pt\/#website\",\"url\":\"https:\/\/portaltela.pt\/\",\"name\":\"Portal Tela Portugal\",\"description\":\"\",\"potentialAction\":[{\"@type\":\"SearchAction\",\"target\":{\"@type\":\"EntryPoint\",\"urlTemplate\":\"https:\/\/portaltela.pt\/?s={search_term_string}\"},\"query-input\":{\"@type\":\"PropertyValueSpecification\",\"valueRequired\":true,\"valueName\":\"search_term_string\"}}],\"inLanguage\":\"pt-PT\"},{\"@type\":\"Person\",\"@id\":\"https:\/\/portaltela.pt\/#\/schema\/person\/c4278d4a6028830caff9ee44b42d32ed\",\"name\":\"Telinha\",\"image\":{\"@type\":\"ImageObject\",\"inLanguage\":\"pt-PT\",\"@id\":\"https:\/\/portaltela.pt\/s.01k8rhncp4jt1\/2025\/11\/talking-bot-125x125.png\",\"url\":\"https:\/\/portaltela.pt\/s.01k8rhncp4jt1\/2025\/11\/talking-bot-125x125.png\",\"contentUrl\":\"https:\/\/portaltela.pt\/s.01k8rhncp4jt1\/2025\/11\/talking-bot-125x125.png\",\"caption\":\"Telinha\"},\"sameAs\":[\"https:\/\/portaltela.pt\/\"],\"url\":\"https:\/\/portaltela.pt\/por\/367410592786\/\"}]}<\/script>\n<!-- \/ Yoast SEO plugin. -->","yoast_head_json":{"title":"Ir\u00e3o anuncia enforcamento do terceiro curdo em dois dias - Portal Tela Portugal","robots":{"index":"index","follow":"follow","max-snippet":"max-snippet:-1","max-image-preview":"max-image-preview:large","max-video-preview":"max-video-preview:-1"},"og_locale":"pt_PT","og_type":"article","og_title":"Ir\u00e3o anuncia enforcamento do terceiro curdo em dois dias - Portal Tela Portugal","og_description":"O Ir\u00e3o executou Mehrab Abdollahzadeh, o terceiro curdo em dois dias, por participa\u00e7\u00e3o no assassinato de um agente das for\u00e7as de seguran\u00e7a durante os protestos de 2022, ap\u00f3s a morte de Mahsa Amini. No s\u00e1bado j\u00e1 tinham sido enforcados Yaqoub Karimpour e Nasser Bekerzadeh, por coopera\u00e7\u00e3o de intelig\u00eancia e espionagem a favor do regime sionista, segundo a televis\u00e3o estatal IRIB. A execu\u00e7\u00e3o de Abdollahzadeh ocorreu na pris\u00e3o central de Urmia, na prov\u00edncia do Azerbaij\u00e3o Ocidental, uma regi\u00e3o de forte oposi\u00e7\u00e3o curda. De acordo com a ONG Hengaw para os Direitos Humanos, em abril foram executados pelo menos 26 prisioneiros em pris\u00f5es iranianas, incluindo 14 considerados presos pol\u00edticos, n\u00fameros que representam uma queda face a abril de 2025 (122 execu\u00e7\u00f5es). A Hengaw acrescenta que o presidente dos Estados Unidos, Donald Trump, reconheceu ter tentado usar estes grupos opositores para alimentar os protestos.","og_url":"https:\/\/portaltela.pt\/noticias\/2026\/05\/03\/irao-anuncia-enforcamento-do-terceiro-curdo-em-dois-dias\/","og_site_name":"Portal Tela Portugal","article_published_time":"2026-05-03T14:03:05+00:00","author":"Telinha","twitter_card":"summary_large_image","twitter_misc":{"Escrito por":"Telinha","Tempo estimado de leitura":"1 minuto"},"schema":{"@context":"https:\/\/schema.org","@graph":[{"@type":"Article","@id":"https:\/\/portaltela.pt\/noticias\/2026\/05\/03\/irao-anuncia-enforcamento-do-terceiro-curdo-em-dois-dias\/#article","isPartOf":{"@id":"https:\/\/portaltela.pt\/noticias\/2026\/05\/03\/irao-anuncia-enforcamento-do-terceiro-curdo-em-dois-dias\/"},"author":{"name":"Telinha","@id":"https:\/\/portaltela.pt\/#\/schema\/person\/c4278d4a6028830caff9ee44b42d32ed"},"headline":"Ir\u00e3o anuncia enforcamento do terceiro curdo em dois dias","datePublished":"2026-05-03T14:03:05+00:00","mainEntityOfPage":{"@id":"https:\/\/portaltela.pt\/noticias\/2026\/05\/03\/irao-anuncia-enforcamento-do-terceiro-curdo-em-dois-dias\/"},"wordCount":216,"image":{"@id":"https:\/\/portaltela.pt\/noticias\/2026\/05\/03\/irao-anuncia-enforcamento-do-terceiro-curdo-em-dois-dias\/#primaryimage"},"thumbnailUrl":"https:\/\/portaltela.pt\/s.01k8rhncp4jt1\/2026\/05\/2085699.jpg","keywords":["_direitos humanos","_espionagem","_execu\u00e7\u00f5es","_\u00cdr\u00e1n","_protestos"],"articleSection":["Conflitos","Internacionais"],"inLanguage":"pt-PT"},{"@type":"WebPage","@id":"https:\/\/portaltela.pt\/noticias\/2026\/05\/03\/irao-anuncia-enforcamento-do-terceiro-curdo-em-dois-dias\/","url":"https:\/\/portaltela.pt\/noticias\/2026\/05\/03\/irao-anuncia-enforcamento-do-terceiro-curdo-em-dois-dias\/","name":"Ir\u00e3o anuncia enforcamento do terceiro curdo em dois dias - Portal Tela Portugal","isPartOf":{"@id":"https:\/\/portaltela.pt\/#website"},"primaryImageOfPage":{"@id":"https:\/\/portaltela.pt\/noticias\/2026\/05\/03\/irao-anuncia-enforcamento-do-terceiro-curdo-em-dois-dias\/#primaryimage"},"image":{"@id":"https:\/\/portaltela.pt\/noticias\/2026\/05\/03\/irao-anuncia-enforcamento-do-terceiro-curdo-em-dois-dias\/#primaryimage"},"thumbnailUrl":"https:\/\/portaltela.pt\/s.01k8rhncp4jt1\/2026\/05\/2085699.jpg","datePublished":"2026-05-03T14:03:05+00:00","author":{"@id":"https:\/\/portaltela.pt\/#\/schema\/person\/c4278d4a6028830caff9ee44b42d32ed"},"breadcrumb":{"@id":"https:\/\/portaltela.pt\/noticias\/2026\/05\/03\/irao-anuncia-enforcamento-do-terceiro-curdo-em-dois-dias\/#breadcrumb"},"inLanguage":"pt-PT","potentialAction":[{"@type":"ReadAction","target":["https:\/\/portaltela.pt\/noticias\/2026\/05\/03\/irao-anuncia-enforcamento-do-terceiro-curdo-em-dois-dias\/"]}]},{"@type":"ImageObject","inLanguage":"pt-PT","@id":"https:\/\/portaltela.pt\/noticias\/2026\/05\/03\/irao-anuncia-enforcamento-do-terceiro-curdo-em-dois-dias\/#primaryimage","url":"https:\/\/portaltela.pt\/s.01k8rhncp4jt1\/2026\/05\/2085699.jpg","contentUrl":"https:\/\/portaltela.pt\/s.01k8rhncp4jt1\/2026\/05\/2085699.jpg","width":796,"height":448,"caption":"Manifestantes entram em confronto com a pol\u00edcia em Teer\u00e3o durante os protestos de 2022"},{"@type":"BreadcrumbList","@id":"https:\/\/portaltela.pt\/noticias\/2026\/05\/03\/irao-anuncia-enforcamento-do-terceiro-curdo-em-dois-dias\/#breadcrumb","itemListElement":[{"@type":"ListItem","position":1,"name":"In\u00edcio","item":"https:\/\/portaltela.pt\/"},{"@type":"ListItem","position":2,"name":"Ir\u00e3o anuncia enforcamento do terceiro curdo em dois dias"}]},{"@type":"WebSite","@id":"https:\/\/portaltela.pt\/#website","url":"https:\/\/portaltela.pt\/","name":"Portal Tela Portugal","description":"","potentialAction":[{"@type":"SearchAction","target":{"@type":"EntryPoint","urlTemplate":"https:\/\/portaltela.pt\/?s={search_term_string}"},"query-input":{"@type":"PropertyValueSpecification","valueRequired":true,"valueName":"search_term_string"}}],"inLanguage":"pt-PT"},{"@type":"Person","@id":"https:\/\/portaltela.pt\/#\/schema\/person\/c4278d4a6028830caff9ee44b42d32ed","name":"Telinha","image":{"@type":"ImageObject","inLanguage":"pt-PT","@id":"https:\/\/portaltela.pt\/s.01k8rhncp4jt1\/2025\/11\/talking-bot-125x125.png","url":"https:\/\/portaltela.pt\/s.01k8rhncp4jt1\/2025\/11\/talking-bot-125x125.png","contentUrl":"https:\/\/portaltela.pt\/s.01k8rhncp4jt1\/2025\/11\/talking-bot-125x125.png","caption":"Telinha"},"sameAs":["https:\/\/portaltela.pt\/"],"url":"https:\/\/portaltela.pt\/por\/367410592786\/"}]}},"_links":{"self":[{"href":"https:\/\/portaltela.pt\/api\/wp\/v2\/posts\/466004","targetHints":{"allow":["GET"]}}],"collection":[{"href":"https:\/\/portaltela.pt\/api\/wp\/v2\/posts"}],"about":[{"href":"https:\/\/portaltela.pt\/api\/wp\/v2\/types\/post"}],"author":[{"embeddable":true,"href":"https:\/\/portaltela.pt\/api\/wp\/v2\/users\/2"}],"replies":[{"embeddable":true,"href":"https:\/\/portaltela.pt\/api\/wp\/v2\/comments?post=466004"}],"version-history":[{"count":0,"href":"https:\/\/portaltela.pt\/api\/wp\/v2\/posts\/466004\/revisions"}],"wp:featuredmedia":[{"embeddable":true,"href":"https:\/\/portaltela.pt\/api\/wp\/v2\/media\/466008"}],"wp:attachment":[{"href":"https:\/\/portaltela.pt\/api\/wp\/v2\/media?parent=466004"}],"wp:term":[{"taxonomy":"category","embeddable":true,"href":"https:\/\/portaltela.pt\/api\/wp\/v2\/categories?post=466004"},{"taxonomy":"post_tag","embeddable":true,"href":"https:\/\/portaltela.pt\/api\/wp\/v2\/tags?post=466004"}],"curies":[{"name":"wp","href":"https:\/\/api.w.org\/{rel}","templated":true}]}}