{"id":466003,"date":"2026-05-03T11:03:02","date_gmt":"2026-05-03T14:03:02","guid":{"rendered":"https:\/\/portaltela.pt\/noticias\/2026\/05\/03\/escritor-afonso-reis-cabral-vive-numa-antiga-loja-de-sapatos-no-colombo\/"},"modified":"2026-05-03T11:03:02","modified_gmt":"2026-05-03T14:03:02","slug":"escritor-afonso-reis-cabral-vive-numa-antiga-loja-de-sapatos-no-colombo","status":"publish","type":"post","link":"https:\/\/portaltela.pt\/noticias\/2026\/05\/03\/escritor-afonso-reis-cabral-vive-numa-antiga-loja-de-sapatos-no-colombo\/","title":{"rendered":"Escritor Afonso Reis Cabral vive numa antiga loja de sapatos no Colombo"},"content":{"rendered":"<p>O escritor Afonso Reis Cabral, de 31 anos, revelou nas redes sociais que vive desde 27 de abril numa antiga loja de sapatos no Centro Comercial Colombo. A iniciativa resulta de uma resid\u00eancia liter\u00e1ria promovida pela Funda\u00e7\u00e3o Francisco Manuel dos Santos.<\/p>\n<p>A reposi\u00e7\u00e3o de espa\u00e7o no Colombo possibilita ao autor preparar um novo livro para a cole\u00e7\u00e3o Retratos. Afonso Reis Cabral agradeceu \u00e0 administra\u00e7\u00e3o do centro comercial pela hospitalidade e informou que ficar\u00e1 ali durante uma semana.<\/p>\n<p>O autor, que venceu o Pr\u00e9mio Jos\u00e9 Saramago em 2019 com P\u00e3o de A\u00e7\u00facar, descreve a experi\u00eancia como uma imers\u00e3o na vida urbana. Diz que pretende descobrir quem frequenta o centro, quem trabalha l\u00e1 e como vivem as pessoas da zona.<\/p>\n<p>A rotina di\u00e1ria foi detalhada pelo escritor: pela manh\u00e3, o canto de um casal de p\u00e1ssaros na pra\u00e7a contrasta com o barulho de obras durante a noite. O apartamento fica numa antiga loja de sapatos, ao lado de obras de requalifica\u00e7\u00e3o com martelo pneum\u00e1tico.<\/p>\n<h3>Resid\u00eancia liter\u00e1ria no Colombo<\/h3>\n<p>Cabral explicita que a resid\u00eancia o coloca pr\u00f3ximo da atividade do centro comercial, com milhares de pessoas a passar diariamente. A experi\u00eancia, afirma, permite explorar hist\u00f3rias da vida que aqui convivem, entre visitas, trabalho e encontros.<\/p>\n","protected":false},"excerpt":{"rendered":"<ul>\n<li>O escritor Afonso Reis Cabral, de 31 anos, revelou estar a viver desde 27 de abril numa antiga loja de sapatos no Centro Comercial Colombo.<\/li>\n<li>Esta resid\u00eancia liter\u00e1ria visa originar, dentro de alguns tempos, um livro para a cole\u00e7\u00e3o Retratos, da Funda\u00e7\u00e3o Francisco Manuel dos Santos.<\/li>\n<li>A administra\u00e7\u00e3o do Colombo autorizou o desafio; o autor ficar\u00e1 no espa\u00e7o at\u00e9 segunda-feira, completando uma semana a viver no centro comercial.<\/li>\n<li>Reis Cabral diz sentir-se \u201caut\u00f3ctone\u201d da cidade dentro da cidade e quer conhecer quem vive, trabalha e circula no Colombo.<\/li>\n<li>A rotina di\u00e1ria inclui acordar \u00e0s sete da manh\u00e3 com o canto de p\u00e1ssaros, e enfrentar o ru\u00eddo da obra de requalifica\u00e7\u00e3o durante a noite.<\/li>\n<\/ul>\n","protected":false},"author":2,"featured_media":466006,"comment_status":"closed","ping_status":"closed","sticky":false,"template":"","format":"standard","meta":{"footnotes":""},"categories":[7375,1],"tags":[8773,7756,8106,8813,6657],"class_list":["post-466003","post","type-post","status-publish","format-standard","has-post-thumbnail","hentry","category-cultura","category-noticias","tag-_centro","tag-_cultura","tag-_literatura","tag-_residencias","tag-autores"],"yoast_head":"<!-- This site is optimized with the Yoast SEO plugin v27.2 - https:\/\/yoast.com\/product\/yoast-seo-wordpress\/ -->\n<title>Escritor Afonso Reis Cabral vive numa antiga loja de sapatos no Colombo - Portal Tela Portugal<\/title>\n<meta name=\"robots\" content=\"index, follow, max-snippet:-1, max-image-preview:large, max-video-preview:-1\" \/>\n<meta property=\"og:locale\" content=\"pt_PT\" \/>\n<meta property=\"og:type\" content=\"article\" \/>\n<meta property=\"og:title\" content=\"Escritor Afonso Reis Cabral vive numa antiga loja de sapatos no Colombo - Portal Tela Portugal\" \/>\n<meta property=\"og:description\" content=\"O escritor Afonso Reis Cabral, de 31 anos, revelou estar a viver desde 27 de abril numa antiga loja de sapatos no Centro Comercial Colombo. Esta resid\u00eancia liter\u00e1ria visa originar, dentro de alguns tempos, um livro para a cole\u00e7\u00e3o Retratos, da Funda\u00e7\u00e3o Francisco Manuel dos Santos. A administra\u00e7\u00e3o do Colombo autorizou o desafio; o autor ficar\u00e1 no espa\u00e7o at\u00e9 segunda-feira, completando uma semana a viver no centro comercial. Reis Cabral diz sentir-se \u201caut\u00f3ctone\u201d da cidade dentro da cidade e quer conhecer quem vive, trabalha e circula no Colombo. A rotina di\u00e1ria inclui acordar \u00e0s sete da manh\u00e3 com o canto de p\u00e1ssaros, e enfrentar o ru\u00eddo da obra de requalifica\u00e7\u00e3o durante a noite.\" \/>\n<meta property=\"og:url\" content=\"https:\/\/portaltela.pt\/noticias\/2026\/05\/03\/escritor-afonso-reis-cabral-vive-numa-antiga-loja-de-sapatos-no-colombo\/\" \/>\n<meta property=\"og:site_name\" content=\"Portal Tela Portugal\" \/>\n<meta property=\"article:published_time\" content=\"2026-05-03T14:03:02+00:00\" \/>\n<meta name=\"author\" content=\"Telinha\" \/>\n<meta name=\"twitter:card\" content=\"summary_large_image\" \/>\n<meta name=\"twitter:label1\" content=\"Escrito por\" \/>\n\t<meta name=\"twitter:data1\" content=\"Telinha\" \/>\n\t<meta name=\"twitter:label2\" content=\"Tempo estimado de leitura\" \/>\n\t<meta name=\"twitter:data2\" content=\"1 minuto\" \/>\n<script type=\"application\/ld+json\" class=\"yoast-schema-graph\">{\"@context\":\"https:\/\/schema.org\",\"@graph\":[{\"@type\":\"Article\",\"@id\":\"https:\/\/portaltela.pt\/noticias\/2026\/05\/03\/escritor-afonso-reis-cabral-vive-numa-antiga-loja-de-sapatos-no-colombo\/#article\",\"isPartOf\":{\"@id\":\"https:\/\/portaltela.pt\/noticias\/2026\/05\/03\/escritor-afonso-reis-cabral-vive-numa-antiga-loja-de-sapatos-no-colombo\/\"},\"author\":{\"name\":\"Telinha\",\"@id\":\"https:\/\/portaltela.pt\/#\/schema\/person\/c4278d4a6028830caff9ee44b42d32ed\"},\"headline\":\"Escritor Afonso Reis Cabral vive numa antiga loja de sapatos no Colombo\",\"datePublished\":\"2026-05-03T14:03:02+00:00\",\"mainEntityOfPage\":{\"@id\":\"https:\/\/portaltela.pt\/noticias\/2026\/05\/03\/escritor-afonso-reis-cabral-vive-numa-antiga-loja-de-sapatos-no-colombo\/\"},\"wordCount\":233,\"image\":{\"@id\":\"https:\/\/portaltela.pt\/noticias\/2026\/05\/03\/escritor-afonso-reis-cabral-vive-numa-antiga-loja-de-sapatos-no-colombo\/#primaryimage\"},\"thumbnailUrl\":\"https:\/\/portaltela.pt\/s.01k8rhncp4jt1\/2026\/05\/img_920x518uu2026-05-03-14-59-05-2436643.jpg\",\"keywords\":[\"_Centro\",\"_cultura\",\"_literatura\",\"_resid\u00eancias\",\"autores\"],\"articleSection\":[\"Cultura\",\"Not\u00edcias\"],\"inLanguage\":\"pt-PT\"},{\"@type\":\"WebPage\",\"@id\":\"https:\/\/portaltela.pt\/noticias\/2026\/05\/03\/escritor-afonso-reis-cabral-vive-numa-antiga-loja-de-sapatos-no-colombo\/\",\"url\":\"https:\/\/portaltela.pt\/noticias\/2026\/05\/03\/escritor-afonso-reis-cabral-vive-numa-antiga-loja-de-sapatos-no-colombo\/\",\"name\":\"Escritor Afonso Reis Cabral vive numa antiga loja de sapatos no Colombo - Portal Tela Portugal\",\"isPartOf\":{\"@id\":\"https:\/\/portaltela.pt\/#website\"},\"primaryImageOfPage\":{\"@id\":\"https:\/\/portaltela.pt\/noticias\/2026\/05\/03\/escritor-afonso-reis-cabral-vive-numa-antiga-loja-de-sapatos-no-colombo\/#primaryimage\"},\"image\":{\"@id\":\"https:\/\/portaltela.pt\/noticias\/2026\/05\/03\/escritor-afonso-reis-cabral-vive-numa-antiga-loja-de-sapatos-no-colombo\/#primaryimage\"},\"thumbnailUrl\":\"https:\/\/portaltela.pt\/s.01k8rhncp4jt1\/2026\/05\/img_920x518uu2026-05-03-14-59-05-2436643.jpg\",\"datePublished\":\"2026-05-03T14:03:02+00:00\",\"author\":{\"@id\":\"https:\/\/portaltela.pt\/#\/schema\/person\/c4278d4a6028830caff9ee44b42d32ed\"},\"breadcrumb\":{\"@id\":\"https:\/\/portaltela.pt\/noticias\/2026\/05\/03\/escritor-afonso-reis-cabral-vive-numa-antiga-loja-de-sapatos-no-colombo\/#breadcrumb\"},\"inLanguage\":\"pt-PT\",\"potentialAction\":[{\"@type\":\"ReadAction\",\"target\":[\"https:\/\/portaltela.pt\/noticias\/2026\/05\/03\/escritor-afonso-reis-cabral-vive-numa-antiga-loja-de-sapatos-no-colombo\/\"]}]},{\"@type\":\"ImageObject\",\"inLanguage\":\"pt-PT\",\"@id\":\"https:\/\/portaltela.pt\/noticias\/2026\/05\/03\/escritor-afonso-reis-cabral-vive-numa-antiga-loja-de-sapatos-no-colombo\/#primaryimage\",\"url\":\"https:\/\/portaltela.pt\/s.01k8rhncp4jt1\/2026\/05\/img_920x518uu2026-05-03-14-59-05-2436643.jpg\",\"contentUrl\":\"https:\/\/portaltela.pt\/s.01k8rhncp4jt1\/2026\/05\/img_920x518uu2026-05-03-14-59-05-2436643.jpg\",\"width\":796,\"height\":448,\"caption\":\"O escritor Afonso Reis Cabral\"},{\"@type\":\"BreadcrumbList\",\"@id\":\"https:\/\/portaltela.pt\/noticias\/2026\/05\/03\/escritor-afonso-reis-cabral-vive-numa-antiga-loja-de-sapatos-no-colombo\/#breadcrumb\",\"itemListElement\":[{\"@type\":\"ListItem\",\"position\":1,\"name\":\"In\u00edcio\",\"item\":\"https:\/\/portaltela.pt\/\"},{\"@type\":\"ListItem\",\"position\":2,\"name\":\"Escritor Afonso Reis Cabral vive numa antiga loja de sapatos no Colombo\"}]},{\"@type\":\"WebSite\",\"@id\":\"https:\/\/portaltela.pt\/#website\",\"url\":\"https:\/\/portaltela.pt\/\",\"name\":\"Portal Tela Portugal\",\"description\":\"\",\"potentialAction\":[{\"@type\":\"SearchAction\",\"target\":{\"@type\":\"EntryPoint\",\"urlTemplate\":\"https:\/\/portaltela.pt\/?s={search_term_string}\"},\"query-input\":{\"@type\":\"PropertyValueSpecification\",\"valueRequired\":true,\"valueName\":\"search_term_string\"}}],\"inLanguage\":\"pt-PT\"},{\"@type\":\"Person\",\"@id\":\"https:\/\/portaltela.pt\/#\/schema\/person\/c4278d4a6028830caff9ee44b42d32ed\",\"name\":\"Telinha\",\"image\":{\"@type\":\"ImageObject\",\"inLanguage\":\"pt-PT\",\"@id\":\"https:\/\/portaltela.pt\/s.01k8rhncp4jt1\/2025\/11\/talking-bot-125x125.png\",\"url\":\"https:\/\/portaltela.pt\/s.01k8rhncp4jt1\/2025\/11\/talking-bot-125x125.png\",\"contentUrl\":\"https:\/\/portaltela.pt\/s.01k8rhncp4jt1\/2025\/11\/talking-bot-125x125.png\",\"caption\":\"Telinha\"},\"sameAs\":[\"https:\/\/portaltela.pt\/\"],\"url\":\"https:\/\/portaltela.pt\/por\/367410592786\/\"}]}<\/script>\n<!-- \/ Yoast SEO plugin. -->","yoast_head_json":{"title":"Escritor Afonso Reis Cabral vive numa antiga loja de sapatos no Colombo - Portal Tela Portugal","robots":{"index":"index","follow":"follow","max-snippet":"max-snippet:-1","max-image-preview":"max-image-preview:large","max-video-preview":"max-video-preview:-1"},"og_locale":"pt_PT","og_type":"article","og_title":"Escritor Afonso Reis Cabral vive numa antiga loja de sapatos no Colombo - Portal Tela Portugal","og_description":"O escritor Afonso Reis Cabral, de 31 anos, revelou estar a viver desde 27 de abril numa antiga loja de sapatos no Centro Comercial Colombo. Esta resid\u00eancia liter\u00e1ria visa originar, dentro de alguns tempos, um livro para a cole\u00e7\u00e3o Retratos, da Funda\u00e7\u00e3o Francisco Manuel dos Santos. A administra\u00e7\u00e3o do Colombo autorizou o desafio; o autor ficar\u00e1 no espa\u00e7o at\u00e9 segunda-feira, completando uma semana a viver no centro comercial. Reis Cabral diz sentir-se \u201caut\u00f3ctone\u201d da cidade dentro da cidade e quer conhecer quem vive, trabalha e circula no Colombo. A rotina di\u00e1ria inclui acordar \u00e0s sete da manh\u00e3 com o canto de p\u00e1ssaros, e enfrentar o ru\u00eddo da obra de requalifica\u00e7\u00e3o durante a noite.","og_url":"https:\/\/portaltela.pt\/noticias\/2026\/05\/03\/escritor-afonso-reis-cabral-vive-numa-antiga-loja-de-sapatos-no-colombo\/","og_site_name":"Portal Tela Portugal","article_published_time":"2026-05-03T14:03:02+00:00","author":"Telinha","twitter_card":"summary_large_image","twitter_misc":{"Escrito por":"Telinha","Tempo estimado de leitura":"1 minuto"},"schema":{"@context":"https:\/\/schema.org","@graph":[{"@type":"Article","@id":"https:\/\/portaltela.pt\/noticias\/2026\/05\/03\/escritor-afonso-reis-cabral-vive-numa-antiga-loja-de-sapatos-no-colombo\/#article","isPartOf":{"@id":"https:\/\/portaltela.pt\/noticias\/2026\/05\/03\/escritor-afonso-reis-cabral-vive-numa-antiga-loja-de-sapatos-no-colombo\/"},"author":{"name":"Telinha","@id":"https:\/\/portaltela.pt\/#\/schema\/person\/c4278d4a6028830caff9ee44b42d32ed"},"headline":"Escritor Afonso Reis Cabral vive numa antiga loja de sapatos no Colombo","datePublished":"2026-05-03T14:03:02+00:00","mainEntityOfPage":{"@id":"https:\/\/portaltela.pt\/noticias\/2026\/05\/03\/escritor-afonso-reis-cabral-vive-numa-antiga-loja-de-sapatos-no-colombo\/"},"wordCount":233,"image":{"@id":"https:\/\/portaltela.pt\/noticias\/2026\/05\/03\/escritor-afonso-reis-cabral-vive-numa-antiga-loja-de-sapatos-no-colombo\/#primaryimage"},"thumbnailUrl":"https:\/\/portaltela.pt\/s.01k8rhncp4jt1\/2026\/05\/img_920x518uu2026-05-03-14-59-05-2436643.jpg","keywords":["_Centro","_cultura","_literatura","_resid\u00eancias","autores"],"articleSection":["Cultura","Not\u00edcias"],"inLanguage":"pt-PT"},{"@type":"WebPage","@id":"https:\/\/portaltela.pt\/noticias\/2026\/05\/03\/escritor-afonso-reis-cabral-vive-numa-antiga-loja-de-sapatos-no-colombo\/","url":"https:\/\/portaltela.pt\/noticias\/2026\/05\/03\/escritor-afonso-reis-cabral-vive-numa-antiga-loja-de-sapatos-no-colombo\/","name":"Escritor Afonso Reis Cabral vive numa antiga loja de sapatos no Colombo - Portal Tela Portugal","isPartOf":{"@id":"https:\/\/portaltela.pt\/#website"},"primaryImageOfPage":{"@id":"https:\/\/portaltela.pt\/noticias\/2026\/05\/03\/escritor-afonso-reis-cabral-vive-numa-antiga-loja-de-sapatos-no-colombo\/#primaryimage"},"image":{"@id":"https:\/\/portaltela.pt\/noticias\/2026\/05\/03\/escritor-afonso-reis-cabral-vive-numa-antiga-loja-de-sapatos-no-colombo\/#primaryimage"},"thumbnailUrl":"https:\/\/portaltela.pt\/s.01k8rhncp4jt1\/2026\/05\/img_920x518uu2026-05-03-14-59-05-2436643.jpg","datePublished":"2026-05-03T14:03:02+00:00","author":{"@id":"https:\/\/portaltela.pt\/#\/schema\/person\/c4278d4a6028830caff9ee44b42d32ed"},"breadcrumb":{"@id":"https:\/\/portaltela.pt\/noticias\/2026\/05\/03\/escritor-afonso-reis-cabral-vive-numa-antiga-loja-de-sapatos-no-colombo\/#breadcrumb"},"inLanguage":"pt-PT","potentialAction":[{"@type":"ReadAction","target":["https:\/\/portaltela.pt\/noticias\/2026\/05\/03\/escritor-afonso-reis-cabral-vive-numa-antiga-loja-de-sapatos-no-colombo\/"]}]},{"@type":"ImageObject","inLanguage":"pt-PT","@id":"https:\/\/portaltela.pt\/noticias\/2026\/05\/03\/escritor-afonso-reis-cabral-vive-numa-antiga-loja-de-sapatos-no-colombo\/#primaryimage","url":"https:\/\/portaltela.pt\/s.01k8rhncp4jt1\/2026\/05\/img_920x518uu2026-05-03-14-59-05-2436643.jpg","contentUrl":"https:\/\/portaltela.pt\/s.01k8rhncp4jt1\/2026\/05\/img_920x518uu2026-05-03-14-59-05-2436643.jpg","width":796,"height":448,"caption":"O escritor Afonso Reis Cabral"},{"@type":"BreadcrumbList","@id":"https:\/\/portaltela.pt\/noticias\/2026\/05\/03\/escritor-afonso-reis-cabral-vive-numa-antiga-loja-de-sapatos-no-colombo\/#breadcrumb","itemListElement":[{"@type":"ListItem","position":1,"name":"In\u00edcio","item":"https:\/\/portaltela.pt\/"},{"@type":"ListItem","position":2,"name":"Escritor Afonso Reis Cabral vive numa antiga loja de sapatos no Colombo"}]},{"@type":"WebSite","@id":"https:\/\/portaltela.pt\/#website","url":"https:\/\/portaltela.pt\/","name":"Portal Tela Portugal","description":"","potentialAction":[{"@type":"SearchAction","target":{"@type":"EntryPoint","urlTemplate":"https:\/\/portaltela.pt\/?s={search_term_string}"},"query-input":{"@type":"PropertyValueSpecification","valueRequired":true,"valueName":"search_term_string"}}],"inLanguage":"pt-PT"},{"@type":"Person","@id":"https:\/\/portaltela.pt\/#\/schema\/person\/c4278d4a6028830caff9ee44b42d32ed","name":"Telinha","image":{"@type":"ImageObject","inLanguage":"pt-PT","@id":"https:\/\/portaltela.pt\/s.01k8rhncp4jt1\/2025\/11\/talking-bot-125x125.png","url":"https:\/\/portaltela.pt\/s.01k8rhncp4jt1\/2025\/11\/talking-bot-125x125.png","contentUrl":"https:\/\/portaltela.pt\/s.01k8rhncp4jt1\/2025\/11\/talking-bot-125x125.png","caption":"Telinha"},"sameAs":["https:\/\/portaltela.pt\/"],"url":"https:\/\/portaltela.pt\/por\/367410592786\/"}]}},"_links":{"self":[{"href":"https:\/\/portaltela.pt\/api\/wp\/v2\/posts\/466003","targetHints":{"allow":["GET"]}}],"collection":[{"href":"https:\/\/portaltela.pt\/api\/wp\/v2\/posts"}],"about":[{"href":"https:\/\/portaltela.pt\/api\/wp\/v2\/types\/post"}],"author":[{"embeddable":true,"href":"https:\/\/portaltela.pt\/api\/wp\/v2\/users\/2"}],"replies":[{"embeddable":true,"href":"https:\/\/portaltela.pt\/api\/wp\/v2\/comments?post=466003"}],"version-history":[{"count":0,"href":"https:\/\/portaltela.pt\/api\/wp\/v2\/posts\/466003\/revisions"}],"wp:featuredmedia":[{"embeddable":true,"href":"https:\/\/portaltela.pt\/api\/wp\/v2\/media\/466006"}],"wp:attachment":[{"href":"https:\/\/portaltela.pt\/api\/wp\/v2\/media?parent=466003"}],"wp:term":[{"taxonomy":"category","embeddable":true,"href":"https:\/\/portaltela.pt\/api\/wp\/v2\/categories?post=466003"},{"taxonomy":"post_tag","embeddable":true,"href":"https:\/\/portaltela.pt\/api\/wp\/v2\/tags?post=466003"}],"curies":[{"name":"wp","href":"https:\/\/api.w.org\/{rel}","templated":true}]}}