{"id":465962,"date":"2026-05-03T10:03:04","date_gmt":"2026-05-03T13:03:04","guid":{"rendered":"https:\/\/portaltela.pt\/noticias\/2026\/05\/03\/multidao-lota-copacabana-em-concerto-gratuito-de-shakira\/"},"modified":"2026-05-03T10:03:04","modified_gmt":"2026-05-03T13:03:04","slug":"multidao-lota-copacabana-em-concerto-gratuito-de-shakira","status":"publish","type":"post","link":"https:\/\/portaltela.pt\/noticias\/2026\/05\/03\/multidao-lota-copacabana-em-concerto-gratuito-de-shakira\/","title":{"rendered":"Multid\u00e3o lota Copacabana em concerto gratuito de Shakira"},"content":{"rendered":"<p>Brasil: Shakira realiza concerto gratuito na Copacabana, no Rio, com grande aflu\u00eancia<\/p>\n<p>A cantora colombiana Shakira deu um concerto gratuito na Praia de Copacabana, no Rio de Janeiro, na noite de s\u00e1bado. O espet\u00e1culo iniciou-se com mais de uma hora de atraso, diante de uma multid\u00e3o junto ao mar.<\/p>\n<p>Segundo o presidente da C\u00e2mara Municipal, a festa atraiu cerca de 2 milh\u00f5es de pessoas para as frentes mar\u00edtimas da cidade. Drones sobrevoaram o local, formando no c\u00e9u a frase Amo-te Brasil.<\/p>\n<p>Shakira interpretou sucessos como Hips Don\u2019t Lie, La Tortura e La Bicicleta, encerrando com BZRP Music Sessions #53\/66, m\u00fasica lan\u00e7ada ap\u00f3s a separa\u00e7\u00e3o de Gerard Piqu\u00e9. A artista destacou a for\u00e7a das mulheres durante o show.<\/p>\n<h3>Detalhes do concerto<\/h3>\n<p>A atua\u00e7\u00e3o integra a digress\u00e3o mundial Las Mujeres Ya No Lloran, promovida pela cantora em 2024. O evento sucede performances de Madonna em 2024 e de Lady Gaga no ano anterior, tamb\u00e9m com grandes multid\u00f5es em Copacabana.<\/p>\n<p>As autoridades refor\u00e7aram a seguran\u00e7a e o atendimento ao p\u00fablico. N\u00e3o foram reportados incidentes relevantes durante o espet\u00e1culo nem no entorno da praia.<\/p>\n","protected":false},"excerpt":{"rendered":"<ul>\n<li>Shakira mostrou-se em concerto gratuito na praia de Copacabana, no Rio de Janeiro, como parte da digress\u00e3o mundial Las Mujeres Ya No Lloran.<\/li>\n<li>Segundo o presidente da c\u00e2mara do Rio, o evento reuniu dois milh\u00f5es de pessoas numa das frentes mar\u00edtimas mais ic\u00f3nicas do mundo.<\/li>\n<li>A atua\u00e7\u00e3o arrancou por volta de 23h locais, mais de uma hora ap\u00f3s o hor\u00e1rio previsto, com drones a escreverem no c\u00e9u a frase \u201cAmo-te, Brasil\u201d.<\/li>\n<li>A cantora interpretou temas como Hips Don\u2019t Lie, La Tortura e La Bicicleta, encerrando com BZRP Music Sessions #53\/66.<\/li>\n<li>Durante o espet\u00e1culo, Shakira destacou a resili\u00eancia das mulheres, enfatizando que elas se levantam mais fortes ap\u00f3s cada queda.<\/li>\n<\/ul>\n","protected":false},"author":2,"featured_media":465963,"comment_status":"closed","ping_status":"closed","sticky":false,"template":"","format":"standard","meta":{"footnotes":""},"categories":[6676,1],"tags":[2547,6163,593,2701,122,7908],"class_list":["post-465962","post","type-post","status-publish","format-standard","has-post-thumbnail","hentry","category-musica","category-noticias","tag-brasil","tag-cantores","tag-concertos","tag-mulheres","tag-musica","tag-musica-internacional"],"yoast_head":"<!-- This site is optimized with the Yoast SEO plugin v27.2 - https:\/\/yoast.com\/product\/yoast-seo-wordpress\/ -->\n<title>Multid\u00e3o lota Copacabana em concerto gratuito de Shakira - Portal Tela Portugal<\/title>\n<meta name=\"robots\" content=\"index, follow, max-snippet:-1, max-image-preview:large, max-video-preview:-1\" \/>\n<meta property=\"og:locale\" content=\"pt_PT\" \/>\n<meta property=\"og:type\" content=\"article\" \/>\n<meta property=\"og:title\" content=\"Multid\u00e3o lota Copacabana em concerto gratuito de Shakira - Portal Tela Portugal\" \/>\n<meta property=\"og:description\" content=\"Shakira mostrou-se em concerto gratuito na praia de Copacabana, no Rio de Janeiro, como parte da digress\u00e3o mundial Las Mujeres Ya No Lloran. Segundo o presidente da c\u00e2mara do Rio, o evento reuniu dois milh\u00f5es de pessoas numa das frentes mar\u00edtimas mais ic\u00f3nicas do mundo. A atua\u00e7\u00e3o arrancou por volta de 23h locais, mais de uma hora ap\u00f3s o hor\u00e1rio previsto, com drones a escreverem no c\u00e9u a frase \u201cAmo-te, Brasil\u201d. A cantora interpretou temas como Hips Don\u2019t Lie, La Tortura e La Bicicleta, encerrando com BZRP Music Sessions #53\/66. Durante o espet\u00e1culo, Shakira destacou a resili\u00eancia das mulheres, enfatizando que elas se levantam mais fortes ap\u00f3s cada queda.\" \/>\n<meta property=\"og:url\" content=\"https:\/\/portaltela.pt\/noticias\/2026\/05\/03\/multidao-lota-copacabana-em-concerto-gratuito-de-shakira\/\" \/>\n<meta property=\"og:site_name\" content=\"Portal Tela Portugal\" \/>\n<meta property=\"article:published_time\" content=\"2026-05-03T13:03:04+00:00\" \/>\n<meta name=\"author\" content=\"Telinha\" \/>\n<meta name=\"twitter:card\" content=\"summary_large_image\" \/>\n<meta name=\"twitter:label1\" content=\"Escrito por\" \/>\n\t<meta name=\"twitter:data1\" content=\"Telinha\" \/>\n\t<meta name=\"twitter:label2\" content=\"Tempo estimado de leitura\" \/>\n\t<meta name=\"twitter:data2\" content=\"1 minuto\" \/>\n<script type=\"application\/ld+json\" class=\"yoast-schema-graph\">{\"@context\":\"https:\/\/schema.org\",\"@graph\":[{\"@type\":\"Article\",\"@id\":\"https:\/\/portaltela.pt\/noticias\/2026\/05\/03\/multidao-lota-copacabana-em-concerto-gratuito-de-shakira\/#article\",\"isPartOf\":{\"@id\":\"https:\/\/portaltela.pt\/noticias\/2026\/05\/03\/multidao-lota-copacabana-em-concerto-gratuito-de-shakira\/\"},\"author\":{\"name\":\"Telinha\",\"@id\":\"https:\/\/portaltela.pt\/#\/schema\/person\/c4278d4a6028830caff9ee44b42d32ed\"},\"headline\":\"Multid\u00e3o lota Copacabana em concerto gratuito de Shakira\",\"datePublished\":\"2026-05-03T13:03:04+00:00\",\"mainEntityOfPage\":{\"@id\":\"https:\/\/portaltela.pt\/noticias\/2026\/05\/03\/multidao-lota-copacabana-em-concerto-gratuito-de-shakira\/\"},\"wordCount\":208,\"image\":{\"@id\":\"https:\/\/portaltela.pt\/noticias\/2026\/05\/03\/multidao-lota-copacabana-em-concerto-gratuito-de-shakira\/#primaryimage\"},\"thumbnailUrl\":\"https:\/\/portaltela.pt\/s.01k8rhncp4jt1\/2026\/05\/1536x864_cmsv2_55f1f8c5-de41-5158-b422-8ebfc27ffcff-9744825.jpg\",\"keywords\":[\"Brasil\",\"cantores\",\"concertos\",\"Mulheres\",\"m\u00fasica\",\"m\u00fasica internacional\"],\"articleSection\":[\"M\u00fasica\",\"Not\u00edcias\"],\"inLanguage\":\"pt-PT\"},{\"@type\":\"WebPage\",\"@id\":\"https:\/\/portaltela.pt\/noticias\/2026\/05\/03\/multidao-lota-copacabana-em-concerto-gratuito-de-shakira\/\",\"url\":\"https:\/\/portaltela.pt\/noticias\/2026\/05\/03\/multidao-lota-copacabana-em-concerto-gratuito-de-shakira\/\",\"name\":\"Multid\u00e3o lota Copacabana em concerto gratuito de Shakira - Portal Tela Portugal\",\"isPartOf\":{\"@id\":\"https:\/\/portaltela.pt\/#website\"},\"primaryImageOfPage\":{\"@id\":\"https:\/\/portaltela.pt\/noticias\/2026\/05\/03\/multidao-lota-copacabana-em-concerto-gratuito-de-shakira\/#primaryimage\"},\"image\":{\"@id\":\"https:\/\/portaltela.pt\/noticias\/2026\/05\/03\/multidao-lota-copacabana-em-concerto-gratuito-de-shakira\/#primaryimage\"},\"thumbnailUrl\":\"https:\/\/portaltela.pt\/s.01k8rhncp4jt1\/2026\/05\/1536x864_cmsv2_55f1f8c5-de41-5158-b422-8ebfc27ffcff-9744825.jpg\",\"datePublished\":\"2026-05-03T13:03:04+00:00\",\"author\":{\"@id\":\"https:\/\/portaltela.pt\/#\/schema\/person\/c4278d4a6028830caff9ee44b42d32ed\"},\"breadcrumb\":{\"@id\":\"https:\/\/portaltela.pt\/noticias\/2026\/05\/03\/multidao-lota-copacabana-em-concerto-gratuito-de-shakira\/#breadcrumb\"},\"inLanguage\":\"pt-PT\",\"potentialAction\":[{\"@type\":\"ReadAction\",\"target\":[\"https:\/\/portaltela.pt\/noticias\/2026\/05\/03\/multidao-lota-copacabana-em-concerto-gratuito-de-shakira\/\"]}]},{\"@type\":\"ImageObject\",\"inLanguage\":\"pt-PT\",\"@id\":\"https:\/\/portaltela.pt\/noticias\/2026\/05\/03\/multidao-lota-copacabana-em-concerto-gratuito-de-shakira\/#primaryimage\",\"url\":\"https:\/\/portaltela.pt\/s.01k8rhncp4jt1\/2026\/05\/1536x864_cmsv2_55f1f8c5-de41-5158-b422-8ebfc27ffcff-9744825.jpg\",\"contentUrl\":\"https:\/\/portaltela.pt\/s.01k8rhncp4jt1\/2026\/05\/1536x864_cmsv2_55f1f8c5-de41-5158-b422-8ebfc27ffcff-9744825.jpg\",\"width\":796,\"height\":448,\"caption\":\"Hakira atua num concerto gratuito na praia de Copacabana, no Rio de Janeiro, s\u00e1bado, 2 de maio de 2026\"},{\"@type\":\"BreadcrumbList\",\"@id\":\"https:\/\/portaltela.pt\/noticias\/2026\/05\/03\/multidao-lota-copacabana-em-concerto-gratuito-de-shakira\/#breadcrumb\",\"itemListElement\":[{\"@type\":\"ListItem\",\"position\":1,\"name\":\"In\u00edcio\",\"item\":\"https:\/\/portaltela.pt\/\"},{\"@type\":\"ListItem\",\"position\":2,\"name\":\"Multid\u00e3o lota Copacabana em concerto gratuito de Shakira\"}]},{\"@type\":\"WebSite\",\"@id\":\"https:\/\/portaltela.pt\/#website\",\"url\":\"https:\/\/portaltela.pt\/\",\"name\":\"Portal Tela Portugal\",\"description\":\"\",\"potentialAction\":[{\"@type\":\"SearchAction\",\"target\":{\"@type\":\"EntryPoint\",\"urlTemplate\":\"https:\/\/portaltela.pt\/?s={search_term_string}\"},\"query-input\":{\"@type\":\"PropertyValueSpecification\",\"valueRequired\":true,\"valueName\":\"search_term_string\"}}],\"inLanguage\":\"pt-PT\"},{\"@type\":\"Person\",\"@id\":\"https:\/\/portaltela.pt\/#\/schema\/person\/c4278d4a6028830caff9ee44b42d32ed\",\"name\":\"Telinha\",\"image\":{\"@type\":\"ImageObject\",\"inLanguage\":\"pt-PT\",\"@id\":\"https:\/\/portaltela.pt\/s.01k8rhncp4jt1\/2025\/11\/talking-bot-125x125.png\",\"url\":\"https:\/\/portaltela.pt\/s.01k8rhncp4jt1\/2025\/11\/talking-bot-125x125.png\",\"contentUrl\":\"https:\/\/portaltela.pt\/s.01k8rhncp4jt1\/2025\/11\/talking-bot-125x125.png\",\"caption\":\"Telinha\"},\"sameAs\":[\"https:\/\/portaltela.pt\/\"],\"url\":\"https:\/\/portaltela.pt\/por\/367410592786\/\"}]}<\/script>\n<!-- \/ Yoast SEO plugin. -->","yoast_head_json":{"title":"Multid\u00e3o lota Copacabana em concerto gratuito de Shakira - Portal Tela Portugal","robots":{"index":"index","follow":"follow","max-snippet":"max-snippet:-1","max-image-preview":"max-image-preview:large","max-video-preview":"max-video-preview:-1"},"og_locale":"pt_PT","og_type":"article","og_title":"Multid\u00e3o lota Copacabana em concerto gratuito de Shakira - Portal Tela Portugal","og_description":"Shakira mostrou-se em concerto gratuito na praia de Copacabana, no Rio de Janeiro, como parte da digress\u00e3o mundial Las Mujeres Ya No Lloran. Segundo o presidente da c\u00e2mara do Rio, o evento reuniu dois milh\u00f5es de pessoas numa das frentes mar\u00edtimas mais ic\u00f3nicas do mundo. A atua\u00e7\u00e3o arrancou por volta de 23h locais, mais de uma hora ap\u00f3s o hor\u00e1rio previsto, com drones a escreverem no c\u00e9u a frase \u201cAmo-te, Brasil\u201d. A cantora interpretou temas como Hips Don\u2019t Lie, La Tortura e La Bicicleta, encerrando com BZRP Music Sessions #53\/66. Durante o espet\u00e1culo, Shakira destacou a resili\u00eancia das mulheres, enfatizando que elas se levantam mais fortes ap\u00f3s cada queda.","og_url":"https:\/\/portaltela.pt\/noticias\/2026\/05\/03\/multidao-lota-copacabana-em-concerto-gratuito-de-shakira\/","og_site_name":"Portal Tela Portugal","article_published_time":"2026-05-03T13:03:04+00:00","author":"Telinha","twitter_card":"summary_large_image","twitter_misc":{"Escrito por":"Telinha","Tempo estimado de leitura":"1 minuto"},"schema":{"@context":"https:\/\/schema.org","@graph":[{"@type":"Article","@id":"https:\/\/portaltela.pt\/noticias\/2026\/05\/03\/multidao-lota-copacabana-em-concerto-gratuito-de-shakira\/#article","isPartOf":{"@id":"https:\/\/portaltela.pt\/noticias\/2026\/05\/03\/multidao-lota-copacabana-em-concerto-gratuito-de-shakira\/"},"author":{"name":"Telinha","@id":"https:\/\/portaltela.pt\/#\/schema\/person\/c4278d4a6028830caff9ee44b42d32ed"},"headline":"Multid\u00e3o lota Copacabana em concerto gratuito de Shakira","datePublished":"2026-05-03T13:03:04+00:00","mainEntityOfPage":{"@id":"https:\/\/portaltela.pt\/noticias\/2026\/05\/03\/multidao-lota-copacabana-em-concerto-gratuito-de-shakira\/"},"wordCount":208,"image":{"@id":"https:\/\/portaltela.pt\/noticias\/2026\/05\/03\/multidao-lota-copacabana-em-concerto-gratuito-de-shakira\/#primaryimage"},"thumbnailUrl":"https:\/\/portaltela.pt\/s.01k8rhncp4jt1\/2026\/05\/1536x864_cmsv2_55f1f8c5-de41-5158-b422-8ebfc27ffcff-9744825.jpg","keywords":["Brasil","cantores","concertos","Mulheres","m\u00fasica","m\u00fasica internacional"],"articleSection":["M\u00fasica","Not\u00edcias"],"inLanguage":"pt-PT"},{"@type":"WebPage","@id":"https:\/\/portaltela.pt\/noticias\/2026\/05\/03\/multidao-lota-copacabana-em-concerto-gratuito-de-shakira\/","url":"https:\/\/portaltela.pt\/noticias\/2026\/05\/03\/multidao-lota-copacabana-em-concerto-gratuito-de-shakira\/","name":"Multid\u00e3o lota Copacabana em concerto gratuito de Shakira - Portal Tela Portugal","isPartOf":{"@id":"https:\/\/portaltela.pt\/#website"},"primaryImageOfPage":{"@id":"https:\/\/portaltela.pt\/noticias\/2026\/05\/03\/multidao-lota-copacabana-em-concerto-gratuito-de-shakira\/#primaryimage"},"image":{"@id":"https:\/\/portaltela.pt\/noticias\/2026\/05\/03\/multidao-lota-copacabana-em-concerto-gratuito-de-shakira\/#primaryimage"},"thumbnailUrl":"https:\/\/portaltela.pt\/s.01k8rhncp4jt1\/2026\/05\/1536x864_cmsv2_55f1f8c5-de41-5158-b422-8ebfc27ffcff-9744825.jpg","datePublished":"2026-05-03T13:03:04+00:00","author":{"@id":"https:\/\/portaltela.pt\/#\/schema\/person\/c4278d4a6028830caff9ee44b42d32ed"},"breadcrumb":{"@id":"https:\/\/portaltela.pt\/noticias\/2026\/05\/03\/multidao-lota-copacabana-em-concerto-gratuito-de-shakira\/#breadcrumb"},"inLanguage":"pt-PT","potentialAction":[{"@type":"ReadAction","target":["https:\/\/portaltela.pt\/noticias\/2026\/05\/03\/multidao-lota-copacabana-em-concerto-gratuito-de-shakira\/"]}]},{"@type":"ImageObject","inLanguage":"pt-PT","@id":"https:\/\/portaltela.pt\/noticias\/2026\/05\/03\/multidao-lota-copacabana-em-concerto-gratuito-de-shakira\/#primaryimage","url":"https:\/\/portaltela.pt\/s.01k8rhncp4jt1\/2026\/05\/1536x864_cmsv2_55f1f8c5-de41-5158-b422-8ebfc27ffcff-9744825.jpg","contentUrl":"https:\/\/portaltela.pt\/s.01k8rhncp4jt1\/2026\/05\/1536x864_cmsv2_55f1f8c5-de41-5158-b422-8ebfc27ffcff-9744825.jpg","width":796,"height":448,"caption":"Hakira atua num concerto gratuito na praia de Copacabana, no Rio de Janeiro, s\u00e1bado, 2 de maio de 2026"},{"@type":"BreadcrumbList","@id":"https:\/\/portaltela.pt\/noticias\/2026\/05\/03\/multidao-lota-copacabana-em-concerto-gratuito-de-shakira\/#breadcrumb","itemListElement":[{"@type":"ListItem","position":1,"name":"In\u00edcio","item":"https:\/\/portaltela.pt\/"},{"@type":"ListItem","position":2,"name":"Multid\u00e3o lota Copacabana em concerto gratuito de Shakira"}]},{"@type":"WebSite","@id":"https:\/\/portaltela.pt\/#website","url":"https:\/\/portaltela.pt\/","name":"Portal Tela Portugal","description":"","potentialAction":[{"@type":"SearchAction","target":{"@type":"EntryPoint","urlTemplate":"https:\/\/portaltela.pt\/?s={search_term_string}"},"query-input":{"@type":"PropertyValueSpecification","valueRequired":true,"valueName":"search_term_string"}}],"inLanguage":"pt-PT"},{"@type":"Person","@id":"https:\/\/portaltela.pt\/#\/schema\/person\/c4278d4a6028830caff9ee44b42d32ed","name":"Telinha","image":{"@type":"ImageObject","inLanguage":"pt-PT","@id":"https:\/\/portaltela.pt\/s.01k8rhncp4jt1\/2025\/11\/talking-bot-125x125.png","url":"https:\/\/portaltela.pt\/s.01k8rhncp4jt1\/2025\/11\/talking-bot-125x125.png","contentUrl":"https:\/\/portaltela.pt\/s.01k8rhncp4jt1\/2025\/11\/talking-bot-125x125.png","caption":"Telinha"},"sameAs":["https:\/\/portaltela.pt\/"],"url":"https:\/\/portaltela.pt\/por\/367410592786\/"}]}},"_links":{"self":[{"href":"https:\/\/portaltela.pt\/api\/wp\/v2\/posts\/465962","targetHints":{"allow":["GET"]}}],"collection":[{"href":"https:\/\/portaltela.pt\/api\/wp\/v2\/posts"}],"about":[{"href":"https:\/\/portaltela.pt\/api\/wp\/v2\/types\/post"}],"author":[{"embeddable":true,"href":"https:\/\/portaltela.pt\/api\/wp\/v2\/users\/2"}],"replies":[{"embeddable":true,"href":"https:\/\/portaltela.pt\/api\/wp\/v2\/comments?post=465962"}],"version-history":[{"count":0,"href":"https:\/\/portaltela.pt\/api\/wp\/v2\/posts\/465962\/revisions"}],"wp:featuredmedia":[{"embeddable":true,"href":"https:\/\/portaltela.pt\/api\/wp\/v2\/media\/465963"}],"wp:attachment":[{"href":"https:\/\/portaltela.pt\/api\/wp\/v2\/media?parent=465962"}],"wp:term":[{"taxonomy":"category","embeddable":true,"href":"https:\/\/portaltela.pt\/api\/wp\/v2\/categories?post=465962"},{"taxonomy":"post_tag","embeddable":true,"href":"https:\/\/portaltela.pt\/api\/wp\/v2\/tags?post=465962"}],"curies":[{"name":"wp","href":"https:\/\/api.w.org\/{rel}","templated":true}]}}