{"id":465960,"date":"2026-05-03T10:02:53","date_gmt":"2026-05-03T13:02:53","guid":{"rendered":"https:\/\/portaltela.pt\/noticias\/2026\/05\/03\/dois-soldados-norte-americanos-desaparecem-em-exercicio-militar-no-marrocos\/"},"modified":"2026-05-03T10:02:53","modified_gmt":"2026-05-03T13:02:53","slug":"dois-soldados-norte-americanos-desaparecem-em-exercicio-militar-no-marrocos","status":"publish","type":"post","link":"https:\/\/portaltela.pt\/noticias\/2026\/05\/03\/dois-soldados-norte-americanos-desaparecem-em-exercicio-militar-no-marrocos\/","title":{"rendered":"Dois soldados norte-americanos desaparecem em exerc\u00edcio militar no Marrocos"},"content":{"rendered":"<p>Dois militares norte-americanos est\u00e3o desaparecidos durante exerc\u00edcios militares em Marrocos. As autoridades dos EUA anunciaram o desaparecimento este domingo, no \u00e2mbito do exerc\u00edcio African Lion.<\/p>\n<p>O incidente ocorreu no s\u00e1bado, perto da \u00e1rea de treinos de Cap Draa, junto \u00e0 costa atl\u00e2ntica marroquina. As circunst\u00e2ncias ainda est\u00e3o a ser investigadas.<\/p>\n<p>Foi efetuada uma opera\u00e7\u00e3o de busca e resgate com a participa\u00e7\u00e3o de Estados Unidos, Marrocos e outros pa\u00edses envolvidos no African Lion, segundo o Comando dos EUA para a \u00c1frica (AFRICOM).<\/p>\n<p>O African Lion arrancou em abril e envolve quatro pa\u00edses, incluindo Tun\u00edsia, Ghana e Senegal, com o t\u00e9rmino previsto para in\u00edcio de maio. A opera\u00e7\u00e3o de busca prossegue enquanto as autoridades re\u00fanem informa\u00e7\u00f5es.<\/p>\n","protected":false},"excerpt":{"rendered":"<ul>\n<li>Dois militares norte\u2011americanos est\u00e3o desaparecidos durante exerc\u00edcios em Marrocos, conforme noticia\u00e7\u00e3o de este domingo.<\/li>\n<li>Foi lan\u00e7ada uma opera\u00e7\u00e3o de busca e resgate por Estados Unidos, Marrocos e outros pa\u00edses participantes do exerc\u00edcio African Lion, segundo o Comando dos Estados Unidos para a \u00c1frica (AFRICOM) \u00e0 Associated Press.<\/li>\n<li>O incidente est\u00e1 sob investiga\u00e7\u00e3o e as buscas continuam.<\/li>\n<li>O desaparecimento ocorreu no s\u00e1bado, perto da \u00e1rea de treinos de Cap Draa, junto \u00e0 costa atl\u00e2ntica de Marrocos.<\/li>\n<li>O exerc\u00edcio come\u00e7ou em abril e envolve quatro pa\u00edses, incluindo Tun\u00edsia, Gana e Senegal; o t\u00e9rmino est\u00e1 previsto para o in\u00edcio de maio.<\/li>\n<\/ul>\n","protected":false},"author":2,"featured_media":465961,"comment_status":"closed","ping_status":"closed","sticky":false,"template":"","format":"standard","meta":{"footnotes":""},"categories":[6912,1],"tags":[7977,10218,7986,8587,8389],"class_list":["post-465960","post","type-post","status-publish","format-standard","has-post-thumbnail","hentry","category-internacionais","category-noticias","tag-_africa","tag-_africom","tag-_estados-unidos","tag-_forca-aerea","tag-_forcas-armadas"],"yoast_head":"<!-- This site is optimized with the Yoast SEO plugin v27.2 - https:\/\/yoast.com\/product\/yoast-seo-wordpress\/ -->\n<title>Dois soldados norte-americanos desaparecem em exerc\u00edcio militar no Marrocos - Portal Tela Portugal<\/title>\n<meta name=\"robots\" content=\"index, follow, max-snippet:-1, max-image-preview:large, max-video-preview:-1\" \/>\n<meta property=\"og:locale\" content=\"pt_PT\" \/>\n<meta property=\"og:type\" content=\"article\" \/>\n<meta property=\"og:title\" content=\"Dois soldados norte-americanos desaparecem em exerc\u00edcio militar no Marrocos - Portal Tela Portugal\" \/>\n<meta property=\"og:description\" content=\"Dois militares norte\u2011americanos est\u00e3o desaparecidos durante exerc\u00edcios em Marrocos, conforme noticia\u00e7\u00e3o de este domingo. Foi lan\u00e7ada uma opera\u00e7\u00e3o de busca e resgate por Estados Unidos, Marrocos e outros pa\u00edses participantes do exerc\u00edcio African Lion, segundo o Comando dos Estados Unidos para a \u00c1frica (AFRICOM) \u00e0 Associated Press. O incidente est\u00e1 sob investiga\u00e7\u00e3o e as buscas continuam. O desaparecimento ocorreu no s\u00e1bado, perto da \u00e1rea de treinos de Cap Draa, junto \u00e0 costa atl\u00e2ntica de Marrocos. O exerc\u00edcio come\u00e7ou em abril e envolve quatro pa\u00edses, incluindo Tun\u00edsia, Gana e Senegal; o t\u00e9rmino est\u00e1 previsto para o in\u00edcio de maio.\" \/>\n<meta property=\"og:url\" content=\"https:\/\/portaltela.pt\/noticias\/2026\/05\/03\/dois-soldados-norte-americanos-desaparecem-em-exercicio-militar-no-marrocos\/\" \/>\n<meta property=\"og:site_name\" content=\"Portal Tela Portugal\" \/>\n<meta property=\"article:published_time\" content=\"2026-05-03T13:02:53+00:00\" \/>\n<meta name=\"author\" content=\"Telinha\" \/>\n<meta name=\"twitter:card\" content=\"summary_large_image\" \/>\n<meta name=\"twitter:label1\" content=\"Escrito por\" \/>\n\t<meta name=\"twitter:data1\" content=\"Telinha\" \/>\n\t<meta name=\"twitter:label2\" content=\"Tempo estimado de leitura\" \/>\n\t<meta name=\"twitter:data2\" content=\"1 minuto\" \/>\n<script type=\"application\/ld+json\" class=\"yoast-schema-graph\">{\"@context\":\"https:\/\/schema.org\",\"@graph\":[{\"@type\":\"Article\",\"@id\":\"https:\/\/portaltela.pt\/noticias\/2026\/05\/03\/dois-soldados-norte-americanos-desaparecem-em-exercicio-militar-no-marrocos\/#article\",\"isPartOf\":{\"@id\":\"https:\/\/portaltela.pt\/noticias\/2026\/05\/03\/dois-soldados-norte-americanos-desaparecem-em-exercicio-militar-no-marrocos\/\"},\"author\":{\"name\":\"Telinha\",\"@id\":\"https:\/\/portaltela.pt\/#\/schema\/person\/c4278d4a6028830caff9ee44b42d32ed\"},\"headline\":\"Dois soldados norte-americanos desaparecem em exerc\u00edcio militar no Marrocos\",\"datePublished\":\"2026-05-03T13:02:53+00:00\",\"mainEntityOfPage\":{\"@id\":\"https:\/\/portaltela.pt\/noticias\/2026\/05\/03\/dois-soldados-norte-americanos-desaparecem-em-exercicio-militar-no-marrocos\/\"},\"wordCount\":140,\"image\":{\"@id\":\"https:\/\/portaltela.pt\/noticias\/2026\/05\/03\/dois-soldados-norte-americanos-desaparecem-em-exercicio-militar-no-marrocos\/#primaryimage\"},\"thumbnailUrl\":\"https:\/\/portaltela.pt\/s.01k8rhncp4jt1\/2026\/05\/img_1500x1000uu2026-05-03-13-59-00-2282552.jpg\",\"keywords\":[\"_\u00c1frica\",\"_AFRICOM\",\"_Estados Unidos\",\"_For\u00e7a A\u00e9rea\",\"_For\u00e7as Armadas\"],\"articleSection\":[\"Internacionais\",\"Not\u00edcias\"],\"inLanguage\":\"pt-PT\"},{\"@type\":\"WebPage\",\"@id\":\"https:\/\/portaltela.pt\/noticias\/2026\/05\/03\/dois-soldados-norte-americanos-desaparecem-em-exercicio-militar-no-marrocos\/\",\"url\":\"https:\/\/portaltela.pt\/noticias\/2026\/05\/03\/dois-soldados-norte-americanos-desaparecem-em-exercicio-militar-no-marrocos\/\",\"name\":\"Dois soldados norte-americanos desaparecem em exerc\u00edcio militar no Marrocos - Portal Tela Portugal\",\"isPartOf\":{\"@id\":\"https:\/\/portaltela.pt\/#website\"},\"primaryImageOfPage\":{\"@id\":\"https:\/\/portaltela.pt\/noticias\/2026\/05\/03\/dois-soldados-norte-americanos-desaparecem-em-exercicio-militar-no-marrocos\/#primaryimage\"},\"image\":{\"@id\":\"https:\/\/portaltela.pt\/noticias\/2026\/05\/03\/dois-soldados-norte-americanos-desaparecem-em-exercicio-militar-no-marrocos\/#primaryimage\"},\"thumbnailUrl\":\"https:\/\/portaltela.pt\/s.01k8rhncp4jt1\/2026\/05\/img_1500x1000uu2026-05-03-13-59-00-2282552.jpg\",\"datePublished\":\"2026-05-03T13:02:53+00:00\",\"author\":{\"@id\":\"https:\/\/portaltela.pt\/#\/schema\/person\/c4278d4a6028830caff9ee44b42d32ed\"},\"breadcrumb\":{\"@id\":\"https:\/\/portaltela.pt\/noticias\/2026\/05\/03\/dois-soldados-norte-americanos-desaparecem-em-exercicio-militar-no-marrocos\/#breadcrumb\"},\"inLanguage\":\"pt-PT\",\"potentialAction\":[{\"@type\":\"ReadAction\",\"target\":[\"https:\/\/portaltela.pt\/noticias\/2026\/05\/03\/dois-soldados-norte-americanos-desaparecem-em-exercicio-militar-no-marrocos\/\"]}]},{\"@type\":\"ImageObject\",\"inLanguage\":\"pt-PT\",\"@id\":\"https:\/\/portaltela.pt\/noticias\/2026\/05\/03\/dois-soldados-norte-americanos-desaparecem-em-exercicio-militar-no-marrocos\/#primaryimage\",\"url\":\"https:\/\/portaltela.pt\/s.01k8rhncp4jt1\/2026\/05\/img_1500x1000uu2026-05-03-13-59-00-2282552.jpg\",\"contentUrl\":\"https:\/\/portaltela.pt\/s.01k8rhncp4jt1\/2026\/05\/img_1500x1000uu2026-05-03-13-59-00-2282552.jpg\",\"width\":796,\"height\":448,\"caption\":\"Dois soldados norte-americanos desaparecidos durante exerc\u00edcio militar em Marrocos\"},{\"@type\":\"BreadcrumbList\",\"@id\":\"https:\/\/portaltela.pt\/noticias\/2026\/05\/03\/dois-soldados-norte-americanos-desaparecem-em-exercicio-militar-no-marrocos\/#breadcrumb\",\"itemListElement\":[{\"@type\":\"ListItem\",\"position\":1,\"name\":\"In\u00edcio\",\"item\":\"https:\/\/portaltela.pt\/\"},{\"@type\":\"ListItem\",\"position\":2,\"name\":\"Dois soldados norte-americanos desaparecem em exerc\u00edcio militar no Marrocos\"}]},{\"@type\":\"WebSite\",\"@id\":\"https:\/\/portaltela.pt\/#website\",\"url\":\"https:\/\/portaltela.pt\/\",\"name\":\"Portal Tela Portugal\",\"description\":\"\",\"potentialAction\":[{\"@type\":\"SearchAction\",\"target\":{\"@type\":\"EntryPoint\",\"urlTemplate\":\"https:\/\/portaltela.pt\/?s={search_term_string}\"},\"query-input\":{\"@type\":\"PropertyValueSpecification\",\"valueRequired\":true,\"valueName\":\"search_term_string\"}}],\"inLanguage\":\"pt-PT\"},{\"@type\":\"Person\",\"@id\":\"https:\/\/portaltela.pt\/#\/schema\/person\/c4278d4a6028830caff9ee44b42d32ed\",\"name\":\"Telinha\",\"image\":{\"@type\":\"ImageObject\",\"inLanguage\":\"pt-PT\",\"@id\":\"https:\/\/portaltela.pt\/s.01k8rhncp4jt1\/2025\/11\/talking-bot-125x125.png\",\"url\":\"https:\/\/portaltela.pt\/s.01k8rhncp4jt1\/2025\/11\/talking-bot-125x125.png\",\"contentUrl\":\"https:\/\/portaltela.pt\/s.01k8rhncp4jt1\/2025\/11\/talking-bot-125x125.png\",\"caption\":\"Telinha\"},\"sameAs\":[\"https:\/\/portaltela.pt\/\"],\"url\":\"https:\/\/portaltela.pt\/por\/367410592786\/\"}]}<\/script>\n<!-- \/ Yoast SEO plugin. -->","yoast_head_json":{"title":"Dois soldados norte-americanos desaparecem em exerc\u00edcio militar no Marrocos - Portal Tela Portugal","robots":{"index":"index","follow":"follow","max-snippet":"max-snippet:-1","max-image-preview":"max-image-preview:large","max-video-preview":"max-video-preview:-1"},"og_locale":"pt_PT","og_type":"article","og_title":"Dois soldados norte-americanos desaparecem em exerc\u00edcio militar no Marrocos - Portal Tela Portugal","og_description":"Dois militares norte\u2011americanos est\u00e3o desaparecidos durante exerc\u00edcios em Marrocos, conforme noticia\u00e7\u00e3o de este domingo. Foi lan\u00e7ada uma opera\u00e7\u00e3o de busca e resgate por Estados Unidos, Marrocos e outros pa\u00edses participantes do exerc\u00edcio African Lion, segundo o Comando dos Estados Unidos para a \u00c1frica (AFRICOM) \u00e0 Associated Press. O incidente est\u00e1 sob investiga\u00e7\u00e3o e as buscas continuam. O desaparecimento ocorreu no s\u00e1bado, perto da \u00e1rea de treinos de Cap Draa, junto \u00e0 costa atl\u00e2ntica de Marrocos. O exerc\u00edcio come\u00e7ou em abril e envolve quatro pa\u00edses, incluindo Tun\u00edsia, Gana e Senegal; o t\u00e9rmino est\u00e1 previsto para o in\u00edcio de maio.","og_url":"https:\/\/portaltela.pt\/noticias\/2026\/05\/03\/dois-soldados-norte-americanos-desaparecem-em-exercicio-militar-no-marrocos\/","og_site_name":"Portal Tela Portugal","article_published_time":"2026-05-03T13:02:53+00:00","author":"Telinha","twitter_card":"summary_large_image","twitter_misc":{"Escrito por":"Telinha","Tempo estimado de leitura":"1 minuto"},"schema":{"@context":"https:\/\/schema.org","@graph":[{"@type":"Article","@id":"https:\/\/portaltela.pt\/noticias\/2026\/05\/03\/dois-soldados-norte-americanos-desaparecem-em-exercicio-militar-no-marrocos\/#article","isPartOf":{"@id":"https:\/\/portaltela.pt\/noticias\/2026\/05\/03\/dois-soldados-norte-americanos-desaparecem-em-exercicio-militar-no-marrocos\/"},"author":{"name":"Telinha","@id":"https:\/\/portaltela.pt\/#\/schema\/person\/c4278d4a6028830caff9ee44b42d32ed"},"headline":"Dois soldados norte-americanos desaparecem em exerc\u00edcio militar no Marrocos","datePublished":"2026-05-03T13:02:53+00:00","mainEntityOfPage":{"@id":"https:\/\/portaltela.pt\/noticias\/2026\/05\/03\/dois-soldados-norte-americanos-desaparecem-em-exercicio-militar-no-marrocos\/"},"wordCount":140,"image":{"@id":"https:\/\/portaltela.pt\/noticias\/2026\/05\/03\/dois-soldados-norte-americanos-desaparecem-em-exercicio-militar-no-marrocos\/#primaryimage"},"thumbnailUrl":"https:\/\/portaltela.pt\/s.01k8rhncp4jt1\/2026\/05\/img_1500x1000uu2026-05-03-13-59-00-2282552.jpg","keywords":["_\u00c1frica","_AFRICOM","_Estados Unidos","_For\u00e7a A\u00e9rea","_For\u00e7as Armadas"],"articleSection":["Internacionais","Not\u00edcias"],"inLanguage":"pt-PT"},{"@type":"WebPage","@id":"https:\/\/portaltela.pt\/noticias\/2026\/05\/03\/dois-soldados-norte-americanos-desaparecem-em-exercicio-militar-no-marrocos\/","url":"https:\/\/portaltela.pt\/noticias\/2026\/05\/03\/dois-soldados-norte-americanos-desaparecem-em-exercicio-militar-no-marrocos\/","name":"Dois soldados norte-americanos desaparecem em exerc\u00edcio militar no Marrocos - Portal Tela Portugal","isPartOf":{"@id":"https:\/\/portaltela.pt\/#website"},"primaryImageOfPage":{"@id":"https:\/\/portaltela.pt\/noticias\/2026\/05\/03\/dois-soldados-norte-americanos-desaparecem-em-exercicio-militar-no-marrocos\/#primaryimage"},"image":{"@id":"https:\/\/portaltela.pt\/noticias\/2026\/05\/03\/dois-soldados-norte-americanos-desaparecem-em-exercicio-militar-no-marrocos\/#primaryimage"},"thumbnailUrl":"https:\/\/portaltela.pt\/s.01k8rhncp4jt1\/2026\/05\/img_1500x1000uu2026-05-03-13-59-00-2282552.jpg","datePublished":"2026-05-03T13:02:53+00:00","author":{"@id":"https:\/\/portaltela.pt\/#\/schema\/person\/c4278d4a6028830caff9ee44b42d32ed"},"breadcrumb":{"@id":"https:\/\/portaltela.pt\/noticias\/2026\/05\/03\/dois-soldados-norte-americanos-desaparecem-em-exercicio-militar-no-marrocos\/#breadcrumb"},"inLanguage":"pt-PT","potentialAction":[{"@type":"ReadAction","target":["https:\/\/portaltela.pt\/noticias\/2026\/05\/03\/dois-soldados-norte-americanos-desaparecem-em-exercicio-militar-no-marrocos\/"]}]},{"@type":"ImageObject","inLanguage":"pt-PT","@id":"https:\/\/portaltela.pt\/noticias\/2026\/05\/03\/dois-soldados-norte-americanos-desaparecem-em-exercicio-militar-no-marrocos\/#primaryimage","url":"https:\/\/portaltela.pt\/s.01k8rhncp4jt1\/2026\/05\/img_1500x1000uu2026-05-03-13-59-00-2282552.jpg","contentUrl":"https:\/\/portaltela.pt\/s.01k8rhncp4jt1\/2026\/05\/img_1500x1000uu2026-05-03-13-59-00-2282552.jpg","width":796,"height":448,"caption":"Dois soldados norte-americanos desaparecidos durante exerc\u00edcio militar em Marrocos"},{"@type":"BreadcrumbList","@id":"https:\/\/portaltela.pt\/noticias\/2026\/05\/03\/dois-soldados-norte-americanos-desaparecem-em-exercicio-militar-no-marrocos\/#breadcrumb","itemListElement":[{"@type":"ListItem","position":1,"name":"In\u00edcio","item":"https:\/\/portaltela.pt\/"},{"@type":"ListItem","position":2,"name":"Dois soldados norte-americanos desaparecem em exerc\u00edcio militar no Marrocos"}]},{"@type":"WebSite","@id":"https:\/\/portaltela.pt\/#website","url":"https:\/\/portaltela.pt\/","name":"Portal Tela Portugal","description":"","potentialAction":[{"@type":"SearchAction","target":{"@type":"EntryPoint","urlTemplate":"https:\/\/portaltela.pt\/?s={search_term_string}"},"query-input":{"@type":"PropertyValueSpecification","valueRequired":true,"valueName":"search_term_string"}}],"inLanguage":"pt-PT"},{"@type":"Person","@id":"https:\/\/portaltela.pt\/#\/schema\/person\/c4278d4a6028830caff9ee44b42d32ed","name":"Telinha","image":{"@type":"ImageObject","inLanguage":"pt-PT","@id":"https:\/\/portaltela.pt\/s.01k8rhncp4jt1\/2025\/11\/talking-bot-125x125.png","url":"https:\/\/portaltela.pt\/s.01k8rhncp4jt1\/2025\/11\/talking-bot-125x125.png","contentUrl":"https:\/\/portaltela.pt\/s.01k8rhncp4jt1\/2025\/11\/talking-bot-125x125.png","caption":"Telinha"},"sameAs":["https:\/\/portaltela.pt\/"],"url":"https:\/\/portaltela.pt\/por\/367410592786\/"}]}},"_links":{"self":[{"href":"https:\/\/portaltela.pt\/api\/wp\/v2\/posts\/465960","targetHints":{"allow":["GET"]}}],"collection":[{"href":"https:\/\/portaltela.pt\/api\/wp\/v2\/posts"}],"about":[{"href":"https:\/\/portaltela.pt\/api\/wp\/v2\/types\/post"}],"author":[{"embeddable":true,"href":"https:\/\/portaltela.pt\/api\/wp\/v2\/users\/2"}],"replies":[{"embeddable":true,"href":"https:\/\/portaltela.pt\/api\/wp\/v2\/comments?post=465960"}],"version-history":[{"count":0,"href":"https:\/\/portaltela.pt\/api\/wp\/v2\/posts\/465960\/revisions"}],"wp:featuredmedia":[{"embeddable":true,"href":"https:\/\/portaltela.pt\/api\/wp\/v2\/media\/465961"}],"wp:attachment":[{"href":"https:\/\/portaltela.pt\/api\/wp\/v2\/media?parent=465960"}],"wp:term":[{"taxonomy":"category","embeddable":true,"href":"https:\/\/portaltela.pt\/api\/wp\/v2\/categories?post=465960"},{"taxonomy":"post_tag","embeddable":true,"href":"https:\/\/portaltela.pt\/api\/wp\/v2\/tags?post=465960"}],"curies":[{"name":"wp","href":"https:\/\/api.w.org\/{rel}","templated":true}]}}