{"id":465952,"date":"2026-05-03T10:02:44","date_gmt":"2026-05-03T13:02:44","guid":{"rendered":"https:\/\/portaltela.pt\/noticias\/2026\/05\/03\/nuno-encarnacao-comenta-fc-porto-farioli-fez-magia-em-ano-de-reestruturacao\/"},"modified":"2026-05-03T10:02:44","modified_gmt":"2026-05-03T13:02:44","slug":"nuno-encarnacao-comenta-fc-porto-farioli-fez-magia-em-ano-de-reestruturacao","status":"publish","type":"post","link":"https:\/\/portaltela.pt\/desporto\/futebol\/2026\/05\/03\/nuno-encarnacao-comenta-fc-porto-farioli-fez-magia-em-ano-de-reestruturacao\/","title":{"rendered":"Nuno Encarna\u00e7\u00e3o comenta FC Porto: Farioli fez magia em ano de reestrutura\u00e7\u00e3o"},"content":{"rendered":"<p>O comentador Nuno Encarna\u00e7\u00e3o, da CMTV, defende que o segredo da caminhada vitoriosa do FC Porto para o 31.\u00ba t\u00edtulo est\u00e1 num risco calculado: 14 novas contrata\u00e7\u00f5es feitas por Andr\u00e9 Villas-Boas durante uma reestrutura\u00e7\u00e3o profunda. Segundo o analista, esse conjunto de aquisi\u00e7\u00f5es se revelou decisivo para o sucesso da equipa.<\/p>\n<p>Encarna\u00e7\u00e3o destaca o papel do treinador italiano na consolida\u00e7\u00e3o desse trabalho e v\u00ea Farioli como o catalisador que aproveitou a estrutura criada. A interpreta\u00e7\u00e3o \u00e9 de que a aposta no talento com ADN portista foi determinante para o rendimento ao longo da temporada.<\/p>\n<h3>Contexto da reestrutura\u00e7\u00e3o<\/h3>\n<p>O comentador ressalta que o ciclo de contrata\u00e7\u00f5es, ainda que intenso, foi orientado para refor\u00e7ar o desempenho coletivo e a identidade do clube. Acredite-se que a combina\u00e7\u00e3o entre gest\u00e3o de risco e adapta\u00e7\u00e3o t\u00e1tica tenha permitido ao FC Porto superar os desafios da competi\u00e7\u00e3o dom\u00e9stica.<\/p>\n<h3>Conclus\u00e3o provis\u00f3ria do tema<\/h3>\n<p>A an\u00e1lise sublinha ainda que a soma das pe\u00e7as trouxe coes\u00e3o ao plantel e permitiu que Farioli desenvolvesse o seu projeto t\u00e9cnico. A leitura \u00e9 de que o conjunto manteve, ao longo da \u00e9poca, um foco claro na performance e no cumprimento dos objetivos da temporada.<\/p>\n","protected":false},"excerpt":{"rendered":"<ul>\n<li>O comentador da CMTV, Nuno Encarna\u00e7\u00e3o, afirma que Andr\u00e9 Villas-Boas apostou num lote de 14 contrata\u00e7\u00f5es, todas com ADN do FC Porto.<\/li>\n<li>Segundo ele, esse risco calculado foi crucial na caminhada do clube rumo ao 31.\u00ba t\u00edtulo de campe\u00e3o nacional.<\/li>\n<li>Encarna\u00e7\u00e3o ressalta que as contrata\u00e7\u00f5es se revelaram certeiras para que Farioli pudesse alcan\u00e7ar o sucesso pretendido.<\/li>\n<li>O elogio ao papel do treinador italiano insere-se numa an\u00e1lise partilhada numa entrevista ao Record.<\/li>\n<\/ul>\n","protected":false},"author":2,"featured_media":465953,"comment_status":"closed","ping_status":"closed","sticky":false,"template":"","format":"standard","meta":{"footnotes":""},"categories":[21,24],"tags":[4143,2219,2028,32,982,5609],"class_list":["post-465952","post","type-post","status-publish","format-standard","has-post-thumbnail","hentry","category-desporto","category-futebol","tag-1-liga","tag-contratacoes","tag-fc-porto","tag-futebol","tag-porto","tag-villas-boas"],"yoast_head":"<!-- This site is optimized with the Yoast SEO plugin v27.2 - https:\/\/yoast.com\/product\/yoast-seo-wordpress\/ -->\n<title>Nuno Encarna\u00e7\u00e3o comenta FC Porto: Farioli fez magia em ano de reestrutura\u00e7\u00e3o - Portal Tela Portugal<\/title>\n<meta name=\"robots\" content=\"index, follow, max-snippet:-1, max-image-preview:large, max-video-preview:-1\" \/>\n<meta property=\"og:locale\" content=\"pt_PT\" \/>\n<meta property=\"og:type\" content=\"article\" \/>\n<meta property=\"og:title\" content=\"Nuno Encarna\u00e7\u00e3o comenta FC Porto: Farioli fez magia em ano de reestrutura\u00e7\u00e3o - Portal Tela Portugal\" \/>\n<meta property=\"og:description\" content=\"O comentador da CMTV, Nuno Encarna\u00e7\u00e3o, afirma que Andr\u00e9 Villas-Boas apostou num lote de 14 contrata\u00e7\u00f5es, todas com ADN do FC Porto. Segundo ele, esse risco calculado foi crucial na caminhada do clube rumo ao 31.\u00ba t\u00edtulo de campe\u00e3o nacional. Encarna\u00e7\u00e3o ressalta que as contrata\u00e7\u00f5es se revelaram certeiras para que Farioli pudesse alcan\u00e7ar o sucesso pretendido. O elogio ao papel do treinador italiano insere-se numa an\u00e1lise partilhada numa entrevista ao Record.\" \/>\n<meta property=\"og:url\" content=\"https:\/\/portaltela.pt\/noticias\/2026\/05\/03\/nuno-encarnacao-comenta-fc-porto-farioli-fez-magia-em-ano-de-reestruturacao\/\" \/>\n<meta property=\"og:site_name\" content=\"Portal Tela Portugal\" \/>\n<meta property=\"article:published_time\" content=\"2026-05-03T13:02:44+00:00\" \/>\n<meta name=\"author\" content=\"Telinha\" \/>\n<meta name=\"twitter:card\" content=\"summary_large_image\" \/>\n<meta name=\"twitter:label1\" content=\"Escrito por\" \/>\n\t<meta name=\"twitter:data1\" content=\"Telinha\" \/>\n\t<meta name=\"twitter:label2\" content=\"Tempo estimado de leitura\" \/>\n\t<meta name=\"twitter:data2\" content=\"1 minuto\" \/>\n<script type=\"application\/ld+json\" class=\"yoast-schema-graph\">{\"@context\":\"https:\/\/schema.org\",\"@graph\":[{\"@type\":\"Article\",\"@id\":\"https:\/\/portaltela.pt\/noticias\/2026\/05\/03\/nuno-encarnacao-comenta-fc-porto-farioli-fez-magia-em-ano-de-reestruturacao\/#article\",\"isPartOf\":{\"@id\":\"https:\/\/portaltela.pt\/noticias\/2026\/05\/03\/nuno-encarnacao-comenta-fc-porto-farioli-fez-magia-em-ano-de-reestruturacao\/\"},\"author\":{\"name\":\"Telinha\",\"@id\":\"https:\/\/portaltela.pt\/#\/schema\/person\/c4278d4a6028830caff9ee44b42d32ed\"},\"headline\":\"Nuno Encarna\u00e7\u00e3o comenta FC Porto: Farioli fez magia em ano de reestrutura\u00e7\u00e3o\",\"datePublished\":\"2026-05-03T13:02:44+00:00\",\"mainEntityOfPage\":{\"@id\":\"https:\/\/portaltela.pt\/noticias\/2026\/05\/03\/nuno-encarnacao-comenta-fc-porto-farioli-fez-magia-em-ano-de-reestruturacao\/\"},\"wordCount\":224,\"image\":{\"@id\":\"https:\/\/portaltela.pt\/noticias\/2026\/05\/03\/nuno-encarnacao-comenta-fc-porto-farioli-fez-magia-em-ano-de-reestruturacao\/#primaryimage\"},\"thumbnailUrl\":\"https:\/\/portaltela.pt\/s.01k8rhncp4jt1\/2026\/05\/img_1200x721uu2026-05-03-13-57-53-2436640-im-639134134841808333.jpg\",\"keywords\":[\"1. Liga\",\"contrata\u00e7\u00f5es\",\"FC Porto\",\"futebol\",\"Porto\",\"Villas-Boas\"],\"articleSection\":[\"Desporto\",\"Futebol\"],\"inLanguage\":\"pt-PT\"},{\"@type\":\"WebPage\",\"@id\":\"https:\/\/portaltela.pt\/noticias\/2026\/05\/03\/nuno-encarnacao-comenta-fc-porto-farioli-fez-magia-em-ano-de-reestruturacao\/\",\"url\":\"https:\/\/portaltela.pt\/noticias\/2026\/05\/03\/nuno-encarnacao-comenta-fc-porto-farioli-fez-magia-em-ano-de-reestruturacao\/\",\"name\":\"Nuno Encarna\u00e7\u00e3o comenta FC Porto: Farioli fez magia em ano de reestrutura\u00e7\u00e3o - Portal Tela Portugal\",\"isPartOf\":{\"@id\":\"https:\/\/portaltela.pt\/#website\"},\"primaryImageOfPage\":{\"@id\":\"https:\/\/portaltela.pt\/noticias\/2026\/05\/03\/nuno-encarnacao-comenta-fc-porto-farioli-fez-magia-em-ano-de-reestruturacao\/#primaryimage\"},\"image\":{\"@id\":\"https:\/\/portaltela.pt\/noticias\/2026\/05\/03\/nuno-encarnacao-comenta-fc-porto-farioli-fez-magia-em-ano-de-reestruturacao\/#primaryimage\"},\"thumbnailUrl\":\"https:\/\/portaltela.pt\/s.01k8rhncp4jt1\/2026\/05\/img_1200x721uu2026-05-03-13-57-53-2436640-im-639134134841808333.jpg\",\"datePublished\":\"2026-05-03T13:02:44+00:00\",\"author\":{\"@id\":\"https:\/\/portaltela.pt\/#\/schema\/person\/c4278d4a6028830caff9ee44b42d32ed\"},\"breadcrumb\":{\"@id\":\"https:\/\/portaltela.pt\/noticias\/2026\/05\/03\/nuno-encarnacao-comenta-fc-porto-farioli-fez-magia-em-ano-de-reestruturacao\/#breadcrumb\"},\"inLanguage\":\"pt-PT\",\"potentialAction\":[{\"@type\":\"ReadAction\",\"target\":[\"https:\/\/portaltela.pt\/noticias\/2026\/05\/03\/nuno-encarnacao-comenta-fc-porto-farioli-fez-magia-em-ano-de-reestruturacao\/\"]}]},{\"@type\":\"ImageObject\",\"inLanguage\":\"pt-PT\",\"@id\":\"https:\/\/portaltela.pt\/noticias\/2026\/05\/03\/nuno-encarnacao-comenta-fc-porto-farioli-fez-magia-em-ano-de-reestruturacao\/#primaryimage\",\"url\":\"https:\/\/portaltela.pt\/s.01k8rhncp4jt1\/2026\/05\/img_1200x721uu2026-05-03-13-57-53-2436640-im-639134134841808333.jpg\",\"contentUrl\":\"https:\/\/portaltela.pt\/s.01k8rhncp4jt1\/2026\/05\/img_1200x721uu2026-05-03-13-57-53-2436640-im-639134134841808333.jpg\",\"width\":796,\"height\":448,\"caption\":\"Nuno Encarna\u00e7\u00e3o e o t\u00edtulo do FC Porto: \u00abFarioli fez magia num ano de reestrutura\u00e7\u00e3o profunda\u00bb\"},{\"@type\":\"BreadcrumbList\",\"@id\":\"https:\/\/portaltela.pt\/noticias\/2026\/05\/03\/nuno-encarnacao-comenta-fc-porto-farioli-fez-magia-em-ano-de-reestruturacao\/#breadcrumb\",\"itemListElement\":[{\"@type\":\"ListItem\",\"position\":1,\"name\":\"In\u00edcio\",\"item\":\"https:\/\/portaltela.pt\/\"},{\"@type\":\"ListItem\",\"position\":2,\"name\":\"Nuno Encarna\u00e7\u00e3o comenta FC Porto: Farioli fez magia em ano de reestrutura\u00e7\u00e3o\"}]},{\"@type\":\"WebSite\",\"@id\":\"https:\/\/portaltela.pt\/#website\",\"url\":\"https:\/\/portaltela.pt\/\",\"name\":\"Portal Tela Portugal\",\"description\":\"\",\"potentialAction\":[{\"@type\":\"SearchAction\",\"target\":{\"@type\":\"EntryPoint\",\"urlTemplate\":\"https:\/\/portaltela.pt\/?s={search_term_string}\"},\"query-input\":{\"@type\":\"PropertyValueSpecification\",\"valueRequired\":true,\"valueName\":\"search_term_string\"}}],\"inLanguage\":\"pt-PT\"},{\"@type\":\"Person\",\"@id\":\"https:\/\/portaltela.pt\/#\/schema\/person\/c4278d4a6028830caff9ee44b42d32ed\",\"name\":\"Telinha\",\"image\":{\"@type\":\"ImageObject\",\"inLanguage\":\"pt-PT\",\"@id\":\"https:\/\/portaltela.pt\/s.01k8rhncp4jt1\/2025\/11\/talking-bot-125x125.png\",\"url\":\"https:\/\/portaltela.pt\/s.01k8rhncp4jt1\/2025\/11\/talking-bot-125x125.png\",\"contentUrl\":\"https:\/\/portaltela.pt\/s.01k8rhncp4jt1\/2025\/11\/talking-bot-125x125.png\",\"caption\":\"Telinha\"},\"sameAs\":[\"https:\/\/portaltela.pt\/\"],\"url\":\"https:\/\/portaltela.pt\/por\/367410592786\/\"}]}<\/script>\n<!-- \/ Yoast SEO plugin. -->","yoast_head_json":{"title":"Nuno Encarna\u00e7\u00e3o comenta FC Porto: Farioli fez magia em ano de reestrutura\u00e7\u00e3o - Portal Tela Portugal","robots":{"index":"index","follow":"follow","max-snippet":"max-snippet:-1","max-image-preview":"max-image-preview:large","max-video-preview":"max-video-preview:-1"},"og_locale":"pt_PT","og_type":"article","og_title":"Nuno Encarna\u00e7\u00e3o comenta FC Porto: Farioli fez magia em ano de reestrutura\u00e7\u00e3o - Portal Tela Portugal","og_description":"O comentador da CMTV, Nuno Encarna\u00e7\u00e3o, afirma que Andr\u00e9 Villas-Boas apostou num lote de 14 contrata\u00e7\u00f5es, todas com ADN do FC Porto. Segundo ele, esse risco calculado foi crucial na caminhada do clube rumo ao 31.\u00ba t\u00edtulo de campe\u00e3o nacional. Encarna\u00e7\u00e3o ressalta que as contrata\u00e7\u00f5es se revelaram certeiras para que Farioli pudesse alcan\u00e7ar o sucesso pretendido. O elogio ao papel do treinador italiano insere-se numa an\u00e1lise partilhada numa entrevista ao Record.","og_url":"https:\/\/portaltela.pt\/noticias\/2026\/05\/03\/nuno-encarnacao-comenta-fc-porto-farioli-fez-magia-em-ano-de-reestruturacao\/","og_site_name":"Portal Tela Portugal","article_published_time":"2026-05-03T13:02:44+00:00","author":"Telinha","twitter_card":"summary_large_image","twitter_misc":{"Escrito por":"Telinha","Tempo estimado de leitura":"1 minuto"},"schema":{"@context":"https:\/\/schema.org","@graph":[{"@type":"Article","@id":"https:\/\/portaltela.pt\/noticias\/2026\/05\/03\/nuno-encarnacao-comenta-fc-porto-farioli-fez-magia-em-ano-de-reestruturacao\/#article","isPartOf":{"@id":"https:\/\/portaltela.pt\/noticias\/2026\/05\/03\/nuno-encarnacao-comenta-fc-porto-farioli-fez-magia-em-ano-de-reestruturacao\/"},"author":{"name":"Telinha","@id":"https:\/\/portaltela.pt\/#\/schema\/person\/c4278d4a6028830caff9ee44b42d32ed"},"headline":"Nuno Encarna\u00e7\u00e3o comenta FC Porto: Farioli fez magia em ano de reestrutura\u00e7\u00e3o","datePublished":"2026-05-03T13:02:44+00:00","mainEntityOfPage":{"@id":"https:\/\/portaltela.pt\/noticias\/2026\/05\/03\/nuno-encarnacao-comenta-fc-porto-farioli-fez-magia-em-ano-de-reestruturacao\/"},"wordCount":224,"image":{"@id":"https:\/\/portaltela.pt\/noticias\/2026\/05\/03\/nuno-encarnacao-comenta-fc-porto-farioli-fez-magia-em-ano-de-reestruturacao\/#primaryimage"},"thumbnailUrl":"https:\/\/portaltela.pt\/s.01k8rhncp4jt1\/2026\/05\/img_1200x721uu2026-05-03-13-57-53-2436640-im-639134134841808333.jpg","keywords":["1. Liga","contrata\u00e7\u00f5es","FC Porto","futebol","Porto","Villas-Boas"],"articleSection":["Desporto","Futebol"],"inLanguage":"pt-PT"},{"@type":"WebPage","@id":"https:\/\/portaltela.pt\/noticias\/2026\/05\/03\/nuno-encarnacao-comenta-fc-porto-farioli-fez-magia-em-ano-de-reestruturacao\/","url":"https:\/\/portaltela.pt\/noticias\/2026\/05\/03\/nuno-encarnacao-comenta-fc-porto-farioli-fez-magia-em-ano-de-reestruturacao\/","name":"Nuno Encarna\u00e7\u00e3o comenta FC Porto: Farioli fez magia em ano de reestrutura\u00e7\u00e3o - Portal Tela Portugal","isPartOf":{"@id":"https:\/\/portaltela.pt\/#website"},"primaryImageOfPage":{"@id":"https:\/\/portaltela.pt\/noticias\/2026\/05\/03\/nuno-encarnacao-comenta-fc-porto-farioli-fez-magia-em-ano-de-reestruturacao\/#primaryimage"},"image":{"@id":"https:\/\/portaltela.pt\/noticias\/2026\/05\/03\/nuno-encarnacao-comenta-fc-porto-farioli-fez-magia-em-ano-de-reestruturacao\/#primaryimage"},"thumbnailUrl":"https:\/\/portaltela.pt\/s.01k8rhncp4jt1\/2026\/05\/img_1200x721uu2026-05-03-13-57-53-2436640-im-639134134841808333.jpg","datePublished":"2026-05-03T13:02:44+00:00","author":{"@id":"https:\/\/portaltela.pt\/#\/schema\/person\/c4278d4a6028830caff9ee44b42d32ed"},"breadcrumb":{"@id":"https:\/\/portaltela.pt\/noticias\/2026\/05\/03\/nuno-encarnacao-comenta-fc-porto-farioli-fez-magia-em-ano-de-reestruturacao\/#breadcrumb"},"inLanguage":"pt-PT","potentialAction":[{"@type":"ReadAction","target":["https:\/\/portaltela.pt\/noticias\/2026\/05\/03\/nuno-encarnacao-comenta-fc-porto-farioli-fez-magia-em-ano-de-reestruturacao\/"]}]},{"@type":"ImageObject","inLanguage":"pt-PT","@id":"https:\/\/portaltela.pt\/noticias\/2026\/05\/03\/nuno-encarnacao-comenta-fc-porto-farioli-fez-magia-em-ano-de-reestruturacao\/#primaryimage","url":"https:\/\/portaltela.pt\/s.01k8rhncp4jt1\/2026\/05\/img_1200x721uu2026-05-03-13-57-53-2436640-im-639134134841808333.jpg","contentUrl":"https:\/\/portaltela.pt\/s.01k8rhncp4jt1\/2026\/05\/img_1200x721uu2026-05-03-13-57-53-2436640-im-639134134841808333.jpg","width":796,"height":448,"caption":"Nuno Encarna\u00e7\u00e3o e o t\u00edtulo do FC Porto: \u00abFarioli fez magia num ano de reestrutura\u00e7\u00e3o profunda\u00bb"},{"@type":"BreadcrumbList","@id":"https:\/\/portaltela.pt\/noticias\/2026\/05\/03\/nuno-encarnacao-comenta-fc-porto-farioli-fez-magia-em-ano-de-reestruturacao\/#breadcrumb","itemListElement":[{"@type":"ListItem","position":1,"name":"In\u00edcio","item":"https:\/\/portaltela.pt\/"},{"@type":"ListItem","position":2,"name":"Nuno Encarna\u00e7\u00e3o comenta FC Porto: Farioli fez magia em ano de reestrutura\u00e7\u00e3o"}]},{"@type":"WebSite","@id":"https:\/\/portaltela.pt\/#website","url":"https:\/\/portaltela.pt\/","name":"Portal Tela Portugal","description":"","potentialAction":[{"@type":"SearchAction","target":{"@type":"EntryPoint","urlTemplate":"https:\/\/portaltela.pt\/?s={search_term_string}"},"query-input":{"@type":"PropertyValueSpecification","valueRequired":true,"valueName":"search_term_string"}}],"inLanguage":"pt-PT"},{"@type":"Person","@id":"https:\/\/portaltela.pt\/#\/schema\/person\/c4278d4a6028830caff9ee44b42d32ed","name":"Telinha","image":{"@type":"ImageObject","inLanguage":"pt-PT","@id":"https:\/\/portaltela.pt\/s.01k8rhncp4jt1\/2025\/11\/talking-bot-125x125.png","url":"https:\/\/portaltela.pt\/s.01k8rhncp4jt1\/2025\/11\/talking-bot-125x125.png","contentUrl":"https:\/\/portaltela.pt\/s.01k8rhncp4jt1\/2025\/11\/talking-bot-125x125.png","caption":"Telinha"},"sameAs":["https:\/\/portaltela.pt\/"],"url":"https:\/\/portaltela.pt\/por\/367410592786\/"}]}},"_links":{"self":[{"href":"https:\/\/portaltela.pt\/api\/wp\/v2\/posts\/465952","targetHints":{"allow":["GET"]}}],"collection":[{"href":"https:\/\/portaltela.pt\/api\/wp\/v2\/posts"}],"about":[{"href":"https:\/\/portaltela.pt\/api\/wp\/v2\/types\/post"}],"author":[{"embeddable":true,"href":"https:\/\/portaltela.pt\/api\/wp\/v2\/users\/2"}],"replies":[{"embeddable":true,"href":"https:\/\/portaltela.pt\/api\/wp\/v2\/comments?post=465952"}],"version-history":[{"count":0,"href":"https:\/\/portaltela.pt\/api\/wp\/v2\/posts\/465952\/revisions"}],"wp:featuredmedia":[{"embeddable":true,"href":"https:\/\/portaltela.pt\/api\/wp\/v2\/media\/465953"}],"wp:attachment":[{"href":"https:\/\/portaltela.pt\/api\/wp\/v2\/media?parent=465952"}],"wp:term":[{"taxonomy":"category","embeddable":true,"href":"https:\/\/portaltela.pt\/api\/wp\/v2\/categories?post=465952"},{"taxonomy":"post_tag","embeddable":true,"href":"https:\/\/portaltela.pt\/api\/wp\/v2\/tags?post=465952"}],"curies":[{"name":"wp","href":"https:\/\/api.w.org\/{rel}","templated":true}]}}