{"id":465945,"date":"2026-05-03T09:48:03","date_gmt":"2026-05-03T12:48:03","guid":{"rendered":"https:\/\/portaltela.pt\/noticias\/2026\/05\/03\/gil-lameiras-frente-ao-sporting-o-que-esperar\/"},"modified":"2026-05-03T09:48:03","modified_gmt":"2026-05-03T12:48:03","slug":"gil-lameiras-frente-ao-sporting-o-que-esperar","status":"publish","type":"post","link":"https:\/\/portaltela.pt\/desporto\/futebol\/2026\/05\/03\/gil-lameiras-frente-ao-sporting-o-que-esperar\/","title":{"rendered":"Gil Lameiras frente ao Sporting: o que esperar"},"content":{"rendered":"<p>Gil Lameiras, treinador do Vit\u00f3ria de Guimar\u00e3es, encara a visita ao Sporting, na 32.\u00aa jornada da Liga, agendada para segunda-feira \u00e0s 20h15, em Alvalade. O objetivo \u00e9 somar pontos no terreno de uma advers\u00e1ria direta.<\/p>\n<p>O t\u00e9cnico sublinha que o Vit\u00f3ria entra em campo para vencer, mantendo o equil\u00edbrio estrat\u00e9gico. O objetivo \u00e9 manter o n\u00edvel exibicional at\u00e9 ao final e consolidar o momento de evolu\u00e7\u00e3o da equipa, mesmo frente a uma forma\u00e7\u00e3o com maior hist\u00f3rico de sucesso.<\/p>\n<p>A antevis\u00e3o foca a imprevisibilidade do encontro, com o Sporting a ter golpes recentes de resultados contra dois dos \u00faltimos classificados. A ideia \u00e9 manter-se fiel ao plano pr\u00f3prio, explorar os espa\u00e7os e pressionar quando poss\u00edvel.<\/p>\n<p>A disciplina t\u00e1ctica \u00e9 destacada como determinante. A ideia \u00e9 assumir o jogo, mas ficar atento aos momentos de transi\u00e7\u00e3o. O advers\u00e1rio \u00e9 reconhecido pela qualidade individual e pela boa orienta\u00e7\u00e3o do plantel.<\/p>\n<p>O plantel tem sido desafiado diariamente. A aposta \u00e9 manter a disponibilidade de jogadores para os jogos, refor\u00e7ando o compromisso com uma evolu\u00e7\u00e3o constante, independentemente de metas diferentes no campeonato.<\/p>\n<p>No plano interno, o t\u00e9cnico ressalta que o clube conquistou a Ta\u00e7a da Liga, mas aponta para uma \u00e9poca que poderia ter rendido mais. A mensagem \u00e9 manter o foco na melhoria cont\u00ednua at\u00e9 ao fim do campeonato.<\/p>\n","protected":false},"excerpt":{"rendered":"<ul>\n<li>O treinador do V. Guimar\u00e3es, Gil Lameiras, antev\u00ea o jogo com o Sporting, da 32.\u00aa jornada da Liga, \u00e0s 20h15 de segunda-feira, no Est\u00e1dio de Alvalade.<\/li>\n<li>O objetivo \u00e9 jogar de igual para igual e entrar em campo com o intuito de vencer, numa fase de crescimento do equipo.<\/li>\n<li>O Vit\u00f3ria ainda n\u00e3o pontuou contra uma das tr\u00eas primeiras classificadas, mas o foco continua no seu pr\u00f3prio desempenho.<\/li>\n<li>O t\u00e9cnico admite a dificuldade de enfrentar uma grande equipa com excelentes individualidades, esperando um grande duelo entre duas equipas que querem vencer.<\/li>\n<li>A avalia\u00e7\u00e3o da equipa inclui competi\u00e7\u00e3o interna entre jogadores, como a estreia de Miguel Maga a abrir espa\u00e7o para o Tom Strata, mantendo a exig\u00eancia di\u00e1ria.<\/li>\n<\/ul>\n","protected":false},"author":2,"featured_media":465947,"comment_status":"closed","ping_status":"closed","sticky":false,"template":"","format":"standard","meta":{"footnotes":""},"categories":[21,24],"tags":[1588,32,1145,1786,1652,1172],"class_list":["post-465945","post","type-post","status-publish","format-standard","has-post-thumbnail","hentry","category-desporto","category-futebol","tag-alvalade","tag-futebol","tag-guimaraes","tag-liga","tag-sporting","tag-taca-da-liga"],"yoast_head":"<!-- This site is optimized with the Yoast SEO plugin v27.2 - https:\/\/yoast.com\/product\/yoast-seo-wordpress\/ -->\n<title>Gil Lameiras frente ao Sporting: o que esperar - Portal Tela Portugal<\/title>\n<meta name=\"robots\" content=\"index, follow, max-snippet:-1, max-image-preview:large, max-video-preview:-1\" \/>\n<meta property=\"og:locale\" content=\"pt_PT\" \/>\n<meta property=\"og:type\" content=\"article\" \/>\n<meta property=\"og:title\" content=\"Gil Lameiras frente ao Sporting: o que esperar - Portal Tela Portugal\" \/>\n<meta property=\"og:description\" content=\"O treinador do V. Guimar\u00e3es, Gil Lameiras, antev\u00ea o jogo com o Sporting, da 32.\u00aa jornada da Liga, \u00e0s 20h15 de segunda-feira, no Est\u00e1dio de Alvalade. O objetivo \u00e9 jogar de igual para igual e entrar em campo com o intuito de vencer, numa fase de crescimento do equipo. O Vit\u00f3ria ainda n\u00e3o pontuou contra uma das tr\u00eas primeiras classificadas, mas o foco continua no seu pr\u00f3prio desempenho. O t\u00e9cnico admite a dificuldade de enfrentar uma grande equipa com excelentes individualidades, esperando um grande duelo entre duas equipas que querem vencer. A avalia\u00e7\u00e3o da equipa inclui competi\u00e7\u00e3o interna entre jogadores, como a estreia de Miguel Maga a abrir espa\u00e7o para o Tom Strata, mantendo a exig\u00eancia di\u00e1ria.\" \/>\n<meta property=\"og:url\" content=\"https:\/\/portaltela.pt\/noticias\/2026\/05\/03\/gil-lameiras-frente-ao-sporting-o-que-esperar\/\" \/>\n<meta property=\"og:site_name\" content=\"Portal Tela Portugal\" \/>\n<meta property=\"article:published_time\" content=\"2026-05-03T12:48:03+00:00\" \/>\n<meta name=\"author\" content=\"Telinha\" \/>\n<meta name=\"twitter:card\" content=\"summary_large_image\" \/>\n<meta name=\"twitter:label1\" content=\"Escrito por\" \/>\n\t<meta name=\"twitter:data1\" content=\"Telinha\" \/>\n\t<meta name=\"twitter:label2\" content=\"Tempo estimado de leitura\" \/>\n\t<meta name=\"twitter:data2\" content=\"1 minuto\" \/>\n<script type=\"application\/ld+json\" class=\"yoast-schema-graph\">{\"@context\":\"https:\/\/schema.org\",\"@graph\":[{\"@type\":\"Article\",\"@id\":\"https:\/\/portaltela.pt\/noticias\/2026\/05\/03\/gil-lameiras-frente-ao-sporting-o-que-esperar\/#article\",\"isPartOf\":{\"@id\":\"https:\/\/portaltela.pt\/noticias\/2026\/05\/03\/gil-lameiras-frente-ao-sporting-o-que-esperar\/\"},\"author\":{\"name\":\"Telinha\",\"@id\":\"https:\/\/portaltela.pt\/#\/schema\/person\/c4278d4a6028830caff9ee44b42d32ed\"},\"headline\":\"Gil Lameiras frente ao Sporting: o que esperar\",\"datePublished\":\"2026-05-03T12:48:03+00:00\",\"mainEntityOfPage\":{\"@id\":\"https:\/\/portaltela.pt\/noticias\/2026\/05\/03\/gil-lameiras-frente-ao-sporting-o-que-esperar\/\"},\"wordCount\":238,\"image\":{\"@id\":\"https:\/\/portaltela.pt\/noticias\/2026\/05\/03\/gil-lameiras-frente-ao-sporting-o-que-esperar\/#primaryimage\"},\"thumbnailUrl\":\"https:\/\/portaltela.pt\/s.01k8rhncp4jt1\/2026\/05\/img_920x518uu2026-03-13-17-18-28-2426714-im-639090191321837748.jpg\",\"keywords\":[\"Alvalade\",\"futebol\",\"Guimar\u00e3es\",\"Liga\",\"Sporting\",\"Ta\u00e7a da Liga\"],\"articleSection\":[\"Desporto\",\"Futebol\"],\"inLanguage\":\"pt-PT\"},{\"@type\":\"WebPage\",\"@id\":\"https:\/\/portaltela.pt\/noticias\/2026\/05\/03\/gil-lameiras-frente-ao-sporting-o-que-esperar\/\",\"url\":\"https:\/\/portaltela.pt\/noticias\/2026\/05\/03\/gil-lameiras-frente-ao-sporting-o-que-esperar\/\",\"name\":\"Gil Lameiras frente ao Sporting: o que esperar - Portal Tela Portugal\",\"isPartOf\":{\"@id\":\"https:\/\/portaltela.pt\/#website\"},\"primaryImageOfPage\":{\"@id\":\"https:\/\/portaltela.pt\/noticias\/2026\/05\/03\/gil-lameiras-frente-ao-sporting-o-que-esperar\/#primaryimage\"},\"image\":{\"@id\":\"https:\/\/portaltela.pt\/noticias\/2026\/05\/03\/gil-lameiras-frente-ao-sporting-o-que-esperar\/#primaryimage\"},\"thumbnailUrl\":\"https:\/\/portaltela.pt\/s.01k8rhncp4jt1\/2026\/05\/img_920x518uu2026-03-13-17-18-28-2426714-im-639090191321837748.jpg\",\"datePublished\":\"2026-05-03T12:48:03+00:00\",\"author\":{\"@id\":\"https:\/\/portaltela.pt\/#\/schema\/person\/c4278d4a6028830caff9ee44b42d32ed\"},\"breadcrumb\":{\"@id\":\"https:\/\/portaltela.pt\/noticias\/2026\/05\/03\/gil-lameiras-frente-ao-sporting-o-que-esperar\/#breadcrumb\"},\"inLanguage\":\"pt-PT\",\"potentialAction\":[{\"@type\":\"ReadAction\",\"target\":[\"https:\/\/portaltela.pt\/noticias\/2026\/05\/03\/gil-lameiras-frente-ao-sporting-o-que-esperar\/\"]}]},{\"@type\":\"ImageObject\",\"inLanguage\":\"pt-PT\",\"@id\":\"https:\/\/portaltela.pt\/noticias\/2026\/05\/03\/gil-lameiras-frente-ao-sporting-o-que-esperar\/#primaryimage\",\"url\":\"https:\/\/portaltela.pt\/s.01k8rhncp4jt1\/2026\/05\/img_920x518uu2026-03-13-17-18-28-2426714-im-639090191321837748.jpg\",\"contentUrl\":\"https:\/\/portaltela.pt\/s.01k8rhncp4jt1\/2026\/05\/img_920x518uu2026-03-13-17-18-28-2426714-im-639090191321837748.jpg\",\"width\":796,\"height\":448,\"caption\":\"Gil Lameiras, treinador do V. Guimar\u00e3es\"},{\"@type\":\"BreadcrumbList\",\"@id\":\"https:\/\/portaltela.pt\/noticias\/2026\/05\/03\/gil-lameiras-frente-ao-sporting-o-que-esperar\/#breadcrumb\",\"itemListElement\":[{\"@type\":\"ListItem\",\"position\":1,\"name\":\"In\u00edcio\",\"item\":\"https:\/\/portaltela.pt\/\"},{\"@type\":\"ListItem\",\"position\":2,\"name\":\"Gil Lameiras frente ao Sporting: o que esperar\"}]},{\"@type\":\"WebSite\",\"@id\":\"https:\/\/portaltela.pt\/#website\",\"url\":\"https:\/\/portaltela.pt\/\",\"name\":\"Portal Tela Portugal\",\"description\":\"\",\"potentialAction\":[{\"@type\":\"SearchAction\",\"target\":{\"@type\":\"EntryPoint\",\"urlTemplate\":\"https:\/\/portaltela.pt\/?s={search_term_string}\"},\"query-input\":{\"@type\":\"PropertyValueSpecification\",\"valueRequired\":true,\"valueName\":\"search_term_string\"}}],\"inLanguage\":\"pt-PT\"},{\"@type\":\"Person\",\"@id\":\"https:\/\/portaltela.pt\/#\/schema\/person\/c4278d4a6028830caff9ee44b42d32ed\",\"name\":\"Telinha\",\"image\":{\"@type\":\"ImageObject\",\"inLanguage\":\"pt-PT\",\"@id\":\"https:\/\/portaltela.pt\/s.01k8rhncp4jt1\/2025\/11\/talking-bot-125x125.png\",\"url\":\"https:\/\/portaltela.pt\/s.01k8rhncp4jt1\/2025\/11\/talking-bot-125x125.png\",\"contentUrl\":\"https:\/\/portaltela.pt\/s.01k8rhncp4jt1\/2025\/11\/talking-bot-125x125.png\",\"caption\":\"Telinha\"},\"sameAs\":[\"https:\/\/portaltela.pt\/\"],\"url\":\"https:\/\/portaltela.pt\/por\/367410592786\/\"}]}<\/script>\n<!-- \/ Yoast SEO plugin. -->","yoast_head_json":{"title":"Gil Lameiras frente ao Sporting: o que esperar - Portal Tela Portugal","robots":{"index":"index","follow":"follow","max-snippet":"max-snippet:-1","max-image-preview":"max-image-preview:large","max-video-preview":"max-video-preview:-1"},"og_locale":"pt_PT","og_type":"article","og_title":"Gil Lameiras frente ao Sporting: o que esperar - Portal Tela Portugal","og_description":"O treinador do V. Guimar\u00e3es, Gil Lameiras, antev\u00ea o jogo com o Sporting, da 32.\u00aa jornada da Liga, \u00e0s 20h15 de segunda-feira, no Est\u00e1dio de Alvalade. O objetivo \u00e9 jogar de igual para igual e entrar em campo com o intuito de vencer, numa fase de crescimento do equipo. O Vit\u00f3ria ainda n\u00e3o pontuou contra uma das tr\u00eas primeiras classificadas, mas o foco continua no seu pr\u00f3prio desempenho. O t\u00e9cnico admite a dificuldade de enfrentar uma grande equipa com excelentes individualidades, esperando um grande duelo entre duas equipas que querem vencer. A avalia\u00e7\u00e3o da equipa inclui competi\u00e7\u00e3o interna entre jogadores, como a estreia de Miguel Maga a abrir espa\u00e7o para o Tom Strata, mantendo a exig\u00eancia di\u00e1ria.","og_url":"https:\/\/portaltela.pt\/noticias\/2026\/05\/03\/gil-lameiras-frente-ao-sporting-o-que-esperar\/","og_site_name":"Portal Tela Portugal","article_published_time":"2026-05-03T12:48:03+00:00","author":"Telinha","twitter_card":"summary_large_image","twitter_misc":{"Escrito por":"Telinha","Tempo estimado de leitura":"1 minuto"},"schema":{"@context":"https:\/\/schema.org","@graph":[{"@type":"Article","@id":"https:\/\/portaltela.pt\/noticias\/2026\/05\/03\/gil-lameiras-frente-ao-sporting-o-que-esperar\/#article","isPartOf":{"@id":"https:\/\/portaltela.pt\/noticias\/2026\/05\/03\/gil-lameiras-frente-ao-sporting-o-que-esperar\/"},"author":{"name":"Telinha","@id":"https:\/\/portaltela.pt\/#\/schema\/person\/c4278d4a6028830caff9ee44b42d32ed"},"headline":"Gil Lameiras frente ao Sporting: o que esperar","datePublished":"2026-05-03T12:48:03+00:00","mainEntityOfPage":{"@id":"https:\/\/portaltela.pt\/noticias\/2026\/05\/03\/gil-lameiras-frente-ao-sporting-o-que-esperar\/"},"wordCount":238,"image":{"@id":"https:\/\/portaltela.pt\/noticias\/2026\/05\/03\/gil-lameiras-frente-ao-sporting-o-que-esperar\/#primaryimage"},"thumbnailUrl":"https:\/\/portaltela.pt\/s.01k8rhncp4jt1\/2026\/05\/img_920x518uu2026-03-13-17-18-28-2426714-im-639090191321837748.jpg","keywords":["Alvalade","futebol","Guimar\u00e3es","Liga","Sporting","Ta\u00e7a da Liga"],"articleSection":["Desporto","Futebol"],"inLanguage":"pt-PT"},{"@type":"WebPage","@id":"https:\/\/portaltela.pt\/noticias\/2026\/05\/03\/gil-lameiras-frente-ao-sporting-o-que-esperar\/","url":"https:\/\/portaltela.pt\/noticias\/2026\/05\/03\/gil-lameiras-frente-ao-sporting-o-que-esperar\/","name":"Gil Lameiras frente ao Sporting: o que esperar - Portal Tela Portugal","isPartOf":{"@id":"https:\/\/portaltela.pt\/#website"},"primaryImageOfPage":{"@id":"https:\/\/portaltela.pt\/noticias\/2026\/05\/03\/gil-lameiras-frente-ao-sporting-o-que-esperar\/#primaryimage"},"image":{"@id":"https:\/\/portaltela.pt\/noticias\/2026\/05\/03\/gil-lameiras-frente-ao-sporting-o-que-esperar\/#primaryimage"},"thumbnailUrl":"https:\/\/portaltela.pt\/s.01k8rhncp4jt1\/2026\/05\/img_920x518uu2026-03-13-17-18-28-2426714-im-639090191321837748.jpg","datePublished":"2026-05-03T12:48:03+00:00","author":{"@id":"https:\/\/portaltela.pt\/#\/schema\/person\/c4278d4a6028830caff9ee44b42d32ed"},"breadcrumb":{"@id":"https:\/\/portaltela.pt\/noticias\/2026\/05\/03\/gil-lameiras-frente-ao-sporting-o-que-esperar\/#breadcrumb"},"inLanguage":"pt-PT","potentialAction":[{"@type":"ReadAction","target":["https:\/\/portaltela.pt\/noticias\/2026\/05\/03\/gil-lameiras-frente-ao-sporting-o-que-esperar\/"]}]},{"@type":"ImageObject","inLanguage":"pt-PT","@id":"https:\/\/portaltela.pt\/noticias\/2026\/05\/03\/gil-lameiras-frente-ao-sporting-o-que-esperar\/#primaryimage","url":"https:\/\/portaltela.pt\/s.01k8rhncp4jt1\/2026\/05\/img_920x518uu2026-03-13-17-18-28-2426714-im-639090191321837748.jpg","contentUrl":"https:\/\/portaltela.pt\/s.01k8rhncp4jt1\/2026\/05\/img_920x518uu2026-03-13-17-18-28-2426714-im-639090191321837748.jpg","width":796,"height":448,"caption":"Gil Lameiras, treinador do V. Guimar\u00e3es"},{"@type":"BreadcrumbList","@id":"https:\/\/portaltela.pt\/noticias\/2026\/05\/03\/gil-lameiras-frente-ao-sporting-o-que-esperar\/#breadcrumb","itemListElement":[{"@type":"ListItem","position":1,"name":"In\u00edcio","item":"https:\/\/portaltela.pt\/"},{"@type":"ListItem","position":2,"name":"Gil Lameiras frente ao Sporting: o que esperar"}]},{"@type":"WebSite","@id":"https:\/\/portaltela.pt\/#website","url":"https:\/\/portaltela.pt\/","name":"Portal Tela Portugal","description":"","potentialAction":[{"@type":"SearchAction","target":{"@type":"EntryPoint","urlTemplate":"https:\/\/portaltela.pt\/?s={search_term_string}"},"query-input":{"@type":"PropertyValueSpecification","valueRequired":true,"valueName":"search_term_string"}}],"inLanguage":"pt-PT"},{"@type":"Person","@id":"https:\/\/portaltela.pt\/#\/schema\/person\/c4278d4a6028830caff9ee44b42d32ed","name":"Telinha","image":{"@type":"ImageObject","inLanguage":"pt-PT","@id":"https:\/\/portaltela.pt\/s.01k8rhncp4jt1\/2025\/11\/talking-bot-125x125.png","url":"https:\/\/portaltela.pt\/s.01k8rhncp4jt1\/2025\/11\/talking-bot-125x125.png","contentUrl":"https:\/\/portaltela.pt\/s.01k8rhncp4jt1\/2025\/11\/talking-bot-125x125.png","caption":"Telinha"},"sameAs":["https:\/\/portaltela.pt\/"],"url":"https:\/\/portaltela.pt\/por\/367410592786\/"}]}},"_links":{"self":[{"href":"https:\/\/portaltela.pt\/api\/wp\/v2\/posts\/465945","targetHints":{"allow":["GET"]}}],"collection":[{"href":"https:\/\/portaltela.pt\/api\/wp\/v2\/posts"}],"about":[{"href":"https:\/\/portaltela.pt\/api\/wp\/v2\/types\/post"}],"author":[{"embeddable":true,"href":"https:\/\/portaltela.pt\/api\/wp\/v2\/users\/2"}],"replies":[{"embeddable":true,"href":"https:\/\/portaltela.pt\/api\/wp\/v2\/comments?post=465945"}],"version-history":[{"count":0,"href":"https:\/\/portaltela.pt\/api\/wp\/v2\/posts\/465945\/revisions"}],"wp:featuredmedia":[{"embeddable":true,"href":"https:\/\/portaltela.pt\/api\/wp\/v2\/media\/465947"}],"wp:attachment":[{"href":"https:\/\/portaltela.pt\/api\/wp\/v2\/media?parent=465945"}],"wp:term":[{"taxonomy":"category","embeddable":true,"href":"https:\/\/portaltela.pt\/api\/wp\/v2\/categories?post=465945"},{"taxonomy":"post_tag","embeddable":true,"href":"https:\/\/portaltela.pt\/api\/wp\/v2\/tags?post=465945"}],"curies":[{"name":"wp","href":"https:\/\/api.w.org\/{rel}","templated":true}]}}