{"id":465942,"date":"2026-05-03T09:43:00","date_gmt":"2026-05-03T12:43:00","guid":{"rendered":"https:\/\/portaltela.pt\/noticias\/2026\/05\/03\/psp-detem-dois-jovens-apos-atropelamento-em-festejos-do-fc-porto\/"},"modified":"2026-05-03T09:43:00","modified_gmt":"2026-05-03T12:43:00","slug":"psp-detem-dois-jovens-apos-atropelamento-em-festejos-do-fc-porto","status":"publish","type":"post","link":"https:\/\/portaltela.pt\/desporto\/futebol\/2026\/05\/03\/psp-detem-dois-jovens-apos-atropelamento-em-festejos-do-fc-porto\/","title":{"rendered":"PSP det\u00e9m dois jovens ap\u00f3s atropelamento em festejos do FC Porto"},"content":{"rendered":"<p>O PSP deteve dois jovens, ambos com 18 anos, na sequ\u00eancia de um atropelamento ocorrida durante os festejos do t\u00edtulo do FC Porto em S\u00e3o Jo\u00e3o da Madeira. O incidente aconteceu na noite de s\u00e1bado, na Rua Jo\u00e3o de Deus, ap\u00f3s uma colis\u00e3o entre duas viaturas que projeta um carro para o passeio e atingiu um grupo de adeptos. Nove pessoas ficaram feridas, entre as quais duas crian\u00e7as.<\/p>\n<p>Os detidos foram libertados e devem apresentar-se em tribunal esta segunda-feira. Est\u00e3o indiciados por condu\u00e7\u00e3o perigosa, segundo confirmou a autoridade policial. O Minist\u00e9rio P\u00fablico dever\u00e1 definir a continuidade do processo.<\/p>\n<h3>Feridos e hospitaliza\u00e7\u00e3o<\/h3>\n<p>Entre as v\u00edtimas, h\u00e1 quatro de S\u00e3o Jo\u00e3o da Madeira e o restante de outros concelhos. Um ferido foi encaminhado para o Hospital de S\u00e3o Jo\u00e3o, no Porto, outro para o Hospital Santos Silva, em Vila Nova de Gaia, e cinco para o Hospital de S\u00e3o Sebasti\u00e3o, na Feira; dois chegaram ao hospital por meios pr\u00f3prios.<\/p>\n<p>O acidente ocorreu poucos minutos ap\u00f3s o final da partida que confirmou o t\u00edtulo do FC Porto no Est\u00e1dio do Drag\u00e3o, tendo muitos adeptos ainda regressado \u00e0s zonas de celebra\u00e7\u00e3o em S\u00e3o Jo\u00e3o da Madeira. A dire\u00e7\u00e3o do clube planeia contactar os adeptos feridos.<\/p>\n<h3>Contexto e a\u00e7\u00f5es locais<\/h3>\n<p>O presidente da C\u00e2mara de S\u00e3o Jo\u00e3o da Madeira, Jo\u00e3o Oliveira, j\u00e1 contactou pelo menos uma das v\u00edtimas operadas por fraturas no tornozelo e no joelho. O munic\u00edpio est\u00e1 a recolher contactos dos feridos para atendimento adicional.<\/p>\n<p>Historicamente, os festejos na cidade t\u00eam sido marcados por burnout, pr\u00e1tica na qual ve\u00edculos aceleram com as rodas em alta rota\u00e7\u00e3o, gerando fumo. Este epis\u00f3dio acontece num dos contextos habituais de celebra\u00e7\u00e3o, refor\u00e7ando a necessidade de seguran\u00e7a p\u00fablica e de coordena\u00e7\u00e3o entre autoridades e organizadores.<\/p>\n","protected":false},"excerpt":{"rendered":"<ul>\n<li>A PSP deteve dois jovens de 18 anos ap\u00f3s o atropelamento durante os festejos do FC Porto em S\u00e3o Jo\u00e3o da Madeira; ficam em liberdade e ter\u00e3o de apresentar-se em tribunal nesta segunda-feira, indiciados por condu\u00e7\u00e3o perigosa.<\/li>\n<li>O acidente ocorreu cerca das 22h50 na Rua Jo\u00e3o de Deus, num embate entre duas viaturas que projetou um carro para o passeio, atingindo um grupo de adeptos e derrubando um sinal vertical, deixando nove feridos, incluindo duas crian\u00e7as.<\/li>\n<li>Entre as v\u00edtimas, h\u00e1 um adolescente; quatro feridos s\u00e3o de S\u00e3o Jo\u00e3o da Madeira, os restantes de outros concelhos.<\/li>\n<li>Um ferido foi encaminhado para o Hospital de S\u00e3o Jo\u00e3o (Porto), outro para o Santos Silva (Vila Nova de Gaia) e cinco para o Hospital de S\u00e3o Sebasti\u00e3o (Feira); dois chegaram por meios pr\u00f3prios a este \u00faltimo hospital, enquanto uma v\u00edtima ser\u00e1 operada.<\/li>\n<li>O presidente da C\u00e2mara de S\u00e3o Jo\u00e3o da Madeira contactou pelo menos uma das v\u00edtimas, que ter\u00e1 cirurgia no tornoelo e joelho; o FC Porto pretende contactar os adeptos atingidos.<\/li>\n<\/ul>\n","protected":false},"author":2,"featured_media":465946,"comment_status":"closed","ping_status":"closed","sticky":false,"template":"","format":"standard","meta":{"footnotes":""},"categories":[21,24],"tags":[7958,9415,8315,8202,8536,8041],"class_list":["post-465942","post","type-post","status-publish","format-standard","has-post-thumbnail","hentry","category-desporto","category-futebol","tag-_acidente-rodoviario","tag-_conducao-perigosa","tag-_fc-porto","tag-_feridos","tag-_festas","tag-_psp"],"yoast_head":"<!-- This site is optimized with the Yoast SEO plugin v27.2 - https:\/\/yoast.com\/product\/yoast-seo-wordpress\/ -->\n<title>PSP det\u00e9m dois jovens ap\u00f3s atropelamento em festejos do FC Porto - Portal Tela Portugal<\/title>\n<meta name=\"robots\" content=\"index, follow, max-snippet:-1, max-image-preview:large, max-video-preview:-1\" \/>\n<meta property=\"og:locale\" content=\"pt_PT\" \/>\n<meta property=\"og:type\" content=\"article\" \/>\n<meta property=\"og:title\" content=\"PSP det\u00e9m dois jovens ap\u00f3s atropelamento em festejos do FC Porto - Portal Tela Portugal\" \/>\n<meta property=\"og:description\" content=\"A PSP deteve dois jovens de 18 anos ap\u00f3s o atropelamento durante os festejos do FC Porto em S\u00e3o Jo\u00e3o da Madeira; ficam em liberdade e ter\u00e3o de apresentar-se em tribunal nesta segunda-feira, indiciados por condu\u00e7\u00e3o perigosa. O acidente ocorreu cerca das 22h50 na Rua Jo\u00e3o de Deus, num embate entre duas viaturas que projetou um carro para o passeio, atingindo um grupo de adeptos e derrubando um sinal vertical, deixando nove feridos, incluindo duas crian\u00e7as. Entre as v\u00edtimas, h\u00e1 um adolescente; quatro feridos s\u00e3o de S\u00e3o Jo\u00e3o da Madeira, os restantes de outros concelhos. Um ferido foi encaminhado para o Hospital de S\u00e3o Jo\u00e3o (Porto), outro para o Santos Silva (Vila Nova de Gaia) e cinco para o Hospital de S\u00e3o Sebasti\u00e3o (Feira); dois chegaram por meios pr\u00f3prios a este \u00faltimo hospital, enquanto uma v\u00edtima ser\u00e1 operada. O presidente da C\u00e2mara de S\u00e3o Jo\u00e3o da Madeira contactou pelo menos uma das v\u00edtimas, que ter\u00e1 cirurgia no tornoelo e joelho; o FC Porto pretende contactar os adeptos atingidos.\" \/>\n<meta property=\"og:url\" content=\"https:\/\/portaltela.pt\/noticias\/2026\/05\/03\/psp-detem-dois-jovens-apos-atropelamento-em-festejos-do-fc-porto\/\" \/>\n<meta property=\"og:site_name\" content=\"Portal Tela Portugal\" \/>\n<meta property=\"article:published_time\" content=\"2026-05-03T12:43:00+00:00\" \/>\n<meta name=\"author\" content=\"Telinha\" \/>\n<meta name=\"twitter:card\" content=\"summary_large_image\" \/>\n<meta name=\"twitter:label1\" content=\"Escrito por\" \/>\n\t<meta name=\"twitter:data1\" content=\"Telinha\" \/>\n\t<meta name=\"twitter:label2\" content=\"Tempo estimado de leitura\" \/>\n\t<meta name=\"twitter:data2\" content=\"2 minutos\" \/>\n<script type=\"application\/ld+json\" class=\"yoast-schema-graph\">{\"@context\":\"https:\/\/schema.org\",\"@graph\":[{\"@type\":\"Article\",\"@id\":\"https:\/\/portaltela.pt\/noticias\/2026\/05\/03\/psp-detem-dois-jovens-apos-atropelamento-em-festejos-do-fc-porto\/#article\",\"isPartOf\":{\"@id\":\"https:\/\/portaltela.pt\/noticias\/2026\/05\/03\/psp-detem-dois-jovens-apos-atropelamento-em-festejos-do-fc-porto\/\"},\"author\":{\"name\":\"Telinha\",\"@id\":\"https:\/\/portaltela.pt\/#\/schema\/person\/c4278d4a6028830caff9ee44b42d32ed\"},\"headline\":\"PSP det\u00e9m dois jovens ap\u00f3s atropelamento em festejos do FC Porto\",\"datePublished\":\"2026-05-03T12:43:00+00:00\",\"mainEntityOfPage\":{\"@id\":\"https:\/\/portaltela.pt\/noticias\/2026\/05\/03\/psp-detem-dois-jovens-apos-atropelamento-em-festejos-do-fc-porto\/\"},\"wordCount\":346,\"image\":{\"@id\":\"https:\/\/portaltela.pt\/noticias\/2026\/05\/03\/psp-detem-dois-jovens-apos-atropelamento-em-festejos-do-fc-porto\/#primaryimage\"},\"thumbnailUrl\":\"https:\/\/portaltela.pt\/s.01k8rhncp4jt1\/2026\/05\/image-137.jpg\",\"keywords\":[\"_acidente rodovi\u00e1rio\",\"_condu\u00e7\u00e3o perigosa\",\"_FC Porto\",\"_feridos\",\"_festas\",\"_PSP\"],\"articleSection\":[\"Desporto\",\"Futebol\"],\"inLanguage\":\"pt-PT\"},{\"@type\":\"WebPage\",\"@id\":\"https:\/\/portaltela.pt\/noticias\/2026\/05\/03\/psp-detem-dois-jovens-apos-atropelamento-em-festejos-do-fc-porto\/\",\"url\":\"https:\/\/portaltela.pt\/noticias\/2026\/05\/03\/psp-detem-dois-jovens-apos-atropelamento-em-festejos-do-fc-porto\/\",\"name\":\"PSP det\u00e9m dois jovens ap\u00f3s atropelamento em festejos do FC Porto - Portal Tela Portugal\",\"isPartOf\":{\"@id\":\"https:\/\/portaltela.pt\/#website\"},\"primaryImageOfPage\":{\"@id\":\"https:\/\/portaltela.pt\/noticias\/2026\/05\/03\/psp-detem-dois-jovens-apos-atropelamento-em-festejos-do-fc-porto\/#primaryimage\"},\"image\":{\"@id\":\"https:\/\/portaltela.pt\/noticias\/2026\/05\/03\/psp-detem-dois-jovens-apos-atropelamento-em-festejos-do-fc-porto\/#primaryimage\"},\"thumbnailUrl\":\"https:\/\/portaltela.pt\/s.01k8rhncp4jt1\/2026\/05\/image-137.jpg\",\"datePublished\":\"2026-05-03T12:43:00+00:00\",\"author\":{\"@id\":\"https:\/\/portaltela.pt\/#\/schema\/person\/c4278d4a6028830caff9ee44b42d32ed\"},\"breadcrumb\":{\"@id\":\"https:\/\/portaltela.pt\/noticias\/2026\/05\/03\/psp-detem-dois-jovens-apos-atropelamento-em-festejos-do-fc-porto\/#breadcrumb\"},\"inLanguage\":\"pt-PT\",\"potentialAction\":[{\"@type\":\"ReadAction\",\"target\":[\"https:\/\/portaltela.pt\/noticias\/2026\/05\/03\/psp-detem-dois-jovens-apos-atropelamento-em-festejos-do-fc-porto\/\"]}]},{\"@type\":\"ImageObject\",\"inLanguage\":\"pt-PT\",\"@id\":\"https:\/\/portaltela.pt\/noticias\/2026\/05\/03\/psp-detem-dois-jovens-apos-atropelamento-em-festejos-do-fc-porto\/#primaryimage\",\"url\":\"https:\/\/portaltela.pt\/s.01k8rhncp4jt1\/2026\/05\/image-137.jpg\",\"contentUrl\":\"https:\/\/portaltela.pt\/s.01k8rhncp4jt1\/2026\/05\/image-137.jpg\",\"width\":796,\"height\":448,\"caption\":\"Dois jovens, ambos com cerca de 18 anos, foram libertados ap\u00f3s deten\u00e7\u00e3o e v\u00e3o ser presentes a tribunal, na sequ\u00eancia de um atropelamento ocorrido durante os festejos do F.C. Porto em S\u00e3o Jo\u00e3o da Madeira, que fez nove feridos, entre os quais duas crian\u00e7as\"},{\"@type\":\"BreadcrumbList\",\"@id\":\"https:\/\/portaltela.pt\/noticias\/2026\/05\/03\/psp-detem-dois-jovens-apos-atropelamento-em-festejos-do-fc-porto\/#breadcrumb\",\"itemListElement\":[{\"@type\":\"ListItem\",\"position\":1,\"name\":\"In\u00edcio\",\"item\":\"https:\/\/portaltela.pt\/\"},{\"@type\":\"ListItem\",\"position\":2,\"name\":\"PSP det\u00e9m dois jovens ap\u00f3s atropelamento em festejos do FC Porto\"}]},{\"@type\":\"WebSite\",\"@id\":\"https:\/\/portaltela.pt\/#website\",\"url\":\"https:\/\/portaltela.pt\/\",\"name\":\"Portal Tela Portugal\",\"description\":\"\",\"potentialAction\":[{\"@type\":\"SearchAction\",\"target\":{\"@type\":\"EntryPoint\",\"urlTemplate\":\"https:\/\/portaltela.pt\/?s={search_term_string}\"},\"query-input\":{\"@type\":\"PropertyValueSpecification\",\"valueRequired\":true,\"valueName\":\"search_term_string\"}}],\"inLanguage\":\"pt-PT\"},{\"@type\":\"Person\",\"@id\":\"https:\/\/portaltela.pt\/#\/schema\/person\/c4278d4a6028830caff9ee44b42d32ed\",\"name\":\"Telinha\",\"image\":{\"@type\":\"ImageObject\",\"inLanguage\":\"pt-PT\",\"@id\":\"https:\/\/portaltela.pt\/s.01k8rhncp4jt1\/2025\/11\/talking-bot-125x125.png\",\"url\":\"https:\/\/portaltela.pt\/s.01k8rhncp4jt1\/2025\/11\/talking-bot-125x125.png\",\"contentUrl\":\"https:\/\/portaltela.pt\/s.01k8rhncp4jt1\/2025\/11\/talking-bot-125x125.png\",\"caption\":\"Telinha\"},\"sameAs\":[\"https:\/\/portaltela.pt\/\"],\"url\":\"https:\/\/portaltela.pt\/por\/367410592786\/\"}]}<\/script>\n<!-- \/ Yoast SEO plugin. -->","yoast_head_json":{"title":"PSP det\u00e9m dois jovens ap\u00f3s atropelamento em festejos do FC Porto - Portal Tela Portugal","robots":{"index":"index","follow":"follow","max-snippet":"max-snippet:-1","max-image-preview":"max-image-preview:large","max-video-preview":"max-video-preview:-1"},"og_locale":"pt_PT","og_type":"article","og_title":"PSP det\u00e9m dois jovens ap\u00f3s atropelamento em festejos do FC Porto - Portal Tela Portugal","og_description":"A PSP deteve dois jovens de 18 anos ap\u00f3s o atropelamento durante os festejos do FC Porto em S\u00e3o Jo\u00e3o da Madeira; ficam em liberdade e ter\u00e3o de apresentar-se em tribunal nesta segunda-feira, indiciados por condu\u00e7\u00e3o perigosa. O acidente ocorreu cerca das 22h50 na Rua Jo\u00e3o de Deus, num embate entre duas viaturas que projetou um carro para o passeio, atingindo um grupo de adeptos e derrubando um sinal vertical, deixando nove feridos, incluindo duas crian\u00e7as. Entre as v\u00edtimas, h\u00e1 um adolescente; quatro feridos s\u00e3o de S\u00e3o Jo\u00e3o da Madeira, os restantes de outros concelhos. Um ferido foi encaminhado para o Hospital de S\u00e3o Jo\u00e3o (Porto), outro para o Santos Silva (Vila Nova de Gaia) e cinco para o Hospital de S\u00e3o Sebasti\u00e3o (Feira); dois chegaram por meios pr\u00f3prios a este \u00faltimo hospital, enquanto uma v\u00edtima ser\u00e1 operada. O presidente da C\u00e2mara de S\u00e3o Jo\u00e3o da Madeira contactou pelo menos uma das v\u00edtimas, que ter\u00e1 cirurgia no tornoelo e joelho; o FC Porto pretende contactar os adeptos atingidos.","og_url":"https:\/\/portaltela.pt\/noticias\/2026\/05\/03\/psp-detem-dois-jovens-apos-atropelamento-em-festejos-do-fc-porto\/","og_site_name":"Portal Tela Portugal","article_published_time":"2026-05-03T12:43:00+00:00","author":"Telinha","twitter_card":"summary_large_image","twitter_misc":{"Escrito por":"Telinha","Tempo estimado de leitura":"2 minutos"},"schema":{"@context":"https:\/\/schema.org","@graph":[{"@type":"Article","@id":"https:\/\/portaltela.pt\/noticias\/2026\/05\/03\/psp-detem-dois-jovens-apos-atropelamento-em-festejos-do-fc-porto\/#article","isPartOf":{"@id":"https:\/\/portaltela.pt\/noticias\/2026\/05\/03\/psp-detem-dois-jovens-apos-atropelamento-em-festejos-do-fc-porto\/"},"author":{"name":"Telinha","@id":"https:\/\/portaltela.pt\/#\/schema\/person\/c4278d4a6028830caff9ee44b42d32ed"},"headline":"PSP det\u00e9m dois jovens ap\u00f3s atropelamento em festejos do FC Porto","datePublished":"2026-05-03T12:43:00+00:00","mainEntityOfPage":{"@id":"https:\/\/portaltela.pt\/noticias\/2026\/05\/03\/psp-detem-dois-jovens-apos-atropelamento-em-festejos-do-fc-porto\/"},"wordCount":346,"image":{"@id":"https:\/\/portaltela.pt\/noticias\/2026\/05\/03\/psp-detem-dois-jovens-apos-atropelamento-em-festejos-do-fc-porto\/#primaryimage"},"thumbnailUrl":"https:\/\/portaltela.pt\/s.01k8rhncp4jt1\/2026\/05\/image-137.jpg","keywords":["_acidente rodovi\u00e1rio","_condu\u00e7\u00e3o perigosa","_FC Porto","_feridos","_festas","_PSP"],"articleSection":["Desporto","Futebol"],"inLanguage":"pt-PT"},{"@type":"WebPage","@id":"https:\/\/portaltela.pt\/noticias\/2026\/05\/03\/psp-detem-dois-jovens-apos-atropelamento-em-festejos-do-fc-porto\/","url":"https:\/\/portaltela.pt\/noticias\/2026\/05\/03\/psp-detem-dois-jovens-apos-atropelamento-em-festejos-do-fc-porto\/","name":"PSP det\u00e9m dois jovens ap\u00f3s atropelamento em festejos do FC Porto - Portal Tela Portugal","isPartOf":{"@id":"https:\/\/portaltela.pt\/#website"},"primaryImageOfPage":{"@id":"https:\/\/portaltela.pt\/noticias\/2026\/05\/03\/psp-detem-dois-jovens-apos-atropelamento-em-festejos-do-fc-porto\/#primaryimage"},"image":{"@id":"https:\/\/portaltela.pt\/noticias\/2026\/05\/03\/psp-detem-dois-jovens-apos-atropelamento-em-festejos-do-fc-porto\/#primaryimage"},"thumbnailUrl":"https:\/\/portaltela.pt\/s.01k8rhncp4jt1\/2026\/05\/image-137.jpg","datePublished":"2026-05-03T12:43:00+00:00","author":{"@id":"https:\/\/portaltela.pt\/#\/schema\/person\/c4278d4a6028830caff9ee44b42d32ed"},"breadcrumb":{"@id":"https:\/\/portaltela.pt\/noticias\/2026\/05\/03\/psp-detem-dois-jovens-apos-atropelamento-em-festejos-do-fc-porto\/#breadcrumb"},"inLanguage":"pt-PT","potentialAction":[{"@type":"ReadAction","target":["https:\/\/portaltela.pt\/noticias\/2026\/05\/03\/psp-detem-dois-jovens-apos-atropelamento-em-festejos-do-fc-porto\/"]}]},{"@type":"ImageObject","inLanguage":"pt-PT","@id":"https:\/\/portaltela.pt\/noticias\/2026\/05\/03\/psp-detem-dois-jovens-apos-atropelamento-em-festejos-do-fc-porto\/#primaryimage","url":"https:\/\/portaltela.pt\/s.01k8rhncp4jt1\/2026\/05\/image-137.jpg","contentUrl":"https:\/\/portaltela.pt\/s.01k8rhncp4jt1\/2026\/05\/image-137.jpg","width":796,"height":448,"caption":"Dois jovens, ambos com cerca de 18 anos, foram libertados ap\u00f3s deten\u00e7\u00e3o e v\u00e3o ser presentes a tribunal, na sequ\u00eancia de um atropelamento ocorrido durante os festejos do F.C. Porto em S\u00e3o Jo\u00e3o da Madeira, que fez nove feridos, entre os quais duas crian\u00e7as"},{"@type":"BreadcrumbList","@id":"https:\/\/portaltela.pt\/noticias\/2026\/05\/03\/psp-detem-dois-jovens-apos-atropelamento-em-festejos-do-fc-porto\/#breadcrumb","itemListElement":[{"@type":"ListItem","position":1,"name":"In\u00edcio","item":"https:\/\/portaltela.pt\/"},{"@type":"ListItem","position":2,"name":"PSP det\u00e9m dois jovens ap\u00f3s atropelamento em festejos do FC Porto"}]},{"@type":"WebSite","@id":"https:\/\/portaltela.pt\/#website","url":"https:\/\/portaltela.pt\/","name":"Portal Tela Portugal","description":"","potentialAction":[{"@type":"SearchAction","target":{"@type":"EntryPoint","urlTemplate":"https:\/\/portaltela.pt\/?s={search_term_string}"},"query-input":{"@type":"PropertyValueSpecification","valueRequired":true,"valueName":"search_term_string"}}],"inLanguage":"pt-PT"},{"@type":"Person","@id":"https:\/\/portaltela.pt\/#\/schema\/person\/c4278d4a6028830caff9ee44b42d32ed","name":"Telinha","image":{"@type":"ImageObject","inLanguage":"pt-PT","@id":"https:\/\/portaltela.pt\/s.01k8rhncp4jt1\/2025\/11\/talking-bot-125x125.png","url":"https:\/\/portaltela.pt\/s.01k8rhncp4jt1\/2025\/11\/talking-bot-125x125.png","contentUrl":"https:\/\/portaltela.pt\/s.01k8rhncp4jt1\/2025\/11\/talking-bot-125x125.png","caption":"Telinha"},"sameAs":["https:\/\/portaltela.pt\/"],"url":"https:\/\/portaltela.pt\/por\/367410592786\/"}]}},"_links":{"self":[{"href":"https:\/\/portaltela.pt\/api\/wp\/v2\/posts\/465942","targetHints":{"allow":["GET"]}}],"collection":[{"href":"https:\/\/portaltela.pt\/api\/wp\/v2\/posts"}],"about":[{"href":"https:\/\/portaltela.pt\/api\/wp\/v2\/types\/post"}],"author":[{"embeddable":true,"href":"https:\/\/portaltela.pt\/api\/wp\/v2\/users\/2"}],"replies":[{"embeddable":true,"href":"https:\/\/portaltela.pt\/api\/wp\/v2\/comments?post=465942"}],"version-history":[{"count":0,"href":"https:\/\/portaltela.pt\/api\/wp\/v2\/posts\/465942\/revisions"}],"wp:featuredmedia":[{"embeddable":true,"href":"https:\/\/portaltela.pt\/api\/wp\/v2\/media\/465946"}],"wp:attachment":[{"href":"https:\/\/portaltela.pt\/api\/wp\/v2\/media?parent=465942"}],"wp:term":[{"taxonomy":"category","embeddable":true,"href":"https:\/\/portaltela.pt\/api\/wp\/v2\/categories?post=465942"},{"taxonomy":"post_tag","embeddable":true,"href":"https:\/\/portaltela.pt\/api\/wp\/v2\/tags?post=465942"}],"curies":[{"name":"wp","href":"https:\/\/api.w.org\/{rel}","templated":true}]}}