{"id":465901,"date":"2026-05-03T09:03:13","date_gmt":"2026-05-03T12:03:13","guid":{"rendered":"https:\/\/portaltela.pt\/noticias\/2026\/05\/03\/mais-policias-e-repressao-para-travar-abusos-nas-estradas-do-porto\/"},"modified":"2026-05-03T09:03:13","modified_gmt":"2026-05-03T12:03:13","slug":"mais-policias-e-repressao-para-travar-abusos-nas-estradas-do-porto","status":"publish","type":"post","link":"https:\/\/portaltela.pt\/seguranca\/2026\/05\/03\/mais-policias-e-repressao-para-travar-abusos-nas-estradas-do-porto\/","title":{"rendered":"Mais pol\u00edcias e repress\u00e3o para travar abusos nas estradas do Porto"},"content":{"rendered":"<p>A \u00c1rea Metropolitana do Porto enfrenta maior perigo rodovi\u00e1rio, segundo o Bar\u00f3metro do ACP sobre mobilidade. Condutores distra\u00eddos representam 50% das causas, seguidos de excesso de velocidade com 48%. Os cidad\u00e3os defendem, sobretudo, mais presen\u00e7a policial e fiscaliza\u00e7\u00e3o (30%). Ao mesmo tempo, 51% est\u00e3o descontentes com a atua\u00e7\u00e3o das autoridades no tr\u00e2nsito e estacionamento.<\/p>\n<p>Habitantes do Porto e de Valongo destacam o refor\u00e7o do policiamento, com a soma de medidas a chegar aos 53%. Quando se somam as propostas de maior penaliza\u00e7\u00e3o aos infratores, a taxa atinge esses 53%. Via do Conde \u00e9 o concelho com menor entusiasmo por solu\u00e7\u00f5es repressivas (40%).<\/p>\n<h3>Refor\u00e7o policial e fiscaliza\u00e7\u00e3o<\/h3>\n<p>Entre os apoios, a maioria dos residentes da \u00c1rea Metropolitana pede aumento da interven\u00e7\u00e3o policial e fiscaliza\u00e7\u00e3o mais intensa. Em Valongo e Feira, aponta-se alguma benevol\u00eancia relativamente ao atual desempenho.<\/p>\n<p>Os concelhos de Paredes e Matosinhos registam avalia\u00e7\u00f5es negativas sobre a gest\u00e3o do tr\u00e2nsito e do estacionamento. O saldo negativo \u00e9 de 35 pontos em Paredes e 33 em Matosinhos, indicativo de descontentamento quanto ao trabalho das autoridades.<\/p>\n","protected":false},"excerpt":{"rendered":"<ul>\n<li>Bar\u00f3metro do ACP aponta que o perigo nas estradas da \u00c1rea Metropolitana do Porto resulta principalmente de condutores distra\u00eddos (50%) e de excesso de velocidade (48%).<\/li>\n<li>A maioria dos cidad\u00e3os (30%) defende maior presen\u00e7a policial e fiscaliza\u00e7\u00e3o para combater abusos no tr\u00e2nsito.<\/li>\n<li>Ainda assim, 51% est\u00e3o descontentes com a atua\u00e7\u00e3o das autoridades na gest\u00e3o do tr\u00e2nsito e do estacionamento.<\/li>\n<li>Porto e Valongo s\u00e3o os que mais defendem medidas mais duras, totalizando 53%; Via do Conde destaca-se pela prefer\u00eancia por educa\u00e7\u00e3o e campanhas de sensibiliza\u00e7\u00e3o (40%).<\/li>\n<li>Em Paredes e Matosinhos o descontentamento \u00e9 significativo, com saldos negativos na avalia\u00e7\u00e3o \u00e0 gest\u00e3o de tr\u00e2nsito (Paredes \u221235, Matosinhos \u221233); Valongo e Feira s\u00e3o os que apresentam alguma benevol\u00eancia.<\/li>\n<\/ul>\n","protected":false},"author":2,"featured_media":465903,"comment_status":"closed","ping_status":"closed","sticky":false,"template":"","format":"standard","meta":{"footnotes":""},"categories":[1,6779],"tags":[8440,9177,9065,8088,7981,8172],"class_list":["post-465901","post","type-post","status-publish","format-standard","has-post-thumbnail","hentry","category-noticias","category-seguranca","tag-_matosinhos","tag-_paredes","tag-_policia-de-seguranca-publica","tag-_porto","tag-_seguranca-rodoviaria","tag-_valongo"],"yoast_head":"<!-- This site is optimized with the Yoast SEO plugin v27.2 - https:\/\/yoast.com\/product\/yoast-seo-wordpress\/ -->\n<title>Mais pol\u00edcias e repress\u00e3o para travar abusos nas estradas do Porto - Portal Tela Portugal<\/title>\n<meta name=\"robots\" content=\"index, follow, max-snippet:-1, max-image-preview:large, max-video-preview:-1\" \/>\n<meta property=\"og:locale\" content=\"pt_PT\" \/>\n<meta property=\"og:type\" content=\"article\" \/>\n<meta property=\"og:title\" content=\"Mais pol\u00edcias e repress\u00e3o para travar abusos nas estradas do Porto - Portal Tela Portugal\" \/>\n<meta property=\"og:description\" content=\"Bar\u00f3metro do ACP aponta que o perigo nas estradas da \u00c1rea Metropolitana do Porto resulta principalmente de condutores distra\u00eddos (50%) e de excesso de velocidade (48%). A maioria dos cidad\u00e3os (30%) defende maior presen\u00e7a policial e fiscaliza\u00e7\u00e3o para combater abusos no tr\u00e2nsito. Ainda assim, 51% est\u00e3o descontentes com a atua\u00e7\u00e3o das autoridades na gest\u00e3o do tr\u00e2nsito e do estacionamento. Porto e Valongo s\u00e3o os que mais defendem medidas mais duras, totalizando 53%; Via do Conde destaca-se pela prefer\u00eancia por educa\u00e7\u00e3o e campanhas de sensibiliza\u00e7\u00e3o (40%). Em Paredes e Matosinhos o descontentamento \u00e9 significativo, com saldos negativos na avalia\u00e7\u00e3o \u00e0 gest\u00e3o de tr\u00e2nsito (Paredes \u221235, Matosinhos \u221233); Valongo e Feira s\u00e3o os que apresentam alguma benevol\u00eancia.\" \/>\n<meta property=\"og:url\" content=\"https:\/\/portaltela.pt\/noticias\/2026\/05\/03\/mais-policias-e-repressao-para-travar-abusos-nas-estradas-do-porto\/\" \/>\n<meta property=\"og:site_name\" content=\"Portal Tela Portugal\" \/>\n<meta property=\"article:published_time\" content=\"2026-05-03T12:03:13+00:00\" \/>\n<meta name=\"author\" content=\"Telinha\" \/>\n<meta name=\"twitter:card\" content=\"summary_large_image\" \/>\n<meta name=\"twitter:label1\" content=\"Escrito por\" \/>\n\t<meta name=\"twitter:data1\" content=\"Telinha\" \/>\n\t<meta name=\"twitter:label2\" content=\"Tempo estimado de leitura\" \/>\n\t<meta name=\"twitter:data2\" content=\"1 minuto\" \/>\n<script type=\"application\/ld+json\" class=\"yoast-schema-graph\">{\"@context\":\"https:\/\/schema.org\",\"@graph\":[{\"@type\":\"Article\",\"@id\":\"https:\/\/portaltela.pt\/noticias\/2026\/05\/03\/mais-policias-e-repressao-para-travar-abusos-nas-estradas-do-porto\/#article\",\"isPartOf\":{\"@id\":\"https:\/\/portaltela.pt\/noticias\/2026\/05\/03\/mais-policias-e-repressao-para-travar-abusos-nas-estradas-do-porto\/\"},\"author\":{\"name\":\"Telinha\",\"@id\":\"https:\/\/portaltela.pt\/#\/schema\/person\/c4278d4a6028830caff9ee44b42d32ed\"},\"headline\":\"Mais pol\u00edcias e repress\u00e3o para travar abusos nas estradas do Porto\",\"datePublished\":\"2026-05-03T12:03:13+00:00\",\"mainEntityOfPage\":{\"@id\":\"https:\/\/portaltela.pt\/noticias\/2026\/05\/03\/mais-policias-e-repressao-para-travar-abusos-nas-estradas-do-porto\/\"},\"wordCount\":196,\"image\":{\"@id\":\"https:\/\/portaltela.pt\/noticias\/2026\/05\/03\/mais-policias-e-repressao-para-travar-abusos-nas-estradas-do-porto\/#primaryimage\"},\"thumbnailUrl\":\"https:\/\/portaltela.pt\/s.01k8rhncp4jt1\/2026\/05\/image-17.webp\",\"keywords\":[\"_Matosinhos\",\"_Paredes\",\"_Pol\u00edcia de Seguran\u00e7a P\u00fablica\",\"_Porto\",\"_seguran\u00e7a rodovi\u00e1ria\",\"_Valongo\"],\"articleSection\":[\"Not\u00edcias\",\"Seguran\u00e7a\"],\"inLanguage\":\"pt-PT\"},{\"@type\":\"WebPage\",\"@id\":\"https:\/\/portaltela.pt\/noticias\/2026\/05\/03\/mais-policias-e-repressao-para-travar-abusos-nas-estradas-do-porto\/\",\"url\":\"https:\/\/portaltela.pt\/noticias\/2026\/05\/03\/mais-policias-e-repressao-para-travar-abusos-nas-estradas-do-porto\/\",\"name\":\"Mais pol\u00edcias e repress\u00e3o para travar abusos nas estradas do Porto - Portal Tela Portugal\",\"isPartOf\":{\"@id\":\"https:\/\/portaltela.pt\/#website\"},\"primaryImageOfPage\":{\"@id\":\"https:\/\/portaltela.pt\/noticias\/2026\/05\/03\/mais-policias-e-repressao-para-travar-abusos-nas-estradas-do-porto\/#primaryimage\"},\"image\":{\"@id\":\"https:\/\/portaltela.pt\/noticias\/2026\/05\/03\/mais-policias-e-repressao-para-travar-abusos-nas-estradas-do-porto\/#primaryimage\"},\"thumbnailUrl\":\"https:\/\/portaltela.pt\/s.01k8rhncp4jt1\/2026\/05\/image-17.webp\",\"datePublished\":\"2026-05-03T12:03:13+00:00\",\"author\":{\"@id\":\"https:\/\/portaltela.pt\/#\/schema\/person\/c4278d4a6028830caff9ee44b42d32ed\"},\"breadcrumb\":{\"@id\":\"https:\/\/portaltela.pt\/noticias\/2026\/05\/03\/mais-policias-e-repressao-para-travar-abusos-nas-estradas-do-porto\/#breadcrumb\"},\"inLanguage\":\"pt-PT\",\"potentialAction\":[{\"@type\":\"ReadAction\",\"target\":[\"https:\/\/portaltela.pt\/noticias\/2026\/05\/03\/mais-policias-e-repressao-para-travar-abusos-nas-estradas-do-porto\/\"]}]},{\"@type\":\"ImageObject\",\"inLanguage\":\"pt-PT\",\"@id\":\"https:\/\/portaltela.pt\/noticias\/2026\/05\/03\/mais-policias-e-repressao-para-travar-abusos-nas-estradas-do-porto\/#primaryimage\",\"url\":\"https:\/\/portaltela.pt\/s.01k8rhncp4jt1\/2026\/05\/image-17.webp\",\"contentUrl\":\"https:\/\/portaltela.pt\/s.01k8rhncp4jt1\/2026\/05\/image-17.webp\",\"width\":1200,\"height\":798,\"caption\":\"Insatisfeitos com a a\u00e7\u00e3o policial, cidad\u00e3os querem maior presen\u00e7a e mais a\u00e7\u00e3o nas ruas da \u00c1rea Metropolitana\"},{\"@type\":\"BreadcrumbList\",\"@id\":\"https:\/\/portaltela.pt\/noticias\/2026\/05\/03\/mais-policias-e-repressao-para-travar-abusos-nas-estradas-do-porto\/#breadcrumb\",\"itemListElement\":[{\"@type\":\"ListItem\",\"position\":1,\"name\":\"In\u00edcio\",\"item\":\"https:\/\/portaltela.pt\/\"},{\"@type\":\"ListItem\",\"position\":2,\"name\":\"Mais pol\u00edcias e repress\u00e3o para travar abusos nas estradas do Porto\"}]},{\"@type\":\"WebSite\",\"@id\":\"https:\/\/portaltela.pt\/#website\",\"url\":\"https:\/\/portaltela.pt\/\",\"name\":\"Portal Tela Portugal\",\"description\":\"\",\"potentialAction\":[{\"@type\":\"SearchAction\",\"target\":{\"@type\":\"EntryPoint\",\"urlTemplate\":\"https:\/\/portaltela.pt\/?s={search_term_string}\"},\"query-input\":{\"@type\":\"PropertyValueSpecification\",\"valueRequired\":true,\"valueName\":\"search_term_string\"}}],\"inLanguage\":\"pt-PT\"},{\"@type\":\"Person\",\"@id\":\"https:\/\/portaltela.pt\/#\/schema\/person\/c4278d4a6028830caff9ee44b42d32ed\",\"name\":\"Telinha\",\"image\":{\"@type\":\"ImageObject\",\"inLanguage\":\"pt-PT\",\"@id\":\"https:\/\/portaltela.pt\/s.01k8rhncp4jt1\/2025\/11\/talking-bot-125x125.png\",\"url\":\"https:\/\/portaltela.pt\/s.01k8rhncp4jt1\/2025\/11\/talking-bot-125x125.png\",\"contentUrl\":\"https:\/\/portaltela.pt\/s.01k8rhncp4jt1\/2025\/11\/talking-bot-125x125.png\",\"caption\":\"Telinha\"},\"sameAs\":[\"https:\/\/portaltela.pt\/\"],\"url\":\"https:\/\/portaltela.pt\/por\/367410592786\/\"}]}<\/script>\n<!-- \/ Yoast SEO plugin. -->","yoast_head_json":{"title":"Mais pol\u00edcias e repress\u00e3o para travar abusos nas estradas do Porto - Portal Tela Portugal","robots":{"index":"index","follow":"follow","max-snippet":"max-snippet:-1","max-image-preview":"max-image-preview:large","max-video-preview":"max-video-preview:-1"},"og_locale":"pt_PT","og_type":"article","og_title":"Mais pol\u00edcias e repress\u00e3o para travar abusos nas estradas do Porto - Portal Tela Portugal","og_description":"Bar\u00f3metro do ACP aponta que o perigo nas estradas da \u00c1rea Metropolitana do Porto resulta principalmente de condutores distra\u00eddos (50%) e de excesso de velocidade (48%). A maioria dos cidad\u00e3os (30%) defende maior presen\u00e7a policial e fiscaliza\u00e7\u00e3o para combater abusos no tr\u00e2nsito. Ainda assim, 51% est\u00e3o descontentes com a atua\u00e7\u00e3o das autoridades na gest\u00e3o do tr\u00e2nsito e do estacionamento. Porto e Valongo s\u00e3o os que mais defendem medidas mais duras, totalizando 53%; Via do Conde destaca-se pela prefer\u00eancia por educa\u00e7\u00e3o e campanhas de sensibiliza\u00e7\u00e3o (40%). Em Paredes e Matosinhos o descontentamento \u00e9 significativo, com saldos negativos na avalia\u00e7\u00e3o \u00e0 gest\u00e3o de tr\u00e2nsito (Paredes \u221235, Matosinhos \u221233); Valongo e Feira s\u00e3o os que apresentam alguma benevol\u00eancia.","og_url":"https:\/\/portaltela.pt\/noticias\/2026\/05\/03\/mais-policias-e-repressao-para-travar-abusos-nas-estradas-do-porto\/","og_site_name":"Portal Tela Portugal","article_published_time":"2026-05-03T12:03:13+00:00","author":"Telinha","twitter_card":"summary_large_image","twitter_misc":{"Escrito por":"Telinha","Tempo estimado de leitura":"1 minuto"},"schema":{"@context":"https:\/\/schema.org","@graph":[{"@type":"Article","@id":"https:\/\/portaltela.pt\/noticias\/2026\/05\/03\/mais-policias-e-repressao-para-travar-abusos-nas-estradas-do-porto\/#article","isPartOf":{"@id":"https:\/\/portaltela.pt\/noticias\/2026\/05\/03\/mais-policias-e-repressao-para-travar-abusos-nas-estradas-do-porto\/"},"author":{"name":"Telinha","@id":"https:\/\/portaltela.pt\/#\/schema\/person\/c4278d4a6028830caff9ee44b42d32ed"},"headline":"Mais pol\u00edcias e repress\u00e3o para travar abusos nas estradas do Porto","datePublished":"2026-05-03T12:03:13+00:00","mainEntityOfPage":{"@id":"https:\/\/portaltela.pt\/noticias\/2026\/05\/03\/mais-policias-e-repressao-para-travar-abusos-nas-estradas-do-porto\/"},"wordCount":196,"image":{"@id":"https:\/\/portaltela.pt\/noticias\/2026\/05\/03\/mais-policias-e-repressao-para-travar-abusos-nas-estradas-do-porto\/#primaryimage"},"thumbnailUrl":"https:\/\/portaltela.pt\/s.01k8rhncp4jt1\/2026\/05\/image-17.webp","keywords":["_Matosinhos","_Paredes","_Pol\u00edcia de Seguran\u00e7a P\u00fablica","_Porto","_seguran\u00e7a rodovi\u00e1ria","_Valongo"],"articleSection":["Not\u00edcias","Seguran\u00e7a"],"inLanguage":"pt-PT"},{"@type":"WebPage","@id":"https:\/\/portaltela.pt\/noticias\/2026\/05\/03\/mais-policias-e-repressao-para-travar-abusos-nas-estradas-do-porto\/","url":"https:\/\/portaltela.pt\/noticias\/2026\/05\/03\/mais-policias-e-repressao-para-travar-abusos-nas-estradas-do-porto\/","name":"Mais pol\u00edcias e repress\u00e3o para travar abusos nas estradas do Porto - Portal Tela Portugal","isPartOf":{"@id":"https:\/\/portaltela.pt\/#website"},"primaryImageOfPage":{"@id":"https:\/\/portaltela.pt\/noticias\/2026\/05\/03\/mais-policias-e-repressao-para-travar-abusos-nas-estradas-do-porto\/#primaryimage"},"image":{"@id":"https:\/\/portaltela.pt\/noticias\/2026\/05\/03\/mais-policias-e-repressao-para-travar-abusos-nas-estradas-do-porto\/#primaryimage"},"thumbnailUrl":"https:\/\/portaltela.pt\/s.01k8rhncp4jt1\/2026\/05\/image-17.webp","datePublished":"2026-05-03T12:03:13+00:00","author":{"@id":"https:\/\/portaltela.pt\/#\/schema\/person\/c4278d4a6028830caff9ee44b42d32ed"},"breadcrumb":{"@id":"https:\/\/portaltela.pt\/noticias\/2026\/05\/03\/mais-policias-e-repressao-para-travar-abusos-nas-estradas-do-porto\/#breadcrumb"},"inLanguage":"pt-PT","potentialAction":[{"@type":"ReadAction","target":["https:\/\/portaltela.pt\/noticias\/2026\/05\/03\/mais-policias-e-repressao-para-travar-abusos-nas-estradas-do-porto\/"]}]},{"@type":"ImageObject","inLanguage":"pt-PT","@id":"https:\/\/portaltela.pt\/noticias\/2026\/05\/03\/mais-policias-e-repressao-para-travar-abusos-nas-estradas-do-porto\/#primaryimage","url":"https:\/\/portaltela.pt\/s.01k8rhncp4jt1\/2026\/05\/image-17.webp","contentUrl":"https:\/\/portaltela.pt\/s.01k8rhncp4jt1\/2026\/05\/image-17.webp","width":1200,"height":798,"caption":"Insatisfeitos com a a\u00e7\u00e3o policial, cidad\u00e3os querem maior presen\u00e7a e mais a\u00e7\u00e3o nas ruas da \u00c1rea Metropolitana"},{"@type":"BreadcrumbList","@id":"https:\/\/portaltela.pt\/noticias\/2026\/05\/03\/mais-policias-e-repressao-para-travar-abusos-nas-estradas-do-porto\/#breadcrumb","itemListElement":[{"@type":"ListItem","position":1,"name":"In\u00edcio","item":"https:\/\/portaltela.pt\/"},{"@type":"ListItem","position":2,"name":"Mais pol\u00edcias e repress\u00e3o para travar abusos nas estradas do Porto"}]},{"@type":"WebSite","@id":"https:\/\/portaltela.pt\/#website","url":"https:\/\/portaltela.pt\/","name":"Portal Tela Portugal","description":"","potentialAction":[{"@type":"SearchAction","target":{"@type":"EntryPoint","urlTemplate":"https:\/\/portaltela.pt\/?s={search_term_string}"},"query-input":{"@type":"PropertyValueSpecification","valueRequired":true,"valueName":"search_term_string"}}],"inLanguage":"pt-PT"},{"@type":"Person","@id":"https:\/\/portaltela.pt\/#\/schema\/person\/c4278d4a6028830caff9ee44b42d32ed","name":"Telinha","image":{"@type":"ImageObject","inLanguage":"pt-PT","@id":"https:\/\/portaltela.pt\/s.01k8rhncp4jt1\/2025\/11\/talking-bot-125x125.png","url":"https:\/\/portaltela.pt\/s.01k8rhncp4jt1\/2025\/11\/talking-bot-125x125.png","contentUrl":"https:\/\/portaltela.pt\/s.01k8rhncp4jt1\/2025\/11\/talking-bot-125x125.png","caption":"Telinha"},"sameAs":["https:\/\/portaltela.pt\/"],"url":"https:\/\/portaltela.pt\/por\/367410592786\/"}]}},"_links":{"self":[{"href":"https:\/\/portaltela.pt\/api\/wp\/v2\/posts\/465901","targetHints":{"allow":["GET"]}}],"collection":[{"href":"https:\/\/portaltela.pt\/api\/wp\/v2\/posts"}],"about":[{"href":"https:\/\/portaltela.pt\/api\/wp\/v2\/types\/post"}],"author":[{"embeddable":true,"href":"https:\/\/portaltela.pt\/api\/wp\/v2\/users\/2"}],"replies":[{"embeddable":true,"href":"https:\/\/portaltela.pt\/api\/wp\/v2\/comments?post=465901"}],"version-history":[{"count":0,"href":"https:\/\/portaltela.pt\/api\/wp\/v2\/posts\/465901\/revisions"}],"wp:featuredmedia":[{"embeddable":true,"href":"https:\/\/portaltela.pt\/api\/wp\/v2\/media\/465903"}],"wp:attachment":[{"href":"https:\/\/portaltela.pt\/api\/wp\/v2\/media?parent=465901"}],"wp:term":[{"taxonomy":"category","embeddable":true,"href":"https:\/\/portaltela.pt\/api\/wp\/v2\/categories?post=465901"},{"taxonomy":"post_tag","embeddable":true,"href":"https:\/\/portaltela.pt\/api\/wp\/v2\/tags?post=465901"}],"curies":[{"name":"wp","href":"https:\/\/api.w.org\/{rel}","templated":true}]}}