{"id":465883,"date":"2026-05-03T08:47:57","date_gmt":"2026-05-03T11:47:57","guid":{"rendered":"https:\/\/portaltela.pt\/noticias\/2026\/05\/03\/f1-altera-motores-ate-2031-substituindo-v6-por-v8-mais-ruidosos\/"},"modified":"2026-05-03T08:47:57","modified_gmt":"2026-05-03T11:47:57","slug":"f1-altera-motores-ate-2031-substituindo-v6-por-v8-mais-ruidosos","status":"publish","type":"post","link":"https:\/\/portaltela.pt\/desporto\/futebol\/2026\/05\/03\/f1-altera-motores-ate-2031-substituindo-v6-por-v8-mais-ruidosos\/","title":{"rendered":"F1 altera motores at\u00e9 2031, substituindo V6 por V8 mais ruidosos"},"content":{"rendered":"<p>O campeonato mundial de F\u00f3rmula 1 vai alterar os motores de V6 h\u00edbridos para V8 mais ruidosos, at\u00e9 2031. A mudan\u00e7a pode avan\u00e7ar j\u00e1 em 2030, segundo o presidente da FIA, Mohammed Ben Sulayem, em Miami.<\/p>\n<p>Ben Sulayem disse que a transi\u00e7\u00e3o est\u00e1 para acontecer, e que a FIA ter\u00e1 autoridade para impor a altera\u00e7\u00e3o em 2031, sem necessidade de votos dos fabricantes de unidades de pot\u00eancia. O objetivo \u00e9 acelerar a mudan\u00e7a, possivelmente adiantando para 2030.<\/p>\n<p>A F\u00f3rmula 1 iniciou esta \u00e9poca numa nova era de motores, com unidades que combinam energia el\u00e9trica e combust\u00e3o, e utilizam combust\u00edvel sustent\u00e1vel. Pilotos j\u00e1 reclamaram de ter de levantar o p\u00e9 em curvas r\u00e1pidas para recarregar a bateria.<\/p>\n<ul>\n<li>A mudan\u00e7a est\u00e1 a ser preparada no quadro regulat\u00f3rio, com regras j\u00e1 ajustadas a tempo de Miami. O tema tem gerado debates sobre seguran\u00e7a, arranques e velocidades em corrida, segundo relatos do paddock.<\/li>\n<\/ul>\n<p>A estrutura atual envolve v\u00e1rias marcas e alian\u00e7as: a Mercedes, por exemplo, ainda fornece quatro equipas; a Ferrari tem tr\u00eas; a Red Bull, duas em parceria com a Ford. A Honda e a Audi mant\u00eam uma for\u00e7a de uma unidade cada.<\/p>\n<p>Ben Sulayem afirmou que o V10 n\u00e3o \u00e9 vi\u00e1vel e que o V8 \u00e9 o caminho mais popular, j\u00e1 presente em ve\u00edculos de estrada. O objetivo \u00e9 simplificar a tecnologia, reduzir o peso e manter o som caracter\u00edstico.<\/p>\n<h3>Mudan\u00e7a para o V8 at\u00e9 2031<\/h3>\n<p>O dirigente reiterou que, nos termos das regras, a mudan\u00e7a pode ocorrer j\u00e1 em 2030 com aprova\u00e7\u00e3o de quatro dos seis fabricantes, incluindo a General Motors pela Cadillac. Caso contr\u00e1rio, a FIA pode impor o ajuste em 2031.<\/p>\n<p>A Cadillac, que corre hoje com unidades Ferrari, planeia desenvolver o seu pr\u00f3prio motor no futuro, refor\u00e7ando o cen\u00e1rio de reestrutura\u00e7\u00e3o. A transi\u00e7\u00e3o n\u00e3o afeta apenas a engenharia, mas tamb\u00e9m o equil\u00edbrio competitivo entre as equipas.<\/p>\n<p>A \u00faltima vez que se ouviram motores V8 no topo do desporto foi entre 2006 e 2013, antes da transi\u00e7\u00e3o para os V6 turbo-h\u00edbridos. A FIA continua a defender uma solu\u00e7\u00e3o que mantenha a identidade sonora do desporto.<\/p>\n","protected":false},"excerpt":{"rendered":"<ul>\n<li>A F\u00f3rmula 1 vai mudar dos atuais motores h\u00edbridos V6 para V8 mais ruidosos at\u00e9 2031, com poss\u00edvel implementa\u00e7\u00e3o j\u00e1 em 2030.<\/li>\n<li>O presidente da FIA, Mohammed Ben Sulayem, afirmou no Grande Pr\u00e9mio de Miami que a mudan\u00e7a \u00e9 inevit\u00e1vel e poder\u00e1 avan\u00e7ar antes de 2031.<\/li>\n<li>Caso haja aprova\u00e7\u00e3o at\u00e9 2030, a FIA poder\u00e1 faz\u00ea-lo sem nova vota\u00e7\u00e3o dos fabricantes de unidades de pot\u00eancia; caso contr\u00e1rio, a mudan\u00e7a fica formalizada em 2031.<\/li>\n<li>Os pilotos t\u00eam reclamado do regresso de recarga da bateria durante curvas r\u00e1pidas e as regras associadas tornaram-se mais complexas, com conceitos como \u201csuperclipping\u201d.<\/li>\n<li>No panorama atual, Mercedes usa quatro equipas, Ferrari tr\u00eas, Red Bull duas em parceria com a Ford, enquanto a General Motors prepara o motor da Cadillac; o V8 \u00e9 visto como op\u00e7\u00e3o vi\u00e1vel e popular.<\/li>\n<\/ul>\n","protected":false},"author":2,"featured_media":465886,"comment_status":"closed","ping_status":"closed","sticky":false,"template":"","format":"standard","meta":{"footnotes":""},"categories":[21,24],"tags":[9801,7891,7976,7902,7775,8888],"class_list":["post-465883","post","type-post","status-publish","format-standard","has-post-thumbnail","hentry","category-desporto","category-futebol","tag-_a-aerodinamica","tag-_aeronautica","tag-_combustiveis","tag-_desporto","tag-_energia","tag-_f1"],"yoast_head":"<!-- This site is optimized with the Yoast SEO plugin v27.2 - https:\/\/yoast.com\/product\/yoast-seo-wordpress\/ -->\n<title>F1 altera motores at\u00e9 2031, substituindo V6 por V8 mais ruidosos - Portal Tela Portugal<\/title>\n<meta name=\"robots\" content=\"index, follow, max-snippet:-1, max-image-preview:large, max-video-preview:-1\" \/>\n<meta property=\"og:locale\" content=\"pt_PT\" \/>\n<meta property=\"og:type\" content=\"article\" \/>\n<meta property=\"og:title\" content=\"F1 altera motores at\u00e9 2031, substituindo V6 por V8 mais ruidosos - Portal Tela Portugal\" \/>\n<meta property=\"og:description\" content=\"A F\u00f3rmula 1 vai mudar dos atuais motores h\u00edbridos V6 para V8 mais ruidosos at\u00e9 2031, com poss\u00edvel implementa\u00e7\u00e3o j\u00e1 em 2030. O presidente da FIA, Mohammed Ben Sulayem, afirmou no Grande Pr\u00e9mio de Miami que a mudan\u00e7a \u00e9 inevit\u00e1vel e poder\u00e1 avan\u00e7ar antes de 2031. Caso haja aprova\u00e7\u00e3o at\u00e9 2030, a FIA poder\u00e1 faz\u00ea-lo sem nova vota\u00e7\u00e3o dos fabricantes de unidades de pot\u00eancia; caso contr\u00e1rio, a mudan\u00e7a fica formalizada em 2031. Os pilotos t\u00eam reclamado do regresso de recarga da bateria durante curvas r\u00e1pidas e as regras associadas tornaram-se mais complexas, com conceitos como \u201csuperclipping\u201d. No panorama atual, Mercedes usa quatro equipas, Ferrari tr\u00eas, Red Bull duas em parceria com a Ford, enquanto a General Motors prepara o motor da Cadillac; o V8 \u00e9 visto como op\u00e7\u00e3o vi\u00e1vel e popular.\" \/>\n<meta property=\"og:url\" content=\"https:\/\/portaltela.pt\/noticias\/2026\/05\/03\/f1-altera-motores-ate-2031-substituindo-v6-por-v8-mais-ruidosos\/\" \/>\n<meta property=\"og:site_name\" content=\"Portal Tela Portugal\" \/>\n<meta property=\"article:published_time\" content=\"2026-05-03T11:47:57+00:00\" \/>\n<meta name=\"author\" content=\"Telinha\" \/>\n<meta name=\"twitter:card\" content=\"summary_large_image\" \/>\n<meta name=\"twitter:label1\" content=\"Escrito por\" \/>\n\t<meta name=\"twitter:data1\" content=\"Telinha\" \/>\n\t<meta name=\"twitter:label2\" content=\"Tempo estimado de leitura\" \/>\n\t<meta name=\"twitter:data2\" content=\"2 minutos\" \/>\n<script type=\"application\/ld+json\" class=\"yoast-schema-graph\">{\"@context\":\"https:\/\/schema.org\",\"@graph\":[{\"@type\":\"Article\",\"@id\":\"https:\/\/portaltela.pt\/noticias\/2026\/05\/03\/f1-altera-motores-ate-2031-substituindo-v6-por-v8-mais-ruidosos\/#article\",\"isPartOf\":{\"@id\":\"https:\/\/portaltela.pt\/noticias\/2026\/05\/03\/f1-altera-motores-ate-2031-substituindo-v6-por-v8-mais-ruidosos\/\"},\"author\":{\"name\":\"Telinha\",\"@id\":\"https:\/\/portaltela.pt\/#\/schema\/person\/c4278d4a6028830caff9ee44b42d32ed\"},\"headline\":\"F1 altera motores at\u00e9 2031, substituindo V6 por V8 mais ruidosos\",\"datePublished\":\"2026-05-03T11:47:57+00:00\",\"mainEntityOfPage\":{\"@id\":\"https:\/\/portaltela.pt\/noticias\/2026\/05\/03\/f1-altera-motores-ate-2031-substituindo-v6-por-v8-mais-ruidosos\/\"},\"wordCount\":382,\"image\":{\"@id\":\"https:\/\/portaltela.pt\/noticias\/2026\/05\/03\/f1-altera-motores-ate-2031-substituindo-v6-por-v8-mais-ruidosos\/#primaryimage\"},\"thumbnailUrl\":\"https:\/\/portaltela.pt\/s.01k8rhncp4jt1\/2026\/05\/2085690.jpg\",\"keywords\":[\"_a aerodin\u00e2mica\",\"_aeron\u00e1utica\",\"_combust\u00edveis\",\"_desporto\",\"_energia\",\"_F1\"],\"articleSection\":[\"Desporto\",\"Futebol\"],\"inLanguage\":\"pt-PT\"},{\"@type\":\"WebPage\",\"@id\":\"https:\/\/portaltela.pt\/noticias\/2026\/05\/03\/f1-altera-motores-ate-2031-substituindo-v6-por-v8-mais-ruidosos\/\",\"url\":\"https:\/\/portaltela.pt\/noticias\/2026\/05\/03\/f1-altera-motores-ate-2031-substituindo-v6-por-v8-mais-ruidosos\/\",\"name\":\"F1 altera motores at\u00e9 2031, substituindo V6 por V8 mais ruidosos - Portal Tela Portugal\",\"isPartOf\":{\"@id\":\"https:\/\/portaltela.pt\/#website\"},\"primaryImageOfPage\":{\"@id\":\"https:\/\/portaltela.pt\/noticias\/2026\/05\/03\/f1-altera-motores-ate-2031-substituindo-v6-por-v8-mais-ruidosos\/#primaryimage\"},\"image\":{\"@id\":\"https:\/\/portaltela.pt\/noticias\/2026\/05\/03\/f1-altera-motores-ate-2031-substituindo-v6-por-v8-mais-ruidosos\/#primaryimage\"},\"thumbnailUrl\":\"https:\/\/portaltela.pt\/s.01k8rhncp4jt1\/2026\/05\/2085690.jpg\",\"datePublished\":\"2026-05-03T11:47:57+00:00\",\"author\":{\"@id\":\"https:\/\/portaltela.pt\/#\/schema\/person\/c4278d4a6028830caff9ee44b42d32ed\"},\"breadcrumb\":{\"@id\":\"https:\/\/portaltela.pt\/noticias\/2026\/05\/03\/f1-altera-motores-ate-2031-substituindo-v6-por-v8-mais-ruidosos\/#breadcrumb\"},\"inLanguage\":\"pt-PT\",\"potentialAction\":[{\"@type\":\"ReadAction\",\"target\":[\"https:\/\/portaltela.pt\/noticias\/2026\/05\/03\/f1-altera-motores-ate-2031-substituindo-v6-por-v8-mais-ruidosos\/\"]}]},{\"@type\":\"ImageObject\",\"inLanguage\":\"pt-PT\",\"@id\":\"https:\/\/portaltela.pt\/noticias\/2026\/05\/03\/f1-altera-motores-ate-2031-substituindo-v6-por-v8-mais-ruidosos\/#primaryimage\",\"url\":\"https:\/\/portaltela.pt\/s.01k8rhncp4jt1\/2026\/05\/2085690.jpg\",\"contentUrl\":\"https:\/\/portaltela.pt\/s.01k8rhncp4jt1\/2026\/05\/2085690.jpg\",\"width\":796,\"height\":448,\"caption\":\"Pilotos de F\u00f3rmula 1 reclamaram das mudan\u00e7as de velocidade com novos motores\"},{\"@type\":\"BreadcrumbList\",\"@id\":\"https:\/\/portaltela.pt\/noticias\/2026\/05\/03\/f1-altera-motores-ate-2031-substituindo-v6-por-v8-mais-ruidosos\/#breadcrumb\",\"itemListElement\":[{\"@type\":\"ListItem\",\"position\":1,\"name\":\"In\u00edcio\",\"item\":\"https:\/\/portaltela.pt\/\"},{\"@type\":\"ListItem\",\"position\":2,\"name\":\"F1 altera motores at\u00e9 2031, substituindo V6 por V8 mais ruidosos\"}]},{\"@type\":\"WebSite\",\"@id\":\"https:\/\/portaltela.pt\/#website\",\"url\":\"https:\/\/portaltela.pt\/\",\"name\":\"Portal Tela Portugal\",\"description\":\"\",\"potentialAction\":[{\"@type\":\"SearchAction\",\"target\":{\"@type\":\"EntryPoint\",\"urlTemplate\":\"https:\/\/portaltela.pt\/?s={search_term_string}\"},\"query-input\":{\"@type\":\"PropertyValueSpecification\",\"valueRequired\":true,\"valueName\":\"search_term_string\"}}],\"inLanguage\":\"pt-PT\"},{\"@type\":\"Person\",\"@id\":\"https:\/\/portaltela.pt\/#\/schema\/person\/c4278d4a6028830caff9ee44b42d32ed\",\"name\":\"Telinha\",\"image\":{\"@type\":\"ImageObject\",\"inLanguage\":\"pt-PT\",\"@id\":\"https:\/\/portaltela.pt\/s.01k8rhncp4jt1\/2025\/11\/talking-bot-125x125.png\",\"url\":\"https:\/\/portaltela.pt\/s.01k8rhncp4jt1\/2025\/11\/talking-bot-125x125.png\",\"contentUrl\":\"https:\/\/portaltela.pt\/s.01k8rhncp4jt1\/2025\/11\/talking-bot-125x125.png\",\"caption\":\"Telinha\"},\"sameAs\":[\"https:\/\/portaltela.pt\/\"],\"url\":\"https:\/\/portaltela.pt\/por\/367410592786\/\"}]}<\/script>\n<!-- \/ Yoast SEO plugin. -->","yoast_head_json":{"title":"F1 altera motores at\u00e9 2031, substituindo V6 por V8 mais ruidosos - Portal Tela Portugal","robots":{"index":"index","follow":"follow","max-snippet":"max-snippet:-1","max-image-preview":"max-image-preview:large","max-video-preview":"max-video-preview:-1"},"og_locale":"pt_PT","og_type":"article","og_title":"F1 altera motores at\u00e9 2031, substituindo V6 por V8 mais ruidosos - Portal Tela Portugal","og_description":"A F\u00f3rmula 1 vai mudar dos atuais motores h\u00edbridos V6 para V8 mais ruidosos at\u00e9 2031, com poss\u00edvel implementa\u00e7\u00e3o j\u00e1 em 2030. O presidente da FIA, Mohammed Ben Sulayem, afirmou no Grande Pr\u00e9mio de Miami que a mudan\u00e7a \u00e9 inevit\u00e1vel e poder\u00e1 avan\u00e7ar antes de 2031. Caso haja aprova\u00e7\u00e3o at\u00e9 2030, a FIA poder\u00e1 faz\u00ea-lo sem nova vota\u00e7\u00e3o dos fabricantes de unidades de pot\u00eancia; caso contr\u00e1rio, a mudan\u00e7a fica formalizada em 2031. Os pilotos t\u00eam reclamado do regresso de recarga da bateria durante curvas r\u00e1pidas e as regras associadas tornaram-se mais complexas, com conceitos como \u201csuperclipping\u201d. No panorama atual, Mercedes usa quatro equipas, Ferrari tr\u00eas, Red Bull duas em parceria com a Ford, enquanto a General Motors prepara o motor da Cadillac; o V8 \u00e9 visto como op\u00e7\u00e3o vi\u00e1vel e popular.","og_url":"https:\/\/portaltela.pt\/noticias\/2026\/05\/03\/f1-altera-motores-ate-2031-substituindo-v6-por-v8-mais-ruidosos\/","og_site_name":"Portal Tela Portugal","article_published_time":"2026-05-03T11:47:57+00:00","author":"Telinha","twitter_card":"summary_large_image","twitter_misc":{"Escrito por":"Telinha","Tempo estimado de leitura":"2 minutos"},"schema":{"@context":"https:\/\/schema.org","@graph":[{"@type":"Article","@id":"https:\/\/portaltela.pt\/noticias\/2026\/05\/03\/f1-altera-motores-ate-2031-substituindo-v6-por-v8-mais-ruidosos\/#article","isPartOf":{"@id":"https:\/\/portaltela.pt\/noticias\/2026\/05\/03\/f1-altera-motores-ate-2031-substituindo-v6-por-v8-mais-ruidosos\/"},"author":{"name":"Telinha","@id":"https:\/\/portaltela.pt\/#\/schema\/person\/c4278d4a6028830caff9ee44b42d32ed"},"headline":"F1 altera motores at\u00e9 2031, substituindo V6 por V8 mais ruidosos","datePublished":"2026-05-03T11:47:57+00:00","mainEntityOfPage":{"@id":"https:\/\/portaltela.pt\/noticias\/2026\/05\/03\/f1-altera-motores-ate-2031-substituindo-v6-por-v8-mais-ruidosos\/"},"wordCount":382,"image":{"@id":"https:\/\/portaltela.pt\/noticias\/2026\/05\/03\/f1-altera-motores-ate-2031-substituindo-v6-por-v8-mais-ruidosos\/#primaryimage"},"thumbnailUrl":"https:\/\/portaltela.pt\/s.01k8rhncp4jt1\/2026\/05\/2085690.jpg","keywords":["_a aerodin\u00e2mica","_aeron\u00e1utica","_combust\u00edveis","_desporto","_energia","_F1"],"articleSection":["Desporto","Futebol"],"inLanguage":"pt-PT"},{"@type":"WebPage","@id":"https:\/\/portaltela.pt\/noticias\/2026\/05\/03\/f1-altera-motores-ate-2031-substituindo-v6-por-v8-mais-ruidosos\/","url":"https:\/\/portaltela.pt\/noticias\/2026\/05\/03\/f1-altera-motores-ate-2031-substituindo-v6-por-v8-mais-ruidosos\/","name":"F1 altera motores at\u00e9 2031, substituindo V6 por V8 mais ruidosos - Portal Tela Portugal","isPartOf":{"@id":"https:\/\/portaltela.pt\/#website"},"primaryImageOfPage":{"@id":"https:\/\/portaltela.pt\/noticias\/2026\/05\/03\/f1-altera-motores-ate-2031-substituindo-v6-por-v8-mais-ruidosos\/#primaryimage"},"image":{"@id":"https:\/\/portaltela.pt\/noticias\/2026\/05\/03\/f1-altera-motores-ate-2031-substituindo-v6-por-v8-mais-ruidosos\/#primaryimage"},"thumbnailUrl":"https:\/\/portaltela.pt\/s.01k8rhncp4jt1\/2026\/05\/2085690.jpg","datePublished":"2026-05-03T11:47:57+00:00","author":{"@id":"https:\/\/portaltela.pt\/#\/schema\/person\/c4278d4a6028830caff9ee44b42d32ed"},"breadcrumb":{"@id":"https:\/\/portaltela.pt\/noticias\/2026\/05\/03\/f1-altera-motores-ate-2031-substituindo-v6-por-v8-mais-ruidosos\/#breadcrumb"},"inLanguage":"pt-PT","potentialAction":[{"@type":"ReadAction","target":["https:\/\/portaltela.pt\/noticias\/2026\/05\/03\/f1-altera-motores-ate-2031-substituindo-v6-por-v8-mais-ruidosos\/"]}]},{"@type":"ImageObject","inLanguage":"pt-PT","@id":"https:\/\/portaltela.pt\/noticias\/2026\/05\/03\/f1-altera-motores-ate-2031-substituindo-v6-por-v8-mais-ruidosos\/#primaryimage","url":"https:\/\/portaltela.pt\/s.01k8rhncp4jt1\/2026\/05\/2085690.jpg","contentUrl":"https:\/\/portaltela.pt\/s.01k8rhncp4jt1\/2026\/05\/2085690.jpg","width":796,"height":448,"caption":"Pilotos de F\u00f3rmula 1 reclamaram das mudan\u00e7as de velocidade com novos motores"},{"@type":"BreadcrumbList","@id":"https:\/\/portaltela.pt\/noticias\/2026\/05\/03\/f1-altera-motores-ate-2031-substituindo-v6-por-v8-mais-ruidosos\/#breadcrumb","itemListElement":[{"@type":"ListItem","position":1,"name":"In\u00edcio","item":"https:\/\/portaltela.pt\/"},{"@type":"ListItem","position":2,"name":"F1 altera motores at\u00e9 2031, substituindo V6 por V8 mais ruidosos"}]},{"@type":"WebSite","@id":"https:\/\/portaltela.pt\/#website","url":"https:\/\/portaltela.pt\/","name":"Portal Tela Portugal","description":"","potentialAction":[{"@type":"SearchAction","target":{"@type":"EntryPoint","urlTemplate":"https:\/\/portaltela.pt\/?s={search_term_string}"},"query-input":{"@type":"PropertyValueSpecification","valueRequired":true,"valueName":"search_term_string"}}],"inLanguage":"pt-PT"},{"@type":"Person","@id":"https:\/\/portaltela.pt\/#\/schema\/person\/c4278d4a6028830caff9ee44b42d32ed","name":"Telinha","image":{"@type":"ImageObject","inLanguage":"pt-PT","@id":"https:\/\/portaltela.pt\/s.01k8rhncp4jt1\/2025\/11\/talking-bot-125x125.png","url":"https:\/\/portaltela.pt\/s.01k8rhncp4jt1\/2025\/11\/talking-bot-125x125.png","contentUrl":"https:\/\/portaltela.pt\/s.01k8rhncp4jt1\/2025\/11\/talking-bot-125x125.png","caption":"Telinha"},"sameAs":["https:\/\/portaltela.pt\/"],"url":"https:\/\/portaltela.pt\/por\/367410592786\/"}]}},"_links":{"self":[{"href":"https:\/\/portaltela.pt\/api\/wp\/v2\/posts\/465883","targetHints":{"allow":["GET"]}}],"collection":[{"href":"https:\/\/portaltela.pt\/api\/wp\/v2\/posts"}],"about":[{"href":"https:\/\/portaltela.pt\/api\/wp\/v2\/types\/post"}],"author":[{"embeddable":true,"href":"https:\/\/portaltela.pt\/api\/wp\/v2\/users\/2"}],"replies":[{"embeddable":true,"href":"https:\/\/portaltela.pt\/api\/wp\/v2\/comments?post=465883"}],"version-history":[{"count":0,"href":"https:\/\/portaltela.pt\/api\/wp\/v2\/posts\/465883\/revisions"}],"wp:featuredmedia":[{"embeddable":true,"href":"https:\/\/portaltela.pt\/api\/wp\/v2\/media\/465886"}],"wp:attachment":[{"href":"https:\/\/portaltela.pt\/api\/wp\/v2\/media?parent=465883"}],"wp:term":[{"taxonomy":"category","embeddable":true,"href":"https:\/\/portaltela.pt\/api\/wp\/v2\/categories?post=465883"},{"taxonomy":"post_tag","embeddable":true,"href":"https:\/\/portaltela.pt\/api\/wp\/v2\/tags?post=465883"}],"curies":[{"name":"wp","href":"https:\/\/api.w.org\/{rel}","templated":true}]}}