{"id":465880,"date":"2026-05-03T08:47:51","date_gmt":"2026-05-03T11:47:51","guid":{"rendered":"https:\/\/portaltela.pt\/noticias\/2026\/05\/03\/miguel-oliveira-fica-de-fora-da-segunda-corrida-hungara-por-lesao\/"},"modified":"2026-05-03T08:47:51","modified_gmt":"2026-05-03T11:47:51","slug":"miguel-oliveira-fica-de-fora-da-segunda-corrida-hungara-por-lesao","status":"publish","type":"post","link":"https:\/\/portaltela.pt\/desporto\/futebol\/2026\/05\/03\/miguel-oliveira-fica-de-fora-da-segunda-corrida-hungara-por-lesao\/","title":{"rendered":"Miguel Oliveira fica de fora da segunda corrida h\u00fangara por les\u00e3o"},"content":{"rendered":"<p>Miguel Oliveira fica afastado da segunda corrida h\u00fangara devido a uma les\u00e3o. A decis\u00e3o foi comunicada pela equipa, impossibilitando a participa\u00e7\u00e3o do piloto no evento realizado no Hungaroring.<\/p>\n<p>N\u00e3o foram avan\u00e7ados detalhes sobre a les\u00e3o nem uma previs\u00e3o de recupera\u00e7\u00e3o. A aus\u00eancia representa mais uma baixa de Oliveira numa ronda europeia desta temporada.<\/p>\n<p>O restante da equipa mant\u00e9m o programa da temporada e conta com outros pilotos para as sess\u00f5es qualificativas e a corrida, conforme o planeado pelos organizadores da prova.<\/p>\n","protected":false},"excerpt":{"rendered":"<ul>\n<li>Miguel Oliveira ficou afastado da segunda corrida h\u00fangara devido a les\u00e3o.<\/li>\n<li>O conte\u00fado completo da not\u00edcia est\u00e1 dispon\u00edvel apenas para subscritores.<\/li>\n<\/ul>\n","protected":false},"author":2,"featured_media":465881,"comment_status":"closed","ping_status":"closed","sticky":false,"template":"","format":"standard","meta":{"footnotes":""},"categories":[21,24],"tags":[9052,7902,7963,8526],"class_list":["post-465880","post","type-post","status-publish","format-standard","has-post-thumbnail","hentry","category-desporto","category-futebol","tag-_corridas-internacionais","tag-_desporto","tag-_hungria","tag-_lesoes"],"yoast_head":"<!-- This site is optimized with the Yoast SEO plugin v27.2 - https:\/\/yoast.com\/product\/yoast-seo-wordpress\/ -->\n<title>Miguel Oliveira fica de fora da segunda corrida h\u00fangara por les\u00e3o - Portal Tela Portugal<\/title>\n<meta name=\"robots\" content=\"index, follow, max-snippet:-1, max-image-preview:large, max-video-preview:-1\" \/>\n<meta property=\"og:locale\" content=\"pt_PT\" \/>\n<meta property=\"og:type\" content=\"article\" \/>\n<meta property=\"og:title\" content=\"Miguel Oliveira fica de fora da segunda corrida h\u00fangara por les\u00e3o - Portal Tela Portugal\" \/>\n<meta property=\"og:description\" content=\"Miguel Oliveira ficou afastado da segunda corrida h\u00fangara devido a les\u00e3o. O conte\u00fado completo da not\u00edcia est\u00e1 dispon\u00edvel apenas para subscritores.\" \/>\n<meta property=\"og:url\" content=\"https:\/\/portaltela.pt\/noticias\/2026\/05\/03\/miguel-oliveira-fica-de-fora-da-segunda-corrida-hungara-por-lesao\/\" \/>\n<meta property=\"og:site_name\" content=\"Portal Tela Portugal\" \/>\n<meta property=\"article:published_time\" content=\"2026-05-03T11:47:51+00:00\" \/>\n<meta name=\"author\" content=\"Telinha\" \/>\n<meta name=\"twitter:card\" content=\"summary_large_image\" \/>\n<meta name=\"twitter:label1\" content=\"Escrito por\" \/>\n\t<meta name=\"twitter:data1\" content=\"Telinha\" \/>\n<script type=\"application\/ld+json\" class=\"yoast-schema-graph\">{\"@context\":\"https:\/\/schema.org\",\"@graph\":[{\"@type\":\"Article\",\"@id\":\"https:\/\/portaltela.pt\/noticias\/2026\/05\/03\/miguel-oliveira-fica-de-fora-da-segunda-corrida-hungara-por-lesao\/#article\",\"isPartOf\":{\"@id\":\"https:\/\/portaltela.pt\/noticias\/2026\/05\/03\/miguel-oliveira-fica-de-fora-da-segunda-corrida-hungara-por-lesao\/\"},\"author\":{\"name\":\"Telinha\",\"@id\":\"https:\/\/portaltela.pt\/#\/schema\/person\/c4278d4a6028830caff9ee44b42d32ed\"},\"headline\":\"Miguel Oliveira fica de fora da segunda corrida h\u00fangara por les\u00e3o\",\"datePublished\":\"2026-05-03T11:47:51+00:00\",\"mainEntityOfPage\":{\"@id\":\"https:\/\/portaltela.pt\/noticias\/2026\/05\/03\/miguel-oliveira-fica-de-fora-da-segunda-corrida-hungara-por-lesao\/\"},\"wordCount\":106,\"image\":{\"@id\":\"https:\/\/portaltela.pt\/noticias\/2026\/05\/03\/miguel-oliveira-fica-de-fora-da-segunda-corrida-hungara-por-lesao\/#primaryimage\"},\"thumbnailUrl\":\"https:\/\/portaltela.pt\/s.01k8rhncp4jt1\/2026\/05\/CACHE_780X1200_ANALOG_WATERMARKED_46846950_11916035376197.jpg\",\"keywords\":[\"_corridas internacionais\",\"_desporto\",\"_Hungria\",\"_les\u00f5es\"],\"articleSection\":[\"Desporto\",\"Futebol\"],\"inLanguage\":\"pt-PT\"},{\"@type\":\"WebPage\",\"@id\":\"https:\/\/portaltela.pt\/noticias\/2026\/05\/03\/miguel-oliveira-fica-de-fora-da-segunda-corrida-hungara-por-lesao\/\",\"url\":\"https:\/\/portaltela.pt\/noticias\/2026\/05\/03\/miguel-oliveira-fica-de-fora-da-segunda-corrida-hungara-por-lesao\/\",\"name\":\"Miguel Oliveira fica de fora da segunda corrida h\u00fangara por les\u00e3o - Portal Tela Portugal\",\"isPartOf\":{\"@id\":\"https:\/\/portaltela.pt\/#website\"},\"primaryImageOfPage\":{\"@id\":\"https:\/\/portaltela.pt\/noticias\/2026\/05\/03\/miguel-oliveira-fica-de-fora-da-segunda-corrida-hungara-por-lesao\/#primaryimage\"},\"image\":{\"@id\":\"https:\/\/portaltela.pt\/noticias\/2026\/05\/03\/miguel-oliveira-fica-de-fora-da-segunda-corrida-hungara-por-lesao\/#primaryimage\"},\"thumbnailUrl\":\"https:\/\/portaltela.pt\/s.01k8rhncp4jt1\/2026\/05\/CACHE_780X1200_ANALOG_WATERMARKED_46846950_11916035376197.jpg\",\"datePublished\":\"2026-05-03T11:47:51+00:00\",\"author\":{\"@id\":\"https:\/\/portaltela.pt\/#\/schema\/person\/c4278d4a6028830caff9ee44b42d32ed\"},\"breadcrumb\":{\"@id\":\"https:\/\/portaltela.pt\/noticias\/2026\/05\/03\/miguel-oliveira-fica-de-fora-da-segunda-corrida-hungara-por-lesao\/#breadcrumb\"},\"inLanguage\":\"pt-PT\",\"potentialAction\":[{\"@type\":\"ReadAction\",\"target\":[\"https:\/\/portaltela.pt\/noticias\/2026\/05\/03\/miguel-oliveira-fica-de-fora-da-segunda-corrida-hungara-por-lesao\/\"]}]},{\"@type\":\"ImageObject\",\"inLanguage\":\"pt-PT\",\"@id\":\"https:\/\/portaltela.pt\/noticias\/2026\/05\/03\/miguel-oliveira-fica-de-fora-da-segunda-corrida-hungara-por-lesao\/#primaryimage\",\"url\":\"https:\/\/portaltela.pt\/s.01k8rhncp4jt1\/2026\/05\/CACHE_780X1200_ANALOG_WATERMARKED_46846950_11916035376197.jpg\",\"contentUrl\":\"https:\/\/portaltela.pt\/s.01k8rhncp4jt1\/2026\/05\/CACHE_780X1200_ANALOG_WATERMARKED_46846950_11916035376197.jpg\",\"width\":768,\"height\":512,\"caption\":\"Miguel Oliveira afastado da segunda corrida h\u00fangara devido a les\u00e3o\"},{\"@type\":\"BreadcrumbList\",\"@id\":\"https:\/\/portaltela.pt\/noticias\/2026\/05\/03\/miguel-oliveira-fica-de-fora-da-segunda-corrida-hungara-por-lesao\/#breadcrumb\",\"itemListElement\":[{\"@type\":\"ListItem\",\"position\":1,\"name\":\"In\u00edcio\",\"item\":\"https:\/\/portaltela.pt\/\"},{\"@type\":\"ListItem\",\"position\":2,\"name\":\"Miguel Oliveira fica de fora da segunda corrida h\u00fangara por les\u00e3o\"}]},{\"@type\":\"WebSite\",\"@id\":\"https:\/\/portaltela.pt\/#website\",\"url\":\"https:\/\/portaltela.pt\/\",\"name\":\"Portal Tela Portugal\",\"description\":\"\",\"potentialAction\":[{\"@type\":\"SearchAction\",\"target\":{\"@type\":\"EntryPoint\",\"urlTemplate\":\"https:\/\/portaltela.pt\/?s={search_term_string}\"},\"query-input\":{\"@type\":\"PropertyValueSpecification\",\"valueRequired\":true,\"valueName\":\"search_term_string\"}}],\"inLanguage\":\"pt-PT\"},{\"@type\":\"Person\",\"@id\":\"https:\/\/portaltela.pt\/#\/schema\/person\/c4278d4a6028830caff9ee44b42d32ed\",\"name\":\"Telinha\",\"image\":{\"@type\":\"ImageObject\",\"inLanguage\":\"pt-PT\",\"@id\":\"https:\/\/portaltela.pt\/s.01k8rhncp4jt1\/2025\/11\/talking-bot-125x125.png\",\"url\":\"https:\/\/portaltela.pt\/s.01k8rhncp4jt1\/2025\/11\/talking-bot-125x125.png\",\"contentUrl\":\"https:\/\/portaltela.pt\/s.01k8rhncp4jt1\/2025\/11\/talking-bot-125x125.png\",\"caption\":\"Telinha\"},\"sameAs\":[\"https:\/\/portaltela.pt\/\"],\"url\":\"https:\/\/portaltela.pt\/por\/367410592786\/\"}]}<\/script>\n<!-- \/ Yoast SEO plugin. -->","yoast_head_json":{"title":"Miguel Oliveira fica de fora da segunda corrida h\u00fangara por les\u00e3o - Portal Tela Portugal","robots":{"index":"index","follow":"follow","max-snippet":"max-snippet:-1","max-image-preview":"max-image-preview:large","max-video-preview":"max-video-preview:-1"},"og_locale":"pt_PT","og_type":"article","og_title":"Miguel Oliveira fica de fora da segunda corrida h\u00fangara por les\u00e3o - Portal Tela Portugal","og_description":"Miguel Oliveira ficou afastado da segunda corrida h\u00fangara devido a les\u00e3o. O conte\u00fado completo da not\u00edcia est\u00e1 dispon\u00edvel apenas para subscritores.","og_url":"https:\/\/portaltela.pt\/noticias\/2026\/05\/03\/miguel-oliveira-fica-de-fora-da-segunda-corrida-hungara-por-lesao\/","og_site_name":"Portal Tela Portugal","article_published_time":"2026-05-03T11:47:51+00:00","author":"Telinha","twitter_card":"summary_large_image","twitter_misc":{"Escrito por":"Telinha"},"schema":{"@context":"https:\/\/schema.org","@graph":[{"@type":"Article","@id":"https:\/\/portaltela.pt\/noticias\/2026\/05\/03\/miguel-oliveira-fica-de-fora-da-segunda-corrida-hungara-por-lesao\/#article","isPartOf":{"@id":"https:\/\/portaltela.pt\/noticias\/2026\/05\/03\/miguel-oliveira-fica-de-fora-da-segunda-corrida-hungara-por-lesao\/"},"author":{"name":"Telinha","@id":"https:\/\/portaltela.pt\/#\/schema\/person\/c4278d4a6028830caff9ee44b42d32ed"},"headline":"Miguel Oliveira fica de fora da segunda corrida h\u00fangara por les\u00e3o","datePublished":"2026-05-03T11:47:51+00:00","mainEntityOfPage":{"@id":"https:\/\/portaltela.pt\/noticias\/2026\/05\/03\/miguel-oliveira-fica-de-fora-da-segunda-corrida-hungara-por-lesao\/"},"wordCount":106,"image":{"@id":"https:\/\/portaltela.pt\/noticias\/2026\/05\/03\/miguel-oliveira-fica-de-fora-da-segunda-corrida-hungara-por-lesao\/#primaryimage"},"thumbnailUrl":"https:\/\/portaltela.pt\/s.01k8rhncp4jt1\/2026\/05\/CACHE_780X1200_ANALOG_WATERMARKED_46846950_11916035376197.jpg","keywords":["_corridas internacionais","_desporto","_Hungria","_les\u00f5es"],"articleSection":["Desporto","Futebol"],"inLanguage":"pt-PT"},{"@type":"WebPage","@id":"https:\/\/portaltela.pt\/noticias\/2026\/05\/03\/miguel-oliveira-fica-de-fora-da-segunda-corrida-hungara-por-lesao\/","url":"https:\/\/portaltela.pt\/noticias\/2026\/05\/03\/miguel-oliveira-fica-de-fora-da-segunda-corrida-hungara-por-lesao\/","name":"Miguel Oliveira fica de fora da segunda corrida h\u00fangara por les\u00e3o - Portal Tela Portugal","isPartOf":{"@id":"https:\/\/portaltela.pt\/#website"},"primaryImageOfPage":{"@id":"https:\/\/portaltela.pt\/noticias\/2026\/05\/03\/miguel-oliveira-fica-de-fora-da-segunda-corrida-hungara-por-lesao\/#primaryimage"},"image":{"@id":"https:\/\/portaltela.pt\/noticias\/2026\/05\/03\/miguel-oliveira-fica-de-fora-da-segunda-corrida-hungara-por-lesao\/#primaryimage"},"thumbnailUrl":"https:\/\/portaltela.pt\/s.01k8rhncp4jt1\/2026\/05\/CACHE_780X1200_ANALOG_WATERMARKED_46846950_11916035376197.jpg","datePublished":"2026-05-03T11:47:51+00:00","author":{"@id":"https:\/\/portaltela.pt\/#\/schema\/person\/c4278d4a6028830caff9ee44b42d32ed"},"breadcrumb":{"@id":"https:\/\/portaltela.pt\/noticias\/2026\/05\/03\/miguel-oliveira-fica-de-fora-da-segunda-corrida-hungara-por-lesao\/#breadcrumb"},"inLanguage":"pt-PT","potentialAction":[{"@type":"ReadAction","target":["https:\/\/portaltela.pt\/noticias\/2026\/05\/03\/miguel-oliveira-fica-de-fora-da-segunda-corrida-hungara-por-lesao\/"]}]},{"@type":"ImageObject","inLanguage":"pt-PT","@id":"https:\/\/portaltela.pt\/noticias\/2026\/05\/03\/miguel-oliveira-fica-de-fora-da-segunda-corrida-hungara-por-lesao\/#primaryimage","url":"https:\/\/portaltela.pt\/s.01k8rhncp4jt1\/2026\/05\/CACHE_780X1200_ANALOG_WATERMARKED_46846950_11916035376197.jpg","contentUrl":"https:\/\/portaltela.pt\/s.01k8rhncp4jt1\/2026\/05\/CACHE_780X1200_ANALOG_WATERMARKED_46846950_11916035376197.jpg","width":768,"height":512,"caption":"Miguel Oliveira afastado da segunda corrida h\u00fangara devido a les\u00e3o"},{"@type":"BreadcrumbList","@id":"https:\/\/portaltela.pt\/noticias\/2026\/05\/03\/miguel-oliveira-fica-de-fora-da-segunda-corrida-hungara-por-lesao\/#breadcrumb","itemListElement":[{"@type":"ListItem","position":1,"name":"In\u00edcio","item":"https:\/\/portaltela.pt\/"},{"@type":"ListItem","position":2,"name":"Miguel Oliveira fica de fora da segunda corrida h\u00fangara por les\u00e3o"}]},{"@type":"WebSite","@id":"https:\/\/portaltela.pt\/#website","url":"https:\/\/portaltela.pt\/","name":"Portal Tela Portugal","description":"","potentialAction":[{"@type":"SearchAction","target":{"@type":"EntryPoint","urlTemplate":"https:\/\/portaltela.pt\/?s={search_term_string}"},"query-input":{"@type":"PropertyValueSpecification","valueRequired":true,"valueName":"search_term_string"}}],"inLanguage":"pt-PT"},{"@type":"Person","@id":"https:\/\/portaltela.pt\/#\/schema\/person\/c4278d4a6028830caff9ee44b42d32ed","name":"Telinha","image":{"@type":"ImageObject","inLanguage":"pt-PT","@id":"https:\/\/portaltela.pt\/s.01k8rhncp4jt1\/2025\/11\/talking-bot-125x125.png","url":"https:\/\/portaltela.pt\/s.01k8rhncp4jt1\/2025\/11\/talking-bot-125x125.png","contentUrl":"https:\/\/portaltela.pt\/s.01k8rhncp4jt1\/2025\/11\/talking-bot-125x125.png","caption":"Telinha"},"sameAs":["https:\/\/portaltela.pt\/"],"url":"https:\/\/portaltela.pt\/por\/367410592786\/"}]}},"_links":{"self":[{"href":"https:\/\/portaltela.pt\/api\/wp\/v2\/posts\/465880","targetHints":{"allow":["GET"]}}],"collection":[{"href":"https:\/\/portaltela.pt\/api\/wp\/v2\/posts"}],"about":[{"href":"https:\/\/portaltela.pt\/api\/wp\/v2\/types\/post"}],"author":[{"embeddable":true,"href":"https:\/\/portaltela.pt\/api\/wp\/v2\/users\/2"}],"replies":[{"embeddable":true,"href":"https:\/\/portaltela.pt\/api\/wp\/v2\/comments?post=465880"}],"version-history":[{"count":0,"href":"https:\/\/portaltela.pt\/api\/wp\/v2\/posts\/465880\/revisions"}],"wp:featuredmedia":[{"embeddable":true,"href":"https:\/\/portaltela.pt\/api\/wp\/v2\/media\/465881"}],"wp:attachment":[{"href":"https:\/\/portaltela.pt\/api\/wp\/v2\/media?parent=465880"}],"wp:term":[{"taxonomy":"category","embeddable":true,"href":"https:\/\/portaltela.pt\/api\/wp\/v2\/categories?post=465880"},{"taxonomy":"post_tag","embeddable":true,"href":"https:\/\/portaltela.pt\/api\/wp\/v2\/tags?post=465880"}],"curies":[{"name":"wp","href":"https:\/\/api.w.org\/{rel}","templated":true}]}}