{"id":465878,"date":"2026-05-03T08:47:48","date_gmt":"2026-05-03T11:47:48","guid":{"rendered":"https:\/\/portaltela.pt\/noticias\/2026\/05\/03\/fc-porto-celebra-titulo-com-cantos-euforia-e-pirotecnia-no-dragao\/"},"modified":"2026-05-03T08:47:48","modified_gmt":"2026-05-03T11:47:48","slug":"fc-porto-celebra-titulo-com-cantos-euforia-e-pirotecnia-no-dragao","status":"publish","type":"post","link":"https:\/\/portaltela.pt\/desporto\/futebol\/2026\/05\/03\/fc-porto-celebra-titulo-com-cantos-euforia-e-pirotecnia-no-dragao\/","title":{"rendered":"FC Porto celebra t\u00edtulo com cantos, euforia e pirotecnia no Drag\u00e3o"},"content":{"rendered":"<p>O FC Porto sagrou-se campe\u00e3o nacional no Est\u00e1dio do Drag\u00e3o, numa celebra\u00e7\u00e3o que come\u00e7ou antes do apito inicial e seguiu ao longo dos 90 minutos, estendendo-se pela noite. Milhares de adeptos acompanharam a equipa azul e branca, que entrou em campo com triunfo j\u00e1 antecipado pela massa adepta.<\/p>\n<p>Os festejos contaram com a rece\u00e7\u00e3o ao autocarro da equipa, sob fumos azuis e foguetes, enquanto o p\u00fablico prestava homenagem aos jogadores. O ambiente manteve-se elevado \u00e0 medida que o resultado apontava para a confirma\u00e7\u00e3o do t\u00edtulo.<\/p>\n<h3>Celebra\u00e7\u00f5es no Drag\u00e3o<\/h3>\n<p>A noite ficou marcada pela ova\u00e7\u00e3o aos jogadores e pela entrada em campo dos atletas pela ordem das camisolas. O foco recaiu especialmente sobre o treinador Francesco Farioli, que celebrou o t\u00edtulo j\u00e1 na sua primeira \u00e9poca pela equipa, reconhecendo a uni\u00e3o criada entre clube e adeptos.<\/p>\n<p>O t\u00e9cnico italiano descreveu a equipa como uma verdadeira fam\u00edlia portista, destacando a coes\u00e3o entre plantel e apoio popular. A festa prolongou-se pela cidade, com a promessa de uma segunda fase, que inclui a entrega do trof\u00e9u e uma visita \u00e0 C\u00e2mara Municipal do Porto no dia 16 de maio.<\/p>\n","protected":false},"excerpt":{"rendered":"<ul>\n<li>O FC Porto celebrou o t\u00edtulo nacional no Est\u00e1dio do Drag\u00e3o, com milhares de adeptos a receberem a equipa ao autocarro, sob fumos azuis e foguetes.<\/li>\n<li>O festejo decorreu durante os 90 minutos e prolongou-se pela noite, com a confirma\u00e7\u00e3o do t\u00edtulo a aumentar a euforia ap\u00f3s o apito final.<\/li>\n<li>A multid\u00e3o ocupou as ruas da Alameda, numa onda azul e branca que invadiu o Drag\u00e3o ao longo da noite.<\/li>\n<li>Francesco Farioli, treinador italiano, celebrou o campeonato na primeira \u00e9poca \u00e0 frente da equipa e cunhou o termo &#8220;famiglia portista&#8221; para descrever a uni\u00e3o entre adeptos e jogadores.<\/li>\n<li>A entrega do trof\u00e9u e a visita \u00e0 varanda da C\u00e2mara Municipal do Porto ficam para o dia 16 de maio.<\/li>\n<\/ul>\n","protected":false},"author":2,"featured_media":465879,"comment_status":"closed","ping_status":"closed","sticky":false,"template":"","format":"standard","meta":{"footnotes":""},"categories":[21,24],"tags":[4143,2028,32,982,6919,1014],"class_list":["post-465878","post","type-post","status-publish","format-standard","has-post-thumbnail","hentry","category-desporto","category-futebol","tag-1-liga","tag-fc-porto","tag-futebol","tag-porto","tag-porto-sad","tag-portugal"],"yoast_head":"<!-- This site is optimized with the Yoast SEO plugin v27.2 - https:\/\/yoast.com\/product\/yoast-seo-wordpress\/ -->\n<title>FC Porto celebra t\u00edtulo com cantos, euforia e pirotecnia no Drag\u00e3o - Portal Tela Portugal<\/title>\n<meta name=\"robots\" content=\"index, follow, max-snippet:-1, max-image-preview:large, max-video-preview:-1\" \/>\n<meta property=\"og:locale\" content=\"pt_PT\" \/>\n<meta property=\"og:type\" content=\"article\" \/>\n<meta property=\"og:title\" content=\"FC Porto celebra t\u00edtulo com cantos, euforia e pirotecnia no Drag\u00e3o - Portal Tela Portugal\" \/>\n<meta property=\"og:description\" content=\"O FC Porto celebrou o t\u00edtulo nacional no Est\u00e1dio do Drag\u00e3o, com milhares de adeptos a receberem a equipa ao autocarro, sob fumos azuis e foguetes. O festejo decorreu durante os 90 minutos e prolongou-se pela noite, com a confirma\u00e7\u00e3o do t\u00edtulo a aumentar a euforia ap\u00f3s o apito final. A multid\u00e3o ocupou as ruas da Alameda, numa onda azul e branca que invadiu o Drag\u00e3o ao longo da noite. Francesco Farioli, treinador italiano, celebrou o campeonato na primeira \u00e9poca \u00e0 frente da equipa e cunhou o termo &quot;famiglia portista&quot; para descrever a uni\u00e3o entre adeptos e jogadores. A entrega do trof\u00e9u e a visita \u00e0 varanda da C\u00e2mara Municipal do Porto ficam para o dia 16 de maio.\" \/>\n<meta property=\"og:url\" content=\"https:\/\/portaltela.pt\/noticias\/2026\/05\/03\/fc-porto-celebra-titulo-com-cantos-euforia-e-pirotecnia-no-dragao\/\" \/>\n<meta property=\"og:site_name\" content=\"Portal Tela Portugal\" \/>\n<meta property=\"article:published_time\" content=\"2026-05-03T11:47:48+00:00\" \/>\n<meta name=\"author\" content=\"Telinha\" \/>\n<meta name=\"twitter:card\" content=\"summary_large_image\" \/>\n<meta name=\"twitter:label1\" content=\"Escrito por\" \/>\n\t<meta name=\"twitter:data1\" content=\"Telinha\" \/>\n\t<meta name=\"twitter:label2\" content=\"Tempo estimado de leitura\" \/>\n\t<meta name=\"twitter:data2\" content=\"1 minuto\" \/>\n<script type=\"application\/ld+json\" class=\"yoast-schema-graph\">{\"@context\":\"https:\/\/schema.org\",\"@graph\":[{\"@type\":\"Article\",\"@id\":\"https:\/\/portaltela.pt\/noticias\/2026\/05\/03\/fc-porto-celebra-titulo-com-cantos-euforia-e-pirotecnia-no-dragao\/#article\",\"isPartOf\":{\"@id\":\"https:\/\/portaltela.pt\/noticias\/2026\/05\/03\/fc-porto-celebra-titulo-com-cantos-euforia-e-pirotecnia-no-dragao\/\"},\"author\":{\"name\":\"Telinha\",\"@id\":\"https:\/\/portaltela.pt\/#\/schema\/person\/c4278d4a6028830caff9ee44b42d32ed\"},\"headline\":\"FC Porto celebra t\u00edtulo com cantos, euforia e pirotecnia no Drag\u00e3o\",\"datePublished\":\"2026-05-03T11:47:48+00:00\",\"mainEntityOfPage\":{\"@id\":\"https:\/\/portaltela.pt\/noticias\/2026\/05\/03\/fc-porto-celebra-titulo-com-cantos-euforia-e-pirotecnia-no-dragao\/\"},\"wordCount\":213,\"image\":{\"@id\":\"https:\/\/portaltela.pt\/noticias\/2026\/05\/03\/fc-porto-celebra-titulo-com-cantos-euforia-e-pirotecnia-no-dragao\/#primaryimage\"},\"thumbnailUrl\":\"https:\/\/portaltela.pt\/s.01k8rhncp4jt1\/2026\/05\/822710.jpg\",\"keywords\":[\"1. Liga\",\"FC Porto\",\"futebol\",\"Porto\",\"Porto SAD\",\"Portugal\"],\"articleSection\":[\"Desporto\",\"Futebol\"],\"inLanguage\":\"pt-PT\"},{\"@type\":\"WebPage\",\"@id\":\"https:\/\/portaltela.pt\/noticias\/2026\/05\/03\/fc-porto-celebra-titulo-com-cantos-euforia-e-pirotecnia-no-dragao\/\",\"url\":\"https:\/\/portaltela.pt\/noticias\/2026\/05\/03\/fc-porto-celebra-titulo-com-cantos-euforia-e-pirotecnia-no-dragao\/\",\"name\":\"FC Porto celebra t\u00edtulo com cantos, euforia e pirotecnia no Drag\u00e3o - Portal Tela Portugal\",\"isPartOf\":{\"@id\":\"https:\/\/portaltela.pt\/#website\"},\"primaryImageOfPage\":{\"@id\":\"https:\/\/portaltela.pt\/noticias\/2026\/05\/03\/fc-porto-celebra-titulo-com-cantos-euforia-e-pirotecnia-no-dragao\/#primaryimage\"},\"image\":{\"@id\":\"https:\/\/portaltela.pt\/noticias\/2026\/05\/03\/fc-porto-celebra-titulo-com-cantos-euforia-e-pirotecnia-no-dragao\/#primaryimage\"},\"thumbnailUrl\":\"https:\/\/portaltela.pt\/s.01k8rhncp4jt1\/2026\/05\/822710.jpg\",\"datePublished\":\"2026-05-03T11:47:48+00:00\",\"author\":{\"@id\":\"https:\/\/portaltela.pt\/#\/schema\/person\/c4278d4a6028830caff9ee44b42d32ed\"},\"breadcrumb\":{\"@id\":\"https:\/\/portaltela.pt\/noticias\/2026\/05\/03\/fc-porto-celebra-titulo-com-cantos-euforia-e-pirotecnia-no-dragao\/#breadcrumb\"},\"inLanguage\":\"pt-PT\",\"potentialAction\":[{\"@type\":\"ReadAction\",\"target\":[\"https:\/\/portaltela.pt\/noticias\/2026\/05\/03\/fc-porto-celebra-titulo-com-cantos-euforia-e-pirotecnia-no-dragao\/\"]}]},{\"@type\":\"ImageObject\",\"inLanguage\":\"pt-PT\",\"@id\":\"https:\/\/portaltela.pt\/noticias\/2026\/05\/03\/fc-porto-celebra-titulo-com-cantos-euforia-e-pirotecnia-no-dragao\/#primaryimage\",\"url\":\"https:\/\/portaltela.pt\/s.01k8rhncp4jt1\/2026\/05\/822710.jpg\",\"contentUrl\":\"https:\/\/portaltela.pt\/s.01k8rhncp4jt1\/2026\/05\/822710.jpg\",\"width\":796,\"height\":448,\"caption\":\"Farioli levou o \\\"banho\\\" tradicional na confer\u00eancia de imprensa\"},{\"@type\":\"BreadcrumbList\",\"@id\":\"https:\/\/portaltela.pt\/noticias\/2026\/05\/03\/fc-porto-celebra-titulo-com-cantos-euforia-e-pirotecnia-no-dragao\/#breadcrumb\",\"itemListElement\":[{\"@type\":\"ListItem\",\"position\":1,\"name\":\"In\u00edcio\",\"item\":\"https:\/\/portaltela.pt\/\"},{\"@type\":\"ListItem\",\"position\":2,\"name\":\"FC Porto celebra t\u00edtulo com cantos, euforia e pirotecnia no Drag\u00e3o\"}]},{\"@type\":\"WebSite\",\"@id\":\"https:\/\/portaltela.pt\/#website\",\"url\":\"https:\/\/portaltela.pt\/\",\"name\":\"Portal Tela Portugal\",\"description\":\"\",\"potentialAction\":[{\"@type\":\"SearchAction\",\"target\":{\"@type\":\"EntryPoint\",\"urlTemplate\":\"https:\/\/portaltela.pt\/?s={search_term_string}\"},\"query-input\":{\"@type\":\"PropertyValueSpecification\",\"valueRequired\":true,\"valueName\":\"search_term_string\"}}],\"inLanguage\":\"pt-PT\"},{\"@type\":\"Person\",\"@id\":\"https:\/\/portaltela.pt\/#\/schema\/person\/c4278d4a6028830caff9ee44b42d32ed\",\"name\":\"Telinha\",\"image\":{\"@type\":\"ImageObject\",\"inLanguage\":\"pt-PT\",\"@id\":\"https:\/\/portaltela.pt\/s.01k8rhncp4jt1\/2025\/11\/talking-bot-125x125.png\",\"url\":\"https:\/\/portaltela.pt\/s.01k8rhncp4jt1\/2025\/11\/talking-bot-125x125.png\",\"contentUrl\":\"https:\/\/portaltela.pt\/s.01k8rhncp4jt1\/2025\/11\/talking-bot-125x125.png\",\"caption\":\"Telinha\"},\"sameAs\":[\"https:\/\/portaltela.pt\/\"],\"url\":\"https:\/\/portaltela.pt\/por\/367410592786\/\"}]}<\/script>\n<!-- \/ Yoast SEO plugin. -->","yoast_head_json":{"title":"FC Porto celebra t\u00edtulo com cantos, euforia e pirotecnia no Drag\u00e3o - Portal Tela Portugal","robots":{"index":"index","follow":"follow","max-snippet":"max-snippet:-1","max-image-preview":"max-image-preview:large","max-video-preview":"max-video-preview:-1"},"og_locale":"pt_PT","og_type":"article","og_title":"FC Porto celebra t\u00edtulo com cantos, euforia e pirotecnia no Drag\u00e3o - Portal Tela Portugal","og_description":"O FC Porto celebrou o t\u00edtulo nacional no Est\u00e1dio do Drag\u00e3o, com milhares de adeptos a receberem a equipa ao autocarro, sob fumos azuis e foguetes. O festejo decorreu durante os 90 minutos e prolongou-se pela noite, com a confirma\u00e7\u00e3o do t\u00edtulo a aumentar a euforia ap\u00f3s o apito final. A multid\u00e3o ocupou as ruas da Alameda, numa onda azul e branca que invadiu o Drag\u00e3o ao longo da noite. Francesco Farioli, treinador italiano, celebrou o campeonato na primeira \u00e9poca \u00e0 frente da equipa e cunhou o termo \"famiglia portista\" para descrever a uni\u00e3o entre adeptos e jogadores. A entrega do trof\u00e9u e a visita \u00e0 varanda da C\u00e2mara Municipal do Porto ficam para o dia 16 de maio.","og_url":"https:\/\/portaltela.pt\/noticias\/2026\/05\/03\/fc-porto-celebra-titulo-com-cantos-euforia-e-pirotecnia-no-dragao\/","og_site_name":"Portal Tela Portugal","article_published_time":"2026-05-03T11:47:48+00:00","author":"Telinha","twitter_card":"summary_large_image","twitter_misc":{"Escrito por":"Telinha","Tempo estimado de leitura":"1 minuto"},"schema":{"@context":"https:\/\/schema.org","@graph":[{"@type":"Article","@id":"https:\/\/portaltela.pt\/noticias\/2026\/05\/03\/fc-porto-celebra-titulo-com-cantos-euforia-e-pirotecnia-no-dragao\/#article","isPartOf":{"@id":"https:\/\/portaltela.pt\/noticias\/2026\/05\/03\/fc-porto-celebra-titulo-com-cantos-euforia-e-pirotecnia-no-dragao\/"},"author":{"name":"Telinha","@id":"https:\/\/portaltela.pt\/#\/schema\/person\/c4278d4a6028830caff9ee44b42d32ed"},"headline":"FC Porto celebra t\u00edtulo com cantos, euforia e pirotecnia no Drag\u00e3o","datePublished":"2026-05-03T11:47:48+00:00","mainEntityOfPage":{"@id":"https:\/\/portaltela.pt\/noticias\/2026\/05\/03\/fc-porto-celebra-titulo-com-cantos-euforia-e-pirotecnia-no-dragao\/"},"wordCount":213,"image":{"@id":"https:\/\/portaltela.pt\/noticias\/2026\/05\/03\/fc-porto-celebra-titulo-com-cantos-euforia-e-pirotecnia-no-dragao\/#primaryimage"},"thumbnailUrl":"https:\/\/portaltela.pt\/s.01k8rhncp4jt1\/2026\/05\/822710.jpg","keywords":["1. Liga","FC Porto","futebol","Porto","Porto SAD","Portugal"],"articleSection":["Desporto","Futebol"],"inLanguage":"pt-PT"},{"@type":"WebPage","@id":"https:\/\/portaltela.pt\/noticias\/2026\/05\/03\/fc-porto-celebra-titulo-com-cantos-euforia-e-pirotecnia-no-dragao\/","url":"https:\/\/portaltela.pt\/noticias\/2026\/05\/03\/fc-porto-celebra-titulo-com-cantos-euforia-e-pirotecnia-no-dragao\/","name":"FC Porto celebra t\u00edtulo com cantos, euforia e pirotecnia no Drag\u00e3o - Portal Tela Portugal","isPartOf":{"@id":"https:\/\/portaltela.pt\/#website"},"primaryImageOfPage":{"@id":"https:\/\/portaltela.pt\/noticias\/2026\/05\/03\/fc-porto-celebra-titulo-com-cantos-euforia-e-pirotecnia-no-dragao\/#primaryimage"},"image":{"@id":"https:\/\/portaltela.pt\/noticias\/2026\/05\/03\/fc-porto-celebra-titulo-com-cantos-euforia-e-pirotecnia-no-dragao\/#primaryimage"},"thumbnailUrl":"https:\/\/portaltela.pt\/s.01k8rhncp4jt1\/2026\/05\/822710.jpg","datePublished":"2026-05-03T11:47:48+00:00","author":{"@id":"https:\/\/portaltela.pt\/#\/schema\/person\/c4278d4a6028830caff9ee44b42d32ed"},"breadcrumb":{"@id":"https:\/\/portaltela.pt\/noticias\/2026\/05\/03\/fc-porto-celebra-titulo-com-cantos-euforia-e-pirotecnia-no-dragao\/#breadcrumb"},"inLanguage":"pt-PT","potentialAction":[{"@type":"ReadAction","target":["https:\/\/portaltela.pt\/noticias\/2026\/05\/03\/fc-porto-celebra-titulo-com-cantos-euforia-e-pirotecnia-no-dragao\/"]}]},{"@type":"ImageObject","inLanguage":"pt-PT","@id":"https:\/\/portaltela.pt\/noticias\/2026\/05\/03\/fc-porto-celebra-titulo-com-cantos-euforia-e-pirotecnia-no-dragao\/#primaryimage","url":"https:\/\/portaltela.pt\/s.01k8rhncp4jt1\/2026\/05\/822710.jpg","contentUrl":"https:\/\/portaltela.pt\/s.01k8rhncp4jt1\/2026\/05\/822710.jpg","width":796,"height":448,"caption":"Farioli levou o \"banho\" tradicional na confer\u00eancia de imprensa"},{"@type":"BreadcrumbList","@id":"https:\/\/portaltela.pt\/noticias\/2026\/05\/03\/fc-porto-celebra-titulo-com-cantos-euforia-e-pirotecnia-no-dragao\/#breadcrumb","itemListElement":[{"@type":"ListItem","position":1,"name":"In\u00edcio","item":"https:\/\/portaltela.pt\/"},{"@type":"ListItem","position":2,"name":"FC Porto celebra t\u00edtulo com cantos, euforia e pirotecnia no Drag\u00e3o"}]},{"@type":"WebSite","@id":"https:\/\/portaltela.pt\/#website","url":"https:\/\/portaltela.pt\/","name":"Portal Tela Portugal","description":"","potentialAction":[{"@type":"SearchAction","target":{"@type":"EntryPoint","urlTemplate":"https:\/\/portaltela.pt\/?s={search_term_string}"},"query-input":{"@type":"PropertyValueSpecification","valueRequired":true,"valueName":"search_term_string"}}],"inLanguage":"pt-PT"},{"@type":"Person","@id":"https:\/\/portaltela.pt\/#\/schema\/person\/c4278d4a6028830caff9ee44b42d32ed","name":"Telinha","image":{"@type":"ImageObject","inLanguage":"pt-PT","@id":"https:\/\/portaltela.pt\/s.01k8rhncp4jt1\/2025\/11\/talking-bot-125x125.png","url":"https:\/\/portaltela.pt\/s.01k8rhncp4jt1\/2025\/11\/talking-bot-125x125.png","contentUrl":"https:\/\/portaltela.pt\/s.01k8rhncp4jt1\/2025\/11\/talking-bot-125x125.png","caption":"Telinha"},"sameAs":["https:\/\/portaltela.pt\/"],"url":"https:\/\/portaltela.pt\/por\/367410592786\/"}]}},"_links":{"self":[{"href":"https:\/\/portaltela.pt\/api\/wp\/v2\/posts\/465878","targetHints":{"allow":["GET"]}}],"collection":[{"href":"https:\/\/portaltela.pt\/api\/wp\/v2\/posts"}],"about":[{"href":"https:\/\/portaltela.pt\/api\/wp\/v2\/types\/post"}],"author":[{"embeddable":true,"href":"https:\/\/portaltela.pt\/api\/wp\/v2\/users\/2"}],"replies":[{"embeddable":true,"href":"https:\/\/portaltela.pt\/api\/wp\/v2\/comments?post=465878"}],"version-history":[{"count":0,"href":"https:\/\/portaltela.pt\/api\/wp\/v2\/posts\/465878\/revisions"}],"wp:featuredmedia":[{"embeddable":true,"href":"https:\/\/portaltela.pt\/api\/wp\/v2\/media\/465879"}],"wp:attachment":[{"href":"https:\/\/portaltela.pt\/api\/wp\/v2\/media?parent=465878"}],"wp:term":[{"taxonomy":"category","embeddable":true,"href":"https:\/\/portaltela.pt\/api\/wp\/v2\/categories?post=465878"},{"taxonomy":"post_tag","embeddable":true,"href":"https:\/\/portaltela.pt\/api\/wp\/v2\/tags?post=465878"}],"curies":[{"name":"wp","href":"https:\/\/api.w.org\/{rel}","templated":true}]}}