{"id":465845,"date":"2026-05-03T08:03:12","date_gmt":"2026-05-03T11:03:12","guid":{"rendered":"https:\/\/portaltela.pt\/noticias\/2026\/05\/03\/autoridades-abatem-homem-que-esfaqueou-tres-em-nova-iorque\/"},"modified":"2026-05-03T08:03:12","modified_gmt":"2026-05-03T11:03:12","slug":"autoridades-abatem-homem-que-esfaqueou-tres-em-nova-iorque","status":"publish","type":"post","link":"https:\/\/portaltela.pt\/policia\/2026\/05\/03\/autoridades-abatem-homem-que-esfaqueou-tres-em-nova-iorque\/","title":{"rendered":"Autoridades abatem homem que esfaqueou tr\u00eas em Nova Iorque"},"content":{"rendered":"<p>Na manh\u00e3 de ontem, autoridades de Nova Iorque dispararam contra um homem que esfaqueou tr\u00eas pessoas na esta\u00e7\u00e3o Grand Central, em Nova Iorque. O suspeito, armado com um machete, foi neutralizado ap\u00f3s troca de tiros com a pol\u00edcia.<\/p>\n<p>As imagens das c\u00e2maras corporais da pol\u00edcia mostram agentes a aproximarem-se do homem e a dispararem v\u00e1rias vezes. O suspeito caiu ao ch\u00e3o; param\u00e9dicos prestaram assist\u00eancia imediata.<\/p>\n<p>As v\u00edtimas foram encaminhadas ao hospital e apresentam estado grave. A pol\u00edcia informou que o suspeito tem hist\u00f3rico de problemas mentais e que a a\u00e7\u00e3o parece ter sido um ataque aleat\u00f3rio. A investiga\u00e7\u00e3o segue em curso.<\/p>\n<h3>Imagens de c\u00e2maras corporais<\/h3>\n<p>As autoridades analisam as grava\u00e7\u00f5es para entender as circunst\u00e2ncias do incidente. O governador Andrew Cuomo elogiou a interven\u00e7\u00e3o r\u00e1pida dos agentes e sublinhou a utilidade das c\u00e2maras para a transpar\u00eancia.<\/p>\n<h3>Medidas de seguran\u00e7a e contexto<\/h3>\n<p>A cidade mant\u00e9m refor\u00e7os de seguran\u00e7a em locais p\u00fablicos, numa altura em que t\u00eam ocorrido ataques em outras cidades americanas. As autoridades apelam \u00e0 calma e \u00e0 coopera\u00e7\u00e3o da popula\u00e7\u00e3o.<\/p>\n","protected":false},"excerpt":{"rendered":"<ul>\n<li>Autoridades de Nova Iorque dispararam contra um homem que esfaqueou tr\u00eas pessoas na esta\u00e7\u00e3o de Grand Central, em Nova Iorque, alegadamente armado com um machete.<\/li>\n<li>Imagens de c\u00e2maras corporais divulgadas pela pol\u00edcia mostram os agentes a disparar, o suspeito cai ao ch\u00e3o e \u00e9 assistido pelos param\u00e9dicos.<\/li>\n<li>As v\u00edtimas foram encaminhadas para o hospital e permanecem em estado grave; a pol\u00edcia n\u00e3o divulgou o estado de cada uma.<\/li>\n<li>o suspeito tem historial de problemas mentais, segundo as autoridades, e a investiga\u00e7\u00e3o continua para apurar as circunst\u00e2ncias do ataque.<\/li>\n<li>o governador Andrew Cuomo elogiou a interven\u00e7\u00e3o r\u00e1pida e destacou a import\u00e2ncia das c\u00e2maras corporais para a transpar\u00eancia das for\u00e7as de seguran\u00e7a.<\/li>\n<\/ul>\n","protected":false},"author":2,"featured_media":465849,"comment_status":"closed","ping_status":"closed","sticky":false,"template":"","format":"standard","meta":{"footnotes":""},"categories":[6907,6781],"tags":[5267,147,7537,3418,4536,939],"class_list":["post-465845","post","type-post","status-publish","format-standard","has-post-thumbnail","hentry","category-crime","category-policia","tag-ataques","tag-crime","tag-nova-york","tag-policia-de-seguranca-publica","tag-seguranca","tag-violencia"],"yoast_head":"<!-- This site is optimized with the Yoast SEO plugin v27.2 - https:\/\/yoast.com\/product\/yoast-seo-wordpress\/ -->\n<title>Autoridades abatem homem que esfaqueou tr\u00eas em Nova Iorque - Portal Tela Portugal<\/title>\n<meta name=\"robots\" content=\"index, follow, max-snippet:-1, max-image-preview:large, max-video-preview:-1\" \/>\n<meta property=\"og:locale\" content=\"pt_PT\" \/>\n<meta property=\"og:type\" content=\"article\" \/>\n<meta property=\"og:title\" content=\"Autoridades abatem homem que esfaqueou tr\u00eas em Nova Iorque - Portal Tela Portugal\" \/>\n<meta property=\"og:description\" content=\"Autoridades de Nova Iorque dispararam contra um homem que esfaqueou tr\u00eas pessoas na esta\u00e7\u00e3o de Grand Central, em Nova Iorque, alegadamente armado com um machete. Imagens de c\u00e2maras corporais divulgadas pela pol\u00edcia mostram os agentes a disparar, o suspeito cai ao ch\u00e3o e \u00e9 assistido pelos param\u00e9dicos. As v\u00edtimas foram encaminhadas para o hospital e permanecem em estado grave; a pol\u00edcia n\u00e3o divulgou o estado de cada uma. o suspeito tem historial de problemas mentais, segundo as autoridades, e a investiga\u00e7\u00e3o continua para apurar as circunst\u00e2ncias do ataque. o governador Andrew Cuomo elogiou a interven\u00e7\u00e3o r\u00e1pida e destacou a import\u00e2ncia das c\u00e2maras corporais para a transpar\u00eancia das for\u00e7as de seguran\u00e7a.\" \/>\n<meta property=\"og:url\" content=\"https:\/\/portaltela.pt\/noticias\/2026\/05\/03\/autoridades-abatem-homem-que-esfaqueou-tres-em-nova-iorque\/\" \/>\n<meta property=\"og:site_name\" content=\"Portal Tela Portugal\" \/>\n<meta property=\"article:published_time\" content=\"2026-05-03T11:03:12+00:00\" \/>\n<meta name=\"author\" content=\"Telinha\" \/>\n<meta name=\"twitter:card\" content=\"summary_large_image\" \/>\n<meta name=\"twitter:label1\" content=\"Escrito por\" \/>\n\t<meta name=\"twitter:data1\" content=\"Telinha\" \/>\n\t<meta name=\"twitter:label2\" content=\"Tempo estimado de leitura\" \/>\n\t<meta name=\"twitter:data2\" content=\"1 minuto\" \/>\n<script type=\"application\/ld+json\" class=\"yoast-schema-graph\">{\"@context\":\"https:\/\/schema.org\",\"@graph\":[{\"@type\":\"Article\",\"@id\":\"https:\/\/portaltela.pt\/noticias\/2026\/05\/03\/autoridades-abatem-homem-que-esfaqueou-tres-em-nova-iorque\/#article\",\"isPartOf\":{\"@id\":\"https:\/\/portaltela.pt\/noticias\/2026\/05\/03\/autoridades-abatem-homem-que-esfaqueou-tres-em-nova-iorque\/\"},\"author\":{\"name\":\"Telinha\",\"@id\":\"https:\/\/portaltela.pt\/#\/schema\/person\/c4278d4a6028830caff9ee44b42d32ed\"},\"headline\":\"Autoridades abatem homem que esfaqueou tr\u00eas em Nova Iorque\",\"datePublished\":\"2026-05-03T11:03:12+00:00\",\"mainEntityOfPage\":{\"@id\":\"https:\/\/portaltela.pt\/noticias\/2026\/05\/03\/autoridades-abatem-homem-que-esfaqueou-tres-em-nova-iorque\/\"},\"wordCount\":209,\"image\":{\"@id\":\"https:\/\/portaltela.pt\/noticias\/2026\/05\/03\/autoridades-abatem-homem-que-esfaqueou-tres-em-nova-iorque\/#primaryimage\"},\"thumbnailUrl\":\"https:\/\/portaltela.pt\/s.01k8rhncp4jt1\/2026\/05\/img_1280x722uu2026-05-03-11-48-22-2282530.jpg\",\"keywords\":[\"ataques\",\"crime\",\"Nova York\",\"Pol\u00edcia de Seguran\u00e7a P\u00fablica\",\"seguran\u00e7a\",\"viol\u00eancia\"],\"articleSection\":[\"Crime\",\"Pol\u00edcia\"],\"inLanguage\":\"pt-PT\"},{\"@type\":\"WebPage\",\"@id\":\"https:\/\/portaltela.pt\/noticias\/2026\/05\/03\/autoridades-abatem-homem-que-esfaqueou-tres-em-nova-iorque\/\",\"url\":\"https:\/\/portaltela.pt\/noticias\/2026\/05\/03\/autoridades-abatem-homem-que-esfaqueou-tres-em-nova-iorque\/\",\"name\":\"Autoridades abatem homem que esfaqueou tr\u00eas em Nova Iorque - Portal Tela Portugal\",\"isPartOf\":{\"@id\":\"https:\/\/portaltela.pt\/#website\"},\"primaryImageOfPage\":{\"@id\":\"https:\/\/portaltela.pt\/noticias\/2026\/05\/03\/autoridades-abatem-homem-que-esfaqueou-tres-em-nova-iorque\/#primaryimage\"},\"image\":{\"@id\":\"https:\/\/portaltela.pt\/noticias\/2026\/05\/03\/autoridades-abatem-homem-que-esfaqueou-tres-em-nova-iorque\/#primaryimage\"},\"thumbnailUrl\":\"https:\/\/portaltela.pt\/s.01k8rhncp4jt1\/2026\/05\/img_1280x722uu2026-05-03-11-48-22-2282530.jpg\",\"datePublished\":\"2026-05-03T11:03:12+00:00\",\"author\":{\"@id\":\"https:\/\/portaltela.pt\/#\/schema\/person\/c4278d4a6028830caff9ee44b42d32ed\"},\"breadcrumb\":{\"@id\":\"https:\/\/portaltela.pt\/noticias\/2026\/05\/03\/autoridades-abatem-homem-que-esfaqueou-tres-em-nova-iorque\/#breadcrumb\"},\"inLanguage\":\"pt-PT\",\"potentialAction\":[{\"@type\":\"ReadAction\",\"target\":[\"https:\/\/portaltela.pt\/noticias\/2026\/05\/03\/autoridades-abatem-homem-que-esfaqueou-tres-em-nova-iorque\/\"]}]},{\"@type\":\"ImageObject\",\"inLanguage\":\"pt-PT\",\"@id\":\"https:\/\/portaltela.pt\/noticias\/2026\/05\/03\/autoridades-abatem-homem-que-esfaqueou-tres-em-nova-iorque\/#primaryimage\",\"url\":\"https:\/\/portaltela.pt\/s.01k8rhncp4jt1\/2026\/05\/img_1280x722uu2026-05-03-11-48-22-2282530.jpg\",\"contentUrl\":\"https:\/\/portaltela.pt\/s.01k8rhncp4jt1\/2026\/05\/img_1280x722uu2026-05-03-11-48-22-2282530.jpg\",\"width\":796,\"height\":448,\"caption\":\"Photo\"},{\"@type\":\"BreadcrumbList\",\"@id\":\"https:\/\/portaltela.pt\/noticias\/2026\/05\/03\/autoridades-abatem-homem-que-esfaqueou-tres-em-nova-iorque\/#breadcrumb\",\"itemListElement\":[{\"@type\":\"ListItem\",\"position\":1,\"name\":\"In\u00edcio\",\"item\":\"https:\/\/portaltela.pt\/\"},{\"@type\":\"ListItem\",\"position\":2,\"name\":\"Autoridades abatem homem que esfaqueou tr\u00eas em Nova Iorque\"}]},{\"@type\":\"WebSite\",\"@id\":\"https:\/\/portaltela.pt\/#website\",\"url\":\"https:\/\/portaltela.pt\/\",\"name\":\"Portal Tela Portugal\",\"description\":\"\",\"potentialAction\":[{\"@type\":\"SearchAction\",\"target\":{\"@type\":\"EntryPoint\",\"urlTemplate\":\"https:\/\/portaltela.pt\/?s={search_term_string}\"},\"query-input\":{\"@type\":\"PropertyValueSpecification\",\"valueRequired\":true,\"valueName\":\"search_term_string\"}}],\"inLanguage\":\"pt-PT\"},{\"@type\":\"Person\",\"@id\":\"https:\/\/portaltela.pt\/#\/schema\/person\/c4278d4a6028830caff9ee44b42d32ed\",\"name\":\"Telinha\",\"image\":{\"@type\":\"ImageObject\",\"inLanguage\":\"pt-PT\",\"@id\":\"https:\/\/portaltela.pt\/s.01k8rhncp4jt1\/2025\/11\/talking-bot-125x125.png\",\"url\":\"https:\/\/portaltela.pt\/s.01k8rhncp4jt1\/2025\/11\/talking-bot-125x125.png\",\"contentUrl\":\"https:\/\/portaltela.pt\/s.01k8rhncp4jt1\/2025\/11\/talking-bot-125x125.png\",\"caption\":\"Telinha\"},\"sameAs\":[\"https:\/\/portaltela.pt\/\"],\"url\":\"https:\/\/portaltela.pt\/por\/367410592786\/\"}]}<\/script>\n<!-- \/ Yoast SEO plugin. -->","yoast_head_json":{"title":"Autoridades abatem homem que esfaqueou tr\u00eas em Nova Iorque - Portal Tela Portugal","robots":{"index":"index","follow":"follow","max-snippet":"max-snippet:-1","max-image-preview":"max-image-preview:large","max-video-preview":"max-video-preview:-1"},"og_locale":"pt_PT","og_type":"article","og_title":"Autoridades abatem homem que esfaqueou tr\u00eas em Nova Iorque - Portal Tela Portugal","og_description":"Autoridades de Nova Iorque dispararam contra um homem que esfaqueou tr\u00eas pessoas na esta\u00e7\u00e3o de Grand Central, em Nova Iorque, alegadamente armado com um machete. Imagens de c\u00e2maras corporais divulgadas pela pol\u00edcia mostram os agentes a disparar, o suspeito cai ao ch\u00e3o e \u00e9 assistido pelos param\u00e9dicos. As v\u00edtimas foram encaminhadas para o hospital e permanecem em estado grave; a pol\u00edcia n\u00e3o divulgou o estado de cada uma. o suspeito tem historial de problemas mentais, segundo as autoridades, e a investiga\u00e7\u00e3o continua para apurar as circunst\u00e2ncias do ataque. o governador Andrew Cuomo elogiou a interven\u00e7\u00e3o r\u00e1pida e destacou a import\u00e2ncia das c\u00e2maras corporais para a transpar\u00eancia das for\u00e7as de seguran\u00e7a.","og_url":"https:\/\/portaltela.pt\/noticias\/2026\/05\/03\/autoridades-abatem-homem-que-esfaqueou-tres-em-nova-iorque\/","og_site_name":"Portal Tela Portugal","article_published_time":"2026-05-03T11:03:12+00:00","author":"Telinha","twitter_card":"summary_large_image","twitter_misc":{"Escrito por":"Telinha","Tempo estimado de leitura":"1 minuto"},"schema":{"@context":"https:\/\/schema.org","@graph":[{"@type":"Article","@id":"https:\/\/portaltela.pt\/noticias\/2026\/05\/03\/autoridades-abatem-homem-que-esfaqueou-tres-em-nova-iorque\/#article","isPartOf":{"@id":"https:\/\/portaltela.pt\/noticias\/2026\/05\/03\/autoridades-abatem-homem-que-esfaqueou-tres-em-nova-iorque\/"},"author":{"name":"Telinha","@id":"https:\/\/portaltela.pt\/#\/schema\/person\/c4278d4a6028830caff9ee44b42d32ed"},"headline":"Autoridades abatem homem que esfaqueou tr\u00eas em Nova Iorque","datePublished":"2026-05-03T11:03:12+00:00","mainEntityOfPage":{"@id":"https:\/\/portaltela.pt\/noticias\/2026\/05\/03\/autoridades-abatem-homem-que-esfaqueou-tres-em-nova-iorque\/"},"wordCount":209,"image":{"@id":"https:\/\/portaltela.pt\/noticias\/2026\/05\/03\/autoridades-abatem-homem-que-esfaqueou-tres-em-nova-iorque\/#primaryimage"},"thumbnailUrl":"https:\/\/portaltela.pt\/s.01k8rhncp4jt1\/2026\/05\/img_1280x722uu2026-05-03-11-48-22-2282530.jpg","keywords":["ataques","crime","Nova York","Pol\u00edcia de Seguran\u00e7a P\u00fablica","seguran\u00e7a","viol\u00eancia"],"articleSection":["Crime","Pol\u00edcia"],"inLanguage":"pt-PT"},{"@type":"WebPage","@id":"https:\/\/portaltela.pt\/noticias\/2026\/05\/03\/autoridades-abatem-homem-que-esfaqueou-tres-em-nova-iorque\/","url":"https:\/\/portaltela.pt\/noticias\/2026\/05\/03\/autoridades-abatem-homem-que-esfaqueou-tres-em-nova-iorque\/","name":"Autoridades abatem homem que esfaqueou tr\u00eas em Nova Iorque - Portal Tela Portugal","isPartOf":{"@id":"https:\/\/portaltela.pt\/#website"},"primaryImageOfPage":{"@id":"https:\/\/portaltela.pt\/noticias\/2026\/05\/03\/autoridades-abatem-homem-que-esfaqueou-tres-em-nova-iorque\/#primaryimage"},"image":{"@id":"https:\/\/portaltela.pt\/noticias\/2026\/05\/03\/autoridades-abatem-homem-que-esfaqueou-tres-em-nova-iorque\/#primaryimage"},"thumbnailUrl":"https:\/\/portaltela.pt\/s.01k8rhncp4jt1\/2026\/05\/img_1280x722uu2026-05-03-11-48-22-2282530.jpg","datePublished":"2026-05-03T11:03:12+00:00","author":{"@id":"https:\/\/portaltela.pt\/#\/schema\/person\/c4278d4a6028830caff9ee44b42d32ed"},"breadcrumb":{"@id":"https:\/\/portaltela.pt\/noticias\/2026\/05\/03\/autoridades-abatem-homem-que-esfaqueou-tres-em-nova-iorque\/#breadcrumb"},"inLanguage":"pt-PT","potentialAction":[{"@type":"ReadAction","target":["https:\/\/portaltela.pt\/noticias\/2026\/05\/03\/autoridades-abatem-homem-que-esfaqueou-tres-em-nova-iorque\/"]}]},{"@type":"ImageObject","inLanguage":"pt-PT","@id":"https:\/\/portaltela.pt\/noticias\/2026\/05\/03\/autoridades-abatem-homem-que-esfaqueou-tres-em-nova-iorque\/#primaryimage","url":"https:\/\/portaltela.pt\/s.01k8rhncp4jt1\/2026\/05\/img_1280x722uu2026-05-03-11-48-22-2282530.jpg","contentUrl":"https:\/\/portaltela.pt\/s.01k8rhncp4jt1\/2026\/05\/img_1280x722uu2026-05-03-11-48-22-2282530.jpg","width":796,"height":448,"caption":"Photo"},{"@type":"BreadcrumbList","@id":"https:\/\/portaltela.pt\/noticias\/2026\/05\/03\/autoridades-abatem-homem-que-esfaqueou-tres-em-nova-iorque\/#breadcrumb","itemListElement":[{"@type":"ListItem","position":1,"name":"In\u00edcio","item":"https:\/\/portaltela.pt\/"},{"@type":"ListItem","position":2,"name":"Autoridades abatem homem que esfaqueou tr\u00eas em Nova Iorque"}]},{"@type":"WebSite","@id":"https:\/\/portaltela.pt\/#website","url":"https:\/\/portaltela.pt\/","name":"Portal Tela Portugal","description":"","potentialAction":[{"@type":"SearchAction","target":{"@type":"EntryPoint","urlTemplate":"https:\/\/portaltela.pt\/?s={search_term_string}"},"query-input":{"@type":"PropertyValueSpecification","valueRequired":true,"valueName":"search_term_string"}}],"inLanguage":"pt-PT"},{"@type":"Person","@id":"https:\/\/portaltela.pt\/#\/schema\/person\/c4278d4a6028830caff9ee44b42d32ed","name":"Telinha","image":{"@type":"ImageObject","inLanguage":"pt-PT","@id":"https:\/\/portaltela.pt\/s.01k8rhncp4jt1\/2025\/11\/talking-bot-125x125.png","url":"https:\/\/portaltela.pt\/s.01k8rhncp4jt1\/2025\/11\/talking-bot-125x125.png","contentUrl":"https:\/\/portaltela.pt\/s.01k8rhncp4jt1\/2025\/11\/talking-bot-125x125.png","caption":"Telinha"},"sameAs":["https:\/\/portaltela.pt\/"],"url":"https:\/\/portaltela.pt\/por\/367410592786\/"}]}},"_links":{"self":[{"href":"https:\/\/portaltela.pt\/api\/wp\/v2\/posts\/465845","targetHints":{"allow":["GET"]}}],"collection":[{"href":"https:\/\/portaltela.pt\/api\/wp\/v2\/posts"}],"about":[{"href":"https:\/\/portaltela.pt\/api\/wp\/v2\/types\/post"}],"author":[{"embeddable":true,"href":"https:\/\/portaltela.pt\/api\/wp\/v2\/users\/2"}],"replies":[{"embeddable":true,"href":"https:\/\/portaltela.pt\/api\/wp\/v2\/comments?post=465845"}],"version-history":[{"count":0,"href":"https:\/\/portaltela.pt\/api\/wp\/v2\/posts\/465845\/revisions"}],"wp:featuredmedia":[{"embeddable":true,"href":"https:\/\/portaltela.pt\/api\/wp\/v2\/media\/465849"}],"wp:attachment":[{"href":"https:\/\/portaltela.pt\/api\/wp\/v2\/media?parent=465845"}],"wp:term":[{"taxonomy":"category","embeddable":true,"href":"https:\/\/portaltela.pt\/api\/wp\/v2\/categories?post=465845"},{"taxonomy":"post_tag","embeddable":true,"href":"https:\/\/portaltela.pt\/api\/wp\/v2\/tags?post=465845"}],"curies":[{"name":"wp","href":"https:\/\/api.w.org\/{rel}","templated":true}]}}