{"id":465840,"date":"2026-05-03T08:03:09","date_gmt":"2026-05-03T11:03:09","guid":{"rendered":"https:\/\/portaltela.pt\/noticias\/2026\/05\/03\/gnr-celebra-115-anos-seguro-apela-ao-respeito-pelas-forcas-de-seguranca\/"},"modified":"2026-05-03T08:03:09","modified_gmt":"2026-05-03T11:03:09","slug":"gnr-celebra-115-anos-seguro-apela-ao-respeito-pelas-forcas-de-seguranca","status":"publish","type":"post","link":"https:\/\/portaltela.pt\/seguranca\/2026\/05\/03\/gnr-celebra-115-anos-seguro-apela-ao-respeito-pelas-forcas-de-seguranca\/","title":{"rendered":"GNR celebra 115 anos; Seguro apela ao respeito pelas for\u00e7as de seguran\u00e7a"},"content":{"rendered":"<p>O presidente da Rep\u00fablica, Ant\u00f3nio Jos\u00e9 Seguro, pediu este domingo mais respeito pelas for\u00e7as de seguran\u00e7a, durante a cerim\u00f3nia dos 115 anos da Guarda Nacional Republicana (GNR) na Foz do Douro. O chefe de Estado alertou para uma eros\u00e3o de valores na sociedade portuguesa.<\/p>\n<p>Em tom firme, Seguro disse que algumas noites ficam gravadas na mem\u00f3ria por epis\u00f3dios de agress\u00f5es a agentes, sublinhando que n\u00e3o s\u00e3o ataques isolados, mas sinais de degrada\u00e7\u00e3o das regras sociais. A autoridade em democracia n\u00e3o \u00e9 arbitr\u00e1ria, afirmou.<\/p>\n<p>O Presidente destacou que cada agente atua para proteger todos, n\u00e3o em nome pr\u00f3prio, e refor\u00e7ou o lema de que n\u00e3o h\u00e1 liberdade sem regras. A educa\u00e7\u00e3o e o di\u00e1logo foram apontados como caminhos para promover o respeito pelas institui\u00e7\u00f5es e pelas leis.<\/p>\n<p>Seguro referiu ainda a necessidade de apoio coletivo \u00e0s for\u00e7as de seguran\u00e7a, descrevendo o compromisso como essencial para refor\u00e7ar a confian\u00e7a nas institui\u00e7\u00f5es. Dirigiu-se aos militares da GNR, reconhecendo o sacrif\u00edcio e a proximidade com as comunidades, especialmente nas zonas mais isoladas.<\/p>\n<p>Por fim, elogiou o trabalho da GNR, destacando o equil\u00edbrio entre rigor e dedica\u00e7\u00e3o que distingue a institui\u00e7\u00e3o e que deve servir de exemplo na rotina t\u00e1tica e humana de servi\u00e7o p\u00fablico.<\/p>\n","protected":false},"excerpt":{"rendered":"<ul>\n<li>O presidente da Rep\u00fablica, Ant\u00f3nio Jos\u00e9 Seguro, assinalou o 115.\u00ba anivers\u00e1rio da Guarda Nacional Republicana (GNR) na Foz do Douro, pedindo mais respeito pelas for\u00e7as de seguran\u00e7a.<\/li>\n<li>Alertou para uma eros\u00e3o de valores na sociedade portuguesa, em ato marcado por epis\u00f3dios de agress\u00f5es a agentes.<\/li>\n<li>Disse que, numa democracia, a autoridade n\u00e3o \u00e9 arbitr\u00e1ria e que cada agente atua para proteger todos, n\u00e3o em nome pr\u00f3prio.<\/li>\n<li>Refor\u00e7ou a ideia de que n\u00e3o h\u00e1 liberdade sem regras e defendeu uma cultura de respeito pelas institui\u00e7\u00f5es e leis atrav\u00e9s da educa\u00e7\u00e3o e do di\u00e1logo.<\/li>\n<li>Enfatizou o sacrif\u00edcio dos militares da GNR, a dedica\u00e7\u00e3o ao servi\u00e7o e o papel humano da institui\u00e7\u00e3o, apelando ao apoio coletivo para refor\u00e7ar a confian\u00e7a nas for\u00e7as de seguran\u00e7a.<\/li>\n<\/ul>\n","protected":false},"author":2,"featured_media":465846,"comment_status":"closed","ping_status":"closed","sticky":false,"template":"","format":"standard","meta":{"footnotes":""},"categories":[6781,6779],"tags":[7927,8808,8227,8044,7878,8497],"class_list":["post-465840","post","type-post","status-publish","format-standard","has-post-thumbnail","hentry","category-policia","category-seguranca","tag-_administracao-publica","tag-_autoridade-publica","tag-_gnr","tag-_protecao-civil","tag-_seguranca-publica","tag-_setor-publico"],"yoast_head":"<!-- This site is optimized with the Yoast SEO plugin v27.2 - https:\/\/yoast.com\/product\/yoast-seo-wordpress\/ -->\n<title>GNR celebra 115 anos; Seguro apela ao respeito pelas for\u00e7as de seguran\u00e7a - Portal Tela Portugal<\/title>\n<meta name=\"robots\" content=\"index, follow, max-snippet:-1, max-image-preview:large, max-video-preview:-1\" \/>\n<meta property=\"og:locale\" content=\"pt_PT\" \/>\n<meta property=\"og:type\" content=\"article\" \/>\n<meta property=\"og:title\" content=\"GNR celebra 115 anos; Seguro apela ao respeito pelas for\u00e7as de seguran\u00e7a - Portal Tela Portugal\" \/>\n<meta property=\"og:description\" content=\"O presidente da Rep\u00fablica, Ant\u00f3nio Jos\u00e9 Seguro, assinalou o 115.\u00ba anivers\u00e1rio da Guarda Nacional Republicana (GNR) na Foz do Douro, pedindo mais respeito pelas for\u00e7as de seguran\u00e7a. Alertou para uma eros\u00e3o de valores na sociedade portuguesa, em ato marcado por epis\u00f3dios de agress\u00f5es a agentes. Disse que, numa democracia, a autoridade n\u00e3o \u00e9 arbitr\u00e1ria e que cada agente atua para proteger todos, n\u00e3o em nome pr\u00f3prio. Refor\u00e7ou a ideia de que n\u00e3o h\u00e1 liberdade sem regras e defendeu uma cultura de respeito pelas institui\u00e7\u00f5es e leis atrav\u00e9s da educa\u00e7\u00e3o e do di\u00e1logo. Enfatizou o sacrif\u00edcio dos militares da GNR, a dedica\u00e7\u00e3o ao servi\u00e7o e o papel humano da institui\u00e7\u00e3o, apelando ao apoio coletivo para refor\u00e7ar a confian\u00e7a nas for\u00e7as de seguran\u00e7a.\" \/>\n<meta property=\"og:url\" content=\"https:\/\/portaltela.pt\/noticias\/2026\/05\/03\/gnr-celebra-115-anos-seguro-apela-ao-respeito-pelas-forcas-de-seguranca\/\" \/>\n<meta property=\"og:site_name\" content=\"Portal Tela Portugal\" \/>\n<meta property=\"article:published_time\" content=\"2026-05-03T11:03:09+00:00\" \/>\n<meta name=\"author\" content=\"Telinha\" \/>\n<meta name=\"twitter:card\" content=\"summary_large_image\" \/>\n<meta name=\"twitter:label1\" content=\"Escrito por\" \/>\n\t<meta name=\"twitter:data1\" content=\"Telinha\" \/>\n\t<meta name=\"twitter:label2\" content=\"Tempo estimado de leitura\" \/>\n\t<meta name=\"twitter:data2\" content=\"1 minuto\" \/>\n<script type=\"application\/ld+json\" class=\"yoast-schema-graph\">{\"@context\":\"https:\/\/schema.org\",\"@graph\":[{\"@type\":\"Article\",\"@id\":\"https:\/\/portaltela.pt\/noticias\/2026\/05\/03\/gnr-celebra-115-anos-seguro-apela-ao-respeito-pelas-forcas-de-seguranca\/#article\",\"isPartOf\":{\"@id\":\"https:\/\/portaltela.pt\/noticias\/2026\/05\/03\/gnr-celebra-115-anos-seguro-apela-ao-respeito-pelas-forcas-de-seguranca\/\"},\"author\":{\"name\":\"Telinha\",\"@id\":\"https:\/\/portaltela.pt\/#\/schema\/person\/c4278d4a6028830caff9ee44b42d32ed\"},\"headline\":\"GNR celebra 115 anos; Seguro apela ao respeito pelas for\u00e7as de seguran\u00e7a\",\"datePublished\":\"2026-05-03T11:03:09+00:00\",\"mainEntityOfPage\":{\"@id\":\"https:\/\/portaltela.pt\/noticias\/2026\/05\/03\/gnr-celebra-115-anos-seguro-apela-ao-respeito-pelas-forcas-de-seguranca\/\"},\"wordCount\":244,\"image\":{\"@id\":\"https:\/\/portaltela.pt\/noticias\/2026\/05\/03\/gnr-celebra-115-anos-seguro-apela-ao-respeito-pelas-forcas-de-seguranca\/#primaryimage\"},\"thumbnailUrl\":\"https:\/\/portaltela.pt\/s.01k8rhncp4jt1\/2026\/05\/image-130.jpg\",\"keywords\":[\"_administra\u00e7\u00e3o p\u00fablica\",\"_autoridade p\u00fablica\",\"_GNR\",\"_prote\u00e7\u00e3o civil\",\"_seguran\u00e7a p\u00fablica\",\"_setor p\u00fablico\"],\"articleSection\":[\"Pol\u00edcia\",\"Seguran\u00e7a\"],\"inLanguage\":\"pt-PT\"},{\"@type\":\"WebPage\",\"@id\":\"https:\/\/portaltela.pt\/noticias\/2026\/05\/03\/gnr-celebra-115-anos-seguro-apela-ao-respeito-pelas-forcas-de-seguranca\/\",\"url\":\"https:\/\/portaltela.pt\/noticias\/2026\/05\/03\/gnr-celebra-115-anos-seguro-apela-ao-respeito-pelas-forcas-de-seguranca\/\",\"name\":\"GNR celebra 115 anos; Seguro apela ao respeito pelas for\u00e7as de seguran\u00e7a - Portal Tela Portugal\",\"isPartOf\":{\"@id\":\"https:\/\/portaltela.pt\/#website\"},\"primaryImageOfPage\":{\"@id\":\"https:\/\/portaltela.pt\/noticias\/2026\/05\/03\/gnr-celebra-115-anos-seguro-apela-ao-respeito-pelas-forcas-de-seguranca\/#primaryimage\"},\"image\":{\"@id\":\"https:\/\/portaltela.pt\/noticias\/2026\/05\/03\/gnr-celebra-115-anos-seguro-apela-ao-respeito-pelas-forcas-de-seguranca\/#primaryimage\"},\"thumbnailUrl\":\"https:\/\/portaltela.pt\/s.01k8rhncp4jt1\/2026\/05\/image-130.jpg\",\"datePublished\":\"2026-05-03T11:03:09+00:00\",\"author\":{\"@id\":\"https:\/\/portaltela.pt\/#\/schema\/person\/c4278d4a6028830caff9ee44b42d32ed\"},\"breadcrumb\":{\"@id\":\"https:\/\/portaltela.pt\/noticias\/2026\/05\/03\/gnr-celebra-115-anos-seguro-apela-ao-respeito-pelas-forcas-de-seguranca\/#breadcrumb\"},\"inLanguage\":\"pt-PT\",\"potentialAction\":[{\"@type\":\"ReadAction\",\"target\":[\"https:\/\/portaltela.pt\/noticias\/2026\/05\/03\/gnr-celebra-115-anos-seguro-apela-ao-respeito-pelas-forcas-de-seguranca\/\"]}]},{\"@type\":\"ImageObject\",\"inLanguage\":\"pt-PT\",\"@id\":\"https:\/\/portaltela.pt\/noticias\/2026\/05\/03\/gnr-celebra-115-anos-seguro-apela-ao-respeito-pelas-forcas-de-seguranca\/#primaryimage\",\"url\":\"https:\/\/portaltela.pt\/s.01k8rhncp4jt1\/2026\/05\/image-130.jpg\",\"contentUrl\":\"https:\/\/portaltela.pt\/s.01k8rhncp4jt1\/2026\/05\/image-130.jpg\",\"width\":796,\"height\":448,\"caption\":\"O chefe de Estado defendeu a necessidade de promover uma cultura de respeito pelas institui\u00e7\u00f5es e pelas leis\"},{\"@type\":\"BreadcrumbList\",\"@id\":\"https:\/\/portaltela.pt\/noticias\/2026\/05\/03\/gnr-celebra-115-anos-seguro-apela-ao-respeito-pelas-forcas-de-seguranca\/#breadcrumb\",\"itemListElement\":[{\"@type\":\"ListItem\",\"position\":1,\"name\":\"In\u00edcio\",\"item\":\"https:\/\/portaltela.pt\/\"},{\"@type\":\"ListItem\",\"position\":2,\"name\":\"GNR celebra 115 anos; Seguro apela ao respeito pelas for\u00e7as de seguran\u00e7a\"}]},{\"@type\":\"WebSite\",\"@id\":\"https:\/\/portaltela.pt\/#website\",\"url\":\"https:\/\/portaltela.pt\/\",\"name\":\"Portal Tela Portugal\",\"description\":\"\",\"potentialAction\":[{\"@type\":\"SearchAction\",\"target\":{\"@type\":\"EntryPoint\",\"urlTemplate\":\"https:\/\/portaltela.pt\/?s={search_term_string}\"},\"query-input\":{\"@type\":\"PropertyValueSpecification\",\"valueRequired\":true,\"valueName\":\"search_term_string\"}}],\"inLanguage\":\"pt-PT\"},{\"@type\":\"Person\",\"@id\":\"https:\/\/portaltela.pt\/#\/schema\/person\/c4278d4a6028830caff9ee44b42d32ed\",\"name\":\"Telinha\",\"image\":{\"@type\":\"ImageObject\",\"inLanguage\":\"pt-PT\",\"@id\":\"https:\/\/portaltela.pt\/s.01k8rhncp4jt1\/2025\/11\/talking-bot-125x125.png\",\"url\":\"https:\/\/portaltela.pt\/s.01k8rhncp4jt1\/2025\/11\/talking-bot-125x125.png\",\"contentUrl\":\"https:\/\/portaltela.pt\/s.01k8rhncp4jt1\/2025\/11\/talking-bot-125x125.png\",\"caption\":\"Telinha\"},\"sameAs\":[\"https:\/\/portaltela.pt\/\"],\"url\":\"https:\/\/portaltela.pt\/por\/367410592786\/\"}]}<\/script>\n<!-- \/ Yoast SEO plugin. -->","yoast_head_json":{"title":"GNR celebra 115 anos; Seguro apela ao respeito pelas for\u00e7as de seguran\u00e7a - Portal Tela Portugal","robots":{"index":"index","follow":"follow","max-snippet":"max-snippet:-1","max-image-preview":"max-image-preview:large","max-video-preview":"max-video-preview:-1"},"og_locale":"pt_PT","og_type":"article","og_title":"GNR celebra 115 anos; Seguro apela ao respeito pelas for\u00e7as de seguran\u00e7a - Portal Tela Portugal","og_description":"O presidente da Rep\u00fablica, Ant\u00f3nio Jos\u00e9 Seguro, assinalou o 115.\u00ba anivers\u00e1rio da Guarda Nacional Republicana (GNR) na Foz do Douro, pedindo mais respeito pelas for\u00e7as de seguran\u00e7a. Alertou para uma eros\u00e3o de valores na sociedade portuguesa, em ato marcado por epis\u00f3dios de agress\u00f5es a agentes. Disse que, numa democracia, a autoridade n\u00e3o \u00e9 arbitr\u00e1ria e que cada agente atua para proteger todos, n\u00e3o em nome pr\u00f3prio. Refor\u00e7ou a ideia de que n\u00e3o h\u00e1 liberdade sem regras e defendeu uma cultura de respeito pelas institui\u00e7\u00f5es e leis atrav\u00e9s da educa\u00e7\u00e3o e do di\u00e1logo. Enfatizou o sacrif\u00edcio dos militares da GNR, a dedica\u00e7\u00e3o ao servi\u00e7o e o papel humano da institui\u00e7\u00e3o, apelando ao apoio coletivo para refor\u00e7ar a confian\u00e7a nas for\u00e7as de seguran\u00e7a.","og_url":"https:\/\/portaltela.pt\/noticias\/2026\/05\/03\/gnr-celebra-115-anos-seguro-apela-ao-respeito-pelas-forcas-de-seguranca\/","og_site_name":"Portal Tela Portugal","article_published_time":"2026-05-03T11:03:09+00:00","author":"Telinha","twitter_card":"summary_large_image","twitter_misc":{"Escrito por":"Telinha","Tempo estimado de leitura":"1 minuto"},"schema":{"@context":"https:\/\/schema.org","@graph":[{"@type":"Article","@id":"https:\/\/portaltela.pt\/noticias\/2026\/05\/03\/gnr-celebra-115-anos-seguro-apela-ao-respeito-pelas-forcas-de-seguranca\/#article","isPartOf":{"@id":"https:\/\/portaltela.pt\/noticias\/2026\/05\/03\/gnr-celebra-115-anos-seguro-apela-ao-respeito-pelas-forcas-de-seguranca\/"},"author":{"name":"Telinha","@id":"https:\/\/portaltela.pt\/#\/schema\/person\/c4278d4a6028830caff9ee44b42d32ed"},"headline":"GNR celebra 115 anos; Seguro apela ao respeito pelas for\u00e7as de seguran\u00e7a","datePublished":"2026-05-03T11:03:09+00:00","mainEntityOfPage":{"@id":"https:\/\/portaltela.pt\/noticias\/2026\/05\/03\/gnr-celebra-115-anos-seguro-apela-ao-respeito-pelas-forcas-de-seguranca\/"},"wordCount":244,"image":{"@id":"https:\/\/portaltela.pt\/noticias\/2026\/05\/03\/gnr-celebra-115-anos-seguro-apela-ao-respeito-pelas-forcas-de-seguranca\/#primaryimage"},"thumbnailUrl":"https:\/\/portaltela.pt\/s.01k8rhncp4jt1\/2026\/05\/image-130.jpg","keywords":["_administra\u00e7\u00e3o p\u00fablica","_autoridade p\u00fablica","_GNR","_prote\u00e7\u00e3o civil","_seguran\u00e7a p\u00fablica","_setor p\u00fablico"],"articleSection":["Pol\u00edcia","Seguran\u00e7a"],"inLanguage":"pt-PT"},{"@type":"WebPage","@id":"https:\/\/portaltela.pt\/noticias\/2026\/05\/03\/gnr-celebra-115-anos-seguro-apela-ao-respeito-pelas-forcas-de-seguranca\/","url":"https:\/\/portaltela.pt\/noticias\/2026\/05\/03\/gnr-celebra-115-anos-seguro-apela-ao-respeito-pelas-forcas-de-seguranca\/","name":"GNR celebra 115 anos; Seguro apela ao respeito pelas for\u00e7as de seguran\u00e7a - Portal Tela Portugal","isPartOf":{"@id":"https:\/\/portaltela.pt\/#website"},"primaryImageOfPage":{"@id":"https:\/\/portaltela.pt\/noticias\/2026\/05\/03\/gnr-celebra-115-anos-seguro-apela-ao-respeito-pelas-forcas-de-seguranca\/#primaryimage"},"image":{"@id":"https:\/\/portaltela.pt\/noticias\/2026\/05\/03\/gnr-celebra-115-anos-seguro-apela-ao-respeito-pelas-forcas-de-seguranca\/#primaryimage"},"thumbnailUrl":"https:\/\/portaltela.pt\/s.01k8rhncp4jt1\/2026\/05\/image-130.jpg","datePublished":"2026-05-03T11:03:09+00:00","author":{"@id":"https:\/\/portaltela.pt\/#\/schema\/person\/c4278d4a6028830caff9ee44b42d32ed"},"breadcrumb":{"@id":"https:\/\/portaltela.pt\/noticias\/2026\/05\/03\/gnr-celebra-115-anos-seguro-apela-ao-respeito-pelas-forcas-de-seguranca\/#breadcrumb"},"inLanguage":"pt-PT","potentialAction":[{"@type":"ReadAction","target":["https:\/\/portaltela.pt\/noticias\/2026\/05\/03\/gnr-celebra-115-anos-seguro-apela-ao-respeito-pelas-forcas-de-seguranca\/"]}]},{"@type":"ImageObject","inLanguage":"pt-PT","@id":"https:\/\/portaltela.pt\/noticias\/2026\/05\/03\/gnr-celebra-115-anos-seguro-apela-ao-respeito-pelas-forcas-de-seguranca\/#primaryimage","url":"https:\/\/portaltela.pt\/s.01k8rhncp4jt1\/2026\/05\/image-130.jpg","contentUrl":"https:\/\/portaltela.pt\/s.01k8rhncp4jt1\/2026\/05\/image-130.jpg","width":796,"height":448,"caption":"O chefe de Estado defendeu a necessidade de promover uma cultura de respeito pelas institui\u00e7\u00f5es e pelas leis"},{"@type":"BreadcrumbList","@id":"https:\/\/portaltela.pt\/noticias\/2026\/05\/03\/gnr-celebra-115-anos-seguro-apela-ao-respeito-pelas-forcas-de-seguranca\/#breadcrumb","itemListElement":[{"@type":"ListItem","position":1,"name":"In\u00edcio","item":"https:\/\/portaltela.pt\/"},{"@type":"ListItem","position":2,"name":"GNR celebra 115 anos; Seguro apela ao respeito pelas for\u00e7as de seguran\u00e7a"}]},{"@type":"WebSite","@id":"https:\/\/portaltela.pt\/#website","url":"https:\/\/portaltela.pt\/","name":"Portal Tela Portugal","description":"","potentialAction":[{"@type":"SearchAction","target":{"@type":"EntryPoint","urlTemplate":"https:\/\/portaltela.pt\/?s={search_term_string}"},"query-input":{"@type":"PropertyValueSpecification","valueRequired":true,"valueName":"search_term_string"}}],"inLanguage":"pt-PT"},{"@type":"Person","@id":"https:\/\/portaltela.pt\/#\/schema\/person\/c4278d4a6028830caff9ee44b42d32ed","name":"Telinha","image":{"@type":"ImageObject","inLanguage":"pt-PT","@id":"https:\/\/portaltela.pt\/s.01k8rhncp4jt1\/2025\/11\/talking-bot-125x125.png","url":"https:\/\/portaltela.pt\/s.01k8rhncp4jt1\/2025\/11\/talking-bot-125x125.png","contentUrl":"https:\/\/portaltela.pt\/s.01k8rhncp4jt1\/2025\/11\/talking-bot-125x125.png","caption":"Telinha"},"sameAs":["https:\/\/portaltela.pt\/"],"url":"https:\/\/portaltela.pt\/por\/367410592786\/"}]}},"_links":{"self":[{"href":"https:\/\/portaltela.pt\/api\/wp\/v2\/posts\/465840","targetHints":{"allow":["GET"]}}],"collection":[{"href":"https:\/\/portaltela.pt\/api\/wp\/v2\/posts"}],"about":[{"href":"https:\/\/portaltela.pt\/api\/wp\/v2\/types\/post"}],"author":[{"embeddable":true,"href":"https:\/\/portaltela.pt\/api\/wp\/v2\/users\/2"}],"replies":[{"embeddable":true,"href":"https:\/\/portaltela.pt\/api\/wp\/v2\/comments?post=465840"}],"version-history":[{"count":0,"href":"https:\/\/portaltela.pt\/api\/wp\/v2\/posts\/465840\/revisions"}],"wp:featuredmedia":[{"embeddable":true,"href":"https:\/\/portaltela.pt\/api\/wp\/v2\/media\/465846"}],"wp:attachment":[{"href":"https:\/\/portaltela.pt\/api\/wp\/v2\/media?parent=465840"}],"wp:term":[{"taxonomy":"category","embeddable":true,"href":"https:\/\/portaltela.pt\/api\/wp\/v2\/categories?post=465840"},{"taxonomy":"post_tag","embeddable":true,"href":"https:\/\/portaltela.pt\/api\/wp\/v2\/tags?post=465840"}],"curies":[{"name":"wp","href":"https:\/\/api.w.org\/{rel}","templated":true}]}}