{"id":465804,"date":"2026-05-03T07:32:49","date_gmt":"2026-05-03T10:32:49","guid":{"rendered":"https:\/\/portaltela.pt\/noticias\/2026\/05\/03\/queda-de-miguel-oliveira-interrompe-superpole-das-superbikes\/"},"modified":"2026-05-03T07:32:49","modified_gmt":"2026-05-03T10:32:49","slug":"queda-de-miguel-oliveira-interrompe-superpole-das-superbikes","status":"publish","type":"post","link":"https:\/\/portaltela.pt\/desporto\/futebol\/2026\/05\/03\/queda-de-miguel-oliveira-interrompe-superpole-das-superbikes\/","title":{"rendered":"Queda de Miguel Oliveira interrompe Superpole das superbikes"},"content":{"rendered":"<p>O Grande Pr\u00e9mio da Hungria de Superbikes viu a corrida de Superpole interrompida na primeira volta devido a uma queda envolvendo Miguel Oliveira (BMW). O incidente obrigou \u00e0 assist\u00eancia em pista.<\/p>\n<p>Oliveira, que arrancou na quarta posi\u00e7\u00e3o, foi tocado por Andrea Locatelli (Yamaha) na sa\u00edda da curva cinco e abalroado por outros pilotos na curva seis, quando seguia em terceiro.<\/p>\n<p>Segundo a direc\u00e7\u00e3o de prova, o piloto portugu\u00eas manteve-se consciente, mas recebeu apoio no local e acabou por ser transportado de maca. Esta \u00e9 a quarta ronda da temporada.<\/p>\n","protected":false},"excerpt":{"rendered":"<ul>\n<li>A corrida de Superpole da prova h\u00fangara do Mundial de Superbikes foi interrompida na primeira volta devido \u00e0 queda de Miguel Oliveira (BMW).<\/li>\n<li>Oliveira largou na quarta posi\u00e7\u00e3o, foi tocado por Andrea Locatelli (Yamaha) na sa\u00edda da curva cinco e abalroado por outros pilotos na curva seis.<\/li>\n<li>O piloto portugu\u00eas ficou consciente, recebeu assist\u00eancia ainda em pista e foi removido de maca.<\/li>\n<li>Esta \u00e9 a quarta ronda da \u00e9poca.<\/li>\n<\/ul>\n","protected":false},"author":2,"featured_media":465806,"comment_status":"closed","ping_status":"closed","sticky":false,"template":"","format":"standard","meta":{"footnotes":""},"categories":[21,24],"tags":[8341,7902,7963,8276,8892],"class_list":["post-465804","post","type-post","status-publish","format-standard","has-post-thumbnail","hentry","category-desporto","category-futebol","tag-_acidente","tag-_desporto","tag-_hungria","tag-_pessoas","tag-_pilotos"],"yoast_head":"<!-- This site is optimized with the Yoast SEO plugin v27.2 - https:\/\/yoast.com\/product\/yoast-seo-wordpress\/ -->\n<title>Queda de Miguel Oliveira interrompe Superpole das superbikes - Portal Tela Portugal<\/title>\n<meta name=\"robots\" content=\"index, follow, max-snippet:-1, max-image-preview:large, max-video-preview:-1\" \/>\n<meta property=\"og:locale\" content=\"pt_PT\" \/>\n<meta property=\"og:type\" content=\"article\" \/>\n<meta property=\"og:title\" content=\"Queda de Miguel Oliveira interrompe Superpole das superbikes - Portal Tela Portugal\" \/>\n<meta property=\"og:description\" content=\"A corrida de Superpole da prova h\u00fangara do Mundial de Superbikes foi interrompida na primeira volta devido \u00e0 queda de Miguel Oliveira (BMW). Oliveira largou na quarta posi\u00e7\u00e3o, foi tocado por Andrea Locatelli (Yamaha) na sa\u00edda da curva cinco e abalroado por outros pilotos na curva seis. O piloto portugu\u00eas ficou consciente, recebeu assist\u00eancia ainda em pista e foi removido de maca. Esta \u00e9 a quarta ronda da \u00e9poca.\" \/>\n<meta property=\"og:url\" content=\"https:\/\/portaltela.pt\/noticias\/2026\/05\/03\/queda-de-miguel-oliveira-interrompe-superpole-das-superbikes\/\" \/>\n<meta property=\"og:site_name\" content=\"Portal Tela Portugal\" \/>\n<meta property=\"article:published_time\" content=\"2026-05-03T10:32:49+00:00\" \/>\n<meta name=\"author\" content=\"Telinha\" \/>\n<meta name=\"twitter:card\" content=\"summary_large_image\" \/>\n<meta name=\"twitter:label1\" content=\"Escrito por\" \/>\n\t<meta name=\"twitter:data1\" content=\"Telinha\" \/>\n<script type=\"application\/ld+json\" class=\"yoast-schema-graph\">{\"@context\":\"https:\/\/schema.org\",\"@graph\":[{\"@type\":\"Article\",\"@id\":\"https:\/\/portaltela.pt\/noticias\/2026\/05\/03\/queda-de-miguel-oliveira-interrompe-superpole-das-superbikes\/#article\",\"isPartOf\":{\"@id\":\"https:\/\/portaltela.pt\/noticias\/2026\/05\/03\/queda-de-miguel-oliveira-interrompe-superpole-das-superbikes\/\"},\"author\":{\"name\":\"Telinha\",\"@id\":\"https:\/\/portaltela.pt\/#\/schema\/person\/c4278d4a6028830caff9ee44b42d32ed\"},\"headline\":\"Queda de Miguel Oliveira interrompe Superpole das superbikes\",\"datePublished\":\"2026-05-03T10:32:49+00:00\",\"mainEntityOfPage\":{\"@id\":\"https:\/\/portaltela.pt\/noticias\/2026\/05\/03\/queda-de-miguel-oliveira-interrompe-superpole-das-superbikes\/\"},\"wordCount\":101,\"image\":{\"@id\":\"https:\/\/portaltela.pt\/noticias\/2026\/05\/03\/queda-de-miguel-oliveira-interrompe-superpole-das-superbikes\/#primaryimage\"},\"thumbnailUrl\":\"https:\/\/portaltela.pt\/s.01k8rhncp4jt1\/2026\/05\/img_1280x721uu2026-05-03-11-27-29-2282529.jpg\",\"keywords\":[\"_acidente\",\"_desporto\",\"_Hungria\",\"_pessoas\",\"_pilotos\"],\"articleSection\":[\"Desporto\",\"Futebol\"],\"inLanguage\":\"pt-PT\"},{\"@type\":\"WebPage\",\"@id\":\"https:\/\/portaltela.pt\/noticias\/2026\/05\/03\/queda-de-miguel-oliveira-interrompe-superpole-das-superbikes\/\",\"url\":\"https:\/\/portaltela.pt\/noticias\/2026\/05\/03\/queda-de-miguel-oliveira-interrompe-superpole-das-superbikes\/\",\"name\":\"Queda de Miguel Oliveira interrompe Superpole das superbikes - Portal Tela Portugal\",\"isPartOf\":{\"@id\":\"https:\/\/portaltela.pt\/#website\"},\"primaryImageOfPage\":{\"@id\":\"https:\/\/portaltela.pt\/noticias\/2026\/05\/03\/queda-de-miguel-oliveira-interrompe-superpole-das-superbikes\/#primaryimage\"},\"image\":{\"@id\":\"https:\/\/portaltela.pt\/noticias\/2026\/05\/03\/queda-de-miguel-oliveira-interrompe-superpole-das-superbikes\/#primaryimage\"},\"thumbnailUrl\":\"https:\/\/portaltela.pt\/s.01k8rhncp4jt1\/2026\/05\/img_1280x721uu2026-05-03-11-27-29-2282529.jpg\",\"datePublished\":\"2026-05-03T10:32:49+00:00\",\"author\":{\"@id\":\"https:\/\/portaltela.pt\/#\/schema\/person\/c4278d4a6028830caff9ee44b42d32ed\"},\"breadcrumb\":{\"@id\":\"https:\/\/portaltela.pt\/noticias\/2026\/05\/03\/queda-de-miguel-oliveira-interrompe-superpole-das-superbikes\/#breadcrumb\"},\"inLanguage\":\"pt-PT\",\"potentialAction\":[{\"@type\":\"ReadAction\",\"target\":[\"https:\/\/portaltela.pt\/noticias\/2026\/05\/03\/queda-de-miguel-oliveira-interrompe-superpole-das-superbikes\/\"]}]},{\"@type\":\"ImageObject\",\"inLanguage\":\"pt-PT\",\"@id\":\"https:\/\/portaltela.pt\/noticias\/2026\/05\/03\/queda-de-miguel-oliveira-interrompe-superpole-das-superbikes\/#primaryimage\",\"url\":\"https:\/\/portaltela.pt\/s.01k8rhncp4jt1\/2026\/05\/img_1280x721uu2026-05-03-11-27-29-2282529.jpg\",\"contentUrl\":\"https:\/\/portaltela.pt\/s.01k8rhncp4jt1\/2026\/05\/img_1280x721uu2026-05-03-11-27-29-2282529.jpg\",\"width\":796,\"height\":448,\"caption\":\"O momento da queda de Miguel Oliveira\"},{\"@type\":\"BreadcrumbList\",\"@id\":\"https:\/\/portaltela.pt\/noticias\/2026\/05\/03\/queda-de-miguel-oliveira-interrompe-superpole-das-superbikes\/#breadcrumb\",\"itemListElement\":[{\"@type\":\"ListItem\",\"position\":1,\"name\":\"In\u00edcio\",\"item\":\"https:\/\/portaltela.pt\/\"},{\"@type\":\"ListItem\",\"position\":2,\"name\":\"Queda de Miguel Oliveira interrompe Superpole das superbikes\"}]},{\"@type\":\"WebSite\",\"@id\":\"https:\/\/portaltela.pt\/#website\",\"url\":\"https:\/\/portaltela.pt\/\",\"name\":\"Portal Tela Portugal\",\"description\":\"\",\"potentialAction\":[{\"@type\":\"SearchAction\",\"target\":{\"@type\":\"EntryPoint\",\"urlTemplate\":\"https:\/\/portaltela.pt\/?s={search_term_string}\"},\"query-input\":{\"@type\":\"PropertyValueSpecification\",\"valueRequired\":true,\"valueName\":\"search_term_string\"}}],\"inLanguage\":\"pt-PT\"},{\"@type\":\"Person\",\"@id\":\"https:\/\/portaltela.pt\/#\/schema\/person\/c4278d4a6028830caff9ee44b42d32ed\",\"name\":\"Telinha\",\"image\":{\"@type\":\"ImageObject\",\"inLanguage\":\"pt-PT\",\"@id\":\"https:\/\/portaltela.pt\/s.01k8rhncp4jt1\/2025\/11\/talking-bot-125x125.png\",\"url\":\"https:\/\/portaltela.pt\/s.01k8rhncp4jt1\/2025\/11\/talking-bot-125x125.png\",\"contentUrl\":\"https:\/\/portaltela.pt\/s.01k8rhncp4jt1\/2025\/11\/talking-bot-125x125.png\",\"caption\":\"Telinha\"},\"sameAs\":[\"https:\/\/portaltela.pt\/\"],\"url\":\"https:\/\/portaltela.pt\/por\/367410592786\/\"}]}<\/script>\n<!-- \/ Yoast SEO plugin. -->","yoast_head_json":{"title":"Queda de Miguel Oliveira interrompe Superpole das superbikes - Portal Tela Portugal","robots":{"index":"index","follow":"follow","max-snippet":"max-snippet:-1","max-image-preview":"max-image-preview:large","max-video-preview":"max-video-preview:-1"},"og_locale":"pt_PT","og_type":"article","og_title":"Queda de Miguel Oliveira interrompe Superpole das superbikes - Portal Tela Portugal","og_description":"A corrida de Superpole da prova h\u00fangara do Mundial de Superbikes foi interrompida na primeira volta devido \u00e0 queda de Miguel Oliveira (BMW). Oliveira largou na quarta posi\u00e7\u00e3o, foi tocado por Andrea Locatelli (Yamaha) na sa\u00edda da curva cinco e abalroado por outros pilotos na curva seis. O piloto portugu\u00eas ficou consciente, recebeu assist\u00eancia ainda em pista e foi removido de maca. Esta \u00e9 a quarta ronda da \u00e9poca.","og_url":"https:\/\/portaltela.pt\/noticias\/2026\/05\/03\/queda-de-miguel-oliveira-interrompe-superpole-das-superbikes\/","og_site_name":"Portal Tela Portugal","article_published_time":"2026-05-03T10:32:49+00:00","author":"Telinha","twitter_card":"summary_large_image","twitter_misc":{"Escrito por":"Telinha"},"schema":{"@context":"https:\/\/schema.org","@graph":[{"@type":"Article","@id":"https:\/\/portaltela.pt\/noticias\/2026\/05\/03\/queda-de-miguel-oliveira-interrompe-superpole-das-superbikes\/#article","isPartOf":{"@id":"https:\/\/portaltela.pt\/noticias\/2026\/05\/03\/queda-de-miguel-oliveira-interrompe-superpole-das-superbikes\/"},"author":{"name":"Telinha","@id":"https:\/\/portaltela.pt\/#\/schema\/person\/c4278d4a6028830caff9ee44b42d32ed"},"headline":"Queda de Miguel Oliveira interrompe Superpole das superbikes","datePublished":"2026-05-03T10:32:49+00:00","mainEntityOfPage":{"@id":"https:\/\/portaltela.pt\/noticias\/2026\/05\/03\/queda-de-miguel-oliveira-interrompe-superpole-das-superbikes\/"},"wordCount":101,"image":{"@id":"https:\/\/portaltela.pt\/noticias\/2026\/05\/03\/queda-de-miguel-oliveira-interrompe-superpole-das-superbikes\/#primaryimage"},"thumbnailUrl":"https:\/\/portaltela.pt\/s.01k8rhncp4jt1\/2026\/05\/img_1280x721uu2026-05-03-11-27-29-2282529.jpg","keywords":["_acidente","_desporto","_Hungria","_pessoas","_pilotos"],"articleSection":["Desporto","Futebol"],"inLanguage":"pt-PT"},{"@type":"WebPage","@id":"https:\/\/portaltela.pt\/noticias\/2026\/05\/03\/queda-de-miguel-oliveira-interrompe-superpole-das-superbikes\/","url":"https:\/\/portaltela.pt\/noticias\/2026\/05\/03\/queda-de-miguel-oliveira-interrompe-superpole-das-superbikes\/","name":"Queda de Miguel Oliveira interrompe Superpole das superbikes - Portal Tela Portugal","isPartOf":{"@id":"https:\/\/portaltela.pt\/#website"},"primaryImageOfPage":{"@id":"https:\/\/portaltela.pt\/noticias\/2026\/05\/03\/queda-de-miguel-oliveira-interrompe-superpole-das-superbikes\/#primaryimage"},"image":{"@id":"https:\/\/portaltela.pt\/noticias\/2026\/05\/03\/queda-de-miguel-oliveira-interrompe-superpole-das-superbikes\/#primaryimage"},"thumbnailUrl":"https:\/\/portaltela.pt\/s.01k8rhncp4jt1\/2026\/05\/img_1280x721uu2026-05-03-11-27-29-2282529.jpg","datePublished":"2026-05-03T10:32:49+00:00","author":{"@id":"https:\/\/portaltela.pt\/#\/schema\/person\/c4278d4a6028830caff9ee44b42d32ed"},"breadcrumb":{"@id":"https:\/\/portaltela.pt\/noticias\/2026\/05\/03\/queda-de-miguel-oliveira-interrompe-superpole-das-superbikes\/#breadcrumb"},"inLanguage":"pt-PT","potentialAction":[{"@type":"ReadAction","target":["https:\/\/portaltela.pt\/noticias\/2026\/05\/03\/queda-de-miguel-oliveira-interrompe-superpole-das-superbikes\/"]}]},{"@type":"ImageObject","inLanguage":"pt-PT","@id":"https:\/\/portaltela.pt\/noticias\/2026\/05\/03\/queda-de-miguel-oliveira-interrompe-superpole-das-superbikes\/#primaryimage","url":"https:\/\/portaltela.pt\/s.01k8rhncp4jt1\/2026\/05\/img_1280x721uu2026-05-03-11-27-29-2282529.jpg","contentUrl":"https:\/\/portaltela.pt\/s.01k8rhncp4jt1\/2026\/05\/img_1280x721uu2026-05-03-11-27-29-2282529.jpg","width":796,"height":448,"caption":"O momento da queda de Miguel Oliveira"},{"@type":"BreadcrumbList","@id":"https:\/\/portaltela.pt\/noticias\/2026\/05\/03\/queda-de-miguel-oliveira-interrompe-superpole-das-superbikes\/#breadcrumb","itemListElement":[{"@type":"ListItem","position":1,"name":"In\u00edcio","item":"https:\/\/portaltela.pt\/"},{"@type":"ListItem","position":2,"name":"Queda de Miguel Oliveira interrompe Superpole das superbikes"}]},{"@type":"WebSite","@id":"https:\/\/portaltela.pt\/#website","url":"https:\/\/portaltela.pt\/","name":"Portal Tela Portugal","description":"","potentialAction":[{"@type":"SearchAction","target":{"@type":"EntryPoint","urlTemplate":"https:\/\/portaltela.pt\/?s={search_term_string}"},"query-input":{"@type":"PropertyValueSpecification","valueRequired":true,"valueName":"search_term_string"}}],"inLanguage":"pt-PT"},{"@type":"Person","@id":"https:\/\/portaltela.pt\/#\/schema\/person\/c4278d4a6028830caff9ee44b42d32ed","name":"Telinha","image":{"@type":"ImageObject","inLanguage":"pt-PT","@id":"https:\/\/portaltela.pt\/s.01k8rhncp4jt1\/2025\/11\/talking-bot-125x125.png","url":"https:\/\/portaltela.pt\/s.01k8rhncp4jt1\/2025\/11\/talking-bot-125x125.png","contentUrl":"https:\/\/portaltela.pt\/s.01k8rhncp4jt1\/2025\/11\/talking-bot-125x125.png","caption":"Telinha"},"sameAs":["https:\/\/portaltela.pt\/"],"url":"https:\/\/portaltela.pt\/por\/367410592786\/"}]}},"_links":{"self":[{"href":"https:\/\/portaltela.pt\/api\/wp\/v2\/posts\/465804","targetHints":{"allow":["GET"]}}],"collection":[{"href":"https:\/\/portaltela.pt\/api\/wp\/v2\/posts"}],"about":[{"href":"https:\/\/portaltela.pt\/api\/wp\/v2\/types\/post"}],"author":[{"embeddable":true,"href":"https:\/\/portaltela.pt\/api\/wp\/v2\/users\/2"}],"replies":[{"embeddable":true,"href":"https:\/\/portaltela.pt\/api\/wp\/v2\/comments?post=465804"}],"version-history":[{"count":0,"href":"https:\/\/portaltela.pt\/api\/wp\/v2\/posts\/465804\/revisions"}],"wp:featuredmedia":[{"embeddable":true,"href":"https:\/\/portaltela.pt\/api\/wp\/v2\/media\/465806"}],"wp:attachment":[{"href":"https:\/\/portaltela.pt\/api\/wp\/v2\/media?parent=465804"}],"wp:term":[{"taxonomy":"category","embeddable":true,"href":"https:\/\/portaltela.pt\/api\/wp\/v2\/categories?post=465804"},{"taxonomy":"post_tag","embeddable":true,"href":"https:\/\/portaltela.pt\/api\/wp\/v2\/tags?post=465804"}],"curies":[{"name":"wp","href":"https:\/\/api.w.org\/{rel}","templated":true}]}}