{"id":465800,"date":"2026-05-03T07:17:57","date_gmt":"2026-05-03T10:17:57","guid":{"rendered":"https:\/\/portaltela.pt\/noticias\/2026\/05\/03\/traficante-de-droga-detido-pela-psp-em-chaves\/"},"modified":"2026-05-03T07:17:57","modified_gmt":"2026-05-03T10:17:57","slug":"traficante-de-droga-detido-pela-psp-em-chaves","status":"publish","type":"post","link":"https:\/\/portaltela.pt\/policia\/2026\/05\/03\/traficante-de-droga-detido-pela-psp-em-chaves\/","title":{"rendered":"Traficante de droga detido pela PSP em Chaves"},"content":{"rendered":"<p>Foi detido pela PSP em Chaves um traficante de droga, no \u00e2mbito de uma opera\u00e7\u00e3o que mobilizou v\u00e1rias patrulhas. A a\u00e7\u00e3o teve investiga\u00e7\u00e3o desenvolvida nos \u00faltimos meses e desencadeou ainda buscas domicili\u00e1rias. Um segundo homem foi constitu\u00eddo arguido durante essas dilig\u00eancias.<\/p>\n<p>As autoridades n\u00e3o avan\u00e7aram com n\u00fameros de deten\u00e7\u00f5es adicionais, mas confirmaram que a investiga\u00e7\u00e3o permanece ativa. O objetivo \u00e9 desmantelar uma rede associada ao tr\u00e1fico de droga na regi\u00e3o transfronteiri\u00e7a. As autoridades indicaram que n\u00e3o houve feridos.<\/p>\n<h3>Seguran\u00e7a e pol\u00edcia em Chaves<\/h3>\n<p>Durante a opera\u00e7\u00e3o, foram recolhidos elementos probat\u00f3rios e dados que v\u00e3o permitir aprofundar o circuito de abastecimento. As dilig\u00eancias prosseguem com o apoio de per\u00edcias e cruzamento de dados de movimenta\u00e7\u00f5es financeiras.<\/p>\n<h3>A\u00e7\u00f5es e pedidos da GNR<\/h3>\n<p>O respons\u00e1vel da GNR apelou a uma vis\u00e3o estrat\u00e9gica para enfrentar redes criminosas, a viol\u00eancia associada e a desinforma\u00e7\u00e3o que pode alastrar-se nas comunidades locais. A autoridade destacou a necessidade de coopera\u00e7\u00e3o entre for\u00e7as de seguran\u00e7a.<\/p>\n<h3>Hor\u00f3scopo e previs\u00f5es<\/h3>\n<p>A Maya revelou o hor\u00f3scopo da Balan\u00e7a para Peixes desta semana, com previs\u00f5es para os pr\u00f3ximos dias. Tamb\u00e9m foi divulgada a previs\u00e3o de 3 a 9 de maio para Carneiro a Virgem, com foco em orienta\u00e7\u00f5es gerais, n\u00e3o relacionadas com assuntos de seguran\u00e7a.<\/p>\n<h3>Acidentes e crimes em outras zonas<\/h3>\n<p>Em S\u00e3o Jo\u00e3o da Madeira, registou-se o momento em que dois ve\u00edculos colidiram, atropelando sete adeptos do FC Porto. N\u00e3o h\u00e1 informa\u00e7\u00f5es sobre feridos graves at\u00e9 ao momento e as autoridades investigam as causas.<\/p>\n<p>Na Marinha Grande, um grupo de quatro elementos ter\u00e1 assaltado com arma branca. Um dos suspeitos foi localizado e detido pela PSP, com as restantes dilig\u00eancias a decorrerem para identificar outros envolvidos.<\/p>\n","protected":false},"excerpt":{"rendered":"<ul>\n<li>Traficante de droga detido pela PSP em Chaves; durante buscas domicili\u00e1rias, outro homem foi constitu\u00eddo arguido.<\/li>\n<li>Um respons\u00e1vel da GNR pediu vis\u00e3o estrat\u00e9gica para enfrentar redes criminosas, viol\u00eancia e desinforma\u00e7\u00e3o.<\/li>\n<li>Maya revela o hor\u00f3scopo de Balan\u00e7a a Peixes para esta semana.<\/li>\n<li>De 3 a 9 de maio, previs\u00e3o da Maya de Carneiro a Virgem.<\/li>\n<li>Em S\u00e3o Jo\u00e3o da Madeira, houve colis\u00e3o entre dois carros que atropelou sete adeptos do FC Porto; na Marinha Grande, grupo de quatro elementos tentou assalto com arma branca, com um suspeito detido pela PSP.<\/li>\n<\/ul>\n","protected":false},"author":2,"featured_media":465801,"comment_status":"closed","ping_status":"closed","sticky":false,"template":"","format":"standard","meta":{"footnotes":""},"categories":[6907,6781],"tags":[9106,7921,7968,8041,7878,8221],"class_list":["post-465800","post","type-post","status-publish","format-standard","has-post-thumbnail","hentry","category-crime","category-policia","tag-_chaves","tag-_crime","tag-_drogas","tag-_psp","tag-_seguranca-publica","tag-_trafico-de-drogas"],"yoast_head":"<!-- This site is optimized with the Yoast SEO plugin v27.2 - https:\/\/yoast.com\/product\/yoast-seo-wordpress\/ -->\n<title>Traficante de droga detido pela PSP em Chaves - Portal Tela Portugal<\/title>\n<meta name=\"robots\" content=\"index, follow, max-snippet:-1, max-image-preview:large, max-video-preview:-1\" \/>\n<meta property=\"og:locale\" content=\"pt_PT\" \/>\n<meta property=\"og:type\" content=\"article\" \/>\n<meta property=\"og:title\" content=\"Traficante de droga detido pela PSP em Chaves - Portal Tela Portugal\" \/>\n<meta property=\"og:description\" content=\"Traficante de droga detido pela PSP em Chaves; durante buscas domicili\u00e1rias, outro homem foi constitu\u00eddo arguido. Um respons\u00e1vel da GNR pediu vis\u00e3o estrat\u00e9gica para enfrentar redes criminosas, viol\u00eancia e desinforma\u00e7\u00e3o. Maya revela o hor\u00f3scopo de Balan\u00e7a a Peixes para esta semana. De 3 a 9 de maio, previs\u00e3o da Maya de Carneiro a Virgem. Em S\u00e3o Jo\u00e3o da Madeira, houve colis\u00e3o entre dois carros que atropelou sete adeptos do FC Porto; na Marinha Grande, grupo de quatro elementos tentou assalto com arma branca, com um suspeito detido pela PSP.\" \/>\n<meta property=\"og:url\" content=\"https:\/\/portaltela.pt\/noticias\/2026\/05\/03\/traficante-de-droga-detido-pela-psp-em-chaves\/\" \/>\n<meta property=\"og:site_name\" content=\"Portal Tela Portugal\" \/>\n<meta property=\"article:published_time\" content=\"2026-05-03T10:17:57+00:00\" \/>\n<meta name=\"author\" content=\"Telinha\" \/>\n<meta name=\"twitter:card\" content=\"summary_large_image\" \/>\n<meta name=\"twitter:label1\" content=\"Escrito por\" \/>\n\t<meta name=\"twitter:data1\" content=\"Telinha\" \/>\n\t<meta name=\"twitter:label2\" content=\"Tempo estimado de leitura\" \/>\n\t<meta name=\"twitter:data2\" content=\"2 minutos\" \/>\n<script type=\"application\/ld+json\" class=\"yoast-schema-graph\">{\"@context\":\"https:\/\/schema.org\",\"@graph\":[{\"@type\":\"Article\",\"@id\":\"https:\/\/portaltela.pt\/noticias\/2026\/05\/03\/traficante-de-droga-detido-pela-psp-em-chaves\/#article\",\"isPartOf\":{\"@id\":\"https:\/\/portaltela.pt\/noticias\/2026\/05\/03\/traficante-de-droga-detido-pela-psp-em-chaves\/\"},\"author\":{\"name\":\"Telinha\",\"@id\":\"https:\/\/portaltela.pt\/#\/schema\/person\/c4278d4a6028830caff9ee44b42d32ed\"},\"headline\":\"Traficante de droga detido pela PSP em Chaves\",\"datePublished\":\"2026-05-03T10:17:57+00:00\",\"mainEntityOfPage\":{\"@id\":\"https:\/\/portaltela.pt\/noticias\/2026\/05\/03\/traficante-de-droga-detido-pela-psp-em-chaves\/\"},\"wordCount\":329,\"image\":{\"@id\":\"https:\/\/portaltela.pt\/noticias\/2026\/05\/03\/traficante-de-droga-detido-pela-psp-em-chaves\/#primaryimage\"},\"thumbnailUrl\":\"https:\/\/portaltela.pt\/s.01k8rhncp4jt1\/2026\/05\/img_1280x722uu2026-05-02-13-40-31-2282374.jpg\",\"keywords\":[\"_Chaves\",\"_crime\",\"_drogas\",\"_PSP\",\"_seguran\u00e7a p\u00fablica\",\"_tr\u00e1fico de drogas\"],\"articleSection\":[\"Crime\",\"Pol\u00edcia\"],\"inLanguage\":\"pt-PT\"},{\"@type\":\"WebPage\",\"@id\":\"https:\/\/portaltela.pt\/noticias\/2026\/05\/03\/traficante-de-droga-detido-pela-psp-em-chaves\/\",\"url\":\"https:\/\/portaltela.pt\/noticias\/2026\/05\/03\/traficante-de-droga-detido-pela-psp-em-chaves\/\",\"name\":\"Traficante de droga detido pela PSP em Chaves - Portal Tela Portugal\",\"isPartOf\":{\"@id\":\"https:\/\/portaltela.pt\/#website\"},\"primaryImageOfPage\":{\"@id\":\"https:\/\/portaltela.pt\/noticias\/2026\/05\/03\/traficante-de-droga-detido-pela-psp-em-chaves\/#primaryimage\"},\"image\":{\"@id\":\"https:\/\/portaltela.pt\/noticias\/2026\/05\/03\/traficante-de-droga-detido-pela-psp-em-chaves\/#primaryimage\"},\"thumbnailUrl\":\"https:\/\/portaltela.pt\/s.01k8rhncp4jt1\/2026\/05\/img_1280x722uu2026-05-02-13-40-31-2282374.jpg\",\"datePublished\":\"2026-05-03T10:17:57+00:00\",\"author\":{\"@id\":\"https:\/\/portaltela.pt\/#\/schema\/person\/c4278d4a6028830caff9ee44b42d32ed\"},\"breadcrumb\":{\"@id\":\"https:\/\/portaltela.pt\/noticias\/2026\/05\/03\/traficante-de-droga-detido-pela-psp-em-chaves\/#breadcrumb\"},\"inLanguage\":\"pt-PT\",\"potentialAction\":[{\"@type\":\"ReadAction\",\"target\":[\"https:\/\/portaltela.pt\/noticias\/2026\/05\/03\/traficante-de-droga-detido-pela-psp-em-chaves\/\"]}]},{\"@type\":\"ImageObject\",\"inLanguage\":\"pt-PT\",\"@id\":\"https:\/\/portaltela.pt\/noticias\/2026\/05\/03\/traficante-de-droga-detido-pela-psp-em-chaves\/#primaryimage\",\"url\":\"https:\/\/portaltela.pt\/s.01k8rhncp4jt1\/2026\/05\/img_1280x722uu2026-05-02-13-40-31-2282374.jpg\",\"contentUrl\":\"https:\/\/portaltela.pt\/s.01k8rhncp4jt1\/2026\/05\/img_1280x722uu2026-05-02-13-40-31-2282374.jpg\",\"width\":796,\"height\":448,\"caption\":\"Photo\"},{\"@type\":\"BreadcrumbList\",\"@id\":\"https:\/\/portaltela.pt\/noticias\/2026\/05\/03\/traficante-de-droga-detido-pela-psp-em-chaves\/#breadcrumb\",\"itemListElement\":[{\"@type\":\"ListItem\",\"position\":1,\"name\":\"In\u00edcio\",\"item\":\"https:\/\/portaltela.pt\/\"},{\"@type\":\"ListItem\",\"position\":2,\"name\":\"Traficante de droga detido pela PSP em Chaves\"}]},{\"@type\":\"WebSite\",\"@id\":\"https:\/\/portaltela.pt\/#website\",\"url\":\"https:\/\/portaltela.pt\/\",\"name\":\"Portal Tela Portugal\",\"description\":\"\",\"potentialAction\":[{\"@type\":\"SearchAction\",\"target\":{\"@type\":\"EntryPoint\",\"urlTemplate\":\"https:\/\/portaltela.pt\/?s={search_term_string}\"},\"query-input\":{\"@type\":\"PropertyValueSpecification\",\"valueRequired\":true,\"valueName\":\"search_term_string\"}}],\"inLanguage\":\"pt-PT\"},{\"@type\":\"Person\",\"@id\":\"https:\/\/portaltela.pt\/#\/schema\/person\/c4278d4a6028830caff9ee44b42d32ed\",\"name\":\"Telinha\",\"image\":{\"@type\":\"ImageObject\",\"inLanguage\":\"pt-PT\",\"@id\":\"https:\/\/portaltela.pt\/s.01k8rhncp4jt1\/2025\/11\/talking-bot-125x125.png\",\"url\":\"https:\/\/portaltela.pt\/s.01k8rhncp4jt1\/2025\/11\/talking-bot-125x125.png\",\"contentUrl\":\"https:\/\/portaltela.pt\/s.01k8rhncp4jt1\/2025\/11\/talking-bot-125x125.png\",\"caption\":\"Telinha\"},\"sameAs\":[\"https:\/\/portaltela.pt\/\"],\"url\":\"https:\/\/portaltela.pt\/por\/367410592786\/\"}]}<\/script>\n<!-- \/ Yoast SEO plugin. -->","yoast_head_json":{"title":"Traficante de droga detido pela PSP em Chaves - Portal Tela Portugal","robots":{"index":"index","follow":"follow","max-snippet":"max-snippet:-1","max-image-preview":"max-image-preview:large","max-video-preview":"max-video-preview:-1"},"og_locale":"pt_PT","og_type":"article","og_title":"Traficante de droga detido pela PSP em Chaves - Portal Tela Portugal","og_description":"Traficante de droga detido pela PSP em Chaves; durante buscas domicili\u00e1rias, outro homem foi constitu\u00eddo arguido. Um respons\u00e1vel da GNR pediu vis\u00e3o estrat\u00e9gica para enfrentar redes criminosas, viol\u00eancia e desinforma\u00e7\u00e3o. Maya revela o hor\u00f3scopo de Balan\u00e7a a Peixes para esta semana. De 3 a 9 de maio, previs\u00e3o da Maya de Carneiro a Virgem. Em S\u00e3o Jo\u00e3o da Madeira, houve colis\u00e3o entre dois carros que atropelou sete adeptos do FC Porto; na Marinha Grande, grupo de quatro elementos tentou assalto com arma branca, com um suspeito detido pela PSP.","og_url":"https:\/\/portaltela.pt\/noticias\/2026\/05\/03\/traficante-de-droga-detido-pela-psp-em-chaves\/","og_site_name":"Portal Tela Portugal","article_published_time":"2026-05-03T10:17:57+00:00","author":"Telinha","twitter_card":"summary_large_image","twitter_misc":{"Escrito por":"Telinha","Tempo estimado de leitura":"2 minutos"},"schema":{"@context":"https:\/\/schema.org","@graph":[{"@type":"Article","@id":"https:\/\/portaltela.pt\/noticias\/2026\/05\/03\/traficante-de-droga-detido-pela-psp-em-chaves\/#article","isPartOf":{"@id":"https:\/\/portaltela.pt\/noticias\/2026\/05\/03\/traficante-de-droga-detido-pela-psp-em-chaves\/"},"author":{"name":"Telinha","@id":"https:\/\/portaltela.pt\/#\/schema\/person\/c4278d4a6028830caff9ee44b42d32ed"},"headline":"Traficante de droga detido pela PSP em Chaves","datePublished":"2026-05-03T10:17:57+00:00","mainEntityOfPage":{"@id":"https:\/\/portaltela.pt\/noticias\/2026\/05\/03\/traficante-de-droga-detido-pela-psp-em-chaves\/"},"wordCount":329,"image":{"@id":"https:\/\/portaltela.pt\/noticias\/2026\/05\/03\/traficante-de-droga-detido-pela-psp-em-chaves\/#primaryimage"},"thumbnailUrl":"https:\/\/portaltela.pt\/s.01k8rhncp4jt1\/2026\/05\/img_1280x722uu2026-05-02-13-40-31-2282374.jpg","keywords":["_Chaves","_crime","_drogas","_PSP","_seguran\u00e7a p\u00fablica","_tr\u00e1fico de drogas"],"articleSection":["Crime","Pol\u00edcia"],"inLanguage":"pt-PT"},{"@type":"WebPage","@id":"https:\/\/portaltela.pt\/noticias\/2026\/05\/03\/traficante-de-droga-detido-pela-psp-em-chaves\/","url":"https:\/\/portaltela.pt\/noticias\/2026\/05\/03\/traficante-de-droga-detido-pela-psp-em-chaves\/","name":"Traficante de droga detido pela PSP em Chaves - Portal Tela Portugal","isPartOf":{"@id":"https:\/\/portaltela.pt\/#website"},"primaryImageOfPage":{"@id":"https:\/\/portaltela.pt\/noticias\/2026\/05\/03\/traficante-de-droga-detido-pela-psp-em-chaves\/#primaryimage"},"image":{"@id":"https:\/\/portaltela.pt\/noticias\/2026\/05\/03\/traficante-de-droga-detido-pela-psp-em-chaves\/#primaryimage"},"thumbnailUrl":"https:\/\/portaltela.pt\/s.01k8rhncp4jt1\/2026\/05\/img_1280x722uu2026-05-02-13-40-31-2282374.jpg","datePublished":"2026-05-03T10:17:57+00:00","author":{"@id":"https:\/\/portaltela.pt\/#\/schema\/person\/c4278d4a6028830caff9ee44b42d32ed"},"breadcrumb":{"@id":"https:\/\/portaltela.pt\/noticias\/2026\/05\/03\/traficante-de-droga-detido-pela-psp-em-chaves\/#breadcrumb"},"inLanguage":"pt-PT","potentialAction":[{"@type":"ReadAction","target":["https:\/\/portaltela.pt\/noticias\/2026\/05\/03\/traficante-de-droga-detido-pela-psp-em-chaves\/"]}]},{"@type":"ImageObject","inLanguage":"pt-PT","@id":"https:\/\/portaltela.pt\/noticias\/2026\/05\/03\/traficante-de-droga-detido-pela-psp-em-chaves\/#primaryimage","url":"https:\/\/portaltela.pt\/s.01k8rhncp4jt1\/2026\/05\/img_1280x722uu2026-05-02-13-40-31-2282374.jpg","contentUrl":"https:\/\/portaltela.pt\/s.01k8rhncp4jt1\/2026\/05\/img_1280x722uu2026-05-02-13-40-31-2282374.jpg","width":796,"height":448,"caption":"Photo"},{"@type":"BreadcrumbList","@id":"https:\/\/portaltela.pt\/noticias\/2026\/05\/03\/traficante-de-droga-detido-pela-psp-em-chaves\/#breadcrumb","itemListElement":[{"@type":"ListItem","position":1,"name":"In\u00edcio","item":"https:\/\/portaltela.pt\/"},{"@type":"ListItem","position":2,"name":"Traficante de droga detido pela PSP em Chaves"}]},{"@type":"WebSite","@id":"https:\/\/portaltela.pt\/#website","url":"https:\/\/portaltela.pt\/","name":"Portal Tela Portugal","description":"","potentialAction":[{"@type":"SearchAction","target":{"@type":"EntryPoint","urlTemplate":"https:\/\/portaltela.pt\/?s={search_term_string}"},"query-input":{"@type":"PropertyValueSpecification","valueRequired":true,"valueName":"search_term_string"}}],"inLanguage":"pt-PT"},{"@type":"Person","@id":"https:\/\/portaltela.pt\/#\/schema\/person\/c4278d4a6028830caff9ee44b42d32ed","name":"Telinha","image":{"@type":"ImageObject","inLanguage":"pt-PT","@id":"https:\/\/portaltela.pt\/s.01k8rhncp4jt1\/2025\/11\/talking-bot-125x125.png","url":"https:\/\/portaltela.pt\/s.01k8rhncp4jt1\/2025\/11\/talking-bot-125x125.png","contentUrl":"https:\/\/portaltela.pt\/s.01k8rhncp4jt1\/2025\/11\/talking-bot-125x125.png","caption":"Telinha"},"sameAs":["https:\/\/portaltela.pt\/"],"url":"https:\/\/portaltela.pt\/por\/367410592786\/"}]}},"_links":{"self":[{"href":"https:\/\/portaltela.pt\/api\/wp\/v2\/posts\/465800","targetHints":{"allow":["GET"]}}],"collection":[{"href":"https:\/\/portaltela.pt\/api\/wp\/v2\/posts"}],"about":[{"href":"https:\/\/portaltela.pt\/api\/wp\/v2\/types\/post"}],"author":[{"embeddable":true,"href":"https:\/\/portaltela.pt\/api\/wp\/v2\/users\/2"}],"replies":[{"embeddable":true,"href":"https:\/\/portaltela.pt\/api\/wp\/v2\/comments?post=465800"}],"version-history":[{"count":0,"href":"https:\/\/portaltela.pt\/api\/wp\/v2\/posts\/465800\/revisions"}],"wp:featuredmedia":[{"embeddable":true,"href":"https:\/\/portaltela.pt\/api\/wp\/v2\/media\/465801"}],"wp:attachment":[{"href":"https:\/\/portaltela.pt\/api\/wp\/v2\/media?parent=465800"}],"wp:term":[{"taxonomy":"category","embeddable":true,"href":"https:\/\/portaltela.pt\/api\/wp\/v2\/categories?post=465800"},{"taxonomy":"post_tag","embeddable":true,"href":"https:\/\/portaltela.pt\/api\/wp\/v2\/tags?post=465800"}],"curies":[{"name":"wp","href":"https:\/\/api.w.org\/{rel}","templated":true}]}}