{"id":465796,"date":"2026-05-03T07:17:41","date_gmt":"2026-05-03T10:17:41","guid":{"rendered":"https:\/\/portaltela.pt\/noticias\/2026\/05\/03\/miguel-oliveira-sai-de-maca-apos-queda-treino-interrompido\/"},"modified":"2026-05-03T07:17:41","modified_gmt":"2026-05-03T10:17:41","slug":"miguel-oliveira-sai-de-maca-apos-queda-treino-interrompido","status":"publish","type":"post","link":"https:\/\/portaltela.pt\/desporto\/futebol\/2026\/05\/03\/miguel-oliveira-sai-de-maca-apos-queda-treino-interrompido\/","title":{"rendered":"Miguel Oliveira sai de maca ap\u00f3s queda; treino interrompido"},"content":{"rendered":"<p>O piloto Miguel Oliveira sofreu uma queda durante a Superpole da prova de Hungaroring, no Mundial de Superbikes. Ele largou da quarta posi\u00e7\u00e3o, foi tocado pelo italiano Andrea Locatelli na sa\u00edda da curva cinco e acabou por ser abalroado por outros pilotos na curva seis.<\/p>\n<p>De acordo com a direc\u00e7\u00e3o de corrida, Oliveira ficou consciente, recebeu assist\u00eancia ainda em pista e foi retirado de maca. Seguiu para o hospital, onde aguarda avalia\u00e7\u00e3o para determinar a extens\u00e3o de eventuais les\u00f5es.<\/p>\n<p>Esta corrida corresponde \u00e0 quarta ronda da temporada. Ainda n\u00e3o h\u00e1 informa\u00e7\u00f5es oficiais sobre o estado de sa\u00fade do piloto portugu\u00eas nem sobre o tempo estimado de retorno \u00e0s competi\u00e7\u00f5es. Fontes da organiza\u00e7\u00e3o continuam a acompanhar o evoluir do caso.<\/p>\n","protected":false},"excerpt":{"rendered":"<ul>\n<li>Miguel Oliveira saiu da quarta posi\u00e7\u00e3o na Superpole da ronda h\u00fangara do Mundial de Superbikes eFoi tocado por Andrea Locatelli \u00e0 sa\u00edda da curva cinco, sendo abalroado por outros pilotos.<\/li>\n<li>A corrida foi interrompida na primeira volta devido \u00e0 queda envolvendo o piloto portugu\u00eas.<\/li>\n<li>Oliveira permaneceu consciente e recebeu assist\u00eancia ainda na pista, sendo depois retirado de maca.<\/li>\n<li>O piloto foi encaminhado para o hospital, e espera-se a confirma\u00e7\u00e3o da extens\u00e3o das potenciais les\u00f5es.<\/li>\n<li>Esta foi a quarta ronda da temporada.<\/li>\n<\/ul>\n","protected":false},"author":2,"featured_media":465797,"comment_status":"closed","ping_status":"closed","sticky":false,"template":"","format":"standard","meta":{"footnotes":""},"categories":[21,24],"tags":[8341,7902,8594,8414,7963,8892],"class_list":["post-465796","post","type-post","status-publish","format-standard","has-post-thumbnail","hentry","category-desporto","category-futebol","tag-_acidente","tag-_desporto","tag-_emergencias","tag-_hospitais","tag-_hungria","tag-_pilotos"],"yoast_head":"<!-- This site is optimized with the Yoast SEO plugin v27.2 - https:\/\/yoast.com\/product\/yoast-seo-wordpress\/ -->\n<title>Miguel Oliveira sai de maca ap\u00f3s queda; treino interrompido - Portal Tela Portugal<\/title>\n<meta name=\"robots\" content=\"index, follow, max-snippet:-1, max-image-preview:large, max-video-preview:-1\" \/>\n<meta property=\"og:locale\" content=\"pt_PT\" \/>\n<meta property=\"og:type\" content=\"article\" \/>\n<meta property=\"og:title\" content=\"Miguel Oliveira sai de maca ap\u00f3s queda; treino interrompido - Portal Tela Portugal\" \/>\n<meta property=\"og:description\" content=\"Miguel Oliveira saiu da quarta posi\u00e7\u00e3o na Superpole da ronda h\u00fangara do Mundial de Superbikes eFoi tocado por Andrea Locatelli \u00e0 sa\u00edda da curva cinco, sendo abalroado por outros pilotos. A corrida foi interrompida na primeira volta devido \u00e0 queda envolvendo o piloto portugu\u00eas. Oliveira permaneceu consciente e recebeu assist\u00eancia ainda na pista, sendo depois retirado de maca. O piloto foi encaminhado para o hospital, e espera-se a confirma\u00e7\u00e3o da extens\u00e3o das potenciais les\u00f5es. Esta foi a quarta ronda da temporada.\" \/>\n<meta property=\"og:url\" content=\"https:\/\/portaltela.pt\/noticias\/2026\/05\/03\/miguel-oliveira-sai-de-maca-apos-queda-treino-interrompido\/\" \/>\n<meta property=\"og:site_name\" content=\"Portal Tela Portugal\" \/>\n<meta property=\"article:published_time\" content=\"2026-05-03T10:17:41+00:00\" \/>\n<meta name=\"author\" content=\"Telinha\" \/>\n<meta name=\"twitter:card\" content=\"summary_large_image\" \/>\n<meta name=\"twitter:label1\" content=\"Escrito por\" \/>\n\t<meta name=\"twitter:data1\" content=\"Telinha\" \/>\n\t<meta name=\"twitter:label2\" content=\"Tempo estimado de leitura\" \/>\n\t<meta name=\"twitter:data2\" content=\"1 minuto\" \/>\n<script type=\"application\/ld+json\" class=\"yoast-schema-graph\">{\"@context\":\"https:\/\/schema.org\",\"@graph\":[{\"@type\":\"Article\",\"@id\":\"https:\/\/portaltela.pt\/noticias\/2026\/05\/03\/miguel-oliveira-sai-de-maca-apos-queda-treino-interrompido\/#article\",\"isPartOf\":{\"@id\":\"https:\/\/portaltela.pt\/noticias\/2026\/05\/03\/miguel-oliveira-sai-de-maca-apos-queda-treino-interrompido\/\"},\"author\":{\"name\":\"Telinha\",\"@id\":\"https:\/\/portaltela.pt\/#\/schema\/person\/c4278d4a6028830caff9ee44b42d32ed\"},\"headline\":\"Miguel Oliveira sai de maca ap\u00f3s queda; treino interrompido\",\"datePublished\":\"2026-05-03T10:17:41+00:00\",\"mainEntityOfPage\":{\"@id\":\"https:\/\/portaltela.pt\/noticias\/2026\/05\/03\/miguel-oliveira-sai-de-maca-apos-queda-treino-interrompido\/\"},\"wordCount\":141,\"image\":{\"@id\":\"https:\/\/portaltela.pt\/noticias\/2026\/05\/03\/miguel-oliveira-sai-de-maca-apos-queda-treino-interrompido\/#primaryimage\"},\"thumbnailUrl\":\"https:\/\/portaltela.pt\/s.01k8rhncp4jt1\/2026\/05\/2085685.jpg\",\"keywords\":[\"_acidente\",\"_desporto\",\"_emerg\u00eancias\",\"_hospitais\",\"_Hungria\",\"_pilotos\"],\"articleSection\":[\"Desporto\",\"Futebol\"],\"inLanguage\":\"pt-PT\"},{\"@type\":\"WebPage\",\"@id\":\"https:\/\/portaltela.pt\/noticias\/2026\/05\/03\/miguel-oliveira-sai-de-maca-apos-queda-treino-interrompido\/\",\"url\":\"https:\/\/portaltela.pt\/noticias\/2026\/05\/03\/miguel-oliveira-sai-de-maca-apos-queda-treino-interrompido\/\",\"name\":\"Miguel Oliveira sai de maca ap\u00f3s queda; treino interrompido - Portal Tela Portugal\",\"isPartOf\":{\"@id\":\"https:\/\/portaltela.pt\/#website\"},\"primaryImageOfPage\":{\"@id\":\"https:\/\/portaltela.pt\/noticias\/2026\/05\/03\/miguel-oliveira-sai-de-maca-apos-queda-treino-interrompido\/#primaryimage\"},\"image\":{\"@id\":\"https:\/\/portaltela.pt\/noticias\/2026\/05\/03\/miguel-oliveira-sai-de-maca-apos-queda-treino-interrompido\/#primaryimage\"},\"thumbnailUrl\":\"https:\/\/portaltela.pt\/s.01k8rhncp4jt1\/2026\/05\/2085685.jpg\",\"datePublished\":\"2026-05-03T10:17:41+00:00\",\"author\":{\"@id\":\"https:\/\/portaltela.pt\/#\/schema\/person\/c4278d4a6028830caff9ee44b42d32ed\"},\"breadcrumb\":{\"@id\":\"https:\/\/portaltela.pt\/noticias\/2026\/05\/03\/miguel-oliveira-sai-de-maca-apos-queda-treino-interrompido\/#breadcrumb\"},\"inLanguage\":\"pt-PT\",\"potentialAction\":[{\"@type\":\"ReadAction\",\"target\":[\"https:\/\/portaltela.pt\/noticias\/2026\/05\/03\/miguel-oliveira-sai-de-maca-apos-queda-treino-interrompido\/\"]}]},{\"@type\":\"ImageObject\",\"inLanguage\":\"pt-PT\",\"@id\":\"https:\/\/portaltela.pt\/noticias\/2026\/05\/03\/miguel-oliveira-sai-de-maca-apos-queda-treino-interrompido\/#primaryimage\",\"url\":\"https:\/\/portaltela.pt\/s.01k8rhncp4jt1\/2026\/05\/2085685.jpg\",\"contentUrl\":\"https:\/\/portaltela.pt\/s.01k8rhncp4jt1\/2026\/05\/2085685.jpg\",\"width\":796,\"height\":448,\"caption\":\"Miguel Oliveira sofreu uma queda feia este domingo\"},{\"@type\":\"BreadcrumbList\",\"@id\":\"https:\/\/portaltela.pt\/noticias\/2026\/05\/03\/miguel-oliveira-sai-de-maca-apos-queda-treino-interrompido\/#breadcrumb\",\"itemListElement\":[{\"@type\":\"ListItem\",\"position\":1,\"name\":\"In\u00edcio\",\"item\":\"https:\/\/portaltela.pt\/\"},{\"@type\":\"ListItem\",\"position\":2,\"name\":\"Miguel Oliveira sai de maca ap\u00f3s queda; treino interrompido\"}]},{\"@type\":\"WebSite\",\"@id\":\"https:\/\/portaltela.pt\/#website\",\"url\":\"https:\/\/portaltela.pt\/\",\"name\":\"Portal Tela Portugal\",\"description\":\"\",\"potentialAction\":[{\"@type\":\"SearchAction\",\"target\":{\"@type\":\"EntryPoint\",\"urlTemplate\":\"https:\/\/portaltela.pt\/?s={search_term_string}\"},\"query-input\":{\"@type\":\"PropertyValueSpecification\",\"valueRequired\":true,\"valueName\":\"search_term_string\"}}],\"inLanguage\":\"pt-PT\"},{\"@type\":\"Person\",\"@id\":\"https:\/\/portaltela.pt\/#\/schema\/person\/c4278d4a6028830caff9ee44b42d32ed\",\"name\":\"Telinha\",\"image\":{\"@type\":\"ImageObject\",\"inLanguage\":\"pt-PT\",\"@id\":\"https:\/\/portaltela.pt\/s.01k8rhncp4jt1\/2025\/11\/talking-bot-125x125.png\",\"url\":\"https:\/\/portaltela.pt\/s.01k8rhncp4jt1\/2025\/11\/talking-bot-125x125.png\",\"contentUrl\":\"https:\/\/portaltela.pt\/s.01k8rhncp4jt1\/2025\/11\/talking-bot-125x125.png\",\"caption\":\"Telinha\"},\"sameAs\":[\"https:\/\/portaltela.pt\/\"],\"url\":\"https:\/\/portaltela.pt\/por\/367410592786\/\"}]}<\/script>\n<!-- \/ Yoast SEO plugin. -->","yoast_head_json":{"title":"Miguel Oliveira sai de maca ap\u00f3s queda; treino interrompido - Portal Tela Portugal","robots":{"index":"index","follow":"follow","max-snippet":"max-snippet:-1","max-image-preview":"max-image-preview:large","max-video-preview":"max-video-preview:-1"},"og_locale":"pt_PT","og_type":"article","og_title":"Miguel Oliveira sai de maca ap\u00f3s queda; treino interrompido - Portal Tela Portugal","og_description":"Miguel Oliveira saiu da quarta posi\u00e7\u00e3o na Superpole da ronda h\u00fangara do Mundial de Superbikes eFoi tocado por Andrea Locatelli \u00e0 sa\u00edda da curva cinco, sendo abalroado por outros pilotos. A corrida foi interrompida na primeira volta devido \u00e0 queda envolvendo o piloto portugu\u00eas. Oliveira permaneceu consciente e recebeu assist\u00eancia ainda na pista, sendo depois retirado de maca. O piloto foi encaminhado para o hospital, e espera-se a confirma\u00e7\u00e3o da extens\u00e3o das potenciais les\u00f5es. Esta foi a quarta ronda da temporada.","og_url":"https:\/\/portaltela.pt\/noticias\/2026\/05\/03\/miguel-oliveira-sai-de-maca-apos-queda-treino-interrompido\/","og_site_name":"Portal Tela Portugal","article_published_time":"2026-05-03T10:17:41+00:00","author":"Telinha","twitter_card":"summary_large_image","twitter_misc":{"Escrito por":"Telinha","Tempo estimado de leitura":"1 minuto"},"schema":{"@context":"https:\/\/schema.org","@graph":[{"@type":"Article","@id":"https:\/\/portaltela.pt\/noticias\/2026\/05\/03\/miguel-oliveira-sai-de-maca-apos-queda-treino-interrompido\/#article","isPartOf":{"@id":"https:\/\/portaltela.pt\/noticias\/2026\/05\/03\/miguel-oliveira-sai-de-maca-apos-queda-treino-interrompido\/"},"author":{"name":"Telinha","@id":"https:\/\/portaltela.pt\/#\/schema\/person\/c4278d4a6028830caff9ee44b42d32ed"},"headline":"Miguel Oliveira sai de maca ap\u00f3s queda; treino interrompido","datePublished":"2026-05-03T10:17:41+00:00","mainEntityOfPage":{"@id":"https:\/\/portaltela.pt\/noticias\/2026\/05\/03\/miguel-oliveira-sai-de-maca-apos-queda-treino-interrompido\/"},"wordCount":141,"image":{"@id":"https:\/\/portaltela.pt\/noticias\/2026\/05\/03\/miguel-oliveira-sai-de-maca-apos-queda-treino-interrompido\/#primaryimage"},"thumbnailUrl":"https:\/\/portaltela.pt\/s.01k8rhncp4jt1\/2026\/05\/2085685.jpg","keywords":["_acidente","_desporto","_emerg\u00eancias","_hospitais","_Hungria","_pilotos"],"articleSection":["Desporto","Futebol"],"inLanguage":"pt-PT"},{"@type":"WebPage","@id":"https:\/\/portaltela.pt\/noticias\/2026\/05\/03\/miguel-oliveira-sai-de-maca-apos-queda-treino-interrompido\/","url":"https:\/\/portaltela.pt\/noticias\/2026\/05\/03\/miguel-oliveira-sai-de-maca-apos-queda-treino-interrompido\/","name":"Miguel Oliveira sai de maca ap\u00f3s queda; treino interrompido - Portal Tela Portugal","isPartOf":{"@id":"https:\/\/portaltela.pt\/#website"},"primaryImageOfPage":{"@id":"https:\/\/portaltela.pt\/noticias\/2026\/05\/03\/miguel-oliveira-sai-de-maca-apos-queda-treino-interrompido\/#primaryimage"},"image":{"@id":"https:\/\/portaltela.pt\/noticias\/2026\/05\/03\/miguel-oliveira-sai-de-maca-apos-queda-treino-interrompido\/#primaryimage"},"thumbnailUrl":"https:\/\/portaltela.pt\/s.01k8rhncp4jt1\/2026\/05\/2085685.jpg","datePublished":"2026-05-03T10:17:41+00:00","author":{"@id":"https:\/\/portaltela.pt\/#\/schema\/person\/c4278d4a6028830caff9ee44b42d32ed"},"breadcrumb":{"@id":"https:\/\/portaltela.pt\/noticias\/2026\/05\/03\/miguel-oliveira-sai-de-maca-apos-queda-treino-interrompido\/#breadcrumb"},"inLanguage":"pt-PT","potentialAction":[{"@type":"ReadAction","target":["https:\/\/portaltela.pt\/noticias\/2026\/05\/03\/miguel-oliveira-sai-de-maca-apos-queda-treino-interrompido\/"]}]},{"@type":"ImageObject","inLanguage":"pt-PT","@id":"https:\/\/portaltela.pt\/noticias\/2026\/05\/03\/miguel-oliveira-sai-de-maca-apos-queda-treino-interrompido\/#primaryimage","url":"https:\/\/portaltela.pt\/s.01k8rhncp4jt1\/2026\/05\/2085685.jpg","contentUrl":"https:\/\/portaltela.pt\/s.01k8rhncp4jt1\/2026\/05\/2085685.jpg","width":796,"height":448,"caption":"Miguel Oliveira sofreu uma queda feia este domingo"},{"@type":"BreadcrumbList","@id":"https:\/\/portaltela.pt\/noticias\/2026\/05\/03\/miguel-oliveira-sai-de-maca-apos-queda-treino-interrompido\/#breadcrumb","itemListElement":[{"@type":"ListItem","position":1,"name":"In\u00edcio","item":"https:\/\/portaltela.pt\/"},{"@type":"ListItem","position":2,"name":"Miguel Oliveira sai de maca ap\u00f3s queda; treino interrompido"}]},{"@type":"WebSite","@id":"https:\/\/portaltela.pt\/#website","url":"https:\/\/portaltela.pt\/","name":"Portal Tela Portugal","description":"","potentialAction":[{"@type":"SearchAction","target":{"@type":"EntryPoint","urlTemplate":"https:\/\/portaltela.pt\/?s={search_term_string}"},"query-input":{"@type":"PropertyValueSpecification","valueRequired":true,"valueName":"search_term_string"}}],"inLanguage":"pt-PT"},{"@type":"Person","@id":"https:\/\/portaltela.pt\/#\/schema\/person\/c4278d4a6028830caff9ee44b42d32ed","name":"Telinha","image":{"@type":"ImageObject","inLanguage":"pt-PT","@id":"https:\/\/portaltela.pt\/s.01k8rhncp4jt1\/2025\/11\/talking-bot-125x125.png","url":"https:\/\/portaltela.pt\/s.01k8rhncp4jt1\/2025\/11\/talking-bot-125x125.png","contentUrl":"https:\/\/portaltela.pt\/s.01k8rhncp4jt1\/2025\/11\/talking-bot-125x125.png","caption":"Telinha"},"sameAs":["https:\/\/portaltela.pt\/"],"url":"https:\/\/portaltela.pt\/por\/367410592786\/"}]}},"_links":{"self":[{"href":"https:\/\/portaltela.pt\/api\/wp\/v2\/posts\/465796","targetHints":{"allow":["GET"]}}],"collection":[{"href":"https:\/\/portaltela.pt\/api\/wp\/v2\/posts"}],"about":[{"href":"https:\/\/portaltela.pt\/api\/wp\/v2\/types\/post"}],"author":[{"embeddable":true,"href":"https:\/\/portaltela.pt\/api\/wp\/v2\/users\/2"}],"replies":[{"embeddable":true,"href":"https:\/\/portaltela.pt\/api\/wp\/v2\/comments?post=465796"}],"version-history":[{"count":0,"href":"https:\/\/portaltela.pt\/api\/wp\/v2\/posts\/465796\/revisions"}],"wp:featuredmedia":[{"embeddable":true,"href":"https:\/\/portaltela.pt\/api\/wp\/v2\/media\/465797"}],"wp:attachment":[{"href":"https:\/\/portaltela.pt\/api\/wp\/v2\/media?parent=465796"}],"wp:term":[{"taxonomy":"category","embeddable":true,"href":"https:\/\/portaltela.pt\/api\/wp\/v2\/categories?post=465796"},{"taxonomy":"post_tag","embeddable":true,"href":"https:\/\/portaltela.pt\/api\/wp\/v2\/tags?post=465796"}],"curies":[{"name":"wp","href":"https:\/\/api.w.org\/{rel}","templated":true}]}}