{"id":465792,"date":"2026-05-03T07:03:46","date_gmt":"2026-05-03T10:03:46","guid":{"rendered":"https:\/\/portaltela.pt\/noticias\/2026\/05\/03\/marionetas-do-mundo-chegam-a-lisboa-para-exposicao\/"},"modified":"2026-05-03T07:03:46","modified_gmt":"2026-05-03T10:03:46","slug":"marionetas-do-mundo-chegam-a-lisboa-para-exposicao","status":"publish","type":"post","link":"https:\/\/portaltela.pt\/noticias\/2026\/05\/03\/marionetas-do-mundo-chegam-a-lisboa-para-exposicao\/","title":{"rendered":"Marionetas do Mundo chegam a Lisboa para exposi\u00e7\u00e3o"},"content":{"rendered":"<p>Marionetas do Mundo chegam a Lisboa para a 26.\u00aa edi\u00e7\u00e3o do FIMFA Lx, o Festival Internacional de Marionetas e Formas Animadas. A cidade acolhe espet\u00e1culos de sala, rua e pequenas formas entre 7 e 31 de maio, com mais de 25 projetos de v\u00e1rias origens.<\/p>\n<p>A programa\u00e7\u00e3o envolve dezenas de pa\u00edses e contempla t\u00e9cnicas tradicionais e contempor\u00e2neas. Os espet\u00e1culos decorrem em 11 espa\u00e7os, incluindo o Teatro S\u00e3o Luiz, Teatro Variedades e Teatro Romano, com foco em p\u00fablicos de todas as idades.<\/p>\n<p>No Teatro LU.CA destacam-se sess\u00f5es para fam\u00edlias, como Milo, o magn\u00edfico, dos EUA, em que um aprendiz de m\u00e1gico combina truques de magia com ci\u00eancia. Do Reino Unido chega Hopeful Monster com Monstros esperan\u00e7osos, sobre evolu\u00e7\u00e3o via gestos humanos.<\/p>\n<p>No palco cont\u00ednuo, a Fran\u00e7a \u00e9 representada pela Compagnie Lamento com Im\u00f3vel &amp; Saltitante #2, que funde desenho, novo circo, dan\u00e7a e marionetas. Em Lisboa, o minigolfe artesanal de El minigolf envolve o p\u00fablico no Pal\u00e1cio Pimenta, com obras da Mumusic Circus.<\/p>\n<p>A programa\u00e7\u00e3o prossegue com a Radar 360\u00ba, de Portugal, apresentando Uma pequena circOOnfer\u00eancia no Teatro Romano, para crian\u00e7as. Na Marvila, Part\u00edculas Elementares apresenta Ninho, inspirado em poesia de Miguel Torga, para escolas.<\/p>\n<p>Durante o festival decorrem ainda filmes, masterclasses, confer\u00eancias e encontros com criadores, como complemento \u00e0 mostra principal. O programa completo pode ser consultado pela organiza\u00e7\u00e3o.<\/p>\n","protected":false},"excerpt":{"rendered":"<ul>\n<li>A 26.\u00aa edi\u00e7\u00e3o do FIMFA Lx &#8211; Festival Internacional de Marionetas e Formas Animadas decorre de 7 a 31 de maio, com mais de 25 projetos.<\/li>\n<li>A programa\u00e7\u00e3o acontece em 11 locais de Lisboa, incluindo Teatro S\u00e3o Luiz, Teatro Variedades e Teatro Romano, com espet\u00e1culos de sala, rua e pequenas formas.<\/li>\n<li>O Teatro LU.CA ter\u00e1 mais sess\u00f5es para crian\u00e7as, jovens e fam\u00edlias, destacando Milo, o magn\u00edfico, criado por Alex &amp; Olmsted, dos EUA.<\/li>\n<li>Propostas de v\u00e1rios pa\u00edses incluem Hopeful Monster, do Reino Unido, com Monstros esperan\u00e7osos, e Compagnie Lamento, de Fran\u00e7a, com Im\u00f3vel &amp; Saltitante #2.<\/li>\n<li>Al\u00e9m dos espet\u00e1culos, h\u00e1 filmes, masterclasses, confer\u00eancias e encontros com criadores; o programa completo pode ser consultado.<\/li>\n<\/ul>\n","protected":false},"author":2,"featured_media":465793,"comment_status":"closed","ping_status":"closed","sticky":false,"template":"","format":"standard","meta":{"footnotes":""},"categories":[7375,1],"tags":[145,3674,81,981,6704,119],"class_list":["post-465792","post","type-post","status-publish","format-standard","has-post-thumbnail","hentry","category-cultura","category-noticias","tag-cultura","tag-festival","tag-internacionais","tag-lisboa","tag-marionetas","tag-teatro"],"yoast_head":"<!-- This site is optimized with the Yoast SEO plugin v27.2 - https:\/\/yoast.com\/product\/yoast-seo-wordpress\/ -->\n<title>Marionetas do Mundo chegam a Lisboa para exposi\u00e7\u00e3o - Portal Tela Portugal<\/title>\n<meta name=\"robots\" content=\"index, follow, max-snippet:-1, max-image-preview:large, max-video-preview:-1\" \/>\n<meta property=\"og:locale\" content=\"pt_PT\" \/>\n<meta property=\"og:type\" content=\"article\" \/>\n<meta property=\"og:title\" content=\"Marionetas do Mundo chegam a Lisboa para exposi\u00e7\u00e3o - Portal Tela Portugal\" \/>\n<meta property=\"og:description\" content=\"A 26.\u00aa edi\u00e7\u00e3o do FIMFA Lx - Festival Internacional de Marionetas e Formas Animadas decorre de 7 a 31 de maio, com mais de 25 projetos. A programa\u00e7\u00e3o acontece em 11 locais de Lisboa, incluindo Teatro S\u00e3o Luiz, Teatro Variedades e Teatro Romano, com espet\u00e1culos de sala, rua e pequenas formas. O Teatro LU.CA ter\u00e1 mais sess\u00f5es para crian\u00e7as, jovens e fam\u00edlias, destacando Milo, o magn\u00edfico, criado por Alex &amp; Olmsted, dos EUA. Propostas de v\u00e1rios pa\u00edses incluem Hopeful Monster, do Reino Unido, com Monstros esperan\u00e7osos, e Compagnie Lamento, de Fran\u00e7a, com Im\u00f3vel &amp; Saltitante #2. Al\u00e9m dos espet\u00e1culos, h\u00e1 filmes, masterclasses, confer\u00eancias e encontros com criadores; o programa completo pode ser consultado.\" \/>\n<meta property=\"og:url\" content=\"https:\/\/portaltela.pt\/noticias\/2026\/05\/03\/marionetas-do-mundo-chegam-a-lisboa-para-exposicao\/\" \/>\n<meta property=\"og:site_name\" content=\"Portal Tela Portugal\" \/>\n<meta property=\"article:published_time\" content=\"2026-05-03T10:03:46+00:00\" \/>\n<meta name=\"author\" content=\"Telinha\" \/>\n<meta name=\"twitter:card\" content=\"summary_large_image\" \/>\n<meta name=\"twitter:label1\" content=\"Escrito por\" \/>\n\t<meta name=\"twitter:data1\" content=\"Telinha\" \/>\n\t<meta name=\"twitter:label2\" content=\"Tempo estimado de leitura\" \/>\n\t<meta name=\"twitter:data2\" content=\"1 minuto\" \/>\n<script type=\"application\/ld+json\" class=\"yoast-schema-graph\">{\"@context\":\"https:\/\/schema.org\",\"@graph\":[{\"@type\":\"Article\",\"@id\":\"https:\/\/portaltela.pt\/noticias\/2026\/05\/03\/marionetas-do-mundo-chegam-a-lisboa-para-exposicao\/#article\",\"isPartOf\":{\"@id\":\"https:\/\/portaltela.pt\/noticias\/2026\/05\/03\/marionetas-do-mundo-chegam-a-lisboa-para-exposicao\/\"},\"author\":{\"name\":\"Telinha\",\"@id\":\"https:\/\/portaltela.pt\/#\/schema\/person\/c4278d4a6028830caff9ee44b42d32ed\"},\"headline\":\"Marionetas do Mundo chegam a Lisboa para exposi\u00e7\u00e3o\",\"datePublished\":\"2026-05-03T10:03:46+00:00\",\"mainEntityOfPage\":{\"@id\":\"https:\/\/portaltela.pt\/noticias\/2026\/05\/03\/marionetas-do-mundo-chegam-a-lisboa-para-exposicao\/\"},\"wordCount\":250,\"image\":{\"@id\":\"https:\/\/portaltela.pt\/noticias\/2026\/05\/03\/marionetas-do-mundo-chegam-a-lisboa-para-exposicao\/#primaryimage\"},\"thumbnailUrl\":\"https:\/\/portaltela.pt\/s.01k8rhncp4jt1\/2026\/05\/image-123.jpg\",\"keywords\":[\"cultura\",\"festival\",\"internacionais\",\"Lisboa\",\"marionetas\",\"teatro\"],\"articleSection\":[\"Cultura\",\"Not\u00edcias\"],\"inLanguage\":\"pt-PT\"},{\"@type\":\"WebPage\",\"@id\":\"https:\/\/portaltela.pt\/noticias\/2026\/05\/03\/marionetas-do-mundo-chegam-a-lisboa-para-exposicao\/\",\"url\":\"https:\/\/portaltela.pt\/noticias\/2026\/05\/03\/marionetas-do-mundo-chegam-a-lisboa-para-exposicao\/\",\"name\":\"Marionetas do Mundo chegam a Lisboa para exposi\u00e7\u00e3o - Portal Tela Portugal\",\"isPartOf\":{\"@id\":\"https:\/\/portaltela.pt\/#website\"},\"primaryImageOfPage\":{\"@id\":\"https:\/\/portaltela.pt\/noticias\/2026\/05\/03\/marionetas-do-mundo-chegam-a-lisboa-para-exposicao\/#primaryimage\"},\"image\":{\"@id\":\"https:\/\/portaltela.pt\/noticias\/2026\/05\/03\/marionetas-do-mundo-chegam-a-lisboa-para-exposicao\/#primaryimage\"},\"thumbnailUrl\":\"https:\/\/portaltela.pt\/s.01k8rhncp4jt1\/2026\/05\/image-123.jpg\",\"datePublished\":\"2026-05-03T10:03:46+00:00\",\"author\":{\"@id\":\"https:\/\/portaltela.pt\/#\/schema\/person\/c4278d4a6028830caff9ee44b42d32ed\"},\"breadcrumb\":{\"@id\":\"https:\/\/portaltela.pt\/noticias\/2026\/05\/03\/marionetas-do-mundo-chegam-a-lisboa-para-exposicao\/#breadcrumb\"},\"inLanguage\":\"pt-PT\",\"potentialAction\":[{\"@type\":\"ReadAction\",\"target\":[\"https:\/\/portaltela.pt\/noticias\/2026\/05\/03\/marionetas-do-mundo-chegam-a-lisboa-para-exposicao\/\"]}]},{\"@type\":\"ImageObject\",\"inLanguage\":\"pt-PT\",\"@id\":\"https:\/\/portaltela.pt\/noticias\/2026\/05\/03\/marionetas-do-mundo-chegam-a-lisboa-para-exposicao\/#primaryimage\",\"url\":\"https:\/\/portaltela.pt\/s.01k8rhncp4jt1\/2026\/05\/image-123.jpg\",\"contentUrl\":\"https:\/\/portaltela.pt\/s.01k8rhncp4jt1\/2026\/05\/image-123.jpg\",\"width\":796,\"height\":448,\"caption\":\"FIMFA Lx26 decorre entre 7 e 31 de maio\"},{\"@type\":\"BreadcrumbList\",\"@id\":\"https:\/\/portaltela.pt\/noticias\/2026\/05\/03\/marionetas-do-mundo-chegam-a-lisboa-para-exposicao\/#breadcrumb\",\"itemListElement\":[{\"@type\":\"ListItem\",\"position\":1,\"name\":\"In\u00edcio\",\"item\":\"https:\/\/portaltela.pt\/\"},{\"@type\":\"ListItem\",\"position\":2,\"name\":\"Marionetas do Mundo chegam a Lisboa para exposi\u00e7\u00e3o\"}]},{\"@type\":\"WebSite\",\"@id\":\"https:\/\/portaltela.pt\/#website\",\"url\":\"https:\/\/portaltela.pt\/\",\"name\":\"Portal Tela Portugal\",\"description\":\"\",\"potentialAction\":[{\"@type\":\"SearchAction\",\"target\":{\"@type\":\"EntryPoint\",\"urlTemplate\":\"https:\/\/portaltela.pt\/?s={search_term_string}\"},\"query-input\":{\"@type\":\"PropertyValueSpecification\",\"valueRequired\":true,\"valueName\":\"search_term_string\"}}],\"inLanguage\":\"pt-PT\"},{\"@type\":\"Person\",\"@id\":\"https:\/\/portaltela.pt\/#\/schema\/person\/c4278d4a6028830caff9ee44b42d32ed\",\"name\":\"Telinha\",\"image\":{\"@type\":\"ImageObject\",\"inLanguage\":\"pt-PT\",\"@id\":\"https:\/\/portaltela.pt\/s.01k8rhncp4jt1\/2025\/11\/talking-bot-125x125.png\",\"url\":\"https:\/\/portaltela.pt\/s.01k8rhncp4jt1\/2025\/11\/talking-bot-125x125.png\",\"contentUrl\":\"https:\/\/portaltela.pt\/s.01k8rhncp4jt1\/2025\/11\/talking-bot-125x125.png\",\"caption\":\"Telinha\"},\"sameAs\":[\"https:\/\/portaltela.pt\/\"],\"url\":\"https:\/\/portaltela.pt\/por\/367410592786\/\"}]}<\/script>\n<!-- \/ Yoast SEO plugin. -->","yoast_head_json":{"title":"Marionetas do Mundo chegam a Lisboa para exposi\u00e7\u00e3o - Portal Tela Portugal","robots":{"index":"index","follow":"follow","max-snippet":"max-snippet:-1","max-image-preview":"max-image-preview:large","max-video-preview":"max-video-preview:-1"},"og_locale":"pt_PT","og_type":"article","og_title":"Marionetas do Mundo chegam a Lisboa para exposi\u00e7\u00e3o - Portal Tela Portugal","og_description":"A 26.\u00aa edi\u00e7\u00e3o do FIMFA Lx - Festival Internacional de Marionetas e Formas Animadas decorre de 7 a 31 de maio, com mais de 25 projetos. A programa\u00e7\u00e3o acontece em 11 locais de Lisboa, incluindo Teatro S\u00e3o Luiz, Teatro Variedades e Teatro Romano, com espet\u00e1culos de sala, rua e pequenas formas. O Teatro LU.CA ter\u00e1 mais sess\u00f5es para crian\u00e7as, jovens e fam\u00edlias, destacando Milo, o magn\u00edfico, criado por Alex &amp; Olmsted, dos EUA. Propostas de v\u00e1rios pa\u00edses incluem Hopeful Monster, do Reino Unido, com Monstros esperan\u00e7osos, e Compagnie Lamento, de Fran\u00e7a, com Im\u00f3vel &amp; Saltitante #2. Al\u00e9m dos espet\u00e1culos, h\u00e1 filmes, masterclasses, confer\u00eancias e encontros com criadores; o programa completo pode ser consultado.","og_url":"https:\/\/portaltela.pt\/noticias\/2026\/05\/03\/marionetas-do-mundo-chegam-a-lisboa-para-exposicao\/","og_site_name":"Portal Tela Portugal","article_published_time":"2026-05-03T10:03:46+00:00","author":"Telinha","twitter_card":"summary_large_image","twitter_misc":{"Escrito por":"Telinha","Tempo estimado de leitura":"1 minuto"},"schema":{"@context":"https:\/\/schema.org","@graph":[{"@type":"Article","@id":"https:\/\/portaltela.pt\/noticias\/2026\/05\/03\/marionetas-do-mundo-chegam-a-lisboa-para-exposicao\/#article","isPartOf":{"@id":"https:\/\/portaltela.pt\/noticias\/2026\/05\/03\/marionetas-do-mundo-chegam-a-lisboa-para-exposicao\/"},"author":{"name":"Telinha","@id":"https:\/\/portaltela.pt\/#\/schema\/person\/c4278d4a6028830caff9ee44b42d32ed"},"headline":"Marionetas do Mundo chegam a Lisboa para exposi\u00e7\u00e3o","datePublished":"2026-05-03T10:03:46+00:00","mainEntityOfPage":{"@id":"https:\/\/portaltela.pt\/noticias\/2026\/05\/03\/marionetas-do-mundo-chegam-a-lisboa-para-exposicao\/"},"wordCount":250,"image":{"@id":"https:\/\/portaltela.pt\/noticias\/2026\/05\/03\/marionetas-do-mundo-chegam-a-lisboa-para-exposicao\/#primaryimage"},"thumbnailUrl":"https:\/\/portaltela.pt\/s.01k8rhncp4jt1\/2026\/05\/image-123.jpg","keywords":["cultura","festival","internacionais","Lisboa","marionetas","teatro"],"articleSection":["Cultura","Not\u00edcias"],"inLanguage":"pt-PT"},{"@type":"WebPage","@id":"https:\/\/portaltela.pt\/noticias\/2026\/05\/03\/marionetas-do-mundo-chegam-a-lisboa-para-exposicao\/","url":"https:\/\/portaltela.pt\/noticias\/2026\/05\/03\/marionetas-do-mundo-chegam-a-lisboa-para-exposicao\/","name":"Marionetas do Mundo chegam a Lisboa para exposi\u00e7\u00e3o - Portal Tela Portugal","isPartOf":{"@id":"https:\/\/portaltela.pt\/#website"},"primaryImageOfPage":{"@id":"https:\/\/portaltela.pt\/noticias\/2026\/05\/03\/marionetas-do-mundo-chegam-a-lisboa-para-exposicao\/#primaryimage"},"image":{"@id":"https:\/\/portaltela.pt\/noticias\/2026\/05\/03\/marionetas-do-mundo-chegam-a-lisboa-para-exposicao\/#primaryimage"},"thumbnailUrl":"https:\/\/portaltela.pt\/s.01k8rhncp4jt1\/2026\/05\/image-123.jpg","datePublished":"2026-05-03T10:03:46+00:00","author":{"@id":"https:\/\/portaltela.pt\/#\/schema\/person\/c4278d4a6028830caff9ee44b42d32ed"},"breadcrumb":{"@id":"https:\/\/portaltela.pt\/noticias\/2026\/05\/03\/marionetas-do-mundo-chegam-a-lisboa-para-exposicao\/#breadcrumb"},"inLanguage":"pt-PT","potentialAction":[{"@type":"ReadAction","target":["https:\/\/portaltela.pt\/noticias\/2026\/05\/03\/marionetas-do-mundo-chegam-a-lisboa-para-exposicao\/"]}]},{"@type":"ImageObject","inLanguage":"pt-PT","@id":"https:\/\/portaltela.pt\/noticias\/2026\/05\/03\/marionetas-do-mundo-chegam-a-lisboa-para-exposicao\/#primaryimage","url":"https:\/\/portaltela.pt\/s.01k8rhncp4jt1\/2026\/05\/image-123.jpg","contentUrl":"https:\/\/portaltela.pt\/s.01k8rhncp4jt1\/2026\/05\/image-123.jpg","width":796,"height":448,"caption":"FIMFA Lx26 decorre entre 7 e 31 de maio"},{"@type":"BreadcrumbList","@id":"https:\/\/portaltela.pt\/noticias\/2026\/05\/03\/marionetas-do-mundo-chegam-a-lisboa-para-exposicao\/#breadcrumb","itemListElement":[{"@type":"ListItem","position":1,"name":"In\u00edcio","item":"https:\/\/portaltela.pt\/"},{"@type":"ListItem","position":2,"name":"Marionetas do Mundo chegam a Lisboa para exposi\u00e7\u00e3o"}]},{"@type":"WebSite","@id":"https:\/\/portaltela.pt\/#website","url":"https:\/\/portaltela.pt\/","name":"Portal Tela Portugal","description":"","potentialAction":[{"@type":"SearchAction","target":{"@type":"EntryPoint","urlTemplate":"https:\/\/portaltela.pt\/?s={search_term_string}"},"query-input":{"@type":"PropertyValueSpecification","valueRequired":true,"valueName":"search_term_string"}}],"inLanguage":"pt-PT"},{"@type":"Person","@id":"https:\/\/portaltela.pt\/#\/schema\/person\/c4278d4a6028830caff9ee44b42d32ed","name":"Telinha","image":{"@type":"ImageObject","inLanguage":"pt-PT","@id":"https:\/\/portaltela.pt\/s.01k8rhncp4jt1\/2025\/11\/talking-bot-125x125.png","url":"https:\/\/portaltela.pt\/s.01k8rhncp4jt1\/2025\/11\/talking-bot-125x125.png","contentUrl":"https:\/\/portaltela.pt\/s.01k8rhncp4jt1\/2025\/11\/talking-bot-125x125.png","caption":"Telinha"},"sameAs":["https:\/\/portaltela.pt\/"],"url":"https:\/\/portaltela.pt\/por\/367410592786\/"}]}},"_links":{"self":[{"href":"https:\/\/portaltela.pt\/api\/wp\/v2\/posts\/465792","targetHints":{"allow":["GET"]}}],"collection":[{"href":"https:\/\/portaltela.pt\/api\/wp\/v2\/posts"}],"about":[{"href":"https:\/\/portaltela.pt\/api\/wp\/v2\/types\/post"}],"author":[{"embeddable":true,"href":"https:\/\/portaltela.pt\/api\/wp\/v2\/users\/2"}],"replies":[{"embeddable":true,"href":"https:\/\/portaltela.pt\/api\/wp\/v2\/comments?post=465792"}],"version-history":[{"count":0,"href":"https:\/\/portaltela.pt\/api\/wp\/v2\/posts\/465792\/revisions"}],"wp:featuredmedia":[{"embeddable":true,"href":"https:\/\/portaltela.pt\/api\/wp\/v2\/media\/465793"}],"wp:attachment":[{"href":"https:\/\/portaltela.pt\/api\/wp\/v2\/media?parent=465792"}],"wp:term":[{"taxonomy":"category","embeddable":true,"href":"https:\/\/portaltela.pt\/api\/wp\/v2\/categories?post=465792"},{"taxonomy":"post_tag","embeddable":true,"href":"https:\/\/portaltela.pt\/api\/wp\/v2\/tags?post=465792"}],"curies":[{"name":"wp","href":"https:\/\/api.w.org\/{rel}","templated":true}]}}