{"id":465790,"date":"2026-05-03T06:48:05","date_gmt":"2026-05-03T09:48:05","guid":{"rendered":"https:\/\/portaltela.pt\/noticias\/2026\/05\/03\/thiago-silva-recorda-estreia-frente-ao-benfica-e-o-frio-na-barriga\/"},"modified":"2026-05-03T06:48:05","modified_gmt":"2026-05-03T09:48:05","slug":"thiago-silva-recorda-estreia-frente-ao-benfica-e-o-frio-na-barriga","status":"publish","type":"post","link":"https:\/\/portaltela.pt\/desporto\/futebol\/2026\/05\/03\/thiago-silva-recorda-estreia-frente-ao-benfica-e-o-frio-na-barriga\/","title":{"rendered":"Thiago Silva recorda estreia frente ao Benfica e o frio na barriga"},"content":{"rendered":"<p>No Est\u00e1dio do Drag\u00e3o, durante os festejos da conquista do t\u00edtulo, Thiago Silva recordou a sua mudan\u00e7a para o FC Porto e a estreia frente ao Benfica, em janeiro, para os quartos de final da Ta\u00e7a de Portugal, vit\u00f3ria dos drag\u00f5es por 1-0.<\/p>\n<p>A mem\u00f3ria aponta para o encontro disputado no mesmo recinto, sendo uma das primeiras partidas por Portugal entre o FC Porto e o Benfica na competi\u00e7\u00e3o. O confronto terminou com o triunfo azul e branco.<\/p>\n<p>O registo foi partilhado com imagens da TNT Sports, que documentou o momento no analyses dos festejos. O facto relembra o in\u00edcio da passagem de Silva ao clube e o contexto da vit\u00f3ria na Ta\u00e7a de Portugal.<\/p>\n","protected":false},"excerpt":{"rendered":"<ul>\n<li>Thiago Silva recorda a estreia pelo FC Porto frente ao Benfica, em janeiro, nos quartos de final da Ta\u00e7a de Portugal.<\/li>\n<li>O jogo realizou-se no Est\u00e1dio do Drag\u00e3o e terminou com vit\u00f3ria dos drag\u00f5es por 1-0.<\/li>\n<li>A estreia ocorreu durante os festejos da conquista do t\u00edtulo no local.<\/li>\n<li>O jogador admitiu ter sentido medo, com \u201caquele friozinho na barriga\u201d.<\/li>\n<li>O momento \u00e9 recuperado em v\u00eddeo pela TNT Sports.<\/li>\n<\/ul>\n","protected":false},"author":2,"featured_media":465791,"comment_status":"closed","ping_status":"closed","sticky":false,"template":"","format":"standard","meta":{"footnotes":""},"categories":[21,24],"tags":[1946,2028,32,299,982,1377],"class_list":["post-465790","post","type-post","status-publish","format-standard","has-post-thumbnail","hentry","category-desporto","category-futebol","tag-benfica","tag-fc-porto","tag-futebol","tag-historia","tag-porto","tag-taca-da-portugal"],"yoast_head":"<!-- This site is optimized with the Yoast SEO plugin v27.2 - https:\/\/yoast.com\/product\/yoast-seo-wordpress\/ -->\n<title>Thiago Silva recorda estreia frente ao Benfica e o frio na barriga - Portal Tela Portugal<\/title>\n<meta name=\"robots\" content=\"index, follow, max-snippet:-1, max-image-preview:large, max-video-preview:-1\" \/>\n<meta property=\"og:locale\" content=\"pt_PT\" \/>\n<meta property=\"og:type\" content=\"article\" \/>\n<meta property=\"og:title\" content=\"Thiago Silva recorda estreia frente ao Benfica e o frio na barriga - Portal Tela Portugal\" \/>\n<meta property=\"og:description\" content=\"Thiago Silva recorda a estreia pelo FC Porto frente ao Benfica, em janeiro, nos quartos de final da Ta\u00e7a de Portugal. O jogo realizou-se no Est\u00e1dio do Drag\u00e3o e terminou com vit\u00f3ria dos drag\u00f5es por 1-0. A estreia ocorreu durante os festejos da conquista do t\u00edtulo no local. O jogador admitiu ter sentido medo, com \u201caquele friozinho na barriga\u201d. O momento \u00e9 recuperado em v\u00eddeo pela TNT Sports.\" \/>\n<meta property=\"og:url\" content=\"https:\/\/portaltela.pt\/noticias\/2026\/05\/03\/thiago-silva-recorda-estreia-frente-ao-benfica-e-o-frio-na-barriga\/\" \/>\n<meta property=\"og:site_name\" content=\"Portal Tela Portugal\" \/>\n<meta property=\"article:published_time\" content=\"2026-05-03T09:48:05+00:00\" \/>\n<meta name=\"author\" content=\"Telinha\" \/>\n<meta name=\"twitter:card\" content=\"summary_large_image\" \/>\n<meta name=\"twitter:label1\" content=\"Escrito por\" \/>\n\t<meta name=\"twitter:data1\" content=\"Telinha\" \/>\n\t<meta name=\"twitter:label2\" content=\"Tempo estimado de leitura\" \/>\n\t<meta name=\"twitter:data2\" content=\"1 minuto\" \/>\n<script type=\"application\/ld+json\" class=\"yoast-schema-graph\">{\"@context\":\"https:\/\/schema.org\",\"@graph\":[{\"@type\":\"Article\",\"@id\":\"https:\/\/portaltela.pt\/noticias\/2026\/05\/03\/thiago-silva-recorda-estreia-frente-ao-benfica-e-o-frio-na-barriga\/#article\",\"isPartOf\":{\"@id\":\"https:\/\/portaltela.pt\/noticias\/2026\/05\/03\/thiago-silva-recorda-estreia-frente-ao-benfica-e-o-frio-na-barriga\/\"},\"author\":{\"name\":\"Telinha\",\"@id\":\"https:\/\/portaltela.pt\/#\/schema\/person\/c4278d4a6028830caff9ee44b42d32ed\"},\"headline\":\"Thiago Silva recorda estreia frente ao Benfica e o frio na barriga\",\"datePublished\":\"2026-05-03T09:48:05+00:00\",\"mainEntityOfPage\":{\"@id\":\"https:\/\/portaltela.pt\/noticias\/2026\/05\/03\/thiago-silva-recorda-estreia-frente-ao-benfica-e-o-frio-na-barriga\/\"},\"wordCount\":139,\"image\":{\"@id\":\"https:\/\/portaltela.pt\/noticias\/2026\/05\/03\/thiago-silva-recorda-estreia-frente-ao-benfica-e-o-frio-na-barriga\/#primaryimage\"},\"thumbnailUrl\":\"https:\/\/portaltela.pt\/s.01k8rhncp4jt1\/2026\/05\/img_1200x721uu2026-05-03-10-43-45-2436619.jpg\",\"keywords\":[\"Benfica\",\"FC Porto\",\"futebol\",\"hist\u00f3ria\",\"Porto\",\"Ta\u00e7a da Portugal\"],\"articleSection\":[\"Desporto\",\"Futebol\"],\"inLanguage\":\"pt-PT\"},{\"@type\":\"WebPage\",\"@id\":\"https:\/\/portaltela.pt\/noticias\/2026\/05\/03\/thiago-silva-recorda-estreia-frente-ao-benfica-e-o-frio-na-barriga\/\",\"url\":\"https:\/\/portaltela.pt\/noticias\/2026\/05\/03\/thiago-silva-recorda-estreia-frente-ao-benfica-e-o-frio-na-barriga\/\",\"name\":\"Thiago Silva recorda estreia frente ao Benfica e o frio na barriga - Portal Tela Portugal\",\"isPartOf\":{\"@id\":\"https:\/\/portaltela.pt\/#website\"},\"primaryImageOfPage\":{\"@id\":\"https:\/\/portaltela.pt\/noticias\/2026\/05\/03\/thiago-silva-recorda-estreia-frente-ao-benfica-e-o-frio-na-barriga\/#primaryimage\"},\"image\":{\"@id\":\"https:\/\/portaltela.pt\/noticias\/2026\/05\/03\/thiago-silva-recorda-estreia-frente-ao-benfica-e-o-frio-na-barriga\/#primaryimage\"},\"thumbnailUrl\":\"https:\/\/portaltela.pt\/s.01k8rhncp4jt1\/2026\/05\/img_1200x721uu2026-05-03-10-43-45-2436619.jpg\",\"datePublished\":\"2026-05-03T09:48:05+00:00\",\"author\":{\"@id\":\"https:\/\/portaltela.pt\/#\/schema\/person\/c4278d4a6028830caff9ee44b42d32ed\"},\"breadcrumb\":{\"@id\":\"https:\/\/portaltela.pt\/noticias\/2026\/05\/03\/thiago-silva-recorda-estreia-frente-ao-benfica-e-o-frio-na-barriga\/#breadcrumb\"},\"inLanguage\":\"pt-PT\",\"potentialAction\":[{\"@type\":\"ReadAction\",\"target\":[\"https:\/\/portaltela.pt\/noticias\/2026\/05\/03\/thiago-silva-recorda-estreia-frente-ao-benfica-e-o-frio-na-barriga\/\"]}]},{\"@type\":\"ImageObject\",\"inLanguage\":\"pt-PT\",\"@id\":\"https:\/\/portaltela.pt\/noticias\/2026\/05\/03\/thiago-silva-recorda-estreia-frente-ao-benfica-e-o-frio-na-barriga\/#primaryimage\",\"url\":\"https:\/\/portaltela.pt\/s.01k8rhncp4jt1\/2026\/05\/img_1200x721uu2026-05-03-10-43-45-2436619.jpg\",\"contentUrl\":\"https:\/\/portaltela.pt\/s.01k8rhncp4jt1\/2026\/05\/img_1200x721uu2026-05-03-10-43-45-2436619.jpg\",\"width\":796,\"height\":448,\"caption\":\"Thiago Silva recorda estreia frente ao Benfica: \u00abTinha medo, aquele friozinho na barriga\u00bb\"},{\"@type\":\"BreadcrumbList\",\"@id\":\"https:\/\/portaltela.pt\/noticias\/2026\/05\/03\/thiago-silva-recorda-estreia-frente-ao-benfica-e-o-frio-na-barriga\/#breadcrumb\",\"itemListElement\":[{\"@type\":\"ListItem\",\"position\":1,\"name\":\"In\u00edcio\",\"item\":\"https:\/\/portaltela.pt\/\"},{\"@type\":\"ListItem\",\"position\":2,\"name\":\"Thiago Silva recorda estreia frente ao Benfica e o frio na barriga\"}]},{\"@type\":\"WebSite\",\"@id\":\"https:\/\/portaltela.pt\/#website\",\"url\":\"https:\/\/portaltela.pt\/\",\"name\":\"Portal Tela Portugal\",\"description\":\"\",\"potentialAction\":[{\"@type\":\"SearchAction\",\"target\":{\"@type\":\"EntryPoint\",\"urlTemplate\":\"https:\/\/portaltela.pt\/?s={search_term_string}\"},\"query-input\":{\"@type\":\"PropertyValueSpecification\",\"valueRequired\":true,\"valueName\":\"search_term_string\"}}],\"inLanguage\":\"pt-PT\"},{\"@type\":\"Person\",\"@id\":\"https:\/\/portaltela.pt\/#\/schema\/person\/c4278d4a6028830caff9ee44b42d32ed\",\"name\":\"Telinha\",\"image\":{\"@type\":\"ImageObject\",\"inLanguage\":\"pt-PT\",\"@id\":\"https:\/\/portaltela.pt\/s.01k8rhncp4jt1\/2025\/11\/talking-bot-125x125.png\",\"url\":\"https:\/\/portaltela.pt\/s.01k8rhncp4jt1\/2025\/11\/talking-bot-125x125.png\",\"contentUrl\":\"https:\/\/portaltela.pt\/s.01k8rhncp4jt1\/2025\/11\/talking-bot-125x125.png\",\"caption\":\"Telinha\"},\"sameAs\":[\"https:\/\/portaltela.pt\/\"],\"url\":\"https:\/\/portaltela.pt\/por\/367410592786\/\"}]}<\/script>\n<!-- \/ Yoast SEO plugin. -->","yoast_head_json":{"title":"Thiago Silva recorda estreia frente ao Benfica e o frio na barriga - Portal Tela Portugal","robots":{"index":"index","follow":"follow","max-snippet":"max-snippet:-1","max-image-preview":"max-image-preview:large","max-video-preview":"max-video-preview:-1"},"og_locale":"pt_PT","og_type":"article","og_title":"Thiago Silva recorda estreia frente ao Benfica e o frio na barriga - Portal Tela Portugal","og_description":"Thiago Silva recorda a estreia pelo FC Porto frente ao Benfica, em janeiro, nos quartos de final da Ta\u00e7a de Portugal. O jogo realizou-se no Est\u00e1dio do Drag\u00e3o e terminou com vit\u00f3ria dos drag\u00f5es por 1-0. A estreia ocorreu durante os festejos da conquista do t\u00edtulo no local. O jogador admitiu ter sentido medo, com \u201caquele friozinho na barriga\u201d. O momento \u00e9 recuperado em v\u00eddeo pela TNT Sports.","og_url":"https:\/\/portaltela.pt\/noticias\/2026\/05\/03\/thiago-silva-recorda-estreia-frente-ao-benfica-e-o-frio-na-barriga\/","og_site_name":"Portal Tela Portugal","article_published_time":"2026-05-03T09:48:05+00:00","author":"Telinha","twitter_card":"summary_large_image","twitter_misc":{"Escrito por":"Telinha","Tempo estimado de leitura":"1 minuto"},"schema":{"@context":"https:\/\/schema.org","@graph":[{"@type":"Article","@id":"https:\/\/portaltela.pt\/noticias\/2026\/05\/03\/thiago-silva-recorda-estreia-frente-ao-benfica-e-o-frio-na-barriga\/#article","isPartOf":{"@id":"https:\/\/portaltela.pt\/noticias\/2026\/05\/03\/thiago-silva-recorda-estreia-frente-ao-benfica-e-o-frio-na-barriga\/"},"author":{"name":"Telinha","@id":"https:\/\/portaltela.pt\/#\/schema\/person\/c4278d4a6028830caff9ee44b42d32ed"},"headline":"Thiago Silva recorda estreia frente ao Benfica e o frio na barriga","datePublished":"2026-05-03T09:48:05+00:00","mainEntityOfPage":{"@id":"https:\/\/portaltela.pt\/noticias\/2026\/05\/03\/thiago-silva-recorda-estreia-frente-ao-benfica-e-o-frio-na-barriga\/"},"wordCount":139,"image":{"@id":"https:\/\/portaltela.pt\/noticias\/2026\/05\/03\/thiago-silva-recorda-estreia-frente-ao-benfica-e-o-frio-na-barriga\/#primaryimage"},"thumbnailUrl":"https:\/\/portaltela.pt\/s.01k8rhncp4jt1\/2026\/05\/img_1200x721uu2026-05-03-10-43-45-2436619.jpg","keywords":["Benfica","FC Porto","futebol","hist\u00f3ria","Porto","Ta\u00e7a da Portugal"],"articleSection":["Desporto","Futebol"],"inLanguage":"pt-PT"},{"@type":"WebPage","@id":"https:\/\/portaltela.pt\/noticias\/2026\/05\/03\/thiago-silva-recorda-estreia-frente-ao-benfica-e-o-frio-na-barriga\/","url":"https:\/\/portaltela.pt\/noticias\/2026\/05\/03\/thiago-silva-recorda-estreia-frente-ao-benfica-e-o-frio-na-barriga\/","name":"Thiago Silva recorda estreia frente ao Benfica e o frio na barriga - Portal Tela Portugal","isPartOf":{"@id":"https:\/\/portaltela.pt\/#website"},"primaryImageOfPage":{"@id":"https:\/\/portaltela.pt\/noticias\/2026\/05\/03\/thiago-silva-recorda-estreia-frente-ao-benfica-e-o-frio-na-barriga\/#primaryimage"},"image":{"@id":"https:\/\/portaltela.pt\/noticias\/2026\/05\/03\/thiago-silva-recorda-estreia-frente-ao-benfica-e-o-frio-na-barriga\/#primaryimage"},"thumbnailUrl":"https:\/\/portaltela.pt\/s.01k8rhncp4jt1\/2026\/05\/img_1200x721uu2026-05-03-10-43-45-2436619.jpg","datePublished":"2026-05-03T09:48:05+00:00","author":{"@id":"https:\/\/portaltela.pt\/#\/schema\/person\/c4278d4a6028830caff9ee44b42d32ed"},"breadcrumb":{"@id":"https:\/\/portaltela.pt\/noticias\/2026\/05\/03\/thiago-silva-recorda-estreia-frente-ao-benfica-e-o-frio-na-barriga\/#breadcrumb"},"inLanguage":"pt-PT","potentialAction":[{"@type":"ReadAction","target":["https:\/\/portaltela.pt\/noticias\/2026\/05\/03\/thiago-silva-recorda-estreia-frente-ao-benfica-e-o-frio-na-barriga\/"]}]},{"@type":"ImageObject","inLanguage":"pt-PT","@id":"https:\/\/portaltela.pt\/noticias\/2026\/05\/03\/thiago-silva-recorda-estreia-frente-ao-benfica-e-o-frio-na-barriga\/#primaryimage","url":"https:\/\/portaltela.pt\/s.01k8rhncp4jt1\/2026\/05\/img_1200x721uu2026-05-03-10-43-45-2436619.jpg","contentUrl":"https:\/\/portaltela.pt\/s.01k8rhncp4jt1\/2026\/05\/img_1200x721uu2026-05-03-10-43-45-2436619.jpg","width":796,"height":448,"caption":"Thiago Silva recorda estreia frente ao Benfica: \u00abTinha medo, aquele friozinho na barriga\u00bb"},{"@type":"BreadcrumbList","@id":"https:\/\/portaltela.pt\/noticias\/2026\/05\/03\/thiago-silva-recorda-estreia-frente-ao-benfica-e-o-frio-na-barriga\/#breadcrumb","itemListElement":[{"@type":"ListItem","position":1,"name":"In\u00edcio","item":"https:\/\/portaltela.pt\/"},{"@type":"ListItem","position":2,"name":"Thiago Silva recorda estreia frente ao Benfica e o frio na barriga"}]},{"@type":"WebSite","@id":"https:\/\/portaltela.pt\/#website","url":"https:\/\/portaltela.pt\/","name":"Portal Tela Portugal","description":"","potentialAction":[{"@type":"SearchAction","target":{"@type":"EntryPoint","urlTemplate":"https:\/\/portaltela.pt\/?s={search_term_string}"},"query-input":{"@type":"PropertyValueSpecification","valueRequired":true,"valueName":"search_term_string"}}],"inLanguage":"pt-PT"},{"@type":"Person","@id":"https:\/\/portaltela.pt\/#\/schema\/person\/c4278d4a6028830caff9ee44b42d32ed","name":"Telinha","image":{"@type":"ImageObject","inLanguage":"pt-PT","@id":"https:\/\/portaltela.pt\/s.01k8rhncp4jt1\/2025\/11\/talking-bot-125x125.png","url":"https:\/\/portaltela.pt\/s.01k8rhncp4jt1\/2025\/11\/talking-bot-125x125.png","contentUrl":"https:\/\/portaltela.pt\/s.01k8rhncp4jt1\/2025\/11\/talking-bot-125x125.png","caption":"Telinha"},"sameAs":["https:\/\/portaltela.pt\/"],"url":"https:\/\/portaltela.pt\/por\/367410592786\/"}]}},"_links":{"self":[{"href":"https:\/\/portaltela.pt\/api\/wp\/v2\/posts\/465790","targetHints":{"allow":["GET"]}}],"collection":[{"href":"https:\/\/portaltela.pt\/api\/wp\/v2\/posts"}],"about":[{"href":"https:\/\/portaltela.pt\/api\/wp\/v2\/types\/post"}],"author":[{"embeddable":true,"href":"https:\/\/portaltela.pt\/api\/wp\/v2\/users\/2"}],"replies":[{"embeddable":true,"href":"https:\/\/portaltela.pt\/api\/wp\/v2\/comments?post=465790"}],"version-history":[{"count":0,"href":"https:\/\/portaltela.pt\/api\/wp\/v2\/posts\/465790\/revisions"}],"wp:featuredmedia":[{"embeddable":true,"href":"https:\/\/portaltela.pt\/api\/wp\/v2\/media\/465791"}],"wp:attachment":[{"href":"https:\/\/portaltela.pt\/api\/wp\/v2\/media?parent=465790"}],"wp:term":[{"taxonomy":"category","embeddable":true,"href":"https:\/\/portaltela.pt\/api\/wp\/v2\/categories?post=465790"},{"taxonomy":"post_tag","embeddable":true,"href":"https:\/\/portaltela.pt\/api\/wp\/v2\/tags?post=465790"}],"curies":[{"name":"wp","href":"https:\/\/api.w.org\/{rel}","templated":true}]}}