{"id":465757,"date":"2026-05-03T06:02:48","date_gmt":"2026-05-03T09:02:48","guid":{"rendered":"https:\/\/portaltela.pt\/noticias\/2026\/05\/03\/dorgu-recorda-comentario-de-amorim-sobre-jogar-bem-numa-equipa-e-mal-na-outra\/"},"modified":"2026-05-03T06:02:48","modified_gmt":"2026-05-03T09:02:48","slug":"dorgu-recorda-comentario-de-amorim-sobre-jogar-bem-numa-equipa-e-mal-na-outra","status":"publish","type":"post","link":"https:\/\/portaltela.pt\/desporto\/futebol\/2026\/05\/03\/dorgu-recorda-comentario-de-amorim-sobre-jogar-bem-numa-equipa-e-mal-na-outra\/","title":{"rendered":"Dorgu recorda coment\u00e1rio de Amorim sobre jogar bem numa equipa e mal na outra"},"content":{"rendered":"<p>Patrick Dorgu, lateral-esquerdo do Manchester United, recorda um coment\u00e1rio feito por Ruben Amorim no fim de 2023 sobre o seu rendimento. O surgimento da cr\u00edtica ocorreu na confer\u00eancia de imprensa anterior a um encontro com o Crystal Palace.<\/p>\n<p>Na altura, Amorim alegou que Dorgu demonstrava ansiedade quando recebia a bola e indicou diferen\u00e7as entre o seu desempenho pela sele\u00e7\u00e3o nacional e pelo clube. A afirma\u00e7\u00e3o gerou impacto no jogador, que decidiu responder de forma contida.<\/p>\n<p>Contexto e rea\u00e7\u00e3o<\/p>\n<p>Dorgu explicou em entrevista ao The Telegraph que a observa\u00e7\u00e3o o atingiu, mas que procurou reagir da melhor forma. Com o tempo, o jovem come\u00e7ou a recuperar o ritmo \u00e0 medida que outros jogadores se ausentaram para a CAN e ganhou confian\u00e7a para se impor em campo.<\/p>\n<p>O jogador afirmou ainda que n\u00e3o v\u00ea ansiedade como a palavra correta para descrever a situa\u00e7\u00e3o. Alega que o rendimento variou conforme o contexto da equipa naquela altura e que o desempenho pela sele\u00e7\u00e3o n\u00e3o refletia o desempenho no clube.<\/p>\n<p>Sobre a evolu\u00e7\u00e3o recente, Dorgu revelou ter entrado num momento mais est\u00e1vel nos \u00faltimos jogos, aproveitando a confian\u00e7a adquirida para demonstrar mais expuls\u00e3o em campo. O objetivo, disse, foi manter o foco e continuar a evoluir.<\/p>\n","protected":false},"excerpt":{"rendered":"<ul>\n<li>Patrick Dorgu, lateral-esquerdo do Manchester United, recorda o coment\u00e1rio de Ruben Amorim sobre o seu desempenho.<\/li>\n<li>Amorim disse, em novembro, na antevis\u00e3o ao jogo com o Crystal Palace, que Dorgu \u201cse sente ansiedade\u201d ao tocar na bola e que a decis\u00e3o sob press\u00e3o na sele\u00e7\u00e3o era diferente da jogar pela equipa.<\/li>\n<li>Dorgu afirmou ao The Telegraph que o coment\u00e1rio o afetou, mas que procurou melhorar e ganhou ritmo \u00e0 medida que os jogadores da CAN sa\u00edram.<\/li>\n<li>O jogador explicou que teve de ter mais confian\u00e7a para jogar com express\u00e3o em campo, contando com o apoio de Darren Fletcher e Carrick.<\/li>\n<li>Dorgu disse ainda que n\u00e3o percebeu a palavra usada por Amorim e que n\u00e3o era ansiedade, mas falta de confian\u00e7a na altura, questionando como pode jogar bem pela sele\u00e7\u00e3o e mal no clube.<\/li>\n<\/ul>\n","protected":false},"author":2,"featured_media":465761,"comment_status":"closed","ping_status":"closed","sticky":false,"template":"","format":"standard","meta":{"footnotes":""},"categories":[21,24],"tags":[3350,1367,32,242,2057],"class_list":["post-465757","post","type-post","status-publish","format-standard","has-post-thumbnail","hentry","category-desporto","category-futebol","tag-ansiedade","tag-clubes","tag-futebol","tag-jogadores","tag-selecao-nacional"],"yoast_head":"<!-- This site is optimized with the Yoast SEO plugin v27.2 - https:\/\/yoast.com\/product\/yoast-seo-wordpress\/ -->\n<title>Dorgu recorda coment\u00e1rio de Amorim sobre jogar bem numa equipa e mal na outra - Portal Tela Portugal<\/title>\n<meta name=\"robots\" content=\"index, follow, max-snippet:-1, max-image-preview:large, max-video-preview:-1\" \/>\n<meta property=\"og:locale\" content=\"pt_PT\" \/>\n<meta property=\"og:type\" content=\"article\" \/>\n<meta property=\"og:title\" content=\"Dorgu recorda coment\u00e1rio de Amorim sobre jogar bem numa equipa e mal na outra - Portal Tela Portugal\" \/>\n<meta property=\"og:description\" content=\"Patrick Dorgu, lateral-esquerdo do Manchester United, recorda o coment\u00e1rio de Ruben Amorim sobre o seu desempenho. Amorim disse, em novembro, na antevis\u00e3o ao jogo com o Crystal Palace, que Dorgu \u201cse sente ansiedade\u201d ao tocar na bola e que a decis\u00e3o sob press\u00e3o na sele\u00e7\u00e3o era diferente da jogar pela equipa. Dorgu afirmou ao The Telegraph que o coment\u00e1rio o afetou, mas que procurou melhorar e ganhou ritmo \u00e0 medida que os jogadores da CAN sa\u00edram. O jogador explicou que teve de ter mais confian\u00e7a para jogar com express\u00e3o em campo, contando com o apoio de Darren Fletcher e Carrick. Dorgu disse ainda que n\u00e3o percebeu a palavra usada por Amorim e que n\u00e3o era ansiedade, mas falta de confian\u00e7a na altura, questionando como pode jogar bem pela sele\u00e7\u00e3o e mal no clube.\" \/>\n<meta property=\"og:url\" content=\"https:\/\/portaltela.pt\/noticias\/2026\/05\/03\/dorgu-recorda-comentario-de-amorim-sobre-jogar-bem-numa-equipa-e-mal-na-outra\/\" \/>\n<meta property=\"og:site_name\" content=\"Portal Tela Portugal\" \/>\n<meta property=\"article:published_time\" content=\"2026-05-03T09:02:48+00:00\" \/>\n<meta name=\"author\" content=\"Telinha\" \/>\n<meta name=\"twitter:card\" content=\"summary_large_image\" \/>\n<meta name=\"twitter:label1\" content=\"Escrito por\" \/>\n\t<meta name=\"twitter:data1\" content=\"Telinha\" \/>\n\t<meta name=\"twitter:label2\" content=\"Tempo estimado de leitura\" \/>\n\t<meta name=\"twitter:data2\" content=\"1 minuto\" \/>\n<script type=\"application\/ld+json\" class=\"yoast-schema-graph\">{\"@context\":\"https:\/\/schema.org\",\"@graph\":[{\"@type\":\"Article\",\"@id\":\"https:\/\/portaltela.pt\/noticias\/2026\/05\/03\/dorgu-recorda-comentario-de-amorim-sobre-jogar-bem-numa-equipa-e-mal-na-outra\/#article\",\"isPartOf\":{\"@id\":\"https:\/\/portaltela.pt\/noticias\/2026\/05\/03\/dorgu-recorda-comentario-de-amorim-sobre-jogar-bem-numa-equipa-e-mal-na-outra\/\"},\"author\":{\"name\":\"Telinha\",\"@id\":\"https:\/\/portaltela.pt\/#\/schema\/person\/c4278d4a6028830caff9ee44b42d32ed\"},\"headline\":\"Dorgu recorda coment\u00e1rio de Amorim sobre jogar bem numa equipa e mal na outra\",\"datePublished\":\"2026-05-03T09:02:48+00:00\",\"mainEntityOfPage\":{\"@id\":\"https:\/\/portaltela.pt\/noticias\/2026\/05\/03\/dorgu-recorda-comentario-de-amorim-sobre-jogar-bem-numa-equipa-e-mal-na-outra\/\"},\"wordCount\":232,\"image\":{\"@id\":\"https:\/\/portaltela.pt\/noticias\/2026\/05\/03\/dorgu-recorda-comentario-de-amorim-sobre-jogar-bem-numa-equipa-e-mal-na-outra\/#primaryimage\"},\"thumbnailUrl\":\"https:\/\/portaltela.pt\/s.01k8rhncp4jt1\/2026\/05\/img_920x518uu2026-05-03-09-56-04-2436615.jpg\",\"keywords\":[\"ansiedade\",\"clubes\",\"futebol\",\"jogadores\",\"Sele\u00e7\u00e3o Nacional\"],\"articleSection\":[\"Desporto\",\"Futebol\"],\"inLanguage\":\"pt-PT\"},{\"@type\":\"WebPage\",\"@id\":\"https:\/\/portaltela.pt\/noticias\/2026\/05\/03\/dorgu-recorda-comentario-de-amorim-sobre-jogar-bem-numa-equipa-e-mal-na-outra\/\",\"url\":\"https:\/\/portaltela.pt\/noticias\/2026\/05\/03\/dorgu-recorda-comentario-de-amorim-sobre-jogar-bem-numa-equipa-e-mal-na-outra\/\",\"name\":\"Dorgu recorda coment\u00e1rio de Amorim sobre jogar bem numa equipa e mal na outra - Portal Tela Portugal\",\"isPartOf\":{\"@id\":\"https:\/\/portaltela.pt\/#website\"},\"primaryImageOfPage\":{\"@id\":\"https:\/\/portaltela.pt\/noticias\/2026\/05\/03\/dorgu-recorda-comentario-de-amorim-sobre-jogar-bem-numa-equipa-e-mal-na-outra\/#primaryimage\"},\"image\":{\"@id\":\"https:\/\/portaltela.pt\/noticias\/2026\/05\/03\/dorgu-recorda-comentario-de-amorim-sobre-jogar-bem-numa-equipa-e-mal-na-outra\/#primaryimage\"},\"thumbnailUrl\":\"https:\/\/portaltela.pt\/s.01k8rhncp4jt1\/2026\/05\/img_920x518uu2026-05-03-09-56-04-2436615.jpg\",\"datePublished\":\"2026-05-03T09:02:48+00:00\",\"author\":{\"@id\":\"https:\/\/portaltela.pt\/#\/schema\/person\/c4278d4a6028830caff9ee44b42d32ed\"},\"breadcrumb\":{\"@id\":\"https:\/\/portaltela.pt\/noticias\/2026\/05\/03\/dorgu-recorda-comentario-de-amorim-sobre-jogar-bem-numa-equipa-e-mal-na-outra\/#breadcrumb\"},\"inLanguage\":\"pt-PT\",\"potentialAction\":[{\"@type\":\"ReadAction\",\"target\":[\"https:\/\/portaltela.pt\/noticias\/2026\/05\/03\/dorgu-recorda-comentario-de-amorim-sobre-jogar-bem-numa-equipa-e-mal-na-outra\/\"]}]},{\"@type\":\"ImageObject\",\"inLanguage\":\"pt-PT\",\"@id\":\"https:\/\/portaltela.pt\/noticias\/2026\/05\/03\/dorgu-recorda-comentario-de-amorim-sobre-jogar-bem-numa-equipa-e-mal-na-outra\/#primaryimage\",\"url\":\"https:\/\/portaltela.pt\/s.01k8rhncp4jt1\/2026\/05\/img_920x518uu2026-05-03-09-56-04-2436615.jpg\",\"contentUrl\":\"https:\/\/portaltela.pt\/s.01k8rhncp4jt1\/2026\/05\/img_920x518uu2026-05-03-09-56-04-2436615.jpg\",\"width\":796,\"height\":448,\"caption\":\"Patrick Dorgu\"},{\"@type\":\"BreadcrumbList\",\"@id\":\"https:\/\/portaltela.pt\/noticias\/2026\/05\/03\/dorgu-recorda-comentario-de-amorim-sobre-jogar-bem-numa-equipa-e-mal-na-outra\/#breadcrumb\",\"itemListElement\":[{\"@type\":\"ListItem\",\"position\":1,\"name\":\"In\u00edcio\",\"item\":\"https:\/\/portaltela.pt\/\"},{\"@type\":\"ListItem\",\"position\":2,\"name\":\"Dorgu recorda coment\u00e1rio de Amorim sobre jogar bem numa equipa e mal na outra\"}]},{\"@type\":\"WebSite\",\"@id\":\"https:\/\/portaltela.pt\/#website\",\"url\":\"https:\/\/portaltela.pt\/\",\"name\":\"Portal Tela Portugal\",\"description\":\"\",\"potentialAction\":[{\"@type\":\"SearchAction\",\"target\":{\"@type\":\"EntryPoint\",\"urlTemplate\":\"https:\/\/portaltela.pt\/?s={search_term_string}\"},\"query-input\":{\"@type\":\"PropertyValueSpecification\",\"valueRequired\":true,\"valueName\":\"search_term_string\"}}],\"inLanguage\":\"pt-PT\"},{\"@type\":\"Person\",\"@id\":\"https:\/\/portaltela.pt\/#\/schema\/person\/c4278d4a6028830caff9ee44b42d32ed\",\"name\":\"Telinha\",\"image\":{\"@type\":\"ImageObject\",\"inLanguage\":\"pt-PT\",\"@id\":\"https:\/\/portaltela.pt\/s.01k8rhncp4jt1\/2025\/11\/talking-bot-125x125.png\",\"url\":\"https:\/\/portaltela.pt\/s.01k8rhncp4jt1\/2025\/11\/talking-bot-125x125.png\",\"contentUrl\":\"https:\/\/portaltela.pt\/s.01k8rhncp4jt1\/2025\/11\/talking-bot-125x125.png\",\"caption\":\"Telinha\"},\"sameAs\":[\"https:\/\/portaltela.pt\/\"],\"url\":\"https:\/\/portaltela.pt\/por\/367410592786\/\"}]}<\/script>\n<!-- \/ Yoast SEO plugin. -->","yoast_head_json":{"title":"Dorgu recorda coment\u00e1rio de Amorim sobre jogar bem numa equipa e mal na outra - Portal Tela Portugal","robots":{"index":"index","follow":"follow","max-snippet":"max-snippet:-1","max-image-preview":"max-image-preview:large","max-video-preview":"max-video-preview:-1"},"og_locale":"pt_PT","og_type":"article","og_title":"Dorgu recorda coment\u00e1rio de Amorim sobre jogar bem numa equipa e mal na outra - Portal Tela Portugal","og_description":"Patrick Dorgu, lateral-esquerdo do Manchester United, recorda o coment\u00e1rio de Ruben Amorim sobre o seu desempenho. Amorim disse, em novembro, na antevis\u00e3o ao jogo com o Crystal Palace, que Dorgu \u201cse sente ansiedade\u201d ao tocar na bola e que a decis\u00e3o sob press\u00e3o na sele\u00e7\u00e3o era diferente da jogar pela equipa. Dorgu afirmou ao The Telegraph que o coment\u00e1rio o afetou, mas que procurou melhorar e ganhou ritmo \u00e0 medida que os jogadores da CAN sa\u00edram. O jogador explicou que teve de ter mais confian\u00e7a para jogar com express\u00e3o em campo, contando com o apoio de Darren Fletcher e Carrick. Dorgu disse ainda que n\u00e3o percebeu a palavra usada por Amorim e que n\u00e3o era ansiedade, mas falta de confian\u00e7a na altura, questionando como pode jogar bem pela sele\u00e7\u00e3o e mal no clube.","og_url":"https:\/\/portaltela.pt\/noticias\/2026\/05\/03\/dorgu-recorda-comentario-de-amorim-sobre-jogar-bem-numa-equipa-e-mal-na-outra\/","og_site_name":"Portal Tela Portugal","article_published_time":"2026-05-03T09:02:48+00:00","author":"Telinha","twitter_card":"summary_large_image","twitter_misc":{"Escrito por":"Telinha","Tempo estimado de leitura":"1 minuto"},"schema":{"@context":"https:\/\/schema.org","@graph":[{"@type":"Article","@id":"https:\/\/portaltela.pt\/noticias\/2026\/05\/03\/dorgu-recorda-comentario-de-amorim-sobre-jogar-bem-numa-equipa-e-mal-na-outra\/#article","isPartOf":{"@id":"https:\/\/portaltela.pt\/noticias\/2026\/05\/03\/dorgu-recorda-comentario-de-amorim-sobre-jogar-bem-numa-equipa-e-mal-na-outra\/"},"author":{"name":"Telinha","@id":"https:\/\/portaltela.pt\/#\/schema\/person\/c4278d4a6028830caff9ee44b42d32ed"},"headline":"Dorgu recorda coment\u00e1rio de Amorim sobre jogar bem numa equipa e mal na outra","datePublished":"2026-05-03T09:02:48+00:00","mainEntityOfPage":{"@id":"https:\/\/portaltela.pt\/noticias\/2026\/05\/03\/dorgu-recorda-comentario-de-amorim-sobre-jogar-bem-numa-equipa-e-mal-na-outra\/"},"wordCount":232,"image":{"@id":"https:\/\/portaltela.pt\/noticias\/2026\/05\/03\/dorgu-recorda-comentario-de-amorim-sobre-jogar-bem-numa-equipa-e-mal-na-outra\/#primaryimage"},"thumbnailUrl":"https:\/\/portaltela.pt\/s.01k8rhncp4jt1\/2026\/05\/img_920x518uu2026-05-03-09-56-04-2436615.jpg","keywords":["ansiedade","clubes","futebol","jogadores","Sele\u00e7\u00e3o Nacional"],"articleSection":["Desporto","Futebol"],"inLanguage":"pt-PT"},{"@type":"WebPage","@id":"https:\/\/portaltela.pt\/noticias\/2026\/05\/03\/dorgu-recorda-comentario-de-amorim-sobre-jogar-bem-numa-equipa-e-mal-na-outra\/","url":"https:\/\/portaltela.pt\/noticias\/2026\/05\/03\/dorgu-recorda-comentario-de-amorim-sobre-jogar-bem-numa-equipa-e-mal-na-outra\/","name":"Dorgu recorda coment\u00e1rio de Amorim sobre jogar bem numa equipa e mal na outra - Portal Tela Portugal","isPartOf":{"@id":"https:\/\/portaltela.pt\/#website"},"primaryImageOfPage":{"@id":"https:\/\/portaltela.pt\/noticias\/2026\/05\/03\/dorgu-recorda-comentario-de-amorim-sobre-jogar-bem-numa-equipa-e-mal-na-outra\/#primaryimage"},"image":{"@id":"https:\/\/portaltela.pt\/noticias\/2026\/05\/03\/dorgu-recorda-comentario-de-amorim-sobre-jogar-bem-numa-equipa-e-mal-na-outra\/#primaryimage"},"thumbnailUrl":"https:\/\/portaltela.pt\/s.01k8rhncp4jt1\/2026\/05\/img_920x518uu2026-05-03-09-56-04-2436615.jpg","datePublished":"2026-05-03T09:02:48+00:00","author":{"@id":"https:\/\/portaltela.pt\/#\/schema\/person\/c4278d4a6028830caff9ee44b42d32ed"},"breadcrumb":{"@id":"https:\/\/portaltela.pt\/noticias\/2026\/05\/03\/dorgu-recorda-comentario-de-amorim-sobre-jogar-bem-numa-equipa-e-mal-na-outra\/#breadcrumb"},"inLanguage":"pt-PT","potentialAction":[{"@type":"ReadAction","target":["https:\/\/portaltela.pt\/noticias\/2026\/05\/03\/dorgu-recorda-comentario-de-amorim-sobre-jogar-bem-numa-equipa-e-mal-na-outra\/"]}]},{"@type":"ImageObject","inLanguage":"pt-PT","@id":"https:\/\/portaltela.pt\/noticias\/2026\/05\/03\/dorgu-recorda-comentario-de-amorim-sobre-jogar-bem-numa-equipa-e-mal-na-outra\/#primaryimage","url":"https:\/\/portaltela.pt\/s.01k8rhncp4jt1\/2026\/05\/img_920x518uu2026-05-03-09-56-04-2436615.jpg","contentUrl":"https:\/\/portaltela.pt\/s.01k8rhncp4jt1\/2026\/05\/img_920x518uu2026-05-03-09-56-04-2436615.jpg","width":796,"height":448,"caption":"Patrick Dorgu"},{"@type":"BreadcrumbList","@id":"https:\/\/portaltela.pt\/noticias\/2026\/05\/03\/dorgu-recorda-comentario-de-amorim-sobre-jogar-bem-numa-equipa-e-mal-na-outra\/#breadcrumb","itemListElement":[{"@type":"ListItem","position":1,"name":"In\u00edcio","item":"https:\/\/portaltela.pt\/"},{"@type":"ListItem","position":2,"name":"Dorgu recorda coment\u00e1rio de Amorim sobre jogar bem numa equipa e mal na outra"}]},{"@type":"WebSite","@id":"https:\/\/portaltela.pt\/#website","url":"https:\/\/portaltela.pt\/","name":"Portal Tela Portugal","description":"","potentialAction":[{"@type":"SearchAction","target":{"@type":"EntryPoint","urlTemplate":"https:\/\/portaltela.pt\/?s={search_term_string}"},"query-input":{"@type":"PropertyValueSpecification","valueRequired":true,"valueName":"search_term_string"}}],"inLanguage":"pt-PT"},{"@type":"Person","@id":"https:\/\/portaltela.pt\/#\/schema\/person\/c4278d4a6028830caff9ee44b42d32ed","name":"Telinha","image":{"@type":"ImageObject","inLanguage":"pt-PT","@id":"https:\/\/portaltela.pt\/s.01k8rhncp4jt1\/2025\/11\/talking-bot-125x125.png","url":"https:\/\/portaltela.pt\/s.01k8rhncp4jt1\/2025\/11\/talking-bot-125x125.png","contentUrl":"https:\/\/portaltela.pt\/s.01k8rhncp4jt1\/2025\/11\/talking-bot-125x125.png","caption":"Telinha"},"sameAs":["https:\/\/portaltela.pt\/"],"url":"https:\/\/portaltela.pt\/por\/367410592786\/"}]}},"_links":{"self":[{"href":"https:\/\/portaltela.pt\/api\/wp\/v2\/posts\/465757","targetHints":{"allow":["GET"]}}],"collection":[{"href":"https:\/\/portaltela.pt\/api\/wp\/v2\/posts"}],"about":[{"href":"https:\/\/portaltela.pt\/api\/wp\/v2\/types\/post"}],"author":[{"embeddable":true,"href":"https:\/\/portaltela.pt\/api\/wp\/v2\/users\/2"}],"replies":[{"embeddable":true,"href":"https:\/\/portaltela.pt\/api\/wp\/v2\/comments?post=465757"}],"version-history":[{"count":0,"href":"https:\/\/portaltela.pt\/api\/wp\/v2\/posts\/465757\/revisions"}],"wp:featuredmedia":[{"embeddable":true,"href":"https:\/\/portaltela.pt\/api\/wp\/v2\/media\/465761"}],"wp:attachment":[{"href":"https:\/\/portaltela.pt\/api\/wp\/v2\/media?parent=465757"}],"wp:term":[{"taxonomy":"category","embeddable":true,"href":"https:\/\/portaltela.pt\/api\/wp\/v2\/categories?post=465757"},{"taxonomy":"post_tag","embeddable":true,"href":"https:\/\/portaltela.pt\/api\/wp\/v2\/tags?post=465757"}],"curies":[{"name":"wp","href":"https:\/\/api.w.org\/{rel}","templated":true}]}}