{"id":465756,"date":"2026-05-03T06:02:48","date_gmt":"2026-05-03T09:02:48","guid":{"rendered":"https:\/\/portaltela.pt\/noticias\/2026\/05\/03\/homem-e-acusado-de-matar-menina-aborigene-no-centro-da-australia\/"},"modified":"2026-05-03T06:02:48","modified_gmt":"2026-05-03T09:02:48","slug":"homem-e-acusado-de-matar-menina-aborigene-no-centro-da-australia","status":"publish","type":"post","link":"https:\/\/portaltela.pt\/noticias\/2026\/05\/03\/homem-e-acusado-de-matar-menina-aborigene-no-centro-da-australia\/","title":{"rendered":"Homem \u00e9 acusado de matar menina abor\u00edgene no centro da Austr\u00e1lia"},"content":{"rendered":"<p>Um homem de 47 anos foi acusado de homic\u00eddio de uma menina de cinco anos pertencente a uma comunidade abor\u00edgene no centro da Austr\u00e1lia. O corpo foi encontrado perto de Alice Springs na quinta-feira, ap\u00f3s o desaparecimento ter gerado uma vasta opera\u00e7\u00e3o de busca.<\/p>\n<p>Jefferson Lewis foi detido pouco depois, depois de se entregar \u00e0 comunidade local. O suspeito ficou inconsciente ap\u00f3s ser espancado, foi levado para o hospital e, no domingo, recebeu acusa\u00e7\u00f5es de homic\u00eddio e duas de viola\u00e7\u00e3o.<\/p>\n<p>As autoridades do Territ\u00f3rio do Norte informaram que Lewis est\u00e1 a enfrentar as acusa\u00e7\u00f5es. A pol\u00edcia indicou que o caso gerou confrontos com for\u00e7as de seguran\u00e7a junto ao hospital de Alice Springs, com ferimentos em pol\u00edcias, param\u00e9dicos e um bombeiro.<\/p>\n<p>A confirmar-se, este caso representa um rev\u00e9s emocional para a na\u00e7\u00e3o. A comunidade ind\u00edgena expressou a sua raiva, com relatos de manifesta\u00e7\u00f5es e g\u00e1s lacrimog\u00e9neo, e a pol\u00edcia tentou manter a ordem durante as ocorr\u00eancias.<\/p>\n<p>Conselheiros da fam\u00edlia da v\u00edtima solicitaram paz e respeito pelas tradi\u00e7\u00f5es culturais da comunidade. O primeiro-ministro Anthony Albanese comentou o desfecho como tr\u00e1gico, sem, contudo, avan\u00e7ar com ju\u00edzos.<\/p>\n<h3>Sobre o sucedido e pr\u00f3ximos passos<\/h3>\n<ul>\n<li>Investigadores continuam a recolher evid\u00eancias para determinar as circunst\u00e2ncias do homic\u00eddio e das viola\u00e7\u00f5es.<\/li>\n<li>A pol\u00edcia refor\u00e7ou que manter\u00e1 a tranquilidade p\u00fablica enquanto a justi\u00e7a avan\u00e7a.<\/li>\n<li>A fam\u00edlia da menina pediu luto e o respeito pela mem\u00f3ria da crian\u00e7a.<\/li>\n<\/ul>\n","protected":false},"excerpt":{"rendered":"<ul>\n<li>Jefferson Lewis, 47 anos, foi acusado de homic\u00eddio e de duas viola\u00e7\u00f5es no caso envolvendo a crian\u00e7a desaparecida.<\/li>\n<li>Encontrou-se perto de Alice Springs o corpo da menina de cinco anos, identificada como Kumanjayi Little Baby.<\/li>\n<li>Confrontos nas imedia\u00e7\u00f5es do hospital de Alice Springs deixaram v\u00e1rios agentes feridos, com uma carrinha da pol\u00edcia incendiada e g\u00e1s lacrimog\u00e9neo no ar.<\/li>\n<li>Manifestantes exigiam a liberta\u00e7\u00e3o do suspeito para aplica\u00e7\u00e3o de uma puni\u00e7\u00e3o tradicional da comunidade ind\u00edgena.<\/li>\n<li>O primeiro-ministro Anthony Albanese descreveu o desfecho como comovente, enquanto a fam\u00edlia pediu calma e respeito pelas pr\u00e1ticas culturais.<\/li>\n<\/ul>\n","protected":false},"author":2,"featured_media":465760,"comment_status":"closed","ping_status":"closed","sticky":false,"template":"","format":"standard","meta":{"footnotes":""},"categories":[6907,1],"tags":[8288,8075,8374,8079,8273],"class_list":["post-465756","post","type-post","status-publish","format-standard","has-post-thumbnail","hentry","category-crime","category-noticias","tag-_abuso-de-menores","tag-_homicidio","tag-_homicidios","tag-_violacao-de-menores","tag-_violencia"],"yoast_head":"<!-- This site is optimized with the Yoast SEO plugin v27.2 - https:\/\/yoast.com\/product\/yoast-seo-wordpress\/ -->\n<title>Homem \u00e9 acusado de matar menina abor\u00edgene no centro da Austr\u00e1lia - Portal Tela Portugal<\/title>\n<meta name=\"robots\" content=\"index, follow, max-snippet:-1, max-image-preview:large, max-video-preview:-1\" \/>\n<meta property=\"og:locale\" content=\"pt_PT\" \/>\n<meta property=\"og:type\" content=\"article\" \/>\n<meta property=\"og:title\" content=\"Homem \u00e9 acusado de matar menina abor\u00edgene no centro da Austr\u00e1lia - Portal Tela Portugal\" \/>\n<meta property=\"og:description\" content=\"Jefferson Lewis, 47 anos, foi acusado de homic\u00eddio e de duas viola\u00e7\u00f5es no caso envolvendo a crian\u00e7a desaparecida. Encontrou-se perto de Alice Springs o corpo da menina de cinco anos, identificada como Kumanjayi Little Baby. Confrontos nas imedia\u00e7\u00f5es do hospital de Alice Springs deixaram v\u00e1rios agentes feridos, com uma carrinha da pol\u00edcia incendiada e g\u00e1s lacrimog\u00e9neo no ar. Manifestantes exigiam a liberta\u00e7\u00e3o do suspeito para aplica\u00e7\u00e3o de uma puni\u00e7\u00e3o tradicional da comunidade ind\u00edgena. O primeiro-ministro Anthony Albanese descreveu o desfecho como comovente, enquanto a fam\u00edlia pediu calma e respeito pelas pr\u00e1ticas culturais.\" \/>\n<meta property=\"og:url\" content=\"https:\/\/portaltela.pt\/noticias\/2026\/05\/03\/homem-e-acusado-de-matar-menina-aborigene-no-centro-da-australia\/\" \/>\n<meta property=\"og:site_name\" content=\"Portal Tela Portugal\" \/>\n<meta property=\"article:published_time\" content=\"2026-05-03T09:02:48+00:00\" \/>\n<meta name=\"author\" content=\"Telinha\" \/>\n<meta name=\"twitter:card\" content=\"summary_large_image\" \/>\n<meta name=\"twitter:label1\" content=\"Escrito por\" \/>\n\t<meta name=\"twitter:data1\" content=\"Telinha\" \/>\n\t<meta name=\"twitter:label2\" content=\"Tempo estimado de leitura\" \/>\n\t<meta name=\"twitter:data2\" content=\"1 minuto\" \/>\n<script type=\"application\/ld+json\" class=\"yoast-schema-graph\">{\"@context\":\"https:\/\/schema.org\",\"@graph\":[{\"@type\":\"Article\",\"@id\":\"https:\/\/portaltela.pt\/noticias\/2026\/05\/03\/homem-e-acusado-de-matar-menina-aborigene-no-centro-da-australia\/#article\",\"isPartOf\":{\"@id\":\"https:\/\/portaltela.pt\/noticias\/2026\/05\/03\/homem-e-acusado-de-matar-menina-aborigene-no-centro-da-australia\/\"},\"author\":{\"name\":\"Telinha\",\"@id\":\"https:\/\/portaltela.pt\/#\/schema\/person\/c4278d4a6028830caff9ee44b42d32ed\"},\"headline\":\"Homem \u00e9 acusado de matar menina abor\u00edgene no centro da Austr\u00e1lia\",\"datePublished\":\"2026-05-03T09:02:48+00:00\",\"mainEntityOfPage\":{\"@id\":\"https:\/\/portaltela.pt\/noticias\/2026\/05\/03\/homem-e-acusado-de-matar-menina-aborigene-no-centro-da-australia\/\"},\"wordCount\":281,\"image\":{\"@id\":\"https:\/\/portaltela.pt\/noticias\/2026\/05\/03\/homem-e-acusado-de-matar-menina-aborigene-no-centro-da-australia\/#primaryimage\"},\"thumbnailUrl\":\"https:\/\/portaltela.pt\/s.01k8rhncp4jt1\/2026\/05\/image-120.jpg\",\"keywords\":[\"_abuso de menores\",\"_homic\u00eddio\",\"_homic\u00eddios\",\"_viola\u00e7\u00e3o de menores\",\"_viol\u00eancia\"],\"articleSection\":[\"Crime\",\"Not\u00edcias\"],\"inLanguage\":\"pt-PT\"},{\"@type\":\"WebPage\",\"@id\":\"https:\/\/portaltela.pt\/noticias\/2026\/05\/03\/homem-e-acusado-de-matar-menina-aborigene-no-centro-da-australia\/\",\"url\":\"https:\/\/portaltela.pt\/noticias\/2026\/05\/03\/homem-e-acusado-de-matar-menina-aborigene-no-centro-da-australia\/\",\"name\":\"Homem \u00e9 acusado de matar menina abor\u00edgene no centro da Austr\u00e1lia - Portal Tela Portugal\",\"isPartOf\":{\"@id\":\"https:\/\/portaltela.pt\/#website\"},\"primaryImageOfPage\":{\"@id\":\"https:\/\/portaltela.pt\/noticias\/2026\/05\/03\/homem-e-acusado-de-matar-menina-aborigene-no-centro-da-australia\/#primaryimage\"},\"image\":{\"@id\":\"https:\/\/portaltela.pt\/noticias\/2026\/05\/03\/homem-e-acusado-de-matar-menina-aborigene-no-centro-da-australia\/#primaryimage\"},\"thumbnailUrl\":\"https:\/\/portaltela.pt\/s.01k8rhncp4jt1\/2026\/05\/image-120.jpg\",\"datePublished\":\"2026-05-03T09:02:48+00:00\",\"author\":{\"@id\":\"https:\/\/portaltela.pt\/#\/schema\/person\/c4278d4a6028830caff9ee44b42d32ed\"},\"breadcrumb\":{\"@id\":\"https:\/\/portaltela.pt\/noticias\/2026\/05\/03\/homem-e-acusado-de-matar-menina-aborigene-no-centro-da-australia\/#breadcrumb\"},\"inLanguage\":\"pt-PT\",\"potentialAction\":[{\"@type\":\"ReadAction\",\"target\":[\"https:\/\/portaltela.pt\/noticias\/2026\/05\/03\/homem-e-acusado-de-matar-menina-aborigene-no-centro-da-australia\/\"]}]},{\"@type\":\"ImageObject\",\"inLanguage\":\"pt-PT\",\"@id\":\"https:\/\/portaltela.pt\/noticias\/2026\/05\/03\/homem-e-acusado-de-matar-menina-aborigene-no-centro-da-australia\/#primaryimage\",\"url\":\"https:\/\/portaltela.pt\/s.01k8rhncp4jt1\/2026\/05\/image-120.jpg\",\"contentUrl\":\"https:\/\/portaltela.pt\/s.01k8rhncp4jt1\/2026\/05\/image-120.jpg\",\"width\":796,\"height\":448,\"caption\":\"A comunidade ind\u00edgena ficou enfurecida ap\u00f3s ser encontrado corpo de menina desaparecida\"},{\"@type\":\"BreadcrumbList\",\"@id\":\"https:\/\/portaltela.pt\/noticias\/2026\/05\/03\/homem-e-acusado-de-matar-menina-aborigene-no-centro-da-australia\/#breadcrumb\",\"itemListElement\":[{\"@type\":\"ListItem\",\"position\":1,\"name\":\"In\u00edcio\",\"item\":\"https:\/\/portaltela.pt\/\"},{\"@type\":\"ListItem\",\"position\":2,\"name\":\"Homem \u00e9 acusado de matar menina abor\u00edgene no centro da Austr\u00e1lia\"}]},{\"@type\":\"WebSite\",\"@id\":\"https:\/\/portaltela.pt\/#website\",\"url\":\"https:\/\/portaltela.pt\/\",\"name\":\"Portal Tela Portugal\",\"description\":\"\",\"potentialAction\":[{\"@type\":\"SearchAction\",\"target\":{\"@type\":\"EntryPoint\",\"urlTemplate\":\"https:\/\/portaltela.pt\/?s={search_term_string}\"},\"query-input\":{\"@type\":\"PropertyValueSpecification\",\"valueRequired\":true,\"valueName\":\"search_term_string\"}}],\"inLanguage\":\"pt-PT\"},{\"@type\":\"Person\",\"@id\":\"https:\/\/portaltela.pt\/#\/schema\/person\/c4278d4a6028830caff9ee44b42d32ed\",\"name\":\"Telinha\",\"image\":{\"@type\":\"ImageObject\",\"inLanguage\":\"pt-PT\",\"@id\":\"https:\/\/portaltela.pt\/s.01k8rhncp4jt1\/2025\/11\/talking-bot-125x125.png\",\"url\":\"https:\/\/portaltela.pt\/s.01k8rhncp4jt1\/2025\/11\/talking-bot-125x125.png\",\"contentUrl\":\"https:\/\/portaltela.pt\/s.01k8rhncp4jt1\/2025\/11\/talking-bot-125x125.png\",\"caption\":\"Telinha\"},\"sameAs\":[\"https:\/\/portaltela.pt\/\"],\"url\":\"https:\/\/portaltela.pt\/por\/367410592786\/\"}]}<\/script>\n<!-- \/ Yoast SEO plugin. -->","yoast_head_json":{"title":"Homem \u00e9 acusado de matar menina abor\u00edgene no centro da Austr\u00e1lia - Portal Tela Portugal","robots":{"index":"index","follow":"follow","max-snippet":"max-snippet:-1","max-image-preview":"max-image-preview:large","max-video-preview":"max-video-preview:-1"},"og_locale":"pt_PT","og_type":"article","og_title":"Homem \u00e9 acusado de matar menina abor\u00edgene no centro da Austr\u00e1lia - Portal Tela Portugal","og_description":"Jefferson Lewis, 47 anos, foi acusado de homic\u00eddio e de duas viola\u00e7\u00f5es no caso envolvendo a crian\u00e7a desaparecida. Encontrou-se perto de Alice Springs o corpo da menina de cinco anos, identificada como Kumanjayi Little Baby. Confrontos nas imedia\u00e7\u00f5es do hospital de Alice Springs deixaram v\u00e1rios agentes feridos, com uma carrinha da pol\u00edcia incendiada e g\u00e1s lacrimog\u00e9neo no ar. Manifestantes exigiam a liberta\u00e7\u00e3o do suspeito para aplica\u00e7\u00e3o de uma puni\u00e7\u00e3o tradicional da comunidade ind\u00edgena. O primeiro-ministro Anthony Albanese descreveu o desfecho como comovente, enquanto a fam\u00edlia pediu calma e respeito pelas pr\u00e1ticas culturais.","og_url":"https:\/\/portaltela.pt\/noticias\/2026\/05\/03\/homem-e-acusado-de-matar-menina-aborigene-no-centro-da-australia\/","og_site_name":"Portal Tela Portugal","article_published_time":"2026-05-03T09:02:48+00:00","author":"Telinha","twitter_card":"summary_large_image","twitter_misc":{"Escrito por":"Telinha","Tempo estimado de leitura":"1 minuto"},"schema":{"@context":"https:\/\/schema.org","@graph":[{"@type":"Article","@id":"https:\/\/portaltela.pt\/noticias\/2026\/05\/03\/homem-e-acusado-de-matar-menina-aborigene-no-centro-da-australia\/#article","isPartOf":{"@id":"https:\/\/portaltela.pt\/noticias\/2026\/05\/03\/homem-e-acusado-de-matar-menina-aborigene-no-centro-da-australia\/"},"author":{"name":"Telinha","@id":"https:\/\/portaltela.pt\/#\/schema\/person\/c4278d4a6028830caff9ee44b42d32ed"},"headline":"Homem \u00e9 acusado de matar menina abor\u00edgene no centro da Austr\u00e1lia","datePublished":"2026-05-03T09:02:48+00:00","mainEntityOfPage":{"@id":"https:\/\/portaltela.pt\/noticias\/2026\/05\/03\/homem-e-acusado-de-matar-menina-aborigene-no-centro-da-australia\/"},"wordCount":281,"image":{"@id":"https:\/\/portaltela.pt\/noticias\/2026\/05\/03\/homem-e-acusado-de-matar-menina-aborigene-no-centro-da-australia\/#primaryimage"},"thumbnailUrl":"https:\/\/portaltela.pt\/s.01k8rhncp4jt1\/2026\/05\/image-120.jpg","keywords":["_abuso de menores","_homic\u00eddio","_homic\u00eddios","_viola\u00e7\u00e3o de menores","_viol\u00eancia"],"articleSection":["Crime","Not\u00edcias"],"inLanguage":"pt-PT"},{"@type":"WebPage","@id":"https:\/\/portaltela.pt\/noticias\/2026\/05\/03\/homem-e-acusado-de-matar-menina-aborigene-no-centro-da-australia\/","url":"https:\/\/portaltela.pt\/noticias\/2026\/05\/03\/homem-e-acusado-de-matar-menina-aborigene-no-centro-da-australia\/","name":"Homem \u00e9 acusado de matar menina abor\u00edgene no centro da Austr\u00e1lia - Portal Tela Portugal","isPartOf":{"@id":"https:\/\/portaltela.pt\/#website"},"primaryImageOfPage":{"@id":"https:\/\/portaltela.pt\/noticias\/2026\/05\/03\/homem-e-acusado-de-matar-menina-aborigene-no-centro-da-australia\/#primaryimage"},"image":{"@id":"https:\/\/portaltela.pt\/noticias\/2026\/05\/03\/homem-e-acusado-de-matar-menina-aborigene-no-centro-da-australia\/#primaryimage"},"thumbnailUrl":"https:\/\/portaltela.pt\/s.01k8rhncp4jt1\/2026\/05\/image-120.jpg","datePublished":"2026-05-03T09:02:48+00:00","author":{"@id":"https:\/\/portaltela.pt\/#\/schema\/person\/c4278d4a6028830caff9ee44b42d32ed"},"breadcrumb":{"@id":"https:\/\/portaltela.pt\/noticias\/2026\/05\/03\/homem-e-acusado-de-matar-menina-aborigene-no-centro-da-australia\/#breadcrumb"},"inLanguage":"pt-PT","potentialAction":[{"@type":"ReadAction","target":["https:\/\/portaltela.pt\/noticias\/2026\/05\/03\/homem-e-acusado-de-matar-menina-aborigene-no-centro-da-australia\/"]}]},{"@type":"ImageObject","inLanguage":"pt-PT","@id":"https:\/\/portaltela.pt\/noticias\/2026\/05\/03\/homem-e-acusado-de-matar-menina-aborigene-no-centro-da-australia\/#primaryimage","url":"https:\/\/portaltela.pt\/s.01k8rhncp4jt1\/2026\/05\/image-120.jpg","contentUrl":"https:\/\/portaltela.pt\/s.01k8rhncp4jt1\/2026\/05\/image-120.jpg","width":796,"height":448,"caption":"A comunidade ind\u00edgena ficou enfurecida ap\u00f3s ser encontrado corpo de menina desaparecida"},{"@type":"BreadcrumbList","@id":"https:\/\/portaltela.pt\/noticias\/2026\/05\/03\/homem-e-acusado-de-matar-menina-aborigene-no-centro-da-australia\/#breadcrumb","itemListElement":[{"@type":"ListItem","position":1,"name":"In\u00edcio","item":"https:\/\/portaltela.pt\/"},{"@type":"ListItem","position":2,"name":"Homem \u00e9 acusado de matar menina abor\u00edgene no centro da Austr\u00e1lia"}]},{"@type":"WebSite","@id":"https:\/\/portaltela.pt\/#website","url":"https:\/\/portaltela.pt\/","name":"Portal Tela Portugal","description":"","potentialAction":[{"@type":"SearchAction","target":{"@type":"EntryPoint","urlTemplate":"https:\/\/portaltela.pt\/?s={search_term_string}"},"query-input":{"@type":"PropertyValueSpecification","valueRequired":true,"valueName":"search_term_string"}}],"inLanguage":"pt-PT"},{"@type":"Person","@id":"https:\/\/portaltela.pt\/#\/schema\/person\/c4278d4a6028830caff9ee44b42d32ed","name":"Telinha","image":{"@type":"ImageObject","inLanguage":"pt-PT","@id":"https:\/\/portaltela.pt\/s.01k8rhncp4jt1\/2025\/11\/talking-bot-125x125.png","url":"https:\/\/portaltela.pt\/s.01k8rhncp4jt1\/2025\/11\/talking-bot-125x125.png","contentUrl":"https:\/\/portaltela.pt\/s.01k8rhncp4jt1\/2025\/11\/talking-bot-125x125.png","caption":"Telinha"},"sameAs":["https:\/\/portaltela.pt\/"],"url":"https:\/\/portaltela.pt\/por\/367410592786\/"}]}},"_links":{"self":[{"href":"https:\/\/portaltela.pt\/api\/wp\/v2\/posts\/465756","targetHints":{"allow":["GET"]}}],"collection":[{"href":"https:\/\/portaltela.pt\/api\/wp\/v2\/posts"}],"about":[{"href":"https:\/\/portaltela.pt\/api\/wp\/v2\/types\/post"}],"author":[{"embeddable":true,"href":"https:\/\/portaltela.pt\/api\/wp\/v2\/users\/2"}],"replies":[{"embeddable":true,"href":"https:\/\/portaltela.pt\/api\/wp\/v2\/comments?post=465756"}],"version-history":[{"count":0,"href":"https:\/\/portaltela.pt\/api\/wp\/v2\/posts\/465756\/revisions"}],"wp:featuredmedia":[{"embeddable":true,"href":"https:\/\/portaltela.pt\/api\/wp\/v2\/media\/465760"}],"wp:attachment":[{"href":"https:\/\/portaltela.pt\/api\/wp\/v2\/media?parent=465756"}],"wp:term":[{"taxonomy":"category","embeddable":true,"href":"https:\/\/portaltela.pt\/api\/wp\/v2\/categories?post=465756"},{"taxonomy":"post_tag","embeddable":true,"href":"https:\/\/portaltela.pt\/api\/wp\/v2\/tags?post=465756"}],"curies":[{"name":"wp","href":"https:\/\/api.w.org\/{rel}","templated":true}]}}