{"id":465752,"date":"2026-05-03T06:02:32","date_gmt":"2026-05-03T09:02:32","guid":{"rendered":"https:\/\/portaltela.pt\/noticias\/2026\/05\/03\/dia-da-mae-debate-sobre-virtudes-e-defeitos-das-maes\/"},"modified":"2026-05-03T06:02:32","modified_gmt":"2026-05-03T09:02:32","slug":"dia-da-mae-debate-sobre-virtudes-e-defeitos-das-maes","status":"publish","type":"post","link":"https:\/\/portaltela.pt\/familia\/2026\/05\/03\/dia-da-mae-debate-sobre-virtudes-e-defeitos-das-maes\/","title":{"rendered":"Dia da M\u00e3e: debate sobre virtudes e defeitos das m\u00e3es"},"content":{"rendered":"<p>O JN KIDS dedicou a sua edi\u00e7\u00e3o a explorar o que \u00e9 ser m\u00e3e, por meio de tr\u00eas meninas e das suas m\u00e3es. A abordagem revelou perspetivas simples, mas contundentes, sobre o papel materno. O objetivo \u00e9 celebrar o Dia da M\u00e3e.<\/p>\n<p>As respostas mostram que m\u00e3es podem ter superpoderes na pr\u00e1tica do dia a dia, mas tamb\u00e9m comportam defeitos. A leitura transmite uma vis\u00e3o humana da parentalidade, baseada em amor, esfor\u00e7o e dedica\u00e7\u00e3o.<\/p>\n<p>As conversas centram-se no que motiva as m\u00e3es, na forma como apoiam as filhas e na import\u00e2ncia de cuidar, orientar e ensinar. O conte\u00fado oferece uma leitura fiel ao quotidiano familiar, sem idealiza\u00e7\u00f5es.<\/p>\n<p>Quem participa: tr\u00eas meninas e as suas m\u00e3es, acompanhadas pela equipa do JN KIDS. Onde: espa\u00e7o digital do Jornal de Not\u00edcias, na rubrica infantil, com foco no Dia da M\u00e3e. Quando: a publica\u00e7\u00e3o acompanha as celebra\u00e7\u00f5es da data.<\/p>\n","protected":false},"excerpt":{"rendered":"<ul>\n<li>O JN KIDS falou com tr\u00eas meninas e as suas m\u00e3es para perceber diferentes perspetivas sobre o que \u00e9 ser m\u00e3e.<\/li>\n<li>As perspetivas s\u00e3o apresentadas de forma simples, destacando o que \u00e9 ser m\u00e3e.<\/li>\n<li>As respostas evidenciam a for\u00e7a e a dedica\u00e7\u00e3o das m\u00e3es, que fazem tudo acontecer.<\/li>\n<li>A not\u00edcia celebra o Dia da M\u00e3e.<\/li>\n<li>A mensagem \u00e9 de reconhecimento e gratid\u00e3o \u00e0s m\u00e3es.<\/li>\n<\/ul>\n","protected":false},"author":2,"featured_media":465754,"comment_status":"closed","ping_status":"closed","sticky":false,"template":"","format":"standard","meta":{"footnotes":""},"categories":[7366],"tags":[8894,8531,7924,8208,8910],"class_list":["post-465752","post","type-post","status-publish","format-standard","has-post-thumbnail","hentry","category-familia","tag-_acoes-sociais","tag-_educacao-infantil","tag-_familia","tag-_infancia","tag-_parentalidade"],"yoast_head":"<!-- This site is optimized with the Yoast SEO plugin v27.2 - https:\/\/yoast.com\/product\/yoast-seo-wordpress\/ -->\n<title>Dia da M\u00e3e: debate sobre virtudes e defeitos das m\u00e3es - Portal Tela Portugal<\/title>\n<meta name=\"robots\" content=\"index, follow, max-snippet:-1, max-image-preview:large, max-video-preview:-1\" \/>\n<meta property=\"og:locale\" content=\"pt_PT\" \/>\n<meta property=\"og:type\" content=\"article\" \/>\n<meta property=\"og:title\" content=\"Dia da M\u00e3e: debate sobre virtudes e defeitos das m\u00e3es - Portal Tela Portugal\" \/>\n<meta property=\"og:description\" content=\"O JN KIDS falou com tr\u00eas meninas e as suas m\u00e3es para perceber diferentes perspetivas sobre o que \u00e9 ser m\u00e3e. As perspetivas s\u00e3o apresentadas de forma simples, destacando o que \u00e9 ser m\u00e3e. As respostas evidenciam a for\u00e7a e a dedica\u00e7\u00e3o das m\u00e3es, que fazem tudo acontecer. A not\u00edcia celebra o Dia da M\u00e3e. A mensagem \u00e9 de reconhecimento e gratid\u00e3o \u00e0s m\u00e3es.\" \/>\n<meta property=\"og:url\" content=\"https:\/\/portaltela.pt\/noticias\/2026\/05\/03\/dia-da-mae-debate-sobre-virtudes-e-defeitos-das-maes\/\" \/>\n<meta property=\"og:site_name\" content=\"Portal Tela Portugal\" \/>\n<meta property=\"article:published_time\" content=\"2026-05-03T09:02:32+00:00\" \/>\n<meta name=\"author\" content=\"Telinha\" \/>\n<meta name=\"twitter:card\" content=\"summary_large_image\" \/>\n<meta name=\"twitter:label1\" content=\"Escrito por\" \/>\n\t<meta name=\"twitter:data1\" content=\"Telinha\" \/>\n\t<meta name=\"twitter:label2\" content=\"Tempo estimado de leitura\" \/>\n\t<meta name=\"twitter:data2\" content=\"1 minuto\" \/>\n<script type=\"application\/ld+json\" class=\"yoast-schema-graph\">{\"@context\":\"https:\/\/schema.org\",\"@graph\":[{\"@type\":\"Article\",\"@id\":\"https:\/\/portaltela.pt\/noticias\/2026\/05\/03\/dia-da-mae-debate-sobre-virtudes-e-defeitos-das-maes\/#article\",\"isPartOf\":{\"@id\":\"https:\/\/portaltela.pt\/noticias\/2026\/05\/03\/dia-da-mae-debate-sobre-virtudes-e-defeitos-das-maes\/\"},\"author\":{\"name\":\"Telinha\",\"@id\":\"https:\/\/portaltela.pt\/#\/schema\/person\/c4278d4a6028830caff9ee44b42d32ed\"},\"headline\":\"Dia da M\u00e3e: debate sobre virtudes e defeitos das m\u00e3es\",\"datePublished\":\"2026-05-03T09:02:32+00:00\",\"mainEntityOfPage\":{\"@id\":\"https:\/\/portaltela.pt\/noticias\/2026\/05\/03\/dia-da-mae-debate-sobre-virtudes-e-defeitos-das-maes\/\"},\"wordCount\":177,\"image\":{\"@id\":\"https:\/\/portaltela.pt\/noticias\/2026\/05\/03\/dia-da-mae-debate-sobre-virtudes-e-defeitos-das-maes\/#primaryimage\"},\"thumbnailUrl\":\"https:\/\/portaltela.pt\/s.01k8rhncp4jt1\/2026\/05\/7ba8c4cc-b5ac-4872-9897-e275732637e1_1200x675.jpg\",\"keywords\":[\"_a\u00e7\u00f5es sociais\",\"_educa\u00e7\u00e3o infantil\",\"_fam\u00edlia\",\"_inf\u00e2ncia\",\"_parentalidade\"],\"articleSection\":[\"Fam\u00edlia\"],\"inLanguage\":\"pt-PT\"},{\"@type\":\"WebPage\",\"@id\":\"https:\/\/portaltela.pt\/noticias\/2026\/05\/03\/dia-da-mae-debate-sobre-virtudes-e-defeitos-das-maes\/\",\"url\":\"https:\/\/portaltela.pt\/noticias\/2026\/05\/03\/dia-da-mae-debate-sobre-virtudes-e-defeitos-das-maes\/\",\"name\":\"Dia da M\u00e3e: debate sobre virtudes e defeitos das m\u00e3es - Portal Tela Portugal\",\"isPartOf\":{\"@id\":\"https:\/\/portaltela.pt\/#website\"},\"primaryImageOfPage\":{\"@id\":\"https:\/\/portaltela.pt\/noticias\/2026\/05\/03\/dia-da-mae-debate-sobre-virtudes-e-defeitos-das-maes\/#primaryimage\"},\"image\":{\"@id\":\"https:\/\/portaltela.pt\/noticias\/2026\/05\/03\/dia-da-mae-debate-sobre-virtudes-e-defeitos-das-maes\/#primaryimage\"},\"thumbnailUrl\":\"https:\/\/portaltela.pt\/s.01k8rhncp4jt1\/2026\/05\/7ba8c4cc-b5ac-4872-9897-e275732637e1_1200x675.jpg\",\"datePublished\":\"2026-05-03T09:02:32+00:00\",\"author\":{\"@id\":\"https:\/\/portaltela.pt\/#\/schema\/person\/c4278d4a6028830caff9ee44b42d32ed\"},\"breadcrumb\":{\"@id\":\"https:\/\/portaltela.pt\/noticias\/2026\/05\/03\/dia-da-mae-debate-sobre-virtudes-e-defeitos-das-maes\/#breadcrumb\"},\"inLanguage\":\"pt-PT\",\"potentialAction\":[{\"@type\":\"ReadAction\",\"target\":[\"https:\/\/portaltela.pt\/noticias\/2026\/05\/03\/dia-da-mae-debate-sobre-virtudes-e-defeitos-das-maes\/\"]}]},{\"@type\":\"ImageObject\",\"inLanguage\":\"pt-PT\",\"@id\":\"https:\/\/portaltela.pt\/noticias\/2026\/05\/03\/dia-da-mae-debate-sobre-virtudes-e-defeitos-das-maes\/#primaryimage\",\"url\":\"https:\/\/portaltela.pt\/s.01k8rhncp4jt1\/2026\/05\/7ba8c4cc-b5ac-4872-9897-e275732637e1_1200x675.jpg\",\"contentUrl\":\"https:\/\/portaltela.pt\/s.01k8rhncp4jt1\/2026\/05\/7ba8c4cc-b5ac-4872-9897-e275732637e1_1200x675.jpg\",\"width\":796,\"height\":448,\"caption\":\"Photo\"},{\"@type\":\"BreadcrumbList\",\"@id\":\"https:\/\/portaltela.pt\/noticias\/2026\/05\/03\/dia-da-mae-debate-sobre-virtudes-e-defeitos-das-maes\/#breadcrumb\",\"itemListElement\":[{\"@type\":\"ListItem\",\"position\":1,\"name\":\"In\u00edcio\",\"item\":\"https:\/\/portaltela.pt\/\"},{\"@type\":\"ListItem\",\"position\":2,\"name\":\"Dia da M\u00e3e: debate sobre virtudes e defeitos das m\u00e3es\"}]},{\"@type\":\"WebSite\",\"@id\":\"https:\/\/portaltela.pt\/#website\",\"url\":\"https:\/\/portaltela.pt\/\",\"name\":\"Portal Tela Portugal\",\"description\":\"\",\"potentialAction\":[{\"@type\":\"SearchAction\",\"target\":{\"@type\":\"EntryPoint\",\"urlTemplate\":\"https:\/\/portaltela.pt\/?s={search_term_string}\"},\"query-input\":{\"@type\":\"PropertyValueSpecification\",\"valueRequired\":true,\"valueName\":\"search_term_string\"}}],\"inLanguage\":\"pt-PT\"},{\"@type\":\"Person\",\"@id\":\"https:\/\/portaltela.pt\/#\/schema\/person\/c4278d4a6028830caff9ee44b42d32ed\",\"name\":\"Telinha\",\"image\":{\"@type\":\"ImageObject\",\"inLanguage\":\"pt-PT\",\"@id\":\"https:\/\/portaltela.pt\/s.01k8rhncp4jt1\/2025\/11\/talking-bot-125x125.png\",\"url\":\"https:\/\/portaltela.pt\/s.01k8rhncp4jt1\/2025\/11\/talking-bot-125x125.png\",\"contentUrl\":\"https:\/\/portaltela.pt\/s.01k8rhncp4jt1\/2025\/11\/talking-bot-125x125.png\",\"caption\":\"Telinha\"},\"sameAs\":[\"https:\/\/portaltela.pt\/\"],\"url\":\"https:\/\/portaltela.pt\/por\/367410592786\/\"}]}<\/script>\n<!-- \/ Yoast SEO plugin. -->","yoast_head_json":{"title":"Dia da M\u00e3e: debate sobre virtudes e defeitos das m\u00e3es - Portal Tela Portugal","robots":{"index":"index","follow":"follow","max-snippet":"max-snippet:-1","max-image-preview":"max-image-preview:large","max-video-preview":"max-video-preview:-1"},"og_locale":"pt_PT","og_type":"article","og_title":"Dia da M\u00e3e: debate sobre virtudes e defeitos das m\u00e3es - Portal Tela Portugal","og_description":"O JN KIDS falou com tr\u00eas meninas e as suas m\u00e3es para perceber diferentes perspetivas sobre o que \u00e9 ser m\u00e3e. As perspetivas s\u00e3o apresentadas de forma simples, destacando o que \u00e9 ser m\u00e3e. As respostas evidenciam a for\u00e7a e a dedica\u00e7\u00e3o das m\u00e3es, que fazem tudo acontecer. A not\u00edcia celebra o Dia da M\u00e3e. A mensagem \u00e9 de reconhecimento e gratid\u00e3o \u00e0s m\u00e3es.","og_url":"https:\/\/portaltela.pt\/noticias\/2026\/05\/03\/dia-da-mae-debate-sobre-virtudes-e-defeitos-das-maes\/","og_site_name":"Portal Tela Portugal","article_published_time":"2026-05-03T09:02:32+00:00","author":"Telinha","twitter_card":"summary_large_image","twitter_misc":{"Escrito por":"Telinha","Tempo estimado de leitura":"1 minuto"},"schema":{"@context":"https:\/\/schema.org","@graph":[{"@type":"Article","@id":"https:\/\/portaltela.pt\/noticias\/2026\/05\/03\/dia-da-mae-debate-sobre-virtudes-e-defeitos-das-maes\/#article","isPartOf":{"@id":"https:\/\/portaltela.pt\/noticias\/2026\/05\/03\/dia-da-mae-debate-sobre-virtudes-e-defeitos-das-maes\/"},"author":{"name":"Telinha","@id":"https:\/\/portaltela.pt\/#\/schema\/person\/c4278d4a6028830caff9ee44b42d32ed"},"headline":"Dia da M\u00e3e: debate sobre virtudes e defeitos das m\u00e3es","datePublished":"2026-05-03T09:02:32+00:00","mainEntityOfPage":{"@id":"https:\/\/portaltela.pt\/noticias\/2026\/05\/03\/dia-da-mae-debate-sobre-virtudes-e-defeitos-das-maes\/"},"wordCount":177,"image":{"@id":"https:\/\/portaltela.pt\/noticias\/2026\/05\/03\/dia-da-mae-debate-sobre-virtudes-e-defeitos-das-maes\/#primaryimage"},"thumbnailUrl":"https:\/\/portaltela.pt\/s.01k8rhncp4jt1\/2026\/05\/7ba8c4cc-b5ac-4872-9897-e275732637e1_1200x675.jpg","keywords":["_a\u00e7\u00f5es sociais","_educa\u00e7\u00e3o infantil","_fam\u00edlia","_inf\u00e2ncia","_parentalidade"],"articleSection":["Fam\u00edlia"],"inLanguage":"pt-PT"},{"@type":"WebPage","@id":"https:\/\/portaltela.pt\/noticias\/2026\/05\/03\/dia-da-mae-debate-sobre-virtudes-e-defeitos-das-maes\/","url":"https:\/\/portaltela.pt\/noticias\/2026\/05\/03\/dia-da-mae-debate-sobre-virtudes-e-defeitos-das-maes\/","name":"Dia da M\u00e3e: debate sobre virtudes e defeitos das m\u00e3es - Portal Tela Portugal","isPartOf":{"@id":"https:\/\/portaltela.pt\/#website"},"primaryImageOfPage":{"@id":"https:\/\/portaltela.pt\/noticias\/2026\/05\/03\/dia-da-mae-debate-sobre-virtudes-e-defeitos-das-maes\/#primaryimage"},"image":{"@id":"https:\/\/portaltela.pt\/noticias\/2026\/05\/03\/dia-da-mae-debate-sobre-virtudes-e-defeitos-das-maes\/#primaryimage"},"thumbnailUrl":"https:\/\/portaltela.pt\/s.01k8rhncp4jt1\/2026\/05\/7ba8c4cc-b5ac-4872-9897-e275732637e1_1200x675.jpg","datePublished":"2026-05-03T09:02:32+00:00","author":{"@id":"https:\/\/portaltela.pt\/#\/schema\/person\/c4278d4a6028830caff9ee44b42d32ed"},"breadcrumb":{"@id":"https:\/\/portaltela.pt\/noticias\/2026\/05\/03\/dia-da-mae-debate-sobre-virtudes-e-defeitos-das-maes\/#breadcrumb"},"inLanguage":"pt-PT","potentialAction":[{"@type":"ReadAction","target":["https:\/\/portaltela.pt\/noticias\/2026\/05\/03\/dia-da-mae-debate-sobre-virtudes-e-defeitos-das-maes\/"]}]},{"@type":"ImageObject","inLanguage":"pt-PT","@id":"https:\/\/portaltela.pt\/noticias\/2026\/05\/03\/dia-da-mae-debate-sobre-virtudes-e-defeitos-das-maes\/#primaryimage","url":"https:\/\/portaltela.pt\/s.01k8rhncp4jt1\/2026\/05\/7ba8c4cc-b5ac-4872-9897-e275732637e1_1200x675.jpg","contentUrl":"https:\/\/portaltela.pt\/s.01k8rhncp4jt1\/2026\/05\/7ba8c4cc-b5ac-4872-9897-e275732637e1_1200x675.jpg","width":796,"height":448,"caption":"Photo"},{"@type":"BreadcrumbList","@id":"https:\/\/portaltela.pt\/noticias\/2026\/05\/03\/dia-da-mae-debate-sobre-virtudes-e-defeitos-das-maes\/#breadcrumb","itemListElement":[{"@type":"ListItem","position":1,"name":"In\u00edcio","item":"https:\/\/portaltela.pt\/"},{"@type":"ListItem","position":2,"name":"Dia da M\u00e3e: debate sobre virtudes e defeitos das m\u00e3es"}]},{"@type":"WebSite","@id":"https:\/\/portaltela.pt\/#website","url":"https:\/\/portaltela.pt\/","name":"Portal Tela Portugal","description":"","potentialAction":[{"@type":"SearchAction","target":{"@type":"EntryPoint","urlTemplate":"https:\/\/portaltela.pt\/?s={search_term_string}"},"query-input":{"@type":"PropertyValueSpecification","valueRequired":true,"valueName":"search_term_string"}}],"inLanguage":"pt-PT"},{"@type":"Person","@id":"https:\/\/portaltela.pt\/#\/schema\/person\/c4278d4a6028830caff9ee44b42d32ed","name":"Telinha","image":{"@type":"ImageObject","inLanguage":"pt-PT","@id":"https:\/\/portaltela.pt\/s.01k8rhncp4jt1\/2025\/11\/talking-bot-125x125.png","url":"https:\/\/portaltela.pt\/s.01k8rhncp4jt1\/2025\/11\/talking-bot-125x125.png","contentUrl":"https:\/\/portaltela.pt\/s.01k8rhncp4jt1\/2025\/11\/talking-bot-125x125.png","caption":"Telinha"},"sameAs":["https:\/\/portaltela.pt\/"],"url":"https:\/\/portaltela.pt\/por\/367410592786\/"}]}},"_links":{"self":[{"href":"https:\/\/portaltela.pt\/api\/wp\/v2\/posts\/465752","targetHints":{"allow":["GET"]}}],"collection":[{"href":"https:\/\/portaltela.pt\/api\/wp\/v2\/posts"}],"about":[{"href":"https:\/\/portaltela.pt\/api\/wp\/v2\/types\/post"}],"author":[{"embeddable":true,"href":"https:\/\/portaltela.pt\/api\/wp\/v2\/users\/2"}],"replies":[{"embeddable":true,"href":"https:\/\/portaltela.pt\/api\/wp\/v2\/comments?post=465752"}],"version-history":[{"count":0,"href":"https:\/\/portaltela.pt\/api\/wp\/v2\/posts\/465752\/revisions"}],"wp:featuredmedia":[{"embeddable":true,"href":"https:\/\/portaltela.pt\/api\/wp\/v2\/media\/465754"}],"wp:attachment":[{"href":"https:\/\/portaltela.pt\/api\/wp\/v2\/media?parent=465752"}],"wp:term":[{"taxonomy":"category","embeddable":true,"href":"https:\/\/portaltela.pt\/api\/wp\/v2\/categories?post=465752"},{"taxonomy":"post_tag","embeddable":true,"href":"https:\/\/portaltela.pt\/api\/wp\/v2\/tags?post=465752"}],"curies":[{"name":"wp","href":"https:\/\/api.w.org\/{rel}","templated":true}]}}