{"id":465746,"date":"2026-05-03T05:47:44","date_gmt":"2026-05-03T08:47:44","guid":{"rendered":"https:\/\/portaltela.pt\/noticias\/2026\/05\/03\/festejos-pela-conquista-do-titulo-do-fc-porto-repercutem-em-portugal-e-no-mundo\/"},"modified":"2026-05-03T05:47:44","modified_gmt":"2026-05-03T08:47:44","slug":"festejos-pela-conquista-do-titulo-do-fc-porto-repercutem-em-portugal-e-no-mundo","status":"publish","type":"post","link":"https:\/\/portaltela.pt\/desporto\/futebol\/2026\/05\/03\/festejos-pela-conquista-do-titulo-do-fc-porto-repercutem-em-portugal-e-no-mundo\/","title":{"rendered":"Festejos pela conquista do t\u00edtulo do FC Porto repercutem em Portugal e no mundo"},"content":{"rendered":"<p>O FC Porto sagrou\u2011se campe\u00e3o nacional pela 31.\u00aa vez neste s\u00e1bado, ap\u00f3s vencer o Alverca com um golo de Jan Bednarek apontado na primeira parte. O \u00e1rbitro David Silva apitou ao final do encontro, marcando o in\u00edcio das comemora\u00e7\u00f5es. As celebra\u00e7\u00f5es precipitaram\u2011se em v\u00e1rias regi\u00f5es do pa\u00eds e do mundo.<\/p>\n<p>Em Funchal, Madeira, a festa come\u00e7ou na baixa ao final da noite, com explos\u00f5es de alegria na Avenida do Mar. Adeptos acompanharam antes a jornada de resultados entre Famalic\u00e3o e Benfica, que poderia influenciar o festejo. A noite seguiu com buzinas e fogo de artif\u00edcio.<\/p>\n<h3>Funchal<\/h3>\n<p>Ao longo da noite, a festa intensificou\u2011se com dezenas de portistas reunidos, muitos a cantar e a brandir bandeiras dos azuis e brancos. O ambiente manteve\u2011se festivo, sem registo de incidentes relevantes, apenas celebra\u00e7\u00e3o coletiva.<\/p>\n<h3>Coimbra<\/h3>\n<p>Logo ap\u00f3s o apito final, o Alentejo e o Centro festejaram com c\u00e2nticos de Filhos do Drag\u00e3o e trocas de palavras entre adeptos. V\u00e1rias viaturas passearam pelas ruas com as buzinas a acompanhar o ritmo da festa.<\/p>\n<h3>Viseu<\/h3>\n<p>No Rossio, perto da fonte cibern\u00e9tica, cerca de 300 pessoas fecharam a circula\u00e7\u00e3o rodovi\u00e1ria para celebrar. Jovens de 13 e 14 anos recordaram a \u00faltima conquista em 2021\/22 e manifestaram orgulho na vit\u00f3ria.<\/p>\n<h3>Avenida dos Aliados, Porto<\/h3>\n<p>A celebra\u00e7\u00e3o na Baixa portuense ganhou tom particular, com a Serenata da Queima das Fitas a cruzar a cidade. Embora n\u00e3o haja festa oficial no centro, muitos adeptos passaram pela Avenida dos Aliados a celebrar.<\/p>\n<h3>Marqu\u00eas de Pombal, Lisboa<\/h3>\n<p>Em Lisboa, centenas reuniram\u2011se na Pra\u00e7a do Marqu\u00eas de Pombal, perto da meia\u2011noite, ap\u00f3s desloca\u00e7\u00e3o vinda da Avenida da Rep\u00fablica. A multid\u00e3o seguiu at\u00e9 \u00e0 rotunda para festejar, sem registo de incidentes.<\/p>\n<h3>Los Angeles, Calif\u00f3rnia<\/h3>\n<p>Nos EUA, alguns portistas celebraram a dist\u00e2ncia, assistindo ao jogo ao meio\u2011dia na Costa Oeste. Pequena comunidade portuguesa acompanhou o desfecho com comemora\u00e7\u00f5es em casa, segundo relatos \u00e0 Lusa.<\/p>\n<h3>Caracas, Venezuela<\/h3>\n<p>Na Casa do Porto da Venezuela, mais de duas dezenas de portistas assistiram ao encontro. O presidente da CDPV mostrou\u2011se orgulhoso pela conquista, destacando o sentimento de proximidade com o clube a partir de longe.<\/p>\n<p>A derrota de 0\u20131 frente ao Alverca valeu ao Porto o 31.\u00ba t\u00edtulo na I Liga, consolidando a hegemonia do clube. As comemora\u00e7\u00f5es ocorreram em v\u00e1rias cidades presentes no mapa do clube, refletindo o apoio global \u00e0 equipa.<\/p>\n","protected":false},"excerpt":{"rendered":"<ul>\n<li>O FC Porto conquistou o 31.\u00ba t\u00edtulo de campe\u00e3o nacional da I Liga, com golo solit\u00e1rio de Jan Bednarek frente ao Alverca.<\/li>\n<li>Funchal, Madeira: festa na Avenida do Mar ap\u00f3s o apito final, com buzinas de ve\u00edculos e fogo de artif\u00edcio.<\/li>\n<li>Coimbra: celebra\u00e7\u00f5es com c\u00e2nticos e intera\u00e7\u00e3o entre adeptos e viaturas, destacando o desempenho de Froholdt e Fofana.<\/li>\n<li>Viseu: cerca de 300 pessoas no Rossio, PSP fechou o tr\u00e2nsito por seguran\u00e7a; jovens recordam a \u00faltima festa do clube, em 2021\/22.<\/li>\n<li>Porto e Lisboa, al\u00e9m do exterior: festa na Avenida dos Aliados, em Lisboa na Pra\u00e7a Marqu\u00eas de Pombal; f\u00e3s em Los Angeles e Caracas acompanharam a conquista.<\/li>\n<\/ul>\n","protected":false},"author":2,"featured_media":465748,"comment_status":"closed","ping_status":"closed","sticky":false,"template":"","format":"standard","meta":{"footnotes":""},"categories":[21,24],"tags":[4143,2028,5468,32,982,6919],"class_list":["post-465746","post","type-post","status-publish","format-standard","has-post-thumbnail","hentry","category-desporto","category-futebol","tag-1-liga","tag-fc-porto","tag-festa","tag-futebol","tag-porto","tag-porto-sad"],"yoast_head":"<!-- This site is optimized with the Yoast SEO plugin v27.2 - https:\/\/yoast.com\/product\/yoast-seo-wordpress\/ -->\n<title>Festejos pela conquista do t\u00edtulo do FC Porto repercutem em Portugal e no mundo - Portal Tela Portugal<\/title>\n<meta name=\"robots\" content=\"index, follow, max-snippet:-1, max-image-preview:large, max-video-preview:-1\" \/>\n<meta property=\"og:locale\" content=\"pt_PT\" \/>\n<meta property=\"og:type\" content=\"article\" \/>\n<meta property=\"og:title\" content=\"Festejos pela conquista do t\u00edtulo do FC Porto repercutem em Portugal e no mundo - Portal Tela Portugal\" \/>\n<meta property=\"og:description\" content=\"O FC Porto conquistou o 31.\u00ba t\u00edtulo de campe\u00e3o nacional da I Liga, com golo solit\u00e1rio de Jan Bednarek frente ao Alverca. Funchal, Madeira: festa na Avenida do Mar ap\u00f3s o apito final, com buzinas de ve\u00edculos e fogo de artif\u00edcio. Coimbra: celebra\u00e7\u00f5es com c\u00e2nticos e intera\u00e7\u00e3o entre adeptos e viaturas, destacando o desempenho de Froholdt e Fofana. Viseu: cerca de 300 pessoas no Rossio, PSP fechou o tr\u00e2nsito por seguran\u00e7a; jovens recordam a \u00faltima festa do clube, em 2021\/22. Porto e Lisboa, al\u00e9m do exterior: festa na Avenida dos Aliados, em Lisboa na Pra\u00e7a Marqu\u00eas de Pombal; f\u00e3s em Los Angeles e Caracas acompanharam a conquista.\" \/>\n<meta property=\"og:url\" content=\"https:\/\/portaltela.pt\/noticias\/2026\/05\/03\/festejos-pela-conquista-do-titulo-do-fc-porto-repercutem-em-portugal-e-no-mundo\/\" \/>\n<meta property=\"og:site_name\" content=\"Portal Tela Portugal\" \/>\n<meta property=\"article:published_time\" content=\"2026-05-03T08:47:44+00:00\" \/>\n<meta name=\"author\" content=\"Telinha\" \/>\n<meta name=\"twitter:card\" content=\"summary_large_image\" \/>\n<meta name=\"twitter:label1\" content=\"Escrito por\" \/>\n\t<meta name=\"twitter:data1\" content=\"Telinha\" \/>\n\t<meta name=\"twitter:label2\" content=\"Tempo estimado de leitura\" \/>\n\t<meta name=\"twitter:data2\" content=\"2 minutos\" \/>\n<script type=\"application\/ld+json\" class=\"yoast-schema-graph\">{\"@context\":\"https:\/\/schema.org\",\"@graph\":[{\"@type\":\"Article\",\"@id\":\"https:\/\/portaltela.pt\/noticias\/2026\/05\/03\/festejos-pela-conquista-do-titulo-do-fc-porto-repercutem-em-portugal-e-no-mundo\/#article\",\"isPartOf\":{\"@id\":\"https:\/\/portaltela.pt\/noticias\/2026\/05\/03\/festejos-pela-conquista-do-titulo-do-fc-porto-repercutem-em-portugal-e-no-mundo\/\"},\"author\":{\"name\":\"Telinha\",\"@id\":\"https:\/\/portaltela.pt\/#\/schema\/person\/c4278d4a6028830caff9ee44b42d32ed\"},\"headline\":\"Festejos pela conquista do t\u00edtulo do FC Porto repercutem em Portugal e no mundo\",\"datePublished\":\"2026-05-03T08:47:44+00:00\",\"mainEntityOfPage\":{\"@id\":\"https:\/\/portaltela.pt\/noticias\/2026\/05\/03\/festejos-pela-conquista-do-titulo-do-fc-porto-repercutem-em-portugal-e-no-mundo\/\"},\"wordCount\":435,\"image\":{\"@id\":\"https:\/\/portaltela.pt\/noticias\/2026\/05\/03\/festejos-pela-conquista-do-titulo-do-fc-porto-repercutem-em-portugal-e-no-mundo\/#primaryimage\"},\"thumbnailUrl\":\"https:\/\/portaltela.pt\/s.01k8rhncp4jt1\/2026\/05\/img_1280x721uu2026-05-02-23-02-00-2282480.jpg\",\"keywords\":[\"1. Liga\",\"FC Porto\",\"festa\",\"futebol\",\"Porto\",\"Porto SAD\"],\"articleSection\":[\"Desporto\",\"Futebol\"],\"inLanguage\":\"pt-PT\"},{\"@type\":\"WebPage\",\"@id\":\"https:\/\/portaltela.pt\/noticias\/2026\/05\/03\/festejos-pela-conquista-do-titulo-do-fc-porto-repercutem-em-portugal-e-no-mundo\/\",\"url\":\"https:\/\/portaltela.pt\/noticias\/2026\/05\/03\/festejos-pela-conquista-do-titulo-do-fc-porto-repercutem-em-portugal-e-no-mundo\/\",\"name\":\"Festejos pela conquista do t\u00edtulo do FC Porto repercutem em Portugal e no mundo - Portal Tela Portugal\",\"isPartOf\":{\"@id\":\"https:\/\/portaltela.pt\/#website\"},\"primaryImageOfPage\":{\"@id\":\"https:\/\/portaltela.pt\/noticias\/2026\/05\/03\/festejos-pela-conquista-do-titulo-do-fc-porto-repercutem-em-portugal-e-no-mundo\/#primaryimage\"},\"image\":{\"@id\":\"https:\/\/portaltela.pt\/noticias\/2026\/05\/03\/festejos-pela-conquista-do-titulo-do-fc-porto-repercutem-em-portugal-e-no-mundo\/#primaryimage\"},\"thumbnailUrl\":\"https:\/\/portaltela.pt\/s.01k8rhncp4jt1\/2026\/05\/img_1280x721uu2026-05-02-23-02-00-2282480.jpg\",\"datePublished\":\"2026-05-03T08:47:44+00:00\",\"author\":{\"@id\":\"https:\/\/portaltela.pt\/#\/schema\/person\/c4278d4a6028830caff9ee44b42d32ed\"},\"breadcrumb\":{\"@id\":\"https:\/\/portaltela.pt\/noticias\/2026\/05\/03\/festejos-pela-conquista-do-titulo-do-fc-porto-repercutem-em-portugal-e-no-mundo\/#breadcrumb\"},\"inLanguage\":\"pt-PT\",\"potentialAction\":[{\"@type\":\"ReadAction\",\"target\":[\"https:\/\/portaltela.pt\/noticias\/2026\/05\/03\/festejos-pela-conquista-do-titulo-do-fc-porto-repercutem-em-portugal-e-no-mundo\/\"]}]},{\"@type\":\"ImageObject\",\"inLanguage\":\"pt-PT\",\"@id\":\"https:\/\/portaltela.pt\/noticias\/2026\/05\/03\/festejos-pela-conquista-do-titulo-do-fc-porto-repercutem-em-portugal-e-no-mundo\/#primaryimage\",\"url\":\"https:\/\/portaltela.pt\/s.01k8rhncp4jt1\/2026\/05\/img_1280x721uu2026-05-02-23-02-00-2282480.jpg\",\"contentUrl\":\"https:\/\/portaltela.pt\/s.01k8rhncp4jt1\/2026\/05\/img_1280x721uu2026-05-02-23-02-00-2282480.jpg\",\"width\":796,\"height\":448,\"caption\":\"Adeptos festejam vit\u00f3ria do FC Porto\"},{\"@type\":\"BreadcrumbList\",\"@id\":\"https:\/\/portaltela.pt\/noticias\/2026\/05\/03\/festejos-pela-conquista-do-titulo-do-fc-porto-repercutem-em-portugal-e-no-mundo\/#breadcrumb\",\"itemListElement\":[{\"@type\":\"ListItem\",\"position\":1,\"name\":\"In\u00edcio\",\"item\":\"https:\/\/portaltela.pt\/\"},{\"@type\":\"ListItem\",\"position\":2,\"name\":\"Festejos pela conquista do t\u00edtulo do FC Porto repercutem em Portugal e no mundo\"}]},{\"@type\":\"WebSite\",\"@id\":\"https:\/\/portaltela.pt\/#website\",\"url\":\"https:\/\/portaltela.pt\/\",\"name\":\"Portal Tela Portugal\",\"description\":\"\",\"potentialAction\":[{\"@type\":\"SearchAction\",\"target\":{\"@type\":\"EntryPoint\",\"urlTemplate\":\"https:\/\/portaltela.pt\/?s={search_term_string}\"},\"query-input\":{\"@type\":\"PropertyValueSpecification\",\"valueRequired\":true,\"valueName\":\"search_term_string\"}}],\"inLanguage\":\"pt-PT\"},{\"@type\":\"Person\",\"@id\":\"https:\/\/portaltela.pt\/#\/schema\/person\/c4278d4a6028830caff9ee44b42d32ed\",\"name\":\"Telinha\",\"image\":{\"@type\":\"ImageObject\",\"inLanguage\":\"pt-PT\",\"@id\":\"https:\/\/portaltela.pt\/s.01k8rhncp4jt1\/2025\/11\/talking-bot-125x125.png\",\"url\":\"https:\/\/portaltela.pt\/s.01k8rhncp4jt1\/2025\/11\/talking-bot-125x125.png\",\"contentUrl\":\"https:\/\/portaltela.pt\/s.01k8rhncp4jt1\/2025\/11\/talking-bot-125x125.png\",\"caption\":\"Telinha\"},\"sameAs\":[\"https:\/\/portaltela.pt\/\"],\"url\":\"https:\/\/portaltela.pt\/por\/367410592786\/\"}]}<\/script>\n<!-- \/ Yoast SEO plugin. -->","yoast_head_json":{"title":"Festejos pela conquista do t\u00edtulo do FC Porto repercutem em Portugal e no mundo - Portal Tela Portugal","robots":{"index":"index","follow":"follow","max-snippet":"max-snippet:-1","max-image-preview":"max-image-preview:large","max-video-preview":"max-video-preview:-1"},"og_locale":"pt_PT","og_type":"article","og_title":"Festejos pela conquista do t\u00edtulo do FC Porto repercutem em Portugal e no mundo - Portal Tela Portugal","og_description":"O FC Porto conquistou o 31.\u00ba t\u00edtulo de campe\u00e3o nacional da I Liga, com golo solit\u00e1rio de Jan Bednarek frente ao Alverca. Funchal, Madeira: festa na Avenida do Mar ap\u00f3s o apito final, com buzinas de ve\u00edculos e fogo de artif\u00edcio. Coimbra: celebra\u00e7\u00f5es com c\u00e2nticos e intera\u00e7\u00e3o entre adeptos e viaturas, destacando o desempenho de Froholdt e Fofana. Viseu: cerca de 300 pessoas no Rossio, PSP fechou o tr\u00e2nsito por seguran\u00e7a; jovens recordam a \u00faltima festa do clube, em 2021\/22. Porto e Lisboa, al\u00e9m do exterior: festa na Avenida dos Aliados, em Lisboa na Pra\u00e7a Marqu\u00eas de Pombal; f\u00e3s em Los Angeles e Caracas acompanharam a conquista.","og_url":"https:\/\/portaltela.pt\/noticias\/2026\/05\/03\/festejos-pela-conquista-do-titulo-do-fc-porto-repercutem-em-portugal-e-no-mundo\/","og_site_name":"Portal Tela Portugal","article_published_time":"2026-05-03T08:47:44+00:00","author":"Telinha","twitter_card":"summary_large_image","twitter_misc":{"Escrito por":"Telinha","Tempo estimado de leitura":"2 minutos"},"schema":{"@context":"https:\/\/schema.org","@graph":[{"@type":"Article","@id":"https:\/\/portaltela.pt\/noticias\/2026\/05\/03\/festejos-pela-conquista-do-titulo-do-fc-porto-repercutem-em-portugal-e-no-mundo\/#article","isPartOf":{"@id":"https:\/\/portaltela.pt\/noticias\/2026\/05\/03\/festejos-pela-conquista-do-titulo-do-fc-porto-repercutem-em-portugal-e-no-mundo\/"},"author":{"name":"Telinha","@id":"https:\/\/portaltela.pt\/#\/schema\/person\/c4278d4a6028830caff9ee44b42d32ed"},"headline":"Festejos pela conquista do t\u00edtulo do FC Porto repercutem em Portugal e no mundo","datePublished":"2026-05-03T08:47:44+00:00","mainEntityOfPage":{"@id":"https:\/\/portaltela.pt\/noticias\/2026\/05\/03\/festejos-pela-conquista-do-titulo-do-fc-porto-repercutem-em-portugal-e-no-mundo\/"},"wordCount":435,"image":{"@id":"https:\/\/portaltela.pt\/noticias\/2026\/05\/03\/festejos-pela-conquista-do-titulo-do-fc-porto-repercutem-em-portugal-e-no-mundo\/#primaryimage"},"thumbnailUrl":"https:\/\/portaltela.pt\/s.01k8rhncp4jt1\/2026\/05\/img_1280x721uu2026-05-02-23-02-00-2282480.jpg","keywords":["1. Liga","FC Porto","festa","futebol","Porto","Porto SAD"],"articleSection":["Desporto","Futebol"],"inLanguage":"pt-PT"},{"@type":"WebPage","@id":"https:\/\/portaltela.pt\/noticias\/2026\/05\/03\/festejos-pela-conquista-do-titulo-do-fc-porto-repercutem-em-portugal-e-no-mundo\/","url":"https:\/\/portaltela.pt\/noticias\/2026\/05\/03\/festejos-pela-conquista-do-titulo-do-fc-porto-repercutem-em-portugal-e-no-mundo\/","name":"Festejos pela conquista do t\u00edtulo do FC Porto repercutem em Portugal e no mundo - Portal Tela Portugal","isPartOf":{"@id":"https:\/\/portaltela.pt\/#website"},"primaryImageOfPage":{"@id":"https:\/\/portaltela.pt\/noticias\/2026\/05\/03\/festejos-pela-conquista-do-titulo-do-fc-porto-repercutem-em-portugal-e-no-mundo\/#primaryimage"},"image":{"@id":"https:\/\/portaltela.pt\/noticias\/2026\/05\/03\/festejos-pela-conquista-do-titulo-do-fc-porto-repercutem-em-portugal-e-no-mundo\/#primaryimage"},"thumbnailUrl":"https:\/\/portaltela.pt\/s.01k8rhncp4jt1\/2026\/05\/img_1280x721uu2026-05-02-23-02-00-2282480.jpg","datePublished":"2026-05-03T08:47:44+00:00","author":{"@id":"https:\/\/portaltela.pt\/#\/schema\/person\/c4278d4a6028830caff9ee44b42d32ed"},"breadcrumb":{"@id":"https:\/\/portaltela.pt\/noticias\/2026\/05\/03\/festejos-pela-conquista-do-titulo-do-fc-porto-repercutem-em-portugal-e-no-mundo\/#breadcrumb"},"inLanguage":"pt-PT","potentialAction":[{"@type":"ReadAction","target":["https:\/\/portaltela.pt\/noticias\/2026\/05\/03\/festejos-pela-conquista-do-titulo-do-fc-porto-repercutem-em-portugal-e-no-mundo\/"]}]},{"@type":"ImageObject","inLanguage":"pt-PT","@id":"https:\/\/portaltela.pt\/noticias\/2026\/05\/03\/festejos-pela-conquista-do-titulo-do-fc-porto-repercutem-em-portugal-e-no-mundo\/#primaryimage","url":"https:\/\/portaltela.pt\/s.01k8rhncp4jt1\/2026\/05\/img_1280x721uu2026-05-02-23-02-00-2282480.jpg","contentUrl":"https:\/\/portaltela.pt\/s.01k8rhncp4jt1\/2026\/05\/img_1280x721uu2026-05-02-23-02-00-2282480.jpg","width":796,"height":448,"caption":"Adeptos festejam vit\u00f3ria do FC Porto"},{"@type":"BreadcrumbList","@id":"https:\/\/portaltela.pt\/noticias\/2026\/05\/03\/festejos-pela-conquista-do-titulo-do-fc-porto-repercutem-em-portugal-e-no-mundo\/#breadcrumb","itemListElement":[{"@type":"ListItem","position":1,"name":"In\u00edcio","item":"https:\/\/portaltela.pt\/"},{"@type":"ListItem","position":2,"name":"Festejos pela conquista do t\u00edtulo do FC Porto repercutem em Portugal e no mundo"}]},{"@type":"WebSite","@id":"https:\/\/portaltela.pt\/#website","url":"https:\/\/portaltela.pt\/","name":"Portal Tela Portugal","description":"","potentialAction":[{"@type":"SearchAction","target":{"@type":"EntryPoint","urlTemplate":"https:\/\/portaltela.pt\/?s={search_term_string}"},"query-input":{"@type":"PropertyValueSpecification","valueRequired":true,"valueName":"search_term_string"}}],"inLanguage":"pt-PT"},{"@type":"Person","@id":"https:\/\/portaltela.pt\/#\/schema\/person\/c4278d4a6028830caff9ee44b42d32ed","name":"Telinha","image":{"@type":"ImageObject","inLanguage":"pt-PT","@id":"https:\/\/portaltela.pt\/s.01k8rhncp4jt1\/2025\/11\/talking-bot-125x125.png","url":"https:\/\/portaltela.pt\/s.01k8rhncp4jt1\/2025\/11\/talking-bot-125x125.png","contentUrl":"https:\/\/portaltela.pt\/s.01k8rhncp4jt1\/2025\/11\/talking-bot-125x125.png","caption":"Telinha"},"sameAs":["https:\/\/portaltela.pt\/"],"url":"https:\/\/portaltela.pt\/por\/367410592786\/"}]}},"_links":{"self":[{"href":"https:\/\/portaltela.pt\/api\/wp\/v2\/posts\/465746","targetHints":{"allow":["GET"]}}],"collection":[{"href":"https:\/\/portaltela.pt\/api\/wp\/v2\/posts"}],"about":[{"href":"https:\/\/portaltela.pt\/api\/wp\/v2\/types\/post"}],"author":[{"embeddable":true,"href":"https:\/\/portaltela.pt\/api\/wp\/v2\/users\/2"}],"replies":[{"embeddable":true,"href":"https:\/\/portaltela.pt\/api\/wp\/v2\/comments?post=465746"}],"version-history":[{"count":0,"href":"https:\/\/portaltela.pt\/api\/wp\/v2\/posts\/465746\/revisions"}],"wp:featuredmedia":[{"embeddable":true,"href":"https:\/\/portaltela.pt\/api\/wp\/v2\/media\/465748"}],"wp:attachment":[{"href":"https:\/\/portaltela.pt\/api\/wp\/v2\/media?parent=465746"}],"wp:term":[{"taxonomy":"category","embeddable":true,"href":"https:\/\/portaltela.pt\/api\/wp\/v2\/categories?post=465746"},{"taxonomy":"post_tag","embeddable":true,"href":"https:\/\/portaltela.pt\/api\/wp\/v2\/tags?post=465746"}],"curies":[{"name":"wp","href":"https:\/\/api.w.org\/{rel}","templated":true}]}}