{"id":465689,"date":"2026-05-03T04:18:04","date_gmt":"2026-05-03T07:18:04","guid":{"rendered":"https:\/\/portaltela.pt\/noticias\/2026\/05\/03\/fc-porto-conquista-o-31-o-campeonato-farioli-vence-o-primeiro-titulo\/"},"modified":"2026-05-03T04:18:04","modified_gmt":"2026-05-03T07:18:04","slug":"fc-porto-conquista-o-31-o-campeonato-farioli-vence-o-primeiro-titulo","status":"publish","type":"post","link":"https:\/\/portaltela.pt\/desporto\/futebol\/2026\/05\/03\/fc-porto-conquista-o-31-o-campeonato-farioli-vence-o-primeiro-titulo\/","title":{"rendered":"FC Porto conquista o 31.\u00ba campeonato; Farioli vence o primeiro t\u00edtulo"},"content":{"rendered":"<p>O FC Porto sagrou-se campe\u00e3o nacional pela 31\u00aa vez, ao vencer o Alverca por 1-0 no Est\u00e1dio do Drag\u00e3o, na 32\u00aa jornada da I Liga, em 2 de maio. O golo de Jan Bednarek, de cabe\u00e7a, surgiu na sequ\u00eancia de um canto batido por Gabri Veiga. A vit\u00f3ria garante ao Porto o regresso aos t\u00edtulos e a presen\u00e7a na Liga dos Campe\u00f5es.<\/p>\n<p>Francesco Farioli, treinador italiano, conquistou o seu primeiro t\u00edtulo na carreira. Chegou ao Drag\u00e3o na \u00e9poca 2024\/2025 e, na estreia, assina o trof\u00e9u que encerra um jejum do clube desde 2021\/2022, comandado por S\u00e9rgio Concei\u00e7\u00e3o. A equipa soma 85 pontos, com vantagem expressiva sobre Benfica e Sporting.<\/p>\n<p>No dia em que o n\u00famero da camisola do falecido Jorge Costa, 2, ficou marcado pela homenagem, o Drag\u00e3o viveu uma noite de emo\u00e7\u00e3o. Costa morreu em agosto de 2025 e foi lembrado pela massa adepta, num est\u00e1dio com lota\u00e7\u00e3o esgotada. A festa subiu aos momentos finais do encontro.<\/p>\n<h3>Noite de festas no Drag\u00e3o<\/h3>\n<p>Milhares de adeptos acompanharam o plantel desde o hotel de est\u00e1gio, em Vila Nova de Gaia, at\u00e9 ao est\u00e1dio, com a bancada lotada. O recinto de 50 mil lugares vibrou com a conquista, que tamb\u00e9m premiou a regularidade defensiva e o aproveitamento dos momentos decisivos.<\/p>\n<p>Na bancada VIP estiveram o presidente Andr\u00e9 Vilas-Boas, o primeiro-ministro Lu\u00eds Montenegro e o Presidente da Assembleia da Rep\u00fablica Lu\u00eds Aguiar-Branco. Vilas-Boas contava j\u00e1 com t\u00edtulos como treinador do clube.<\/p>\n<h3>An\u00e1lise de impacto e plantel<\/h3>\n<p>Entre os atletas determinantes estiveram Diogo Costa, guardi\u00e3o da baliza, e Jan Bednarek, autor do golo decisivo. Gabri Veiga criou o lance que deu os 3 pontos, com apoio de Alan Varela no meio-campo. No ataque, Borja Sainz, Samu e outros contribu\u00edram para a campanha vitoriosa.<\/p>\n<p>Financeiramente, o t\u00edtulo permite a entrada direta na fase de grupos da Liga dos Campe\u00f5es, com receitas estimadas em cerca de 18,62 milh\u00f5es de euros por participa\u00e7\u00e3o, segundo a UEFA. O jornal A Bola aponta para um encaixe pr\u00f3ximo de 40 milh\u00f5es de euros, com possibilidade de superar 50 milh\u00f5es.<\/p>\n<p>O plantel portista continua avaliado em torno de 427 milh\u00f5es de euros, segundo Transfermarkt, ultrapassando Benfica e pr\u00f3ximo de Sporting. O 31.\u00ba campeonato marca o regresso do Porto ao topo do futebol nacional e refor\u00e7a a competitividade para a \u00e9poca seguinte.<\/p>\n","protected":false},"excerpt":{"rendered":"<ul>\n<li>O FC Porto sagrou\u2011se campe\u00e3o nacional pela 31.\u00aa vez, ao derrotar o Alverca por 1\u20110 no Est\u00e1dio do Drag\u00e3o, a 2 de maio, garantindo lugar na Liga dos Campe\u00f5es.<\/li>\n<li>O golo foi de Jan Bednarek de cabe\u00e7a, na sequ\u00eancia de um canto batido por Gabri Veiga.<\/li>\n<li>Francesco Farioli, treinador italiano, conquista o seu primeiro t\u00edtulo na carreira, na primeira \u00e9poca ao servi\u00e7o do Porto.<\/li>\n<li>O Porto fez 85 pontos, ultrapassou o Benfica e o Sporting, e houve festa no est\u00e1dio lotado, com uma homenagem a Jorge Costa, falecido em agosto de 2025.<\/li>\n<li>O t\u00edtulo assegura receitas da Liga dos Campe\u00f5es e refor\u00e7a o valor da SAD do Porto, com o plantel estimado em 427 milh\u00f5es de euros.<\/li>\n<\/ul>\n","protected":false},"author":2,"featured_media":465691,"comment_status":"closed","ping_status":"closed","sticky":false,"template":"","format":"standard","meta":{"footnotes":""},"categories":[21,24],"tags":[4059,10208,2028,32,253,982],"class_list":["post-465689","post","type-post","status-publish","format-standard","has-post-thumbnail","hentry","category-desporto","category-futebol","tag-1-a-liga","tag-andre-vilas-boas","tag-fc-porto","tag-futebol","tag-liga-dos-campeoes","tag-porto"],"yoast_head":"<!-- This site is optimized with the Yoast SEO plugin v27.2 - https:\/\/yoast.com\/product\/yoast-seo-wordpress\/ -->\n<title>FC Porto conquista o 31.\u00ba campeonato; Farioli vence o primeiro t\u00edtulo - Portal Tela Portugal<\/title>\n<meta name=\"robots\" content=\"index, follow, max-snippet:-1, max-image-preview:large, max-video-preview:-1\" \/>\n<meta property=\"og:locale\" content=\"pt_PT\" \/>\n<meta property=\"og:type\" content=\"article\" \/>\n<meta property=\"og:title\" content=\"FC Porto conquista o 31.\u00ba campeonato; Farioli vence o primeiro t\u00edtulo - Portal Tela Portugal\" \/>\n<meta property=\"og:description\" content=\"O FC Porto sagrou\u2011se campe\u00e3o nacional pela 31.\u00aa vez, ao derrotar o Alverca por 1\u20110 no Est\u00e1dio do Drag\u00e3o, a 2 de maio, garantindo lugar na Liga dos Campe\u00f5es. O golo foi de Jan Bednarek de cabe\u00e7a, na sequ\u00eancia de um canto batido por Gabri Veiga. Francesco Farioli, treinador italiano, conquista o seu primeiro t\u00edtulo na carreira, na primeira \u00e9poca ao servi\u00e7o do Porto. O Porto fez 85 pontos, ultrapassou o Benfica e o Sporting, e houve festa no est\u00e1dio lotado, com uma homenagem a Jorge Costa, falecido em agosto de 2025. O t\u00edtulo assegura receitas da Liga dos Campe\u00f5es e refor\u00e7a o valor da SAD do Porto, com o plantel estimado em 427 milh\u00f5es de euros.\" \/>\n<meta property=\"og:url\" content=\"https:\/\/portaltela.pt\/noticias\/2026\/05\/03\/fc-porto-conquista-o-31-o-campeonato-farioli-vence-o-primeiro-titulo\/\" \/>\n<meta property=\"og:site_name\" content=\"Portal Tela Portugal\" \/>\n<meta property=\"article:published_time\" content=\"2026-05-03T07:18:04+00:00\" \/>\n<meta name=\"author\" content=\"Telinha\" \/>\n<meta name=\"twitter:card\" content=\"summary_large_image\" \/>\n<meta name=\"twitter:label1\" content=\"Escrito por\" \/>\n\t<meta name=\"twitter:data1\" content=\"Telinha\" \/>\n\t<meta name=\"twitter:label2\" content=\"Tempo estimado de leitura\" \/>\n\t<meta name=\"twitter:data2\" content=\"2 minutos\" \/>\n<script type=\"application\/ld+json\" class=\"yoast-schema-graph\">{\"@context\":\"https:\/\/schema.org\",\"@graph\":[{\"@type\":\"Article\",\"@id\":\"https:\/\/portaltela.pt\/noticias\/2026\/05\/03\/fc-porto-conquista-o-31-o-campeonato-farioli-vence-o-primeiro-titulo\/#article\",\"isPartOf\":{\"@id\":\"https:\/\/portaltela.pt\/noticias\/2026\/05\/03\/fc-porto-conquista-o-31-o-campeonato-farioli-vence-o-primeiro-titulo\/\"},\"author\":{\"name\":\"Telinha\",\"@id\":\"https:\/\/portaltela.pt\/#\/schema\/person\/c4278d4a6028830caff9ee44b42d32ed\"},\"headline\":\"FC Porto conquista o 31.\u00ba campeonato; Farioli vence o primeiro t\u00edtulo\",\"datePublished\":\"2026-05-03T07:18:04+00:00\",\"mainEntityOfPage\":{\"@id\":\"https:\/\/portaltela.pt\/noticias\/2026\/05\/03\/fc-porto-conquista-o-31-o-campeonato-farioli-vence-o-primeiro-titulo\/\"},\"wordCount\":416,\"image\":{\"@id\":\"https:\/\/portaltela.pt\/noticias\/2026\/05\/03\/fc-porto-conquista-o-31-o-campeonato-farioli-vence-o-primeiro-titulo\/#primaryimage\"},\"thumbnailUrl\":\"https:\/\/portaltela.pt\/s.01k8rhncp4jt1\/2026\/05\/1536x864_cmsv2_5eb8ace5-31c0-5dbb-8764-a99ea89fa16e-9744682.jpg\",\"keywords\":[\"1.\u00aa Liga\",\"Andr\u00e9 Vilas-Boas\",\"FC Porto\",\"futebol\",\"Liga dos Campe\u00f5es\",\"Porto\"],\"articleSection\":[\"Desporto\",\"Futebol\"],\"inLanguage\":\"pt-PT\"},{\"@type\":\"WebPage\",\"@id\":\"https:\/\/portaltela.pt\/noticias\/2026\/05\/03\/fc-porto-conquista-o-31-o-campeonato-farioli-vence-o-primeiro-titulo\/\",\"url\":\"https:\/\/portaltela.pt\/noticias\/2026\/05\/03\/fc-porto-conquista-o-31-o-campeonato-farioli-vence-o-primeiro-titulo\/\",\"name\":\"FC Porto conquista o 31.\u00ba campeonato; Farioli vence o primeiro t\u00edtulo - Portal Tela Portugal\",\"isPartOf\":{\"@id\":\"https:\/\/portaltela.pt\/#website\"},\"primaryImageOfPage\":{\"@id\":\"https:\/\/portaltela.pt\/noticias\/2026\/05\/03\/fc-porto-conquista-o-31-o-campeonato-farioli-vence-o-primeiro-titulo\/#primaryimage\"},\"image\":{\"@id\":\"https:\/\/portaltela.pt\/noticias\/2026\/05\/03\/fc-porto-conquista-o-31-o-campeonato-farioli-vence-o-primeiro-titulo\/#primaryimage\"},\"thumbnailUrl\":\"https:\/\/portaltela.pt\/s.01k8rhncp4jt1\/2026\/05\/1536x864_cmsv2_5eb8ace5-31c0-5dbb-8764-a99ea89fa16e-9744682.jpg\",\"datePublished\":\"2026-05-03T07:18:04+00:00\",\"author\":{\"@id\":\"https:\/\/portaltela.pt\/#\/schema\/person\/c4278d4a6028830caff9ee44b42d32ed\"},\"breadcrumb\":{\"@id\":\"https:\/\/portaltela.pt\/noticias\/2026\/05\/03\/fc-porto-conquista-o-31-o-campeonato-farioli-vence-o-primeiro-titulo\/#breadcrumb\"},\"inLanguage\":\"pt-PT\",\"potentialAction\":[{\"@type\":\"ReadAction\",\"target\":[\"https:\/\/portaltela.pt\/noticias\/2026\/05\/03\/fc-porto-conquista-o-31-o-campeonato-farioli-vence-o-primeiro-titulo\/\"]}]},{\"@type\":\"ImageObject\",\"inLanguage\":\"pt-PT\",\"@id\":\"https:\/\/portaltela.pt\/noticias\/2026\/05\/03\/fc-porto-conquista-o-31-o-campeonato-farioli-vence-o-primeiro-titulo\/#primaryimage\",\"url\":\"https:\/\/portaltela.pt\/s.01k8rhncp4jt1\/2026\/05\/1536x864_cmsv2_5eb8ace5-31c0-5dbb-8764-a99ea89fa16e-9744682.jpg\",\"contentUrl\":\"https:\/\/portaltela.pt\/s.01k8rhncp4jt1\/2026\/05\/1536x864_cmsv2_5eb8ace5-31c0-5dbb-8764-a99ea89fa16e-9744682.jpg\",\"width\":796,\"height\":448,\"caption\":\"O treinador principal do Porto, o italiano Francesco Farioli, \u00e9 lan\u00e7ado ao ar pelos jogadores em comemora\u00e7\u00e3o ap\u00f3s a vit\u00f3ria sobre o Alverca num jogo da Liga Portugal\"},{\"@type\":\"BreadcrumbList\",\"@id\":\"https:\/\/portaltela.pt\/noticias\/2026\/05\/03\/fc-porto-conquista-o-31-o-campeonato-farioli-vence-o-primeiro-titulo\/#breadcrumb\",\"itemListElement\":[{\"@type\":\"ListItem\",\"position\":1,\"name\":\"In\u00edcio\",\"item\":\"https:\/\/portaltela.pt\/\"},{\"@type\":\"ListItem\",\"position\":2,\"name\":\"FC Porto conquista o 31.\u00ba campeonato; Farioli vence o primeiro t\u00edtulo\"}]},{\"@type\":\"WebSite\",\"@id\":\"https:\/\/portaltela.pt\/#website\",\"url\":\"https:\/\/portaltela.pt\/\",\"name\":\"Portal Tela Portugal\",\"description\":\"\",\"potentialAction\":[{\"@type\":\"SearchAction\",\"target\":{\"@type\":\"EntryPoint\",\"urlTemplate\":\"https:\/\/portaltela.pt\/?s={search_term_string}\"},\"query-input\":{\"@type\":\"PropertyValueSpecification\",\"valueRequired\":true,\"valueName\":\"search_term_string\"}}],\"inLanguage\":\"pt-PT\"},{\"@type\":\"Person\",\"@id\":\"https:\/\/portaltela.pt\/#\/schema\/person\/c4278d4a6028830caff9ee44b42d32ed\",\"name\":\"Telinha\",\"image\":{\"@type\":\"ImageObject\",\"inLanguage\":\"pt-PT\",\"@id\":\"https:\/\/portaltela.pt\/s.01k8rhncp4jt1\/2025\/11\/talking-bot-125x125.png\",\"url\":\"https:\/\/portaltela.pt\/s.01k8rhncp4jt1\/2025\/11\/talking-bot-125x125.png\",\"contentUrl\":\"https:\/\/portaltela.pt\/s.01k8rhncp4jt1\/2025\/11\/talking-bot-125x125.png\",\"caption\":\"Telinha\"},\"sameAs\":[\"https:\/\/portaltela.pt\/\"],\"url\":\"https:\/\/portaltela.pt\/por\/367410592786\/\"}]}<\/script>\n<!-- \/ Yoast SEO plugin. -->","yoast_head_json":{"title":"FC Porto conquista o 31.\u00ba campeonato; Farioli vence o primeiro t\u00edtulo - Portal Tela Portugal","robots":{"index":"index","follow":"follow","max-snippet":"max-snippet:-1","max-image-preview":"max-image-preview:large","max-video-preview":"max-video-preview:-1"},"og_locale":"pt_PT","og_type":"article","og_title":"FC Porto conquista o 31.\u00ba campeonato; Farioli vence o primeiro t\u00edtulo - Portal Tela Portugal","og_description":"O FC Porto sagrou\u2011se campe\u00e3o nacional pela 31.\u00aa vez, ao derrotar o Alverca por 1\u20110 no Est\u00e1dio do Drag\u00e3o, a 2 de maio, garantindo lugar na Liga dos Campe\u00f5es. O golo foi de Jan Bednarek de cabe\u00e7a, na sequ\u00eancia de um canto batido por Gabri Veiga. Francesco Farioli, treinador italiano, conquista o seu primeiro t\u00edtulo na carreira, na primeira \u00e9poca ao servi\u00e7o do Porto. O Porto fez 85 pontos, ultrapassou o Benfica e o Sporting, e houve festa no est\u00e1dio lotado, com uma homenagem a Jorge Costa, falecido em agosto de 2025. O t\u00edtulo assegura receitas da Liga dos Campe\u00f5es e refor\u00e7a o valor da SAD do Porto, com o plantel estimado em 427 milh\u00f5es de euros.","og_url":"https:\/\/portaltela.pt\/noticias\/2026\/05\/03\/fc-porto-conquista-o-31-o-campeonato-farioli-vence-o-primeiro-titulo\/","og_site_name":"Portal Tela Portugal","article_published_time":"2026-05-03T07:18:04+00:00","author":"Telinha","twitter_card":"summary_large_image","twitter_misc":{"Escrito por":"Telinha","Tempo estimado de leitura":"2 minutos"},"schema":{"@context":"https:\/\/schema.org","@graph":[{"@type":"Article","@id":"https:\/\/portaltela.pt\/noticias\/2026\/05\/03\/fc-porto-conquista-o-31-o-campeonato-farioli-vence-o-primeiro-titulo\/#article","isPartOf":{"@id":"https:\/\/portaltela.pt\/noticias\/2026\/05\/03\/fc-porto-conquista-o-31-o-campeonato-farioli-vence-o-primeiro-titulo\/"},"author":{"name":"Telinha","@id":"https:\/\/portaltela.pt\/#\/schema\/person\/c4278d4a6028830caff9ee44b42d32ed"},"headline":"FC Porto conquista o 31.\u00ba campeonato; Farioli vence o primeiro t\u00edtulo","datePublished":"2026-05-03T07:18:04+00:00","mainEntityOfPage":{"@id":"https:\/\/portaltela.pt\/noticias\/2026\/05\/03\/fc-porto-conquista-o-31-o-campeonato-farioli-vence-o-primeiro-titulo\/"},"wordCount":416,"image":{"@id":"https:\/\/portaltela.pt\/noticias\/2026\/05\/03\/fc-porto-conquista-o-31-o-campeonato-farioli-vence-o-primeiro-titulo\/#primaryimage"},"thumbnailUrl":"https:\/\/portaltela.pt\/s.01k8rhncp4jt1\/2026\/05\/1536x864_cmsv2_5eb8ace5-31c0-5dbb-8764-a99ea89fa16e-9744682.jpg","keywords":["1.\u00aa Liga","Andr\u00e9 Vilas-Boas","FC Porto","futebol","Liga dos Campe\u00f5es","Porto"],"articleSection":["Desporto","Futebol"],"inLanguage":"pt-PT"},{"@type":"WebPage","@id":"https:\/\/portaltela.pt\/noticias\/2026\/05\/03\/fc-porto-conquista-o-31-o-campeonato-farioli-vence-o-primeiro-titulo\/","url":"https:\/\/portaltela.pt\/noticias\/2026\/05\/03\/fc-porto-conquista-o-31-o-campeonato-farioli-vence-o-primeiro-titulo\/","name":"FC Porto conquista o 31.\u00ba campeonato; Farioli vence o primeiro t\u00edtulo - Portal Tela Portugal","isPartOf":{"@id":"https:\/\/portaltela.pt\/#website"},"primaryImageOfPage":{"@id":"https:\/\/portaltela.pt\/noticias\/2026\/05\/03\/fc-porto-conquista-o-31-o-campeonato-farioli-vence-o-primeiro-titulo\/#primaryimage"},"image":{"@id":"https:\/\/portaltela.pt\/noticias\/2026\/05\/03\/fc-porto-conquista-o-31-o-campeonato-farioli-vence-o-primeiro-titulo\/#primaryimage"},"thumbnailUrl":"https:\/\/portaltela.pt\/s.01k8rhncp4jt1\/2026\/05\/1536x864_cmsv2_5eb8ace5-31c0-5dbb-8764-a99ea89fa16e-9744682.jpg","datePublished":"2026-05-03T07:18:04+00:00","author":{"@id":"https:\/\/portaltela.pt\/#\/schema\/person\/c4278d4a6028830caff9ee44b42d32ed"},"breadcrumb":{"@id":"https:\/\/portaltela.pt\/noticias\/2026\/05\/03\/fc-porto-conquista-o-31-o-campeonato-farioli-vence-o-primeiro-titulo\/#breadcrumb"},"inLanguage":"pt-PT","potentialAction":[{"@type":"ReadAction","target":["https:\/\/portaltela.pt\/noticias\/2026\/05\/03\/fc-porto-conquista-o-31-o-campeonato-farioli-vence-o-primeiro-titulo\/"]}]},{"@type":"ImageObject","inLanguage":"pt-PT","@id":"https:\/\/portaltela.pt\/noticias\/2026\/05\/03\/fc-porto-conquista-o-31-o-campeonato-farioli-vence-o-primeiro-titulo\/#primaryimage","url":"https:\/\/portaltela.pt\/s.01k8rhncp4jt1\/2026\/05\/1536x864_cmsv2_5eb8ace5-31c0-5dbb-8764-a99ea89fa16e-9744682.jpg","contentUrl":"https:\/\/portaltela.pt\/s.01k8rhncp4jt1\/2026\/05\/1536x864_cmsv2_5eb8ace5-31c0-5dbb-8764-a99ea89fa16e-9744682.jpg","width":796,"height":448,"caption":"O treinador principal do Porto, o italiano Francesco Farioli, \u00e9 lan\u00e7ado ao ar pelos jogadores em comemora\u00e7\u00e3o ap\u00f3s a vit\u00f3ria sobre o Alverca num jogo da Liga Portugal"},{"@type":"BreadcrumbList","@id":"https:\/\/portaltela.pt\/noticias\/2026\/05\/03\/fc-porto-conquista-o-31-o-campeonato-farioli-vence-o-primeiro-titulo\/#breadcrumb","itemListElement":[{"@type":"ListItem","position":1,"name":"In\u00edcio","item":"https:\/\/portaltela.pt\/"},{"@type":"ListItem","position":2,"name":"FC Porto conquista o 31.\u00ba campeonato; Farioli vence o primeiro t\u00edtulo"}]},{"@type":"WebSite","@id":"https:\/\/portaltela.pt\/#website","url":"https:\/\/portaltela.pt\/","name":"Portal Tela Portugal","description":"","potentialAction":[{"@type":"SearchAction","target":{"@type":"EntryPoint","urlTemplate":"https:\/\/portaltela.pt\/?s={search_term_string}"},"query-input":{"@type":"PropertyValueSpecification","valueRequired":true,"valueName":"search_term_string"}}],"inLanguage":"pt-PT"},{"@type":"Person","@id":"https:\/\/portaltela.pt\/#\/schema\/person\/c4278d4a6028830caff9ee44b42d32ed","name":"Telinha","image":{"@type":"ImageObject","inLanguage":"pt-PT","@id":"https:\/\/portaltela.pt\/s.01k8rhncp4jt1\/2025\/11\/talking-bot-125x125.png","url":"https:\/\/portaltela.pt\/s.01k8rhncp4jt1\/2025\/11\/talking-bot-125x125.png","contentUrl":"https:\/\/portaltela.pt\/s.01k8rhncp4jt1\/2025\/11\/talking-bot-125x125.png","caption":"Telinha"},"sameAs":["https:\/\/portaltela.pt\/"],"url":"https:\/\/portaltela.pt\/por\/367410592786\/"}]}},"_links":{"self":[{"href":"https:\/\/portaltela.pt\/api\/wp\/v2\/posts\/465689","targetHints":{"allow":["GET"]}}],"collection":[{"href":"https:\/\/portaltela.pt\/api\/wp\/v2\/posts"}],"about":[{"href":"https:\/\/portaltela.pt\/api\/wp\/v2\/types\/post"}],"author":[{"embeddable":true,"href":"https:\/\/portaltela.pt\/api\/wp\/v2\/users\/2"}],"replies":[{"embeddable":true,"href":"https:\/\/portaltela.pt\/api\/wp\/v2\/comments?post=465689"}],"version-history":[{"count":0,"href":"https:\/\/portaltela.pt\/api\/wp\/v2\/posts\/465689\/revisions"}],"wp:featuredmedia":[{"embeddable":true,"href":"https:\/\/portaltela.pt\/api\/wp\/v2\/media\/465691"}],"wp:attachment":[{"href":"https:\/\/portaltela.pt\/api\/wp\/v2\/media?parent=465689"}],"wp:term":[{"taxonomy":"category","embeddable":true,"href":"https:\/\/portaltela.pt\/api\/wp\/v2\/categories?post=465689"},{"taxonomy":"post_tag","embeddable":true,"href":"https:\/\/portaltela.pt\/api\/wp\/v2\/tags?post=465689"}],"curies":[{"name":"wp","href":"https:\/\/api.w.org\/{rel}","templated":true}]}}