{"id":465688,"date":"2026-05-03T04:18:03","date_gmt":"2026-05-03T07:18:03","guid":{"rendered":"https:\/\/portaltela.pt\/noticias\/2026\/05\/03\/portugueses-celebram-vitoria-do-fc-porto-em-los-angeles-e-caracas\/"},"modified":"2026-05-03T04:18:03","modified_gmt":"2026-05-03T07:18:03","slug":"portugueses-celebram-vitoria-do-fc-porto-em-los-angeles-e-caracas","status":"publish","type":"post","link":"https:\/\/portaltela.pt\/desporto\/futebol\/2026\/05\/03\/portugueses-celebram-vitoria-do-fc-porto-em-los-angeles-e-caracas\/","title":{"rendered":"Portugueses celebram vit\u00f3ria do FC Porto em Los Angeles e Caracas"},"content":{"rendered":"<p>Na celebra\u00e7\u00e3o do FC Porto do 31.\u00ba t\u00edtulo de campe\u00e3o nacional, adeptos espalhados por comunidades portuguesas no exterior acompanharam o desfecho da temporada. O jogo decisivo ocorreu ao meio-dia, hora de Los Angeles, e a vit\u00f3ria chegou em territ\u00f3rio norte-americano, com apoio \u00e0 dist\u00e2ncia de casa. O objetivo era festejar a conquista, mesmo longe de Portugal.<\/p>\n<p>Em Los Angeles, a comunidade portuguesa comemorou em casa, com poucos portistas pr\u00f3ximos. Uma executiva portuense que reside na cidade lembrou que j\u00e1 n\u00e3o tinha companhia suficiente para festejar com a maior parte da claque, mas destacou a emo\u00e7\u00e3o de ver o clube vencer, mesmo longe.<\/p>\n<p>Na \u00e1rea metropolitana de Los Angeles, outro adepto relembrou que o regresso do Porto ao t\u00edtulo acende mem\u00f3rias familiares, associando a vit\u00f3ria a um av\u00f4 que lhe ofereceu a primeira camisola riscas azuis e brancas. A celebra\u00e7\u00e3o manteve-se contida, dada a dispers\u00e3o da comunidade.<\/p>\n<p>Na cidade de Long Beach, um f\u00e3 descreveu a vit\u00f3ria como um momento que o faz recordar o av\u00f4, enquanto o sentimento de orgulho se manteve. Em artes, a comunidade de Artesia confirmou que n\u00e3o houve festa formal, com foco num programa de celebra\u00e7\u00e3o dedicado a outras devo\u00e7\u00f5es locais de F\u00e1tima.<\/p>\n<p>A Venezuela tamb\u00e9m registou agita\u00e7\u00e3o entre portistas. Na Casa do Porto da Venezuela &#8211; Filial 43, mais de duas dezenas de portugueses reuniram-se para ver o jogo entre o FCP Porto e o Alverca, e festejar a conquista. O presidente da CDPV destacou a dist\u00e2ncia f\u00edsica, mas o cora\u00e7\u00e3o pr\u00f3ximo do clube.<\/p>\n<p>Durante a sess\u00e3o, o ex-presidente da Casa do Porto na Venezuela descreveu a rea\u00e7\u00e3o como extremamente feliz, lembrando os bons velhos tempos. Ele elogiou tamb\u00e9m a dire\u00e7\u00e3o do clube e os emigrantes que sofreram mais com a dist\u00e2ncia, elogiando a equipa e o treinador pela montagem vitoriosa.<\/p>\n<p>O debate entre os portistas na Venezuela encerrou com a percep\u00e7\u00e3o de que o campeonato foi competitivo e dif\u00edcil, mas a sensa\u00e7\u00e3o geral foi de vit\u00f3ria partilhada por todos os que apoiam o clube. A expetativa ficou ainda para refor\u00e7ar o que o futuro pode trazer para o plantel.<\/p>\n","protected":false},"excerpt":{"rendered":"<ul>\n<li>O FC Porto conquistou o 31.\u00ba t\u00edtulo de campe\u00e3o nacional de futebol, repetindo a conquista hist\u00f3rica do clube.<\/li>\n<li>Os festejos aconteceram em Los Angeles, Calif\u00f3rnia, e em Caracas, Venezuela, com os adeptos a celebrarem \u00e0 dist\u00e2ncia e em casa.<\/li>\n<li>O jogo decisivo ocorreu ao meio\u2011dia, hora da Costa Oeste dos Estados Unidos, e os portistas na di\u00e1spora lembraram a fam\u00edlia e as ra\u00edzes do clube.<\/li>\n<li>Em Caracas, mais de duas dezenas de portistas reuniram-se na Casa do Porto da Venezuela para ver o jogo e festejar o t\u00edtulo.<\/li>\n<li>Observadores e antigos respons\u00e1veis na Venezuela destacaram a emo\u00e7\u00e3o de vencer, o m\u00e9rito da equipa treinada por Francesco Farioli e o impacto financeiro da vit\u00f3ria, incluindo a perspetiva de refor\u00e7ar o plantel com melhores jogadores.<\/li>\n<\/ul>\n","protected":false},"author":2,"featured_media":465690,"comment_status":"closed","ping_status":"closed","sticky":false,"template":"","format":"standard","meta":{"footnotes":""},"categories":[21,24],"tags":[9073,8173,8175,7755,8088,7972],"class_list":["post-465688","post","type-post","status-publish","format-standard","has-post-thumbnail","hentry","category-desporto","category-futebol","tag-_comunidade-portuguesa","tag-_emigracao","tag-_emigracao-internacional","tag-_futebol","tag-_porto","tag-_venezuela"],"yoast_head":"<!-- This site is optimized with the Yoast SEO plugin v27.2 - https:\/\/yoast.com\/product\/yoast-seo-wordpress\/ -->\n<title>Portugueses celebram vit\u00f3ria do FC Porto em Los Angeles e Caracas - Portal Tela Portugal<\/title>\n<meta name=\"robots\" content=\"index, follow, max-snippet:-1, max-image-preview:large, max-video-preview:-1\" \/>\n<meta property=\"og:locale\" content=\"pt_PT\" \/>\n<meta property=\"og:type\" content=\"article\" \/>\n<meta property=\"og:title\" content=\"Portugueses celebram vit\u00f3ria do FC Porto em Los Angeles e Caracas - Portal Tela Portugal\" \/>\n<meta property=\"og:description\" content=\"O FC Porto conquistou o 31.\u00ba t\u00edtulo de campe\u00e3o nacional de futebol, repetindo a conquista hist\u00f3rica do clube. Os festejos aconteceram em Los Angeles, Calif\u00f3rnia, e em Caracas, Venezuela, com os adeptos a celebrarem \u00e0 dist\u00e2ncia e em casa. O jogo decisivo ocorreu ao meio\u2011dia, hora da Costa Oeste dos Estados Unidos, e os portistas na di\u00e1spora lembraram a fam\u00edlia e as ra\u00edzes do clube. Em Caracas, mais de duas dezenas de portistas reuniram-se na Casa do Porto da Venezuela para ver o jogo e festejar o t\u00edtulo. Observadores e antigos respons\u00e1veis na Venezuela destacaram a emo\u00e7\u00e3o de vencer, o m\u00e9rito da equipa treinada por Francesco Farioli e o impacto financeiro da vit\u00f3ria, incluindo a perspetiva de refor\u00e7ar o plantel com melhores jogadores.\" \/>\n<meta property=\"og:url\" content=\"https:\/\/portaltela.pt\/noticias\/2026\/05\/03\/portugueses-celebram-vitoria-do-fc-porto-em-los-angeles-e-caracas\/\" \/>\n<meta property=\"og:site_name\" content=\"Portal Tela Portugal\" \/>\n<meta property=\"article:published_time\" content=\"2026-05-03T07:18:03+00:00\" \/>\n<meta name=\"author\" content=\"Telinha\" \/>\n<meta name=\"twitter:card\" content=\"summary_large_image\" \/>\n<meta name=\"twitter:label1\" content=\"Escrito por\" \/>\n\t<meta name=\"twitter:data1\" content=\"Telinha\" \/>\n\t<meta name=\"twitter:label2\" content=\"Tempo estimado de leitura\" \/>\n\t<meta name=\"twitter:data2\" content=\"2 minutos\" \/>\n<script type=\"application\/ld+json\" class=\"yoast-schema-graph\">{\"@context\":\"https:\/\/schema.org\",\"@graph\":[{\"@type\":\"Article\",\"@id\":\"https:\/\/portaltela.pt\/noticias\/2026\/05\/03\/portugueses-celebram-vitoria-do-fc-porto-em-los-angeles-e-caracas\/#article\",\"isPartOf\":{\"@id\":\"https:\/\/portaltela.pt\/noticias\/2026\/05\/03\/portugueses-celebram-vitoria-do-fc-porto-em-los-angeles-e-caracas\/\"},\"author\":{\"name\":\"Telinha\",\"@id\":\"https:\/\/portaltela.pt\/#\/schema\/person\/c4278d4a6028830caff9ee44b42d32ed\"},\"headline\":\"Portugueses celebram vit\u00f3ria do FC Porto em Los Angeles e Caracas\",\"datePublished\":\"2026-05-03T07:18:03+00:00\",\"mainEntityOfPage\":{\"@id\":\"https:\/\/portaltela.pt\/noticias\/2026\/05\/03\/portugueses-celebram-vitoria-do-fc-porto-em-los-angeles-e-caracas\/\"},\"wordCount\":389,\"image\":{\"@id\":\"https:\/\/portaltela.pt\/noticias\/2026\/05\/03\/portugueses-celebram-vitoria-do-fc-porto-em-los-angeles-e-caracas\/#primaryimage\"},\"thumbnailUrl\":\"https:\/\/portaltela.pt\/s.01k8rhncp4jt1\/2026\/05\/img_1280x721uu2026-05-02-22-57-37-2282476.jpg\",\"keywords\":[\"_comunidade portuguesa\",\"_emigra\u00e7\u00e3o\",\"_emigra\u00e7\u00e3o internacional\",\"_futebol\",\"_Porto\",\"_Venezuela\"],\"articleSection\":[\"Desporto\",\"Futebol\"],\"inLanguage\":\"pt-PT\"},{\"@type\":\"WebPage\",\"@id\":\"https:\/\/portaltela.pt\/noticias\/2026\/05\/03\/portugueses-celebram-vitoria-do-fc-porto-em-los-angeles-e-caracas\/\",\"url\":\"https:\/\/portaltela.pt\/noticias\/2026\/05\/03\/portugueses-celebram-vitoria-do-fc-porto-em-los-angeles-e-caracas\/\",\"name\":\"Portugueses celebram vit\u00f3ria do FC Porto em Los Angeles e Caracas - Portal Tela Portugal\",\"isPartOf\":{\"@id\":\"https:\/\/portaltela.pt\/#website\"},\"primaryImageOfPage\":{\"@id\":\"https:\/\/portaltela.pt\/noticias\/2026\/05\/03\/portugueses-celebram-vitoria-do-fc-porto-em-los-angeles-e-caracas\/#primaryimage\"},\"image\":{\"@id\":\"https:\/\/portaltela.pt\/noticias\/2026\/05\/03\/portugueses-celebram-vitoria-do-fc-porto-em-los-angeles-e-caracas\/#primaryimage\"},\"thumbnailUrl\":\"https:\/\/portaltela.pt\/s.01k8rhncp4jt1\/2026\/05\/img_1280x721uu2026-05-02-22-57-37-2282476.jpg\",\"datePublished\":\"2026-05-03T07:18:03+00:00\",\"author\":{\"@id\":\"https:\/\/portaltela.pt\/#\/schema\/person\/c4278d4a6028830caff9ee44b42d32ed\"},\"breadcrumb\":{\"@id\":\"https:\/\/portaltela.pt\/noticias\/2026\/05\/03\/portugueses-celebram-vitoria-do-fc-porto-em-los-angeles-e-caracas\/#breadcrumb\"},\"inLanguage\":\"pt-PT\",\"potentialAction\":[{\"@type\":\"ReadAction\",\"target\":[\"https:\/\/portaltela.pt\/noticias\/2026\/05\/03\/portugueses-celebram-vitoria-do-fc-porto-em-los-angeles-e-caracas\/\"]}]},{\"@type\":\"ImageObject\",\"inLanguage\":\"pt-PT\",\"@id\":\"https:\/\/portaltela.pt\/noticias\/2026\/05\/03\/portugueses-celebram-vitoria-do-fc-porto-em-los-angeles-e-caracas\/#primaryimage\",\"url\":\"https:\/\/portaltela.pt\/s.01k8rhncp4jt1\/2026\/05\/img_1280x721uu2026-05-02-22-57-37-2282476.jpg\",\"contentUrl\":\"https:\/\/portaltela.pt\/s.01k8rhncp4jt1\/2026\/05\/img_1280x721uu2026-05-02-22-57-37-2282476.jpg\",\"width\":796,\"height\":448,\"caption\":\"Festa no Drag\u00e3o\"},{\"@type\":\"BreadcrumbList\",\"@id\":\"https:\/\/portaltela.pt\/noticias\/2026\/05\/03\/portugueses-celebram-vitoria-do-fc-porto-em-los-angeles-e-caracas\/#breadcrumb\",\"itemListElement\":[{\"@type\":\"ListItem\",\"position\":1,\"name\":\"In\u00edcio\",\"item\":\"https:\/\/portaltela.pt\/\"},{\"@type\":\"ListItem\",\"position\":2,\"name\":\"Portugueses celebram vit\u00f3ria do FC Porto em Los Angeles e Caracas\"}]},{\"@type\":\"WebSite\",\"@id\":\"https:\/\/portaltela.pt\/#website\",\"url\":\"https:\/\/portaltela.pt\/\",\"name\":\"Portal Tela Portugal\",\"description\":\"\",\"potentialAction\":[{\"@type\":\"SearchAction\",\"target\":{\"@type\":\"EntryPoint\",\"urlTemplate\":\"https:\/\/portaltela.pt\/?s={search_term_string}\"},\"query-input\":{\"@type\":\"PropertyValueSpecification\",\"valueRequired\":true,\"valueName\":\"search_term_string\"}}],\"inLanguage\":\"pt-PT\"},{\"@type\":\"Person\",\"@id\":\"https:\/\/portaltela.pt\/#\/schema\/person\/c4278d4a6028830caff9ee44b42d32ed\",\"name\":\"Telinha\",\"image\":{\"@type\":\"ImageObject\",\"inLanguage\":\"pt-PT\",\"@id\":\"https:\/\/portaltela.pt\/s.01k8rhncp4jt1\/2025\/11\/talking-bot-125x125.png\",\"url\":\"https:\/\/portaltela.pt\/s.01k8rhncp4jt1\/2025\/11\/talking-bot-125x125.png\",\"contentUrl\":\"https:\/\/portaltela.pt\/s.01k8rhncp4jt1\/2025\/11\/talking-bot-125x125.png\",\"caption\":\"Telinha\"},\"sameAs\":[\"https:\/\/portaltela.pt\/\"],\"url\":\"https:\/\/portaltela.pt\/por\/367410592786\/\"}]}<\/script>\n<!-- \/ Yoast SEO plugin. -->","yoast_head_json":{"title":"Portugueses celebram vit\u00f3ria do FC Porto em Los Angeles e Caracas - Portal Tela Portugal","robots":{"index":"index","follow":"follow","max-snippet":"max-snippet:-1","max-image-preview":"max-image-preview:large","max-video-preview":"max-video-preview:-1"},"og_locale":"pt_PT","og_type":"article","og_title":"Portugueses celebram vit\u00f3ria do FC Porto em Los Angeles e Caracas - Portal Tela Portugal","og_description":"O FC Porto conquistou o 31.\u00ba t\u00edtulo de campe\u00e3o nacional de futebol, repetindo a conquista hist\u00f3rica do clube. Os festejos aconteceram em Los Angeles, Calif\u00f3rnia, e em Caracas, Venezuela, com os adeptos a celebrarem \u00e0 dist\u00e2ncia e em casa. O jogo decisivo ocorreu ao meio\u2011dia, hora da Costa Oeste dos Estados Unidos, e os portistas na di\u00e1spora lembraram a fam\u00edlia e as ra\u00edzes do clube. Em Caracas, mais de duas dezenas de portistas reuniram-se na Casa do Porto da Venezuela para ver o jogo e festejar o t\u00edtulo. Observadores e antigos respons\u00e1veis na Venezuela destacaram a emo\u00e7\u00e3o de vencer, o m\u00e9rito da equipa treinada por Francesco Farioli e o impacto financeiro da vit\u00f3ria, incluindo a perspetiva de refor\u00e7ar o plantel com melhores jogadores.","og_url":"https:\/\/portaltela.pt\/noticias\/2026\/05\/03\/portugueses-celebram-vitoria-do-fc-porto-em-los-angeles-e-caracas\/","og_site_name":"Portal Tela Portugal","article_published_time":"2026-05-03T07:18:03+00:00","author":"Telinha","twitter_card":"summary_large_image","twitter_misc":{"Escrito por":"Telinha","Tempo estimado de leitura":"2 minutos"},"schema":{"@context":"https:\/\/schema.org","@graph":[{"@type":"Article","@id":"https:\/\/portaltela.pt\/noticias\/2026\/05\/03\/portugueses-celebram-vitoria-do-fc-porto-em-los-angeles-e-caracas\/#article","isPartOf":{"@id":"https:\/\/portaltela.pt\/noticias\/2026\/05\/03\/portugueses-celebram-vitoria-do-fc-porto-em-los-angeles-e-caracas\/"},"author":{"name":"Telinha","@id":"https:\/\/portaltela.pt\/#\/schema\/person\/c4278d4a6028830caff9ee44b42d32ed"},"headline":"Portugueses celebram vit\u00f3ria do FC Porto em Los Angeles e Caracas","datePublished":"2026-05-03T07:18:03+00:00","mainEntityOfPage":{"@id":"https:\/\/portaltela.pt\/noticias\/2026\/05\/03\/portugueses-celebram-vitoria-do-fc-porto-em-los-angeles-e-caracas\/"},"wordCount":389,"image":{"@id":"https:\/\/portaltela.pt\/noticias\/2026\/05\/03\/portugueses-celebram-vitoria-do-fc-porto-em-los-angeles-e-caracas\/#primaryimage"},"thumbnailUrl":"https:\/\/portaltela.pt\/s.01k8rhncp4jt1\/2026\/05\/img_1280x721uu2026-05-02-22-57-37-2282476.jpg","keywords":["_comunidade portuguesa","_emigra\u00e7\u00e3o","_emigra\u00e7\u00e3o internacional","_futebol","_Porto","_Venezuela"],"articleSection":["Desporto","Futebol"],"inLanguage":"pt-PT"},{"@type":"WebPage","@id":"https:\/\/portaltela.pt\/noticias\/2026\/05\/03\/portugueses-celebram-vitoria-do-fc-porto-em-los-angeles-e-caracas\/","url":"https:\/\/portaltela.pt\/noticias\/2026\/05\/03\/portugueses-celebram-vitoria-do-fc-porto-em-los-angeles-e-caracas\/","name":"Portugueses celebram vit\u00f3ria do FC Porto em Los Angeles e Caracas - Portal Tela Portugal","isPartOf":{"@id":"https:\/\/portaltela.pt\/#website"},"primaryImageOfPage":{"@id":"https:\/\/portaltela.pt\/noticias\/2026\/05\/03\/portugueses-celebram-vitoria-do-fc-porto-em-los-angeles-e-caracas\/#primaryimage"},"image":{"@id":"https:\/\/portaltela.pt\/noticias\/2026\/05\/03\/portugueses-celebram-vitoria-do-fc-porto-em-los-angeles-e-caracas\/#primaryimage"},"thumbnailUrl":"https:\/\/portaltela.pt\/s.01k8rhncp4jt1\/2026\/05\/img_1280x721uu2026-05-02-22-57-37-2282476.jpg","datePublished":"2026-05-03T07:18:03+00:00","author":{"@id":"https:\/\/portaltela.pt\/#\/schema\/person\/c4278d4a6028830caff9ee44b42d32ed"},"breadcrumb":{"@id":"https:\/\/portaltela.pt\/noticias\/2026\/05\/03\/portugueses-celebram-vitoria-do-fc-porto-em-los-angeles-e-caracas\/#breadcrumb"},"inLanguage":"pt-PT","potentialAction":[{"@type":"ReadAction","target":["https:\/\/portaltela.pt\/noticias\/2026\/05\/03\/portugueses-celebram-vitoria-do-fc-porto-em-los-angeles-e-caracas\/"]}]},{"@type":"ImageObject","inLanguage":"pt-PT","@id":"https:\/\/portaltela.pt\/noticias\/2026\/05\/03\/portugueses-celebram-vitoria-do-fc-porto-em-los-angeles-e-caracas\/#primaryimage","url":"https:\/\/portaltela.pt\/s.01k8rhncp4jt1\/2026\/05\/img_1280x721uu2026-05-02-22-57-37-2282476.jpg","contentUrl":"https:\/\/portaltela.pt\/s.01k8rhncp4jt1\/2026\/05\/img_1280x721uu2026-05-02-22-57-37-2282476.jpg","width":796,"height":448,"caption":"Festa no Drag\u00e3o"},{"@type":"BreadcrumbList","@id":"https:\/\/portaltela.pt\/noticias\/2026\/05\/03\/portugueses-celebram-vitoria-do-fc-porto-em-los-angeles-e-caracas\/#breadcrumb","itemListElement":[{"@type":"ListItem","position":1,"name":"In\u00edcio","item":"https:\/\/portaltela.pt\/"},{"@type":"ListItem","position":2,"name":"Portugueses celebram vit\u00f3ria do FC Porto em Los Angeles e Caracas"}]},{"@type":"WebSite","@id":"https:\/\/portaltela.pt\/#website","url":"https:\/\/portaltela.pt\/","name":"Portal Tela Portugal","description":"","potentialAction":[{"@type":"SearchAction","target":{"@type":"EntryPoint","urlTemplate":"https:\/\/portaltela.pt\/?s={search_term_string}"},"query-input":{"@type":"PropertyValueSpecification","valueRequired":true,"valueName":"search_term_string"}}],"inLanguage":"pt-PT"},{"@type":"Person","@id":"https:\/\/portaltela.pt\/#\/schema\/person\/c4278d4a6028830caff9ee44b42d32ed","name":"Telinha","image":{"@type":"ImageObject","inLanguage":"pt-PT","@id":"https:\/\/portaltela.pt\/s.01k8rhncp4jt1\/2025\/11\/talking-bot-125x125.png","url":"https:\/\/portaltela.pt\/s.01k8rhncp4jt1\/2025\/11\/talking-bot-125x125.png","contentUrl":"https:\/\/portaltela.pt\/s.01k8rhncp4jt1\/2025\/11\/talking-bot-125x125.png","caption":"Telinha"},"sameAs":["https:\/\/portaltela.pt\/"],"url":"https:\/\/portaltela.pt\/por\/367410592786\/"}]}},"_links":{"self":[{"href":"https:\/\/portaltela.pt\/api\/wp\/v2\/posts\/465688","targetHints":{"allow":["GET"]}}],"collection":[{"href":"https:\/\/portaltela.pt\/api\/wp\/v2\/posts"}],"about":[{"href":"https:\/\/portaltela.pt\/api\/wp\/v2\/types\/post"}],"author":[{"embeddable":true,"href":"https:\/\/portaltela.pt\/api\/wp\/v2\/users\/2"}],"replies":[{"embeddable":true,"href":"https:\/\/portaltela.pt\/api\/wp\/v2\/comments?post=465688"}],"version-history":[{"count":0,"href":"https:\/\/portaltela.pt\/api\/wp\/v2\/posts\/465688\/revisions"}],"wp:featuredmedia":[{"embeddable":true,"href":"https:\/\/portaltela.pt\/api\/wp\/v2\/media\/465690"}],"wp:attachment":[{"href":"https:\/\/portaltela.pt\/api\/wp\/v2\/media?parent=465688"}],"wp:term":[{"taxonomy":"category","embeddable":true,"href":"https:\/\/portaltela.pt\/api\/wp\/v2\/categories?post=465688"},{"taxonomy":"post_tag","embeddable":true,"href":"https:\/\/portaltela.pt\/api\/wp\/v2\/tags?post=465688"}],"curies":[{"name":"wp","href":"https:\/\/api.w.org\/{rel}","templated":true}]}}