{"id":465626,"date":"2026-05-03T03:03:46","date_gmt":"2026-05-03T06:03:46","guid":{"rendered":"https:\/\/portaltela.pt\/noticias\/2026\/05\/03\/auriol-dongmo-celebra-maternidade-a-maior-bencao\/"},"modified":"2026-05-03T03:03:46","modified_gmt":"2026-05-03T06:03:46","slug":"auriol-dongmo-celebra-maternidade-a-maior-bencao","status":"publish","type":"post","link":"https:\/\/portaltela.pt\/desporto\/futebol\/2026\/05\/03\/auriol-dongmo-celebra-maternidade-a-maior-bencao\/","title":{"rendered":"Auriol Dongmo celebra maternidade: a maior b\u00ean\u00e7\u00e3o"},"content":{"rendered":"<p>Auriol Dongmo, lan\u00e7adora do peso do Sporting e atleta ol\u00edmpica, celebra o Dia da M\u00e3e de forma personal e cont\u00ednua. A atleta diz que a maternidade representa um valor di\u00e1rio, n\u00e3o apenas uma data no calend\u00e1rio.<\/p>\n<p>Nascida nos Camar\u00f5es, Dongmo revela que em \u00c1frica o Dia da M\u00e3e n\u00e3o \u00e9 a \u00fanica data relevante, destacando a import\u00e2ncia do Dia da Mulher. Ainda assim, o significado da maternidade permanece profundo para si e para a sua fam\u00edlia.<\/p>\n<p>A atleta, campe\u00e3 mundial e europeia em pista coberta, \u00e9 m\u00e3e de Rafael, 7 anos, e Daniel, 1 ano e meio. A maternidade \u00e9 descrita como o ponto alto da exist\u00eancia, alterando a forma de pensar e de agir no dia a dia.<\/p>\n<p>O equil\u00edbrio entre alto rendimento e parentalidade \u00e9 considerado complicado em Portugal. Dongmo aponta que a rede de apoio \u00e9 determinante e real\u00e7a o papel do marido, que gere os cuidados com os filhos durante est\u00e1gios e per\u00edodos de les\u00e3o.<\/p>\n<p>Caso os filhos optem pelo desporto, Dongmo prefere que sigam caminhos diferentes ao do atletismo. Enquanto est\u00e3o a crescer, a atleta afirma que lan\u00e7adores n\u00e3o s\u00e3o sempre valorizados no meio e que a decis\u00e3o final ser\u00e1 dos filhos.<\/p>\n<h3>Trajet\u00f3ria pessoal e perspetivas<\/h3>\n<p>Nascida em Ngaound\u00e9r\u00e9, Dongmo recorda a influ\u00eancia da m\u00e3e e a sua pr\u00f3pria teimosia. A atleta descreve-se como teimosa, mas tamb\u00e9m calma, destacando o desejo de proporcionar tudo aos filhos.<\/p>\n<h3>Desempenho desportivo e objetivos<\/h3>\n<p>A \u00e9poca de inverno teve altos e baixos, com um oitavo lugar no Mundial de pista curta (18,82 metros) considerado abaixo das expectativas pela atleta. Nos encontros anteriores houve marcas acima de 19 metros, o que \u00e9 visto como positivo para a prepara\u00e7\u00e3o.<\/p>\n<p>Forta de objetivos passa pelo Campeonato da Europa de atletismo, em agosto, e pela passagem a fases seguintes da temporada. Auriol aponta para uma trajet\u00f3ria de trabalho cont\u00ednuo rumo ao m\u00e1ximo rendimento poss\u00edvel.<\/p>\n<p>A participa\u00e7\u00e3o na Ta\u00e7a dos Campe\u00f5es da Europa de pista \u00e9 outro foco. Dongmo afirma querer contribuir com pontos para o Sporting ao assegurar a sua melhor prova e fortalecer o desempenho coletivo do clube.<\/p>\n<h3>Treino em meio a tempestade<\/h3>\n<p>A tempestade que atingiu o distrito de Leiria no final de janeiro causou danos comunit\u00e1rios, afetando a rotina de treino de Dongmo, que reside na Marinha Grande. O CAR de Leiria ficou indispon\u00edvel por cerca de dois meses, levando a desloca\u00e7\u00f5es semanais de 100 quil\u00f3metros para treinos t\u00e9cnicos em Alpiar\u00e7a, com apoio de um gin\u00e1sio local.<\/p>\n<p>O regresso aos treinos trouxe melhorias nas condi\u00e7\u00f5es do Centro de Alto Rendimento, conforme a atleta. O reconhecimento \u00e9 dirigido ao presidente da Juventude Vidigalense, Nuno Cordeiro, pela dedica\u00e7\u00e3o ao longo do processo.<\/p>\n","protected":false},"excerpt":{"rendered":"<ul>\n<li>Auriol Dongmo, lan\u00e7adora do peso do Sporting e atleta ol\u00edmpica, considera que o Dia da M\u00e3e \u00e9 todos os dias.<\/li>\n<li>\u00c9 m\u00e3e de Rafael, 7 anos, e Daniel, 1 ano e meio, dizendo que ser m\u00e3e \u00e9 a maior b\u00ean\u00e7\u00e3o da sua vida e que mudou a forma de pensar.<\/li>\n<li>Reconhece que equilibrar atletismo de alto rendimento e maternidade em Portugal n\u00e3o \u00e9 f\u00e1cil, destacando o apoio do marido e de pessoas \u00e0 sua volta.<\/li>\n<li>Na \u00e9poca de inverno, terminou no oitavo lugar no Campeonato do Mundo de pista coberta, com 18,82 metros, posi\u00e7\u00e3o que descreve como mau, ap\u00f3s come\u00e7ar com v\u00e1rias marcas acima de 19 metros.<\/li>\n<li>Foca-se na Ta\u00e7a dos Campe\u00f5es Europeus de pista para o Sporting, pretende chegar ao Europeu de agosto em boa forma e admite que \u00e9 cedo para pensar nos Jogos Ol\u00edmpicos de Los Angeles 2028; o treino sofreu interrup\u00e7\u00f5es por uma tempestade que obrigou desloca\u00e7\u00f5es de cerca de 100 quil\u00f3metros.<\/li>\n<\/ul>\n","protected":false},"author":2,"featured_media":465627,"comment_status":"closed","ping_status":"closed","sticky":false,"template":"","format":"standard","meta":{"footnotes":""},"categories":[21,24],"tags":[7977,8705,8198,9156,8910,1652],"class_list":["post-465626","post","type-post","status-publish","format-standard","has-post-thumbnail","hentry","category-desporto","category-futebol","tag-_africa","tag-_atletismo","tag-_leiria","tag-_maternidade","tag-_parentalidade","tag-sporting"],"yoast_head":"<!-- This site is optimized with the Yoast SEO plugin v27.2 - https:\/\/yoast.com\/product\/yoast-seo-wordpress\/ -->\n<title>Auriol Dongmo celebra maternidade: a maior b\u00ean\u00e7\u00e3o - Portal Tela Portugal<\/title>\n<meta name=\"robots\" content=\"index, follow, max-snippet:-1, max-image-preview:large, max-video-preview:-1\" \/>\n<meta property=\"og:locale\" content=\"pt_PT\" \/>\n<meta property=\"og:type\" content=\"article\" \/>\n<meta property=\"og:title\" content=\"Auriol Dongmo celebra maternidade: a maior b\u00ean\u00e7\u00e3o - Portal Tela Portugal\" \/>\n<meta property=\"og:description\" content=\"Auriol Dongmo, lan\u00e7adora do peso do Sporting e atleta ol\u00edmpica, considera que o Dia da M\u00e3e \u00e9 todos os dias. \u00c9 m\u00e3e de Rafael, 7 anos, e Daniel, 1 ano e meio, dizendo que ser m\u00e3e \u00e9 a maior b\u00ean\u00e7\u00e3o da sua vida e que mudou a forma de pensar. Reconhece que equilibrar atletismo de alto rendimento e maternidade em Portugal n\u00e3o \u00e9 f\u00e1cil, destacando o apoio do marido e de pessoas \u00e0 sua volta. Na \u00e9poca de inverno, terminou no oitavo lugar no Campeonato do Mundo de pista coberta, com 18,82 metros, posi\u00e7\u00e3o que descreve como mau, ap\u00f3s come\u00e7ar com v\u00e1rias marcas acima de 19 metros. Foca-se na Ta\u00e7a dos Campe\u00f5es Europeus de pista para o Sporting, pretende chegar ao Europeu de agosto em boa forma e admite que \u00e9 cedo para pensar nos Jogos Ol\u00edmpicos de Los Angeles 2028; o treino sofreu interrup\u00e7\u00f5es por uma tempestade que obrigou desloca\u00e7\u00f5es de cerca de 100 quil\u00f3metros.\" \/>\n<meta property=\"og:url\" content=\"https:\/\/portaltela.pt\/noticias\/2026\/05\/03\/auriol-dongmo-celebra-maternidade-a-maior-bencao\/\" \/>\n<meta property=\"og:site_name\" content=\"Portal Tela Portugal\" \/>\n<meta property=\"article:published_time\" content=\"2026-05-03T06:03:46+00:00\" \/>\n<meta name=\"author\" content=\"Telinha\" \/>\n<meta name=\"twitter:card\" content=\"summary_large_image\" \/>\n<meta name=\"twitter:label1\" content=\"Escrito por\" \/>\n\t<meta name=\"twitter:data1\" content=\"Telinha\" \/>\n\t<meta name=\"twitter:label2\" content=\"Tempo estimado de leitura\" \/>\n\t<meta name=\"twitter:data2\" content=\"2 minutos\" \/>\n<script type=\"application\/ld+json\" class=\"yoast-schema-graph\">{\"@context\":\"https:\/\/schema.org\",\"@graph\":[{\"@type\":\"Article\",\"@id\":\"https:\/\/portaltela.pt\/noticias\/2026\/05\/03\/auriol-dongmo-celebra-maternidade-a-maior-bencao\/#article\",\"isPartOf\":{\"@id\":\"https:\/\/portaltela.pt\/noticias\/2026\/05\/03\/auriol-dongmo-celebra-maternidade-a-maior-bencao\/\"},\"author\":{\"name\":\"Telinha\",\"@id\":\"https:\/\/portaltela.pt\/#\/schema\/person\/c4278d4a6028830caff9ee44b42d32ed\"},\"headline\":\"Auriol Dongmo celebra maternidade: a maior b\u00ean\u00e7\u00e3o\",\"datePublished\":\"2026-05-03T06:03:46+00:00\",\"mainEntityOfPage\":{\"@id\":\"https:\/\/portaltela.pt\/noticias\/2026\/05\/03\/auriol-dongmo-celebra-maternidade-a-maior-bencao\/\"},\"wordCount\":483,\"image\":{\"@id\":\"https:\/\/portaltela.pt\/noticias\/2026\/05\/03\/auriol-dongmo-celebra-maternidade-a-maior-bencao\/#primaryimage\"},\"thumbnailUrl\":\"https:\/\/portaltela.pt\/s.01k8rhncp4jt1\/2026\/05\/img_920x518uu2026-05-01-18-21-17-2436282.jpg\",\"keywords\":[\"_\u00c1frica\",\"_atletismo\",\"_Leiria\",\"_maternidade\",\"_parentalidade\",\"Sporting\"],\"articleSection\":[\"Desporto\",\"Futebol\"],\"inLanguage\":\"pt-PT\"},{\"@type\":\"WebPage\",\"@id\":\"https:\/\/portaltela.pt\/noticias\/2026\/05\/03\/auriol-dongmo-celebra-maternidade-a-maior-bencao\/\",\"url\":\"https:\/\/portaltela.pt\/noticias\/2026\/05\/03\/auriol-dongmo-celebra-maternidade-a-maior-bencao\/\",\"name\":\"Auriol Dongmo celebra maternidade: a maior b\u00ean\u00e7\u00e3o - Portal Tela Portugal\",\"isPartOf\":{\"@id\":\"https:\/\/portaltela.pt\/#website\"},\"primaryImageOfPage\":{\"@id\":\"https:\/\/portaltela.pt\/noticias\/2026\/05\/03\/auriol-dongmo-celebra-maternidade-a-maior-bencao\/#primaryimage\"},\"image\":{\"@id\":\"https:\/\/portaltela.pt\/noticias\/2026\/05\/03\/auriol-dongmo-celebra-maternidade-a-maior-bencao\/#primaryimage\"},\"thumbnailUrl\":\"https:\/\/portaltela.pt\/s.01k8rhncp4jt1\/2026\/05\/img_920x518uu2026-05-01-18-21-17-2436282.jpg\",\"datePublished\":\"2026-05-03T06:03:46+00:00\",\"author\":{\"@id\":\"https:\/\/portaltela.pt\/#\/schema\/person\/c4278d4a6028830caff9ee44b42d32ed\"},\"breadcrumb\":{\"@id\":\"https:\/\/portaltela.pt\/noticias\/2026\/05\/03\/auriol-dongmo-celebra-maternidade-a-maior-bencao\/#breadcrumb\"},\"inLanguage\":\"pt-PT\",\"potentialAction\":[{\"@type\":\"ReadAction\",\"target\":[\"https:\/\/portaltela.pt\/noticias\/2026\/05\/03\/auriol-dongmo-celebra-maternidade-a-maior-bencao\/\"]}]},{\"@type\":\"ImageObject\",\"inLanguage\":\"pt-PT\",\"@id\":\"https:\/\/portaltela.pt\/noticias\/2026\/05\/03\/auriol-dongmo-celebra-maternidade-a-maior-bencao\/#primaryimage\",\"url\":\"https:\/\/portaltela.pt\/s.01k8rhncp4jt1\/2026\/05\/img_920x518uu2026-05-01-18-21-17-2436282.jpg\",\"contentUrl\":\"https:\/\/portaltela.pt\/s.01k8rhncp4jt1\/2026\/05\/img_920x518uu2026-05-01-18-21-17-2436282.jpg\",\"width\":796,\"height\":448,\"caption\":\"Auriol Dongmo\"},{\"@type\":\"BreadcrumbList\",\"@id\":\"https:\/\/portaltela.pt\/noticias\/2026\/05\/03\/auriol-dongmo-celebra-maternidade-a-maior-bencao\/#breadcrumb\",\"itemListElement\":[{\"@type\":\"ListItem\",\"position\":1,\"name\":\"In\u00edcio\",\"item\":\"https:\/\/portaltela.pt\/\"},{\"@type\":\"ListItem\",\"position\":2,\"name\":\"Auriol Dongmo celebra maternidade: a maior b\u00ean\u00e7\u00e3o\"}]},{\"@type\":\"WebSite\",\"@id\":\"https:\/\/portaltela.pt\/#website\",\"url\":\"https:\/\/portaltela.pt\/\",\"name\":\"Portal Tela Portugal\",\"description\":\"\",\"potentialAction\":[{\"@type\":\"SearchAction\",\"target\":{\"@type\":\"EntryPoint\",\"urlTemplate\":\"https:\/\/portaltela.pt\/?s={search_term_string}\"},\"query-input\":{\"@type\":\"PropertyValueSpecification\",\"valueRequired\":true,\"valueName\":\"search_term_string\"}}],\"inLanguage\":\"pt-PT\"},{\"@type\":\"Person\",\"@id\":\"https:\/\/portaltela.pt\/#\/schema\/person\/c4278d4a6028830caff9ee44b42d32ed\",\"name\":\"Telinha\",\"image\":{\"@type\":\"ImageObject\",\"inLanguage\":\"pt-PT\",\"@id\":\"https:\/\/portaltela.pt\/s.01k8rhncp4jt1\/2025\/11\/talking-bot-125x125.png\",\"url\":\"https:\/\/portaltela.pt\/s.01k8rhncp4jt1\/2025\/11\/talking-bot-125x125.png\",\"contentUrl\":\"https:\/\/portaltela.pt\/s.01k8rhncp4jt1\/2025\/11\/talking-bot-125x125.png\",\"caption\":\"Telinha\"},\"sameAs\":[\"https:\/\/portaltela.pt\/\"],\"url\":\"https:\/\/portaltela.pt\/por\/367410592786\/\"}]}<\/script>\n<!-- \/ Yoast SEO plugin. -->","yoast_head_json":{"title":"Auriol Dongmo celebra maternidade: a maior b\u00ean\u00e7\u00e3o - Portal Tela Portugal","robots":{"index":"index","follow":"follow","max-snippet":"max-snippet:-1","max-image-preview":"max-image-preview:large","max-video-preview":"max-video-preview:-1"},"og_locale":"pt_PT","og_type":"article","og_title":"Auriol Dongmo celebra maternidade: a maior b\u00ean\u00e7\u00e3o - Portal Tela Portugal","og_description":"Auriol Dongmo, lan\u00e7adora do peso do Sporting e atleta ol\u00edmpica, considera que o Dia da M\u00e3e \u00e9 todos os dias. \u00c9 m\u00e3e de Rafael, 7 anos, e Daniel, 1 ano e meio, dizendo que ser m\u00e3e \u00e9 a maior b\u00ean\u00e7\u00e3o da sua vida e que mudou a forma de pensar. Reconhece que equilibrar atletismo de alto rendimento e maternidade em Portugal n\u00e3o \u00e9 f\u00e1cil, destacando o apoio do marido e de pessoas \u00e0 sua volta. Na \u00e9poca de inverno, terminou no oitavo lugar no Campeonato do Mundo de pista coberta, com 18,82 metros, posi\u00e7\u00e3o que descreve como mau, ap\u00f3s come\u00e7ar com v\u00e1rias marcas acima de 19 metros. Foca-se na Ta\u00e7a dos Campe\u00f5es Europeus de pista para o Sporting, pretende chegar ao Europeu de agosto em boa forma e admite que \u00e9 cedo para pensar nos Jogos Ol\u00edmpicos de Los Angeles 2028; o treino sofreu interrup\u00e7\u00f5es por uma tempestade que obrigou desloca\u00e7\u00f5es de cerca de 100 quil\u00f3metros.","og_url":"https:\/\/portaltela.pt\/noticias\/2026\/05\/03\/auriol-dongmo-celebra-maternidade-a-maior-bencao\/","og_site_name":"Portal Tela Portugal","article_published_time":"2026-05-03T06:03:46+00:00","author":"Telinha","twitter_card":"summary_large_image","twitter_misc":{"Escrito por":"Telinha","Tempo estimado de leitura":"2 minutos"},"schema":{"@context":"https:\/\/schema.org","@graph":[{"@type":"Article","@id":"https:\/\/portaltela.pt\/noticias\/2026\/05\/03\/auriol-dongmo-celebra-maternidade-a-maior-bencao\/#article","isPartOf":{"@id":"https:\/\/portaltela.pt\/noticias\/2026\/05\/03\/auriol-dongmo-celebra-maternidade-a-maior-bencao\/"},"author":{"name":"Telinha","@id":"https:\/\/portaltela.pt\/#\/schema\/person\/c4278d4a6028830caff9ee44b42d32ed"},"headline":"Auriol Dongmo celebra maternidade: a maior b\u00ean\u00e7\u00e3o","datePublished":"2026-05-03T06:03:46+00:00","mainEntityOfPage":{"@id":"https:\/\/portaltela.pt\/noticias\/2026\/05\/03\/auriol-dongmo-celebra-maternidade-a-maior-bencao\/"},"wordCount":483,"image":{"@id":"https:\/\/portaltela.pt\/noticias\/2026\/05\/03\/auriol-dongmo-celebra-maternidade-a-maior-bencao\/#primaryimage"},"thumbnailUrl":"https:\/\/portaltela.pt\/s.01k8rhncp4jt1\/2026\/05\/img_920x518uu2026-05-01-18-21-17-2436282.jpg","keywords":["_\u00c1frica","_atletismo","_Leiria","_maternidade","_parentalidade","Sporting"],"articleSection":["Desporto","Futebol"],"inLanguage":"pt-PT"},{"@type":"WebPage","@id":"https:\/\/portaltela.pt\/noticias\/2026\/05\/03\/auriol-dongmo-celebra-maternidade-a-maior-bencao\/","url":"https:\/\/portaltela.pt\/noticias\/2026\/05\/03\/auriol-dongmo-celebra-maternidade-a-maior-bencao\/","name":"Auriol Dongmo celebra maternidade: a maior b\u00ean\u00e7\u00e3o - Portal Tela Portugal","isPartOf":{"@id":"https:\/\/portaltela.pt\/#website"},"primaryImageOfPage":{"@id":"https:\/\/portaltela.pt\/noticias\/2026\/05\/03\/auriol-dongmo-celebra-maternidade-a-maior-bencao\/#primaryimage"},"image":{"@id":"https:\/\/portaltela.pt\/noticias\/2026\/05\/03\/auriol-dongmo-celebra-maternidade-a-maior-bencao\/#primaryimage"},"thumbnailUrl":"https:\/\/portaltela.pt\/s.01k8rhncp4jt1\/2026\/05\/img_920x518uu2026-05-01-18-21-17-2436282.jpg","datePublished":"2026-05-03T06:03:46+00:00","author":{"@id":"https:\/\/portaltela.pt\/#\/schema\/person\/c4278d4a6028830caff9ee44b42d32ed"},"breadcrumb":{"@id":"https:\/\/portaltela.pt\/noticias\/2026\/05\/03\/auriol-dongmo-celebra-maternidade-a-maior-bencao\/#breadcrumb"},"inLanguage":"pt-PT","potentialAction":[{"@type":"ReadAction","target":["https:\/\/portaltela.pt\/noticias\/2026\/05\/03\/auriol-dongmo-celebra-maternidade-a-maior-bencao\/"]}]},{"@type":"ImageObject","inLanguage":"pt-PT","@id":"https:\/\/portaltela.pt\/noticias\/2026\/05\/03\/auriol-dongmo-celebra-maternidade-a-maior-bencao\/#primaryimage","url":"https:\/\/portaltela.pt\/s.01k8rhncp4jt1\/2026\/05\/img_920x518uu2026-05-01-18-21-17-2436282.jpg","contentUrl":"https:\/\/portaltela.pt\/s.01k8rhncp4jt1\/2026\/05\/img_920x518uu2026-05-01-18-21-17-2436282.jpg","width":796,"height":448,"caption":"Auriol Dongmo"},{"@type":"BreadcrumbList","@id":"https:\/\/portaltela.pt\/noticias\/2026\/05\/03\/auriol-dongmo-celebra-maternidade-a-maior-bencao\/#breadcrumb","itemListElement":[{"@type":"ListItem","position":1,"name":"In\u00edcio","item":"https:\/\/portaltela.pt\/"},{"@type":"ListItem","position":2,"name":"Auriol Dongmo celebra maternidade: a maior b\u00ean\u00e7\u00e3o"}]},{"@type":"WebSite","@id":"https:\/\/portaltela.pt\/#website","url":"https:\/\/portaltela.pt\/","name":"Portal Tela Portugal","description":"","potentialAction":[{"@type":"SearchAction","target":{"@type":"EntryPoint","urlTemplate":"https:\/\/portaltela.pt\/?s={search_term_string}"},"query-input":{"@type":"PropertyValueSpecification","valueRequired":true,"valueName":"search_term_string"}}],"inLanguage":"pt-PT"},{"@type":"Person","@id":"https:\/\/portaltela.pt\/#\/schema\/person\/c4278d4a6028830caff9ee44b42d32ed","name":"Telinha","image":{"@type":"ImageObject","inLanguage":"pt-PT","@id":"https:\/\/portaltela.pt\/s.01k8rhncp4jt1\/2025\/11\/talking-bot-125x125.png","url":"https:\/\/portaltela.pt\/s.01k8rhncp4jt1\/2025\/11\/talking-bot-125x125.png","contentUrl":"https:\/\/portaltela.pt\/s.01k8rhncp4jt1\/2025\/11\/talking-bot-125x125.png","caption":"Telinha"},"sameAs":["https:\/\/portaltela.pt\/"],"url":"https:\/\/portaltela.pt\/por\/367410592786\/"}]}},"_links":{"self":[{"href":"https:\/\/portaltela.pt\/api\/wp\/v2\/posts\/465626","targetHints":{"allow":["GET"]}}],"collection":[{"href":"https:\/\/portaltela.pt\/api\/wp\/v2\/posts"}],"about":[{"href":"https:\/\/portaltela.pt\/api\/wp\/v2\/types\/post"}],"author":[{"embeddable":true,"href":"https:\/\/portaltela.pt\/api\/wp\/v2\/users\/2"}],"replies":[{"embeddable":true,"href":"https:\/\/portaltela.pt\/api\/wp\/v2\/comments?post=465626"}],"version-history":[{"count":0,"href":"https:\/\/portaltela.pt\/api\/wp\/v2\/posts\/465626\/revisions"}],"wp:featuredmedia":[{"embeddable":true,"href":"https:\/\/portaltela.pt\/api\/wp\/v2\/media\/465627"}],"wp:attachment":[{"href":"https:\/\/portaltela.pt\/api\/wp\/v2\/media?parent=465626"}],"wp:term":[{"taxonomy":"category","embeddable":true,"href":"https:\/\/portaltela.pt\/api\/wp\/v2\/categories?post=465626"},{"taxonomy":"post_tag","embeddable":true,"href":"https:\/\/portaltela.pt\/api\/wp\/v2\/tags?post=465626"}],"curies":[{"name":"wp","href":"https:\/\/api.w.org\/{rel}","templated":true}]}}