{"id":464741,"date":"2026-05-02T07:03:11","date_gmt":"2026-05-02T10:03:11","guid":{"rendered":"https:\/\/portaltela.pt\/noticias\/2026\/05\/02\/retirada-parcial-de-tropas-dos-eua-e-alerta-para-a-europa-diz-ministro-alemao\/"},"modified":"2026-05-02T07:03:11","modified_gmt":"2026-05-02T10:03:11","slug":"retirada-parcial-de-tropas-dos-eua-e-alerta-para-a-europa-diz-ministro-alemao","status":"publish","type":"post","link":"https:\/\/portaltela.pt\/noticias\/2026\/05\/02\/retirada-parcial-de-tropas-dos-eua-e-alerta-para-a-europa-diz-ministro-alemao\/","title":{"rendered":"Retirada parcial de tropas dos EUA \u00e9 alerta para a Europa, diz ministro alem\u00e3o"},"content":{"rendered":"<p>O ministro da Defesa alem\u00e3o, Boris Pistorius, afirmou que a retirada parcial de cerca de 5 mil soldados norte-americanos da Alemanha era previs\u00edvel, mas que o an\u00fancio do Pent\u00e1gono evidencia que a Europa precisa assumir mais responsabilidade pela sua seguran\u00e7a.<\/p>\n<p>Pistorius disse que, dentro da NATO, \u00e9 necess\u00e1rio tornar a Europa mais aut\u00f3noma para manter a sua relev\u00e2ncia transatl\u00e2ntica. O comunicado foi divulgado no canal de WhatsApp do Minist\u00e9rio da Defesa, conforme a ag\u00eancia EFE.<\/p>\n<p>O Pent\u00e1gono informou que, nos pr\u00f3ximos seis a 12 meses, os EUA v\u00e3o retirar aproximadamente 5 mil militares da Alemanha. A medida surge ap\u00f3s cr\u00edticas do chanceler alem\u00e3o, Friedrich Merz, sobre a estrat\u00e9gia de sa\u00edda dos EUA do conflito com o Ir\u00e3o.<\/p>\n<p>Apesar da retirada prevista, o ministro destacou que a presen\u00e7a norte-americana na Europa continua ben\u00e9fica para ambos os pa\u00edses, lembrando que restam quase 40 mil tropas estacionadas na Alemanha. A redu\u00e7\u00e3o \u00e9 considerada modesta nesse contexto.<\/p>\n<p>Pistorius apontou que Washington e Berlim mant\u00eam coopera\u00e7\u00e3o pr\u00f3xima em bases como Ramstein, Grafenw\u00f6hr e Frankfurt, trabalhando pela paz, pela Ucr\u00e2nia e pela dissuas\u00e3o conjunta. Tamb\u00e9m sublinhou que as for\u00e7as americanas aproveitam a presen\u00e7a alem\u00e3 para opera\u00e7\u00f5es na \u00c1frica e no M\u00e9dio Oriente.<\/p>\n<p>Em Estugarda permanecem ativos o Comando Europeu dos EUA (EUCOM) e o Comando para \u00c1frica (AFRICOM). O ministro destacou que as novas altera\u00e7\u00f5es n\u00e3o alteram o compromisso com a seguran\u00e7a europeia.<\/p>\n<p>Afirmou ainda que o an\u00fancio do governo norte-americano deixa claro que a Europa deve assumir uma lideran\u00e7a maior na defesa coletiva da NATO. A Alemanha, acrescentou, est\u00e1 no caminho certo, com refor\u00e7o da Bundeswehr, aquisi\u00e7\u00e3o de material moderno e investimento em infraestruturas.<\/p>\n<h3>Contexto e implica\u00e7\u00f5es<\/h3>\n<p>Pistorius mencionou que a Alemanha vai coordenar com aliados pr\u00f3ximos, incluindo o Grupo dos Cinco (Reino Unido, Fran\u00e7a, It\u00e1lia e Pol\u00f3nia), para manter a dissuas\u00e3o na regi\u00e3o. N\u00e3o houve indica\u00e7\u00e3o de mudan\u00e7as para opera\u00e7\u00f5es espec\u00edficas ou prazos adicionais.<\/p>\n","protected":false},"excerpt":{"rendered":"<ul>\n<li>O Pent\u00e1gono anunciou a retirada de cerca de cinco mil soldados da Alemanha nos pr\u00f3ximos seis a doze meses.<\/li>\n<li>O ministro da Defesa alem\u00e3o, Boris Pistorius, disse que a retirada era previs\u00edvel e que a Europa precisa assumir mais responsabilidade pela sua seguran\u00e7a.<\/li>\n<li>Pistorius afirmou que a presen\u00e7a norte\u2011americana na Europa \u00e9 do interesse dos dois pa\u00edses e mencionou opera\u00e7\u00f5es conjuntas em Ramstein, Grafenw\u00f6hr, Frankfurt e outros locais.<\/li>\n<li>O chefe da Defesa alem\u00e3o afirmou que a Europa deve liderar a sua defesa na NATO, deixando claro que a resposta \u00e9 uma responsabilidade europeia.<\/li>\n<li>A Alemanha compromete\u2011se a fortalecer a Bundeswehr, aumentar o material, investir em inova\u00e7\u00e3o e infraestruturas, mantendo coordena\u00e7\u00e3o com aliados, especialmente o Grupo dos Cinco (Reino Unido, Fran\u00e7a, Pol\u00f3nia e It\u00e1lia).<\/li>\n<\/ul>\n","protected":false},"author":2,"featured_media":464742,"comment_status":"closed","ping_status":"closed","sticky":false,"template":"","format":"standard","meta":{"footnotes":""},"categories":[6814,1],"tags":[7987,8149,7991,8841,7986,8004],"class_list":["post-464741","post","type-post","status-publish","format-standard","has-post-thumbnail","hentry","category-geopolitica","category-noticias","tag-_alemanha","tag-_aliancas-internacionais","tag-_cooperacao-internacional","tag-_defesa","tag-_estados-unidos","tag-_europa"],"yoast_head":"<!-- This site is optimized with the Yoast SEO plugin v27.2 - https:\/\/yoast.com\/product\/yoast-seo-wordpress\/ -->\n<title>Retirada parcial de tropas dos EUA \u00e9 alerta para a Europa, diz ministro alem\u00e3o - Portal Tela Portugal<\/title>\n<meta name=\"robots\" content=\"index, follow, max-snippet:-1, max-image-preview:large, max-video-preview:-1\" \/>\n<meta property=\"og:locale\" content=\"pt_PT\" \/>\n<meta property=\"og:type\" content=\"article\" \/>\n<meta property=\"og:title\" content=\"Retirada parcial de tropas dos EUA \u00e9 alerta para a Europa, diz ministro alem\u00e3o - Portal Tela Portugal\" \/>\n<meta property=\"og:description\" content=\"O Pent\u00e1gono anunciou a retirada de cerca de cinco mil soldados da Alemanha nos pr\u00f3ximos seis a doze meses. O ministro da Defesa alem\u00e3o, Boris Pistorius, disse que a retirada era previs\u00edvel e que a Europa precisa assumir mais responsabilidade pela sua seguran\u00e7a. Pistorius afirmou que a presen\u00e7a norte\u2011americana na Europa \u00e9 do interesse dos dois pa\u00edses e mencionou opera\u00e7\u00f5es conjuntas em Ramstein, Grafenw\u00f6hr, Frankfurt e outros locais. O chefe da Defesa alem\u00e3o afirmou que a Europa deve liderar a sua defesa na NATO, deixando claro que a resposta \u00e9 uma responsabilidade europeia. A Alemanha compromete\u2011se a fortalecer a Bundeswehr, aumentar o material, investir em inova\u00e7\u00e3o e infraestruturas, mantendo coordena\u00e7\u00e3o com aliados, especialmente o Grupo dos Cinco (Reino Unido, Fran\u00e7a, Pol\u00f3nia e It\u00e1lia).\" \/>\n<meta property=\"og:url\" content=\"https:\/\/portaltela.pt\/noticias\/2026\/05\/02\/retirada-parcial-de-tropas-dos-eua-e-alerta-para-a-europa-diz-ministro-alemao\/\" \/>\n<meta property=\"og:site_name\" content=\"Portal Tela Portugal\" \/>\n<meta property=\"article:published_time\" content=\"2026-05-02T10:03:11+00:00\" \/>\n<meta name=\"author\" content=\"Telinha\" \/>\n<meta name=\"twitter:card\" content=\"summary_large_image\" \/>\n<meta name=\"twitter:label1\" content=\"Escrito por\" \/>\n\t<meta name=\"twitter:data1\" content=\"Telinha\" \/>\n\t<meta name=\"twitter:label2\" content=\"Tempo estimado de leitura\" \/>\n\t<meta name=\"twitter:data2\" content=\"2 minutos\" \/>\n<script type=\"application\/ld+json\" class=\"yoast-schema-graph\">{\"@context\":\"https:\/\/schema.org\",\"@graph\":[{\"@type\":\"Article\",\"@id\":\"https:\/\/portaltela.pt\/noticias\/2026\/05\/02\/retirada-parcial-de-tropas-dos-eua-e-alerta-para-a-europa-diz-ministro-alemao\/#article\",\"isPartOf\":{\"@id\":\"https:\/\/portaltela.pt\/noticias\/2026\/05\/02\/retirada-parcial-de-tropas-dos-eua-e-alerta-para-a-europa-diz-ministro-alemao\/\"},\"author\":{\"name\":\"Telinha\",\"@id\":\"https:\/\/portaltela.pt\/#\/schema\/person\/c4278d4a6028830caff9ee44b42d32ed\"},\"headline\":\"Retirada parcial de tropas dos EUA \u00e9 alerta para a Europa, diz ministro alem\u00e3o\",\"datePublished\":\"2026-05-02T10:03:11+00:00\",\"mainEntityOfPage\":{\"@id\":\"https:\/\/portaltela.pt\/noticias\/2026\/05\/02\/retirada-parcial-de-tropas-dos-eua-e-alerta-para-a-europa-diz-ministro-alemao\/\"},\"wordCount\":372,\"image\":{\"@id\":\"https:\/\/portaltela.pt\/noticias\/2026\/05\/02\/retirada-parcial-de-tropas-dos-eua-e-alerta-para-a-europa-diz-ministro-alemao\/#primaryimage\"},\"thumbnailUrl\":\"https:\/\/portaltela.pt\/s.01k8rhncp4jt1\/2026\/05\/image-78.jpg\",\"keywords\":[\"_Alemanha\",\"_alian\u00e7as internacionais\",\"_coopera\u00e7\u00e3o internacional\",\"_defesa\",\"_Estados Unidos\",\"_Europa\"],\"articleSection\":[\"Geopol\u00edtica\",\"Not\u00edcias\"],\"inLanguage\":\"pt-PT\"},{\"@type\":\"WebPage\",\"@id\":\"https:\/\/portaltela.pt\/noticias\/2026\/05\/02\/retirada-parcial-de-tropas-dos-eua-e-alerta-para-a-europa-diz-ministro-alemao\/\",\"url\":\"https:\/\/portaltela.pt\/noticias\/2026\/05\/02\/retirada-parcial-de-tropas-dos-eua-e-alerta-para-a-europa-diz-ministro-alemao\/\",\"name\":\"Retirada parcial de tropas dos EUA \u00e9 alerta para a Europa, diz ministro alem\u00e3o - Portal Tela Portugal\",\"isPartOf\":{\"@id\":\"https:\/\/portaltela.pt\/#website\"},\"primaryImageOfPage\":{\"@id\":\"https:\/\/portaltela.pt\/noticias\/2026\/05\/02\/retirada-parcial-de-tropas-dos-eua-e-alerta-para-a-europa-diz-ministro-alemao\/#primaryimage\"},\"image\":{\"@id\":\"https:\/\/portaltela.pt\/noticias\/2026\/05\/02\/retirada-parcial-de-tropas-dos-eua-e-alerta-para-a-europa-diz-ministro-alemao\/#primaryimage\"},\"thumbnailUrl\":\"https:\/\/portaltela.pt\/s.01k8rhncp4jt1\/2026\/05\/image-78.jpg\",\"datePublished\":\"2026-05-02T10:03:11+00:00\",\"author\":{\"@id\":\"https:\/\/portaltela.pt\/#\/schema\/person\/c4278d4a6028830caff9ee44b42d32ed\"},\"breadcrumb\":{\"@id\":\"https:\/\/portaltela.pt\/noticias\/2026\/05\/02\/retirada-parcial-de-tropas-dos-eua-e-alerta-para-a-europa-diz-ministro-alemao\/#breadcrumb\"},\"inLanguage\":\"pt-PT\",\"potentialAction\":[{\"@type\":\"ReadAction\",\"target\":[\"https:\/\/portaltela.pt\/noticias\/2026\/05\/02\/retirada-parcial-de-tropas-dos-eua-e-alerta-para-a-europa-diz-ministro-alemao\/\"]}]},{\"@type\":\"ImageObject\",\"inLanguage\":\"pt-PT\",\"@id\":\"https:\/\/portaltela.pt\/noticias\/2026\/05\/02\/retirada-parcial-de-tropas-dos-eua-e-alerta-para-a-europa-diz-ministro-alemao\/#primaryimage\",\"url\":\"https:\/\/portaltela.pt\/s.01k8rhncp4jt1\/2026\/05\/image-78.jpg\",\"contentUrl\":\"https:\/\/portaltela.pt\/s.01k8rhncp4jt1\/2026\/05\/image-78.jpg\",\"width\":796,\"height\":448,\"caption\":\"O ministro da Defesa alem\u00e3o, Boris Pistorius\"},{\"@type\":\"BreadcrumbList\",\"@id\":\"https:\/\/portaltela.pt\/noticias\/2026\/05\/02\/retirada-parcial-de-tropas-dos-eua-e-alerta-para-a-europa-diz-ministro-alemao\/#breadcrumb\",\"itemListElement\":[{\"@type\":\"ListItem\",\"position\":1,\"name\":\"In\u00edcio\",\"item\":\"https:\/\/portaltela.pt\/\"},{\"@type\":\"ListItem\",\"position\":2,\"name\":\"Retirada parcial de tropas dos EUA \u00e9 alerta para a Europa, diz ministro alem\u00e3o\"}]},{\"@type\":\"WebSite\",\"@id\":\"https:\/\/portaltela.pt\/#website\",\"url\":\"https:\/\/portaltela.pt\/\",\"name\":\"Portal Tela Portugal\",\"description\":\"\",\"potentialAction\":[{\"@type\":\"SearchAction\",\"target\":{\"@type\":\"EntryPoint\",\"urlTemplate\":\"https:\/\/portaltela.pt\/?s={search_term_string}\"},\"query-input\":{\"@type\":\"PropertyValueSpecification\",\"valueRequired\":true,\"valueName\":\"search_term_string\"}}],\"inLanguage\":\"pt-PT\"},{\"@type\":\"Person\",\"@id\":\"https:\/\/portaltela.pt\/#\/schema\/person\/c4278d4a6028830caff9ee44b42d32ed\",\"name\":\"Telinha\",\"image\":{\"@type\":\"ImageObject\",\"inLanguage\":\"pt-PT\",\"@id\":\"https:\/\/portaltela.pt\/s.01k8rhncp4jt1\/2025\/11\/talking-bot-125x125.png\",\"url\":\"https:\/\/portaltela.pt\/s.01k8rhncp4jt1\/2025\/11\/talking-bot-125x125.png\",\"contentUrl\":\"https:\/\/portaltela.pt\/s.01k8rhncp4jt1\/2025\/11\/talking-bot-125x125.png\",\"caption\":\"Telinha\"},\"sameAs\":[\"https:\/\/portaltela.pt\/\"],\"url\":\"https:\/\/portaltela.pt\/por\/367410592786\/\"}]}<\/script>\n<!-- \/ Yoast SEO plugin. -->","yoast_head_json":{"title":"Retirada parcial de tropas dos EUA \u00e9 alerta para a Europa, diz ministro alem\u00e3o - Portal Tela Portugal","robots":{"index":"index","follow":"follow","max-snippet":"max-snippet:-1","max-image-preview":"max-image-preview:large","max-video-preview":"max-video-preview:-1"},"og_locale":"pt_PT","og_type":"article","og_title":"Retirada parcial de tropas dos EUA \u00e9 alerta para a Europa, diz ministro alem\u00e3o - Portal Tela Portugal","og_description":"O Pent\u00e1gono anunciou a retirada de cerca de cinco mil soldados da Alemanha nos pr\u00f3ximos seis a doze meses. O ministro da Defesa alem\u00e3o, Boris Pistorius, disse que a retirada era previs\u00edvel e que a Europa precisa assumir mais responsabilidade pela sua seguran\u00e7a. Pistorius afirmou que a presen\u00e7a norte\u2011americana na Europa \u00e9 do interesse dos dois pa\u00edses e mencionou opera\u00e7\u00f5es conjuntas em Ramstein, Grafenw\u00f6hr, Frankfurt e outros locais. O chefe da Defesa alem\u00e3o afirmou que a Europa deve liderar a sua defesa na NATO, deixando claro que a resposta \u00e9 uma responsabilidade europeia. A Alemanha compromete\u2011se a fortalecer a Bundeswehr, aumentar o material, investir em inova\u00e7\u00e3o e infraestruturas, mantendo coordena\u00e7\u00e3o com aliados, especialmente o Grupo dos Cinco (Reino Unido, Fran\u00e7a, Pol\u00f3nia e It\u00e1lia).","og_url":"https:\/\/portaltela.pt\/noticias\/2026\/05\/02\/retirada-parcial-de-tropas-dos-eua-e-alerta-para-a-europa-diz-ministro-alemao\/","og_site_name":"Portal Tela Portugal","article_published_time":"2026-05-02T10:03:11+00:00","author":"Telinha","twitter_card":"summary_large_image","twitter_misc":{"Escrito por":"Telinha","Tempo estimado de leitura":"2 minutos"},"schema":{"@context":"https:\/\/schema.org","@graph":[{"@type":"Article","@id":"https:\/\/portaltela.pt\/noticias\/2026\/05\/02\/retirada-parcial-de-tropas-dos-eua-e-alerta-para-a-europa-diz-ministro-alemao\/#article","isPartOf":{"@id":"https:\/\/portaltela.pt\/noticias\/2026\/05\/02\/retirada-parcial-de-tropas-dos-eua-e-alerta-para-a-europa-diz-ministro-alemao\/"},"author":{"name":"Telinha","@id":"https:\/\/portaltela.pt\/#\/schema\/person\/c4278d4a6028830caff9ee44b42d32ed"},"headline":"Retirada parcial de tropas dos EUA \u00e9 alerta para a Europa, diz ministro alem\u00e3o","datePublished":"2026-05-02T10:03:11+00:00","mainEntityOfPage":{"@id":"https:\/\/portaltela.pt\/noticias\/2026\/05\/02\/retirada-parcial-de-tropas-dos-eua-e-alerta-para-a-europa-diz-ministro-alemao\/"},"wordCount":372,"image":{"@id":"https:\/\/portaltela.pt\/noticias\/2026\/05\/02\/retirada-parcial-de-tropas-dos-eua-e-alerta-para-a-europa-diz-ministro-alemao\/#primaryimage"},"thumbnailUrl":"https:\/\/portaltela.pt\/s.01k8rhncp4jt1\/2026\/05\/image-78.jpg","keywords":["_Alemanha","_alian\u00e7as internacionais","_coopera\u00e7\u00e3o internacional","_defesa","_Estados Unidos","_Europa"],"articleSection":["Geopol\u00edtica","Not\u00edcias"],"inLanguage":"pt-PT"},{"@type":"WebPage","@id":"https:\/\/portaltela.pt\/noticias\/2026\/05\/02\/retirada-parcial-de-tropas-dos-eua-e-alerta-para-a-europa-diz-ministro-alemao\/","url":"https:\/\/portaltela.pt\/noticias\/2026\/05\/02\/retirada-parcial-de-tropas-dos-eua-e-alerta-para-a-europa-diz-ministro-alemao\/","name":"Retirada parcial de tropas dos EUA \u00e9 alerta para a Europa, diz ministro alem\u00e3o - Portal Tela Portugal","isPartOf":{"@id":"https:\/\/portaltela.pt\/#website"},"primaryImageOfPage":{"@id":"https:\/\/portaltela.pt\/noticias\/2026\/05\/02\/retirada-parcial-de-tropas-dos-eua-e-alerta-para-a-europa-diz-ministro-alemao\/#primaryimage"},"image":{"@id":"https:\/\/portaltela.pt\/noticias\/2026\/05\/02\/retirada-parcial-de-tropas-dos-eua-e-alerta-para-a-europa-diz-ministro-alemao\/#primaryimage"},"thumbnailUrl":"https:\/\/portaltela.pt\/s.01k8rhncp4jt1\/2026\/05\/image-78.jpg","datePublished":"2026-05-02T10:03:11+00:00","author":{"@id":"https:\/\/portaltela.pt\/#\/schema\/person\/c4278d4a6028830caff9ee44b42d32ed"},"breadcrumb":{"@id":"https:\/\/portaltela.pt\/noticias\/2026\/05\/02\/retirada-parcial-de-tropas-dos-eua-e-alerta-para-a-europa-diz-ministro-alemao\/#breadcrumb"},"inLanguage":"pt-PT","potentialAction":[{"@type":"ReadAction","target":["https:\/\/portaltela.pt\/noticias\/2026\/05\/02\/retirada-parcial-de-tropas-dos-eua-e-alerta-para-a-europa-diz-ministro-alemao\/"]}]},{"@type":"ImageObject","inLanguage":"pt-PT","@id":"https:\/\/portaltela.pt\/noticias\/2026\/05\/02\/retirada-parcial-de-tropas-dos-eua-e-alerta-para-a-europa-diz-ministro-alemao\/#primaryimage","url":"https:\/\/portaltela.pt\/s.01k8rhncp4jt1\/2026\/05\/image-78.jpg","contentUrl":"https:\/\/portaltela.pt\/s.01k8rhncp4jt1\/2026\/05\/image-78.jpg","width":796,"height":448,"caption":"O ministro da Defesa alem\u00e3o, Boris Pistorius"},{"@type":"BreadcrumbList","@id":"https:\/\/portaltela.pt\/noticias\/2026\/05\/02\/retirada-parcial-de-tropas-dos-eua-e-alerta-para-a-europa-diz-ministro-alemao\/#breadcrumb","itemListElement":[{"@type":"ListItem","position":1,"name":"In\u00edcio","item":"https:\/\/portaltela.pt\/"},{"@type":"ListItem","position":2,"name":"Retirada parcial de tropas dos EUA \u00e9 alerta para a Europa, diz ministro alem\u00e3o"}]},{"@type":"WebSite","@id":"https:\/\/portaltela.pt\/#website","url":"https:\/\/portaltela.pt\/","name":"Portal Tela Portugal","description":"","potentialAction":[{"@type":"SearchAction","target":{"@type":"EntryPoint","urlTemplate":"https:\/\/portaltela.pt\/?s={search_term_string}"},"query-input":{"@type":"PropertyValueSpecification","valueRequired":true,"valueName":"search_term_string"}}],"inLanguage":"pt-PT"},{"@type":"Person","@id":"https:\/\/portaltela.pt\/#\/schema\/person\/c4278d4a6028830caff9ee44b42d32ed","name":"Telinha","image":{"@type":"ImageObject","inLanguage":"pt-PT","@id":"https:\/\/portaltela.pt\/s.01k8rhncp4jt1\/2025\/11\/talking-bot-125x125.png","url":"https:\/\/portaltela.pt\/s.01k8rhncp4jt1\/2025\/11\/talking-bot-125x125.png","contentUrl":"https:\/\/portaltela.pt\/s.01k8rhncp4jt1\/2025\/11\/talking-bot-125x125.png","caption":"Telinha"},"sameAs":["https:\/\/portaltela.pt\/"],"url":"https:\/\/portaltela.pt\/por\/367410592786\/"}]}},"_links":{"self":[{"href":"https:\/\/portaltela.pt\/api\/wp\/v2\/posts\/464741","targetHints":{"allow":["GET"]}}],"collection":[{"href":"https:\/\/portaltela.pt\/api\/wp\/v2\/posts"}],"about":[{"href":"https:\/\/portaltela.pt\/api\/wp\/v2\/types\/post"}],"author":[{"embeddable":true,"href":"https:\/\/portaltela.pt\/api\/wp\/v2\/users\/2"}],"replies":[{"embeddable":true,"href":"https:\/\/portaltela.pt\/api\/wp\/v2\/comments?post=464741"}],"version-history":[{"count":0,"href":"https:\/\/portaltela.pt\/api\/wp\/v2\/posts\/464741\/revisions"}],"wp:featuredmedia":[{"embeddable":true,"href":"https:\/\/portaltela.pt\/api\/wp\/v2\/media\/464742"}],"wp:attachment":[{"href":"https:\/\/portaltela.pt\/api\/wp\/v2\/media?parent=464741"}],"wp:term":[{"taxonomy":"category","embeddable":true,"href":"https:\/\/portaltela.pt\/api\/wp\/v2\/categories?post=464741"},{"taxonomy":"post_tag","embeddable":true,"href":"https:\/\/portaltela.pt\/api\/wp\/v2\/tags?post=464741"}],"curies":[{"name":"wp","href":"https:\/\/api.w.org\/{rel}","templated":true}]}}