{"id":464732,"date":"2026-05-02T06:47:53","date_gmt":"2026-05-02T09:47:53","guid":{"rendered":"https:\/\/portaltela.pt\/noticias\/2026\/05\/02\/revolta-de-2-de-maio-em-madrid-ha-218-anos-marcou-inicio-da-queda-de-napoleao\/"},"modified":"2026-05-02T06:47:53","modified_gmt":"2026-05-02T09:47:53","slug":"revolta-de-2-de-maio-em-madrid-ha-218-anos-marcou-inicio-da-queda-de-napoleao","status":"publish","type":"post","link":"https:\/\/portaltela.pt\/noticias\/2026\/05\/02\/revolta-de-2-de-maio-em-madrid-ha-218-anos-marcou-inicio-da-queda-de-napoleao\/","title":{"rendered":"Revolta de 2 de Maio em Madrid, h\u00e1 218 anos, marcou in\u00edcio da queda de Napole\u00e3o"},"content":{"rendered":"<p>O 2 de maio de 1808 ficou marcado como o in\u00edcio da insurrei\u00e7\u00e3o contra a ocupa\u00e7\u00e3o francesa em Madrid. Nesse dia, a popula\u00e7\u00e3o reagiu \u00e0 deten\u00e7\u00e3o do pr\u00edncipe Francisco de Paula, levado para Fran\u00e7a, ap\u00f3s rumores de que o rei Fernando VII era deslocado. O levante come\u00e7ou a escalar rapidamente.<\/p>\n<p>A cidade ficou em alerta durante a manh\u00e3, com a Guarda Imperial em posi\u00e7\u00e3o diante do pal\u00e1cio. Os combates passaram a dominar a capital, com confrontos na Puerta del Sol, na Plazuela de la Villa e na Cava de San Miguel. O conflito prolongou-se por horas.<\/p>\n<p>No n\u00facleo da resist\u00eancia, o parque de artilharia de Montele\u00f3n foi palco de uma das batalhas mais duras. Os capit\u00e3es Luis Dao\u00edz e Pedro Velarde, apoiados pelo tenente Ruiz, enfrentaram as for\u00e7as francesas sob o comando do general Lefranc. Dao\u00edz e Velarde foram mortos, mas o fogo continuou.<\/p>\n<p>\u00c0s 14:00, o fogo cessou. Na noite seguinte, Murat formou uma comiss\u00e3o para punir capturados com armas. O total de baixas ficou abaixo de 500, com apenas uma fatia de soldados. A medida foi apresentada como uma li\u00e7\u00e3o \u00e0 Espanha pela autoridade francesa.<\/p>\n<h3>O desfecho em Madrid e as consequ\u00eancias<\/h3>\n<p>No dia seguinte, 3 de maio, ocorreram execu\u00e7\u00f5es de prisioneiros. Este cap\u00edtulo sangrento ganhou notoriedade na arte atrav\u00e9s de Francisco de Goya, cuja obra denunciou os fuzilamentos e os impactos da repress\u00e3o, que aumentaram o endurecimento do conflito em todo o pa\u00eds.<\/p>\n<h3>O Bando de Independ\u00eancia de M\u00f3stoles<\/h3>\n<p>Na tarde de 2 de maio, dois homens de M\u00f3stoles levaram a not\u00edcia poss\u00edvel para a regi\u00e3o. Andr\u00e9s Torrej\u00f3n e Sim\u00f3n Hern\u00e1ndez assinaram uma circular dirigida a autoridades ao longo do Caminho Real da Estremadura, apelando \u00e0 ajuda armada da capital. O documento ficou conhecido como Bando de Independ\u00eancia.<\/p>\n<p>O texto, redigido por Juan P\u00e9rez Villamil, afirmava a necessidade de lutar pela p\u00e1tria contra as tropas francesas, com a assinatura dos presidentes de C\u00e2mara locais. Os respons\u00e1veis tentaram afastar-se da responsabilidade, diante da lei marcial, mas Villamil manteve o impulso de resist\u00eancia.<\/p>\n<p>O Bando n\u00e3o foi uma declara\u00e7\u00e3o formal de guerra, tal como a Junta Suprema Central decretou mais tarde, em Sevilha, no m\u00eas de junho de 1808. Ainda assim, o acervo de M\u00f3stoles acentuou o in\u00edcio da Guerra de Independ\u00eancia na Pen\u00ednsula Ib\u00e9rica.<\/p>\n<p>A Guerra da Independ\u00eancia terminou a 17 de abril de 1814. O epis\u00f3dio de M\u00f3stoles \u00e9 visto como marco inicial, que abriu caminho \u00e0 resist\u00eancia contra Napole\u00e3o e \u00e0 luta pela autonomia espanhola, influenciando a Hist\u00f3ria da regi\u00e3o.<\/p>\n","protected":false},"excerpt":{"rendered":"<ul>\n<li>Em 2 de maio de 1808 Madrid levantou\u2011se contra o ex\u00e9rcito franc\u00eas, ap\u00f3s a not\u00edcia de que o pr\u00edncipe Francisco de Paula seria levado para Fran\u00e7a.<\/li>\n<li>Murat respondeu com artilharia; os combates estenderam\u2011se pela cidade, especialmente na Puerta del Sol, na Plazuela de la Villa e na Cava de San Miguel, onde Dao\u00edz e Velarde resistiram at\u00e9 \u00e0 morte.<\/li>\n<li>O combate terminou por volta das 14h; Murat criou uma comiss\u00e3o para abater capturados e o total de baixas n\u00e3o ultrapassou 500, com apenas uma parte de soldados.<\/li>\n<li>No dia seguinte, 3 de maio, os franceses executaram prisioneiros; Francisco de Goya retratou o momento num quadro c\u00e9lebre, ampliando o impacto da repress\u00e3o.<\/li>\n<li>Em M\u00f3stoles, Andr\u00e9s Torrej\u00f3n e Sim\u00f3n Hern\u00e1ndez assinaram o Bando de Independencia, redigido por Juan P\u00e9rez Villamil; o ato n\u00e3o foi uma declara\u00e7\u00e3o formal de guerra, que s\u00f3 veio com a Junta Suprema Central em Sevilha a 6 de junho de 1808.<\/li>\n<\/ul>\n","protected":false},"author":2,"featured_media":464735,"comment_status":"closed","ping_status":"closed","sticky":false,"template":"","format":"standard","meta":{"footnotes":""},"categories":[6804,1],"tags":[7934,8657,8004,8195,7983,8524],"class_list":["post-464732","post","type-post","status-publish","format-standard","has-post-thumbnail","hentry","category-guerra","category-noticias","tag-_conflitos-internacionais","tag-_espanha","tag-_europa","tag-_guerra","tag-_historia","tag-_independencia-institucional"],"yoast_head":"<!-- This site is optimized with the Yoast SEO plugin v27.2 - https:\/\/yoast.com\/product\/yoast-seo-wordpress\/ -->\n<title>Revolta de 2 de Maio em Madrid, h\u00e1 218 anos, marcou in\u00edcio da queda de Napole\u00e3o - Portal Tela Portugal<\/title>\n<meta name=\"robots\" content=\"index, follow, max-snippet:-1, max-image-preview:large, max-video-preview:-1\" \/>\n<meta property=\"og:locale\" content=\"pt_PT\" \/>\n<meta property=\"og:type\" content=\"article\" \/>\n<meta property=\"og:title\" content=\"Revolta de 2 de Maio em Madrid, h\u00e1 218 anos, marcou in\u00edcio da queda de Napole\u00e3o - Portal Tela Portugal\" \/>\n<meta property=\"og:description\" content=\"Em 2 de maio de 1808 Madrid levantou\u2011se contra o ex\u00e9rcito franc\u00eas, ap\u00f3s a not\u00edcia de que o pr\u00edncipe Francisco de Paula seria levado para Fran\u00e7a. Murat respondeu com artilharia; os combates estenderam\u2011se pela cidade, especialmente na Puerta del Sol, na Plazuela de la Villa e na Cava de San Miguel, onde Dao\u00edz e Velarde resistiram at\u00e9 \u00e0 morte. O combate terminou por volta das 14h; Murat criou uma comiss\u00e3o para abater capturados e o total de baixas n\u00e3o ultrapassou 500, com apenas uma parte de soldados. No dia seguinte, 3 de maio, os franceses executaram prisioneiros; Francisco de Goya retratou o momento num quadro c\u00e9lebre, ampliando o impacto da repress\u00e3o. Em M\u00f3stoles, Andr\u00e9s Torrej\u00f3n e Sim\u00f3n Hern\u00e1ndez assinaram o Bando de Independencia, redigido por Juan P\u00e9rez Villamil; o ato n\u00e3o foi uma declara\u00e7\u00e3o formal de guerra, que s\u00f3 veio com a Junta Suprema Central em Sevilha a 6 de junho de 1808.\" \/>\n<meta property=\"og:url\" content=\"https:\/\/portaltela.pt\/noticias\/2026\/05\/02\/revolta-de-2-de-maio-em-madrid-ha-218-anos-marcou-inicio-da-queda-de-napoleao\/\" \/>\n<meta property=\"og:site_name\" content=\"Portal Tela Portugal\" \/>\n<meta property=\"article:published_time\" content=\"2026-05-02T09:47:53+00:00\" \/>\n<meta name=\"author\" content=\"Telinha\" \/>\n<meta name=\"twitter:card\" content=\"summary_large_image\" \/>\n<meta name=\"twitter:label1\" content=\"Escrito por\" \/>\n\t<meta name=\"twitter:data1\" content=\"Telinha\" \/>\n\t<meta name=\"twitter:label2\" content=\"Tempo estimado de leitura\" \/>\n\t<meta name=\"twitter:data2\" content=\"2 minutos\" \/>\n<script type=\"application\/ld+json\" class=\"yoast-schema-graph\">{\"@context\":\"https:\/\/schema.org\",\"@graph\":[{\"@type\":\"Article\",\"@id\":\"https:\/\/portaltela.pt\/noticias\/2026\/05\/02\/revolta-de-2-de-maio-em-madrid-ha-218-anos-marcou-inicio-da-queda-de-napoleao\/#article\",\"isPartOf\":{\"@id\":\"https:\/\/portaltela.pt\/noticias\/2026\/05\/02\/revolta-de-2-de-maio-em-madrid-ha-218-anos-marcou-inicio-da-queda-de-napoleao\/\"},\"author\":{\"name\":\"Telinha\",\"@id\":\"https:\/\/portaltela.pt\/#\/schema\/person\/c4278d4a6028830caff9ee44b42d32ed\"},\"headline\":\"Revolta de 2 de Maio em Madrid, h\u00e1 218 anos, marcou in\u00edcio da queda de Napole\u00e3o\",\"datePublished\":\"2026-05-02T09:47:53+00:00\",\"mainEntityOfPage\":{\"@id\":\"https:\/\/portaltela.pt\/noticias\/2026\/05\/02\/revolta-de-2-de-maio-em-madrid-ha-218-anos-marcou-inicio-da-queda-de-napoleao\/\"},\"wordCount\":472,\"image\":{\"@id\":\"https:\/\/portaltela.pt\/noticias\/2026\/05\/02\/revolta-de-2-de-maio-em-madrid-ha-218-anos-marcou-inicio-da-queda-de-napoleao\/#primaryimage\"},\"thumbnailUrl\":\"https:\/\/portaltela.pt\/s.01k8rhncp4jt1\/2026\/05\/1536x864_cmsv2_4e84ddee-3eb4-520f-8677-c75be7b51542-9744263.jpg\",\"keywords\":[\"_conflitos internacionais\",\"_Espanha\",\"_Europa\",\"_guerra\",\"_hist\u00f3ria\",\"_independ\u00eancia institucional\"],\"articleSection\":[\"Guerra\",\"Not\u00edcias\"],\"inLanguage\":\"pt-PT\"},{\"@type\":\"WebPage\",\"@id\":\"https:\/\/portaltela.pt\/noticias\/2026\/05\/02\/revolta-de-2-de-maio-em-madrid-ha-218-anos-marcou-inicio-da-queda-de-napoleao\/\",\"url\":\"https:\/\/portaltela.pt\/noticias\/2026\/05\/02\/revolta-de-2-de-maio-em-madrid-ha-218-anos-marcou-inicio-da-queda-de-napoleao\/\",\"name\":\"Revolta de 2 de Maio em Madrid, h\u00e1 218 anos, marcou in\u00edcio da queda de Napole\u00e3o - Portal Tela Portugal\",\"isPartOf\":{\"@id\":\"https:\/\/portaltela.pt\/#website\"},\"primaryImageOfPage\":{\"@id\":\"https:\/\/portaltela.pt\/noticias\/2026\/05\/02\/revolta-de-2-de-maio-em-madrid-ha-218-anos-marcou-inicio-da-queda-de-napoleao\/#primaryimage\"},\"image\":{\"@id\":\"https:\/\/portaltela.pt\/noticias\/2026\/05\/02\/revolta-de-2-de-maio-em-madrid-ha-218-anos-marcou-inicio-da-queda-de-napoleao\/#primaryimage\"},\"thumbnailUrl\":\"https:\/\/portaltela.pt\/s.01k8rhncp4jt1\/2026\/05\/1536x864_cmsv2_4e84ddee-3eb4-520f-8677-c75be7b51542-9744263.jpg\",\"datePublished\":\"2026-05-02T09:47:53+00:00\",\"author\":{\"@id\":\"https:\/\/portaltela.pt\/#\/schema\/person\/c4278d4a6028830caff9ee44b42d32ed\"},\"breadcrumb\":{\"@id\":\"https:\/\/portaltela.pt\/noticias\/2026\/05\/02\/revolta-de-2-de-maio-em-madrid-ha-218-anos-marcou-inicio-da-queda-de-napoleao\/#breadcrumb\"},\"inLanguage\":\"pt-PT\",\"potentialAction\":[{\"@type\":\"ReadAction\",\"target\":[\"https:\/\/portaltela.pt\/noticias\/2026\/05\/02\/revolta-de-2-de-maio-em-madrid-ha-218-anos-marcou-inicio-da-queda-de-napoleao\/\"]}]},{\"@type\":\"ImageObject\",\"inLanguage\":\"pt-PT\",\"@id\":\"https:\/\/portaltela.pt\/noticias\/2026\/05\/02\/revolta-de-2-de-maio-em-madrid-ha-218-anos-marcou-inicio-da-queda-de-napoleao\/#primaryimage\",\"url\":\"https:\/\/portaltela.pt\/s.01k8rhncp4jt1\/2026\/05\/1536x864_cmsv2_4e84ddee-3eb4-520f-8677-c75be7b51542-9744263.jpg\",\"contentUrl\":\"https:\/\/portaltela.pt\/s.01k8rhncp4jt1\/2026\/05\/1536x864_cmsv2_4e84ddee-3eb4-520f-8677-c75be7b51542-9744263.jpg\",\"width\":796,\"height\":448,\"caption\":\"O segundo de maio de 1808\"},{\"@type\":\"BreadcrumbList\",\"@id\":\"https:\/\/portaltela.pt\/noticias\/2026\/05\/02\/revolta-de-2-de-maio-em-madrid-ha-218-anos-marcou-inicio-da-queda-de-napoleao\/#breadcrumb\",\"itemListElement\":[{\"@type\":\"ListItem\",\"position\":1,\"name\":\"In\u00edcio\",\"item\":\"https:\/\/portaltela.pt\/\"},{\"@type\":\"ListItem\",\"position\":2,\"name\":\"Revolta de 2 de Maio em Madrid, h\u00e1 218 anos, marcou in\u00edcio da queda de Napole\u00e3o\"}]},{\"@type\":\"WebSite\",\"@id\":\"https:\/\/portaltela.pt\/#website\",\"url\":\"https:\/\/portaltela.pt\/\",\"name\":\"Portal Tela Portugal\",\"description\":\"\",\"potentialAction\":[{\"@type\":\"SearchAction\",\"target\":{\"@type\":\"EntryPoint\",\"urlTemplate\":\"https:\/\/portaltela.pt\/?s={search_term_string}\"},\"query-input\":{\"@type\":\"PropertyValueSpecification\",\"valueRequired\":true,\"valueName\":\"search_term_string\"}}],\"inLanguage\":\"pt-PT\"},{\"@type\":\"Person\",\"@id\":\"https:\/\/portaltela.pt\/#\/schema\/person\/c4278d4a6028830caff9ee44b42d32ed\",\"name\":\"Telinha\",\"image\":{\"@type\":\"ImageObject\",\"inLanguage\":\"pt-PT\",\"@id\":\"https:\/\/portaltela.pt\/s.01k8rhncp4jt1\/2025\/11\/talking-bot-125x125.png\",\"url\":\"https:\/\/portaltela.pt\/s.01k8rhncp4jt1\/2025\/11\/talking-bot-125x125.png\",\"contentUrl\":\"https:\/\/portaltela.pt\/s.01k8rhncp4jt1\/2025\/11\/talking-bot-125x125.png\",\"caption\":\"Telinha\"},\"sameAs\":[\"https:\/\/portaltela.pt\/\"],\"url\":\"https:\/\/portaltela.pt\/por\/367410592786\/\"}]}<\/script>\n<!-- \/ Yoast SEO plugin. -->","yoast_head_json":{"title":"Revolta de 2 de Maio em Madrid, h\u00e1 218 anos, marcou in\u00edcio da queda de Napole\u00e3o - Portal Tela Portugal","robots":{"index":"index","follow":"follow","max-snippet":"max-snippet:-1","max-image-preview":"max-image-preview:large","max-video-preview":"max-video-preview:-1"},"og_locale":"pt_PT","og_type":"article","og_title":"Revolta de 2 de Maio em Madrid, h\u00e1 218 anos, marcou in\u00edcio da queda de Napole\u00e3o - Portal Tela Portugal","og_description":"Em 2 de maio de 1808 Madrid levantou\u2011se contra o ex\u00e9rcito franc\u00eas, ap\u00f3s a not\u00edcia de que o pr\u00edncipe Francisco de Paula seria levado para Fran\u00e7a. Murat respondeu com artilharia; os combates estenderam\u2011se pela cidade, especialmente na Puerta del Sol, na Plazuela de la Villa e na Cava de San Miguel, onde Dao\u00edz e Velarde resistiram at\u00e9 \u00e0 morte. O combate terminou por volta das 14h; Murat criou uma comiss\u00e3o para abater capturados e o total de baixas n\u00e3o ultrapassou 500, com apenas uma parte de soldados. No dia seguinte, 3 de maio, os franceses executaram prisioneiros; Francisco de Goya retratou o momento num quadro c\u00e9lebre, ampliando o impacto da repress\u00e3o. Em M\u00f3stoles, Andr\u00e9s Torrej\u00f3n e Sim\u00f3n Hern\u00e1ndez assinaram o Bando de Independencia, redigido por Juan P\u00e9rez Villamil; o ato n\u00e3o foi uma declara\u00e7\u00e3o formal de guerra, que s\u00f3 veio com a Junta Suprema Central em Sevilha a 6 de junho de 1808.","og_url":"https:\/\/portaltela.pt\/noticias\/2026\/05\/02\/revolta-de-2-de-maio-em-madrid-ha-218-anos-marcou-inicio-da-queda-de-napoleao\/","og_site_name":"Portal Tela Portugal","article_published_time":"2026-05-02T09:47:53+00:00","author":"Telinha","twitter_card":"summary_large_image","twitter_misc":{"Escrito por":"Telinha","Tempo estimado de leitura":"2 minutos"},"schema":{"@context":"https:\/\/schema.org","@graph":[{"@type":"Article","@id":"https:\/\/portaltela.pt\/noticias\/2026\/05\/02\/revolta-de-2-de-maio-em-madrid-ha-218-anos-marcou-inicio-da-queda-de-napoleao\/#article","isPartOf":{"@id":"https:\/\/portaltela.pt\/noticias\/2026\/05\/02\/revolta-de-2-de-maio-em-madrid-ha-218-anos-marcou-inicio-da-queda-de-napoleao\/"},"author":{"name":"Telinha","@id":"https:\/\/portaltela.pt\/#\/schema\/person\/c4278d4a6028830caff9ee44b42d32ed"},"headline":"Revolta de 2 de Maio em Madrid, h\u00e1 218 anos, marcou in\u00edcio da queda de Napole\u00e3o","datePublished":"2026-05-02T09:47:53+00:00","mainEntityOfPage":{"@id":"https:\/\/portaltela.pt\/noticias\/2026\/05\/02\/revolta-de-2-de-maio-em-madrid-ha-218-anos-marcou-inicio-da-queda-de-napoleao\/"},"wordCount":472,"image":{"@id":"https:\/\/portaltela.pt\/noticias\/2026\/05\/02\/revolta-de-2-de-maio-em-madrid-ha-218-anos-marcou-inicio-da-queda-de-napoleao\/#primaryimage"},"thumbnailUrl":"https:\/\/portaltela.pt\/s.01k8rhncp4jt1\/2026\/05\/1536x864_cmsv2_4e84ddee-3eb4-520f-8677-c75be7b51542-9744263.jpg","keywords":["_conflitos internacionais","_Espanha","_Europa","_guerra","_hist\u00f3ria","_independ\u00eancia institucional"],"articleSection":["Guerra","Not\u00edcias"],"inLanguage":"pt-PT"},{"@type":"WebPage","@id":"https:\/\/portaltela.pt\/noticias\/2026\/05\/02\/revolta-de-2-de-maio-em-madrid-ha-218-anos-marcou-inicio-da-queda-de-napoleao\/","url":"https:\/\/portaltela.pt\/noticias\/2026\/05\/02\/revolta-de-2-de-maio-em-madrid-ha-218-anos-marcou-inicio-da-queda-de-napoleao\/","name":"Revolta de 2 de Maio em Madrid, h\u00e1 218 anos, marcou in\u00edcio da queda de Napole\u00e3o - Portal Tela Portugal","isPartOf":{"@id":"https:\/\/portaltela.pt\/#website"},"primaryImageOfPage":{"@id":"https:\/\/portaltela.pt\/noticias\/2026\/05\/02\/revolta-de-2-de-maio-em-madrid-ha-218-anos-marcou-inicio-da-queda-de-napoleao\/#primaryimage"},"image":{"@id":"https:\/\/portaltela.pt\/noticias\/2026\/05\/02\/revolta-de-2-de-maio-em-madrid-ha-218-anos-marcou-inicio-da-queda-de-napoleao\/#primaryimage"},"thumbnailUrl":"https:\/\/portaltela.pt\/s.01k8rhncp4jt1\/2026\/05\/1536x864_cmsv2_4e84ddee-3eb4-520f-8677-c75be7b51542-9744263.jpg","datePublished":"2026-05-02T09:47:53+00:00","author":{"@id":"https:\/\/portaltela.pt\/#\/schema\/person\/c4278d4a6028830caff9ee44b42d32ed"},"breadcrumb":{"@id":"https:\/\/portaltela.pt\/noticias\/2026\/05\/02\/revolta-de-2-de-maio-em-madrid-ha-218-anos-marcou-inicio-da-queda-de-napoleao\/#breadcrumb"},"inLanguage":"pt-PT","potentialAction":[{"@type":"ReadAction","target":["https:\/\/portaltela.pt\/noticias\/2026\/05\/02\/revolta-de-2-de-maio-em-madrid-ha-218-anos-marcou-inicio-da-queda-de-napoleao\/"]}]},{"@type":"ImageObject","inLanguage":"pt-PT","@id":"https:\/\/portaltela.pt\/noticias\/2026\/05\/02\/revolta-de-2-de-maio-em-madrid-ha-218-anos-marcou-inicio-da-queda-de-napoleao\/#primaryimage","url":"https:\/\/portaltela.pt\/s.01k8rhncp4jt1\/2026\/05\/1536x864_cmsv2_4e84ddee-3eb4-520f-8677-c75be7b51542-9744263.jpg","contentUrl":"https:\/\/portaltela.pt\/s.01k8rhncp4jt1\/2026\/05\/1536x864_cmsv2_4e84ddee-3eb4-520f-8677-c75be7b51542-9744263.jpg","width":796,"height":448,"caption":"O segundo de maio de 1808"},{"@type":"BreadcrumbList","@id":"https:\/\/portaltela.pt\/noticias\/2026\/05\/02\/revolta-de-2-de-maio-em-madrid-ha-218-anos-marcou-inicio-da-queda-de-napoleao\/#breadcrumb","itemListElement":[{"@type":"ListItem","position":1,"name":"In\u00edcio","item":"https:\/\/portaltela.pt\/"},{"@type":"ListItem","position":2,"name":"Revolta de 2 de Maio em Madrid, h\u00e1 218 anos, marcou in\u00edcio da queda de Napole\u00e3o"}]},{"@type":"WebSite","@id":"https:\/\/portaltela.pt\/#website","url":"https:\/\/portaltela.pt\/","name":"Portal Tela Portugal","description":"","potentialAction":[{"@type":"SearchAction","target":{"@type":"EntryPoint","urlTemplate":"https:\/\/portaltela.pt\/?s={search_term_string}"},"query-input":{"@type":"PropertyValueSpecification","valueRequired":true,"valueName":"search_term_string"}}],"inLanguage":"pt-PT"},{"@type":"Person","@id":"https:\/\/portaltela.pt\/#\/schema\/person\/c4278d4a6028830caff9ee44b42d32ed","name":"Telinha","image":{"@type":"ImageObject","inLanguage":"pt-PT","@id":"https:\/\/portaltela.pt\/s.01k8rhncp4jt1\/2025\/11\/talking-bot-125x125.png","url":"https:\/\/portaltela.pt\/s.01k8rhncp4jt1\/2025\/11\/talking-bot-125x125.png","contentUrl":"https:\/\/portaltela.pt\/s.01k8rhncp4jt1\/2025\/11\/talking-bot-125x125.png","caption":"Telinha"},"sameAs":["https:\/\/portaltela.pt\/"],"url":"https:\/\/portaltela.pt\/por\/367410592786\/"}]}},"_links":{"self":[{"href":"https:\/\/portaltela.pt\/api\/wp\/v2\/posts\/464732","targetHints":{"allow":["GET"]}}],"collection":[{"href":"https:\/\/portaltela.pt\/api\/wp\/v2\/posts"}],"about":[{"href":"https:\/\/portaltela.pt\/api\/wp\/v2\/types\/post"}],"author":[{"embeddable":true,"href":"https:\/\/portaltela.pt\/api\/wp\/v2\/users\/2"}],"replies":[{"embeddable":true,"href":"https:\/\/portaltela.pt\/api\/wp\/v2\/comments?post=464732"}],"version-history":[{"count":0,"href":"https:\/\/portaltela.pt\/api\/wp\/v2\/posts\/464732\/revisions"}],"wp:featuredmedia":[{"embeddable":true,"href":"https:\/\/portaltela.pt\/api\/wp\/v2\/media\/464735"}],"wp:attachment":[{"href":"https:\/\/portaltela.pt\/api\/wp\/v2\/media?parent=464732"}],"wp:term":[{"taxonomy":"category","embeddable":true,"href":"https:\/\/portaltela.pt\/api\/wp\/v2\/categories?post=464732"},{"taxonomy":"post_tag","embeddable":true,"href":"https:\/\/portaltela.pt\/api\/wp\/v2\/tags?post=464732"}],"curies":[{"name":"wp","href":"https:\/\/api.w.org\/{rel}","templated":true}]}}