{"id":464712,"date":"2026-05-02T05:05:00","date_gmt":"2026-05-02T08:05:00","guid":{"rendered":"https:\/\/portaltela.pt\/noticias\/2026\/05\/02\/governo-de-meloni-e-o-segundo-mais-duradouro-e-mira-recorde-de-berlusconi\/"},"modified":"2026-05-02T05:05:00","modified_gmt":"2026-05-02T08:05:00","slug":"governo-de-meloni-e-o-segundo-mais-duradouro-e-mira-recorde-de-berlusconi","status":"publish","type":"post","link":"https:\/\/portaltela.pt\/noticias\/politica\/2026\/05\/02\/governo-de-meloni-e-o-segundo-mais-duradouro-e-mira-recorde-de-berlusconi\/","title":{"rendered":"Governo de Meloni \u00e9 o segundo mais duradouro e mira recorde de Berlusconi"},"content":{"rendered":"<p>O governo de Giorgia Meloni j\u00e1 \u00e9 o segundo mandato mais duradouro na hist\u00f3ria italiana, aproximando-se do recorde registado por Silvio Berlusconi. A avalia\u00e7\u00e3o baseia-se na compara\u00e7\u00e3o de dura\u00e7\u00f5es entre os executivos que estiveram no poder ao longo das \u00faltimas d\u00e9cadas.<\/p>\n<p>Segundo as an\u00e1lises dispon\u00edveis, o atual governo permanece \u00e0 frente de v\u00e1rias administra\u00e7\u00f5es anteriores em termos de longevidade, mantendo-se apenas atr\u00e1s do per\u00edodo liderado por Berlusconi. A posi\u00e7\u00e3o reflete a continuidade do executivo desde a sua investidura.<\/p>\n<h3>Contexto<\/h3>\n<p>O conte\u00fado completo da not\u00edcia encontra-se dispon\u00edvel apenas para subscritores, conforme indicado pelo portal. As informa\u00e7\u00f5es resumidas destacam a relativa longevidade do governo Meloni em compara\u00e7\u00e3o com hist\u00f3ricos l\u00edderes italianos.<\/p>\n","protected":false},"excerpt":{"rendered":"<ul>\n<li>O governo de Giorgia Meloni j\u00e1 \u00e9 o segundo mais duradouro na hist\u00f3ria italiana.<\/li>\n<li>A not\u00edcia aponta para um poss\u00edvel recorde de Berlusconi.<\/li>\n<li>O conte\u00fado completo est\u00e1 dispon\u00edvel apenas para subscritores.<\/li>\n<li>N\u00e3o foram fornecidos detalhes adicionais no excerto dispon\u00edvel.<\/li>\n<\/ul>\n","protected":false},"author":2,"featured_media":464714,"comment_status":"closed","ping_status":"closed","sticky":false,"template":"","format":"standard","meta":{"footnotes":""},"categories":[6912,5],"tags":[8148,7952,8094,8347,8095,8059],"class_list":["post-464712","post","type-post","status-publish","format-standard","has-post-thumbnail","hentry","category-internacionais","category-politica","tag-_democracia","tag-_governo","tag-_internacionais","tag-_italia","tag-_lideranca","tag-_politica-interna"],"yoast_head":"<!-- This site is optimized with the Yoast SEO plugin v27.2 - https:\/\/yoast.com\/product\/yoast-seo-wordpress\/ -->\n<title>Governo de Meloni \u00e9 o segundo mais duradouro e mira recorde de Berlusconi - Portal Tela Portugal<\/title>\n<meta name=\"robots\" content=\"index, follow, max-snippet:-1, max-image-preview:large, max-video-preview:-1\" \/>\n<meta property=\"og:locale\" content=\"pt_PT\" \/>\n<meta property=\"og:type\" content=\"article\" \/>\n<meta property=\"og:title\" content=\"Governo de Meloni \u00e9 o segundo mais duradouro e mira recorde de Berlusconi - Portal Tela Portugal\" \/>\n<meta property=\"og:description\" content=\"O governo de Giorgia Meloni j\u00e1 \u00e9 o segundo mais duradouro na hist\u00f3ria italiana. A not\u00edcia aponta para um poss\u00edvel recorde de Berlusconi. O conte\u00fado completo est\u00e1 dispon\u00edvel apenas para subscritores. N\u00e3o foram fornecidos detalhes adicionais no excerto dispon\u00edvel.\" \/>\n<meta property=\"og:url\" content=\"https:\/\/portaltela.pt\/noticias\/2026\/05\/02\/governo-de-meloni-e-o-segundo-mais-duradouro-e-mira-recorde-de-berlusconi\/\" \/>\n<meta property=\"og:site_name\" content=\"Portal Tela Portugal\" \/>\n<meta property=\"article:published_time\" content=\"2026-05-02T08:05:00+00:00\" \/>\n<meta name=\"author\" content=\"Telinha\" \/>\n<meta name=\"twitter:card\" content=\"summary_large_image\" \/>\n<meta name=\"twitter:label1\" content=\"Escrito por\" \/>\n\t<meta name=\"twitter:data1\" content=\"Telinha\" \/>\n\t<meta name=\"twitter:label2\" content=\"Tempo estimado de leitura\" \/>\n\t<meta name=\"twitter:data2\" content=\"1 minuto\" \/>\n<script type=\"application\/ld+json\" class=\"yoast-schema-graph\">{\"@context\":\"https:\/\/schema.org\",\"@graph\":[{\"@type\":\"Article\",\"@id\":\"https:\/\/portaltela.pt\/noticias\/2026\/05\/02\/governo-de-meloni-e-o-segundo-mais-duradouro-e-mira-recorde-de-berlusconi\/#article\",\"isPartOf\":{\"@id\":\"https:\/\/portaltela.pt\/noticias\/2026\/05\/02\/governo-de-meloni-e-o-segundo-mais-duradouro-e-mira-recorde-de-berlusconi\/\"},\"author\":{\"name\":\"Telinha\",\"@id\":\"https:\/\/portaltela.pt\/#\/schema\/person\/c4278d4a6028830caff9ee44b42d32ed\"},\"headline\":\"Governo de Meloni \u00e9 o segundo mais duradouro e mira recorde de Berlusconi\",\"datePublished\":\"2026-05-02T08:05:00+00:00\",\"mainEntityOfPage\":{\"@id\":\"https:\/\/portaltela.pt\/noticias\/2026\/05\/02\/governo-de-meloni-e-o-segundo-mais-duradouro-e-mira-recorde-de-berlusconi\/\"},\"wordCount\":138,\"image\":{\"@id\":\"https:\/\/portaltela.pt\/noticias\/2026\/05\/02\/governo-de-meloni-e-o-segundo-mais-duradouro-e-mira-recorde-de-berlusconi\/#primaryimage\"},\"thumbnailUrl\":\"https:\/\/portaltela.pt\/s.01k8rhncp4jt1\/2026\/05\/CACHE_780X1200_ANALOG_WATERMARKED_46964106_7490126291533.jpg\",\"keywords\":[\"_democracia\",\"_governo\",\"_internacionais\",\"_It\u00e1lia\",\"_lideran\u00e7a\",\"_pol\u00edtica interna\"],\"articleSection\":[\"Internacionais\",\"Pol\u00edtica\"],\"inLanguage\":\"pt-PT\"},{\"@type\":\"WebPage\",\"@id\":\"https:\/\/portaltela.pt\/noticias\/2026\/05\/02\/governo-de-meloni-e-o-segundo-mais-duradouro-e-mira-recorde-de-berlusconi\/\",\"url\":\"https:\/\/portaltela.pt\/noticias\/2026\/05\/02\/governo-de-meloni-e-o-segundo-mais-duradouro-e-mira-recorde-de-berlusconi\/\",\"name\":\"Governo de Meloni \u00e9 o segundo mais duradouro e mira recorde de Berlusconi - Portal Tela Portugal\",\"isPartOf\":{\"@id\":\"https:\/\/portaltela.pt\/#website\"},\"primaryImageOfPage\":{\"@id\":\"https:\/\/portaltela.pt\/noticias\/2026\/05\/02\/governo-de-meloni-e-o-segundo-mais-duradouro-e-mira-recorde-de-berlusconi\/#primaryimage\"},\"image\":{\"@id\":\"https:\/\/portaltela.pt\/noticias\/2026\/05\/02\/governo-de-meloni-e-o-segundo-mais-duradouro-e-mira-recorde-de-berlusconi\/#primaryimage\"},\"thumbnailUrl\":\"https:\/\/portaltela.pt\/s.01k8rhncp4jt1\/2026\/05\/CACHE_780X1200_ANALOG_WATERMARKED_46964106_7490126291533.jpg\",\"datePublished\":\"2026-05-02T08:05:00+00:00\",\"author\":{\"@id\":\"https:\/\/portaltela.pt\/#\/schema\/person\/c4278d4a6028830caff9ee44b42d32ed\"},\"breadcrumb\":{\"@id\":\"https:\/\/portaltela.pt\/noticias\/2026\/05\/02\/governo-de-meloni-e-o-segundo-mais-duradouro-e-mira-recorde-de-berlusconi\/#breadcrumb\"},\"inLanguage\":\"pt-PT\",\"potentialAction\":[{\"@type\":\"ReadAction\",\"target\":[\"https:\/\/portaltela.pt\/noticias\/2026\/05\/02\/governo-de-meloni-e-o-segundo-mais-duradouro-e-mira-recorde-de-berlusconi\/\"]}]},{\"@type\":\"ImageObject\",\"inLanguage\":\"pt-PT\",\"@id\":\"https:\/\/portaltela.pt\/noticias\/2026\/05\/02\/governo-de-meloni-e-o-segundo-mais-duradouro-e-mira-recorde-de-berlusconi\/#primaryimage\",\"url\":\"https:\/\/portaltela.pt\/s.01k8rhncp4jt1\/2026\/05\/CACHE_780X1200_ANALOG_WATERMARKED_46964106_7490126291533.jpg\",\"contentUrl\":\"https:\/\/portaltela.pt\/s.01k8rhncp4jt1\/2026\/05\/CACHE_780X1200_ANALOG_WATERMARKED_46964106_7490126291533.jpg\",\"width\":796,\"height\":448,\"caption\":\"Governo de Meloni \u00e9 j\u00e1 o segundo mais duradouro e aponta a recorde de Berlusconi\"},{\"@type\":\"BreadcrumbList\",\"@id\":\"https:\/\/portaltela.pt\/noticias\/2026\/05\/02\/governo-de-meloni-e-o-segundo-mais-duradouro-e-mira-recorde-de-berlusconi\/#breadcrumb\",\"itemListElement\":[{\"@type\":\"ListItem\",\"position\":1,\"name\":\"In\u00edcio\",\"item\":\"https:\/\/portaltela.pt\/\"},{\"@type\":\"ListItem\",\"position\":2,\"name\":\"Governo de Meloni \u00e9 o segundo mais duradouro e mira recorde de Berlusconi\"}]},{\"@type\":\"WebSite\",\"@id\":\"https:\/\/portaltela.pt\/#website\",\"url\":\"https:\/\/portaltela.pt\/\",\"name\":\"Portal Tela Portugal\",\"description\":\"\",\"potentialAction\":[{\"@type\":\"SearchAction\",\"target\":{\"@type\":\"EntryPoint\",\"urlTemplate\":\"https:\/\/portaltela.pt\/?s={search_term_string}\"},\"query-input\":{\"@type\":\"PropertyValueSpecification\",\"valueRequired\":true,\"valueName\":\"search_term_string\"}}],\"inLanguage\":\"pt-PT\"},{\"@type\":\"Person\",\"@id\":\"https:\/\/portaltela.pt\/#\/schema\/person\/c4278d4a6028830caff9ee44b42d32ed\",\"name\":\"Telinha\",\"image\":{\"@type\":\"ImageObject\",\"inLanguage\":\"pt-PT\",\"@id\":\"https:\/\/portaltela.pt\/s.01k8rhncp4jt1\/2025\/11\/talking-bot-125x125.png\",\"url\":\"https:\/\/portaltela.pt\/s.01k8rhncp4jt1\/2025\/11\/talking-bot-125x125.png\",\"contentUrl\":\"https:\/\/portaltela.pt\/s.01k8rhncp4jt1\/2025\/11\/talking-bot-125x125.png\",\"caption\":\"Telinha\"},\"sameAs\":[\"https:\/\/portaltela.pt\/\"],\"url\":\"https:\/\/portaltela.pt\/por\/367410592786\/\"}]}<\/script>\n<!-- \/ Yoast SEO plugin. -->","yoast_head_json":{"title":"Governo de Meloni \u00e9 o segundo mais duradouro e mira recorde de Berlusconi - Portal Tela Portugal","robots":{"index":"index","follow":"follow","max-snippet":"max-snippet:-1","max-image-preview":"max-image-preview:large","max-video-preview":"max-video-preview:-1"},"og_locale":"pt_PT","og_type":"article","og_title":"Governo de Meloni \u00e9 o segundo mais duradouro e mira recorde de Berlusconi - Portal Tela Portugal","og_description":"O governo de Giorgia Meloni j\u00e1 \u00e9 o segundo mais duradouro na hist\u00f3ria italiana. A not\u00edcia aponta para um poss\u00edvel recorde de Berlusconi. O conte\u00fado completo est\u00e1 dispon\u00edvel apenas para subscritores. N\u00e3o foram fornecidos detalhes adicionais no excerto dispon\u00edvel.","og_url":"https:\/\/portaltela.pt\/noticias\/2026\/05\/02\/governo-de-meloni-e-o-segundo-mais-duradouro-e-mira-recorde-de-berlusconi\/","og_site_name":"Portal Tela Portugal","article_published_time":"2026-05-02T08:05:00+00:00","author":"Telinha","twitter_card":"summary_large_image","twitter_misc":{"Escrito por":"Telinha","Tempo estimado de leitura":"1 minuto"},"schema":{"@context":"https:\/\/schema.org","@graph":[{"@type":"Article","@id":"https:\/\/portaltela.pt\/noticias\/2026\/05\/02\/governo-de-meloni-e-o-segundo-mais-duradouro-e-mira-recorde-de-berlusconi\/#article","isPartOf":{"@id":"https:\/\/portaltela.pt\/noticias\/2026\/05\/02\/governo-de-meloni-e-o-segundo-mais-duradouro-e-mira-recorde-de-berlusconi\/"},"author":{"name":"Telinha","@id":"https:\/\/portaltela.pt\/#\/schema\/person\/c4278d4a6028830caff9ee44b42d32ed"},"headline":"Governo de Meloni \u00e9 o segundo mais duradouro e mira recorde de Berlusconi","datePublished":"2026-05-02T08:05:00+00:00","mainEntityOfPage":{"@id":"https:\/\/portaltela.pt\/noticias\/2026\/05\/02\/governo-de-meloni-e-o-segundo-mais-duradouro-e-mira-recorde-de-berlusconi\/"},"wordCount":138,"image":{"@id":"https:\/\/portaltela.pt\/noticias\/2026\/05\/02\/governo-de-meloni-e-o-segundo-mais-duradouro-e-mira-recorde-de-berlusconi\/#primaryimage"},"thumbnailUrl":"https:\/\/portaltela.pt\/s.01k8rhncp4jt1\/2026\/05\/CACHE_780X1200_ANALOG_WATERMARKED_46964106_7490126291533.jpg","keywords":["_democracia","_governo","_internacionais","_It\u00e1lia","_lideran\u00e7a","_pol\u00edtica interna"],"articleSection":["Internacionais","Pol\u00edtica"],"inLanguage":"pt-PT"},{"@type":"WebPage","@id":"https:\/\/portaltela.pt\/noticias\/2026\/05\/02\/governo-de-meloni-e-o-segundo-mais-duradouro-e-mira-recorde-de-berlusconi\/","url":"https:\/\/portaltela.pt\/noticias\/2026\/05\/02\/governo-de-meloni-e-o-segundo-mais-duradouro-e-mira-recorde-de-berlusconi\/","name":"Governo de Meloni \u00e9 o segundo mais duradouro e mira recorde de Berlusconi - Portal Tela Portugal","isPartOf":{"@id":"https:\/\/portaltela.pt\/#website"},"primaryImageOfPage":{"@id":"https:\/\/portaltela.pt\/noticias\/2026\/05\/02\/governo-de-meloni-e-o-segundo-mais-duradouro-e-mira-recorde-de-berlusconi\/#primaryimage"},"image":{"@id":"https:\/\/portaltela.pt\/noticias\/2026\/05\/02\/governo-de-meloni-e-o-segundo-mais-duradouro-e-mira-recorde-de-berlusconi\/#primaryimage"},"thumbnailUrl":"https:\/\/portaltela.pt\/s.01k8rhncp4jt1\/2026\/05\/CACHE_780X1200_ANALOG_WATERMARKED_46964106_7490126291533.jpg","datePublished":"2026-05-02T08:05:00+00:00","author":{"@id":"https:\/\/portaltela.pt\/#\/schema\/person\/c4278d4a6028830caff9ee44b42d32ed"},"breadcrumb":{"@id":"https:\/\/portaltela.pt\/noticias\/2026\/05\/02\/governo-de-meloni-e-o-segundo-mais-duradouro-e-mira-recorde-de-berlusconi\/#breadcrumb"},"inLanguage":"pt-PT","potentialAction":[{"@type":"ReadAction","target":["https:\/\/portaltela.pt\/noticias\/2026\/05\/02\/governo-de-meloni-e-o-segundo-mais-duradouro-e-mira-recorde-de-berlusconi\/"]}]},{"@type":"ImageObject","inLanguage":"pt-PT","@id":"https:\/\/portaltela.pt\/noticias\/2026\/05\/02\/governo-de-meloni-e-o-segundo-mais-duradouro-e-mira-recorde-de-berlusconi\/#primaryimage","url":"https:\/\/portaltela.pt\/s.01k8rhncp4jt1\/2026\/05\/CACHE_780X1200_ANALOG_WATERMARKED_46964106_7490126291533.jpg","contentUrl":"https:\/\/portaltela.pt\/s.01k8rhncp4jt1\/2026\/05\/CACHE_780X1200_ANALOG_WATERMARKED_46964106_7490126291533.jpg","width":796,"height":448,"caption":"Governo de Meloni \u00e9 j\u00e1 o segundo mais duradouro e aponta a recorde de Berlusconi"},{"@type":"BreadcrumbList","@id":"https:\/\/portaltela.pt\/noticias\/2026\/05\/02\/governo-de-meloni-e-o-segundo-mais-duradouro-e-mira-recorde-de-berlusconi\/#breadcrumb","itemListElement":[{"@type":"ListItem","position":1,"name":"In\u00edcio","item":"https:\/\/portaltela.pt\/"},{"@type":"ListItem","position":2,"name":"Governo de Meloni \u00e9 o segundo mais duradouro e mira recorde de Berlusconi"}]},{"@type":"WebSite","@id":"https:\/\/portaltela.pt\/#website","url":"https:\/\/portaltela.pt\/","name":"Portal Tela Portugal","description":"","potentialAction":[{"@type":"SearchAction","target":{"@type":"EntryPoint","urlTemplate":"https:\/\/portaltela.pt\/?s={search_term_string}"},"query-input":{"@type":"PropertyValueSpecification","valueRequired":true,"valueName":"search_term_string"}}],"inLanguage":"pt-PT"},{"@type":"Person","@id":"https:\/\/portaltela.pt\/#\/schema\/person\/c4278d4a6028830caff9ee44b42d32ed","name":"Telinha","image":{"@type":"ImageObject","inLanguage":"pt-PT","@id":"https:\/\/portaltela.pt\/s.01k8rhncp4jt1\/2025\/11\/talking-bot-125x125.png","url":"https:\/\/portaltela.pt\/s.01k8rhncp4jt1\/2025\/11\/talking-bot-125x125.png","contentUrl":"https:\/\/portaltela.pt\/s.01k8rhncp4jt1\/2025\/11\/talking-bot-125x125.png","caption":"Telinha"},"sameAs":["https:\/\/portaltela.pt\/"],"url":"https:\/\/portaltela.pt\/por\/367410592786\/"}]}},"_links":{"self":[{"href":"https:\/\/portaltela.pt\/api\/wp\/v2\/posts\/464712","targetHints":{"allow":["GET"]}}],"collection":[{"href":"https:\/\/portaltela.pt\/api\/wp\/v2\/posts"}],"about":[{"href":"https:\/\/portaltela.pt\/api\/wp\/v2\/types\/post"}],"author":[{"embeddable":true,"href":"https:\/\/portaltela.pt\/api\/wp\/v2\/users\/2"}],"replies":[{"embeddable":true,"href":"https:\/\/portaltela.pt\/api\/wp\/v2\/comments?post=464712"}],"version-history":[{"count":0,"href":"https:\/\/portaltela.pt\/api\/wp\/v2\/posts\/464712\/revisions"}],"wp:featuredmedia":[{"embeddable":true,"href":"https:\/\/portaltela.pt\/api\/wp\/v2\/media\/464714"}],"wp:attachment":[{"href":"https:\/\/portaltela.pt\/api\/wp\/v2\/media?parent=464712"}],"wp:term":[{"taxonomy":"category","embeddable":true,"href":"https:\/\/portaltela.pt\/api\/wp\/v2\/categories?post=464712"},{"taxonomy":"post_tag","embeddable":true,"href":"https:\/\/portaltela.pt\/api\/wp\/v2\/tags?post=464712"}],"curies":[{"name":"wp","href":"https:\/\/api.w.org\/{rel}","templated":true}]}}