{"id":464711,"date":"2026-05-02T06:32:53","date_gmt":"2026-05-02T09:32:53","guid":{"rendered":"https:\/\/portaltela.pt\/noticias\/2026\/05\/02\/ivo-canelas-afirma-estar-a-viver-a-tempestade-perfeita\/"},"modified":"2026-05-02T06:32:53","modified_gmt":"2026-05-02T09:32:53","slug":"ivo-canelas-afirma-estar-a-viver-a-tempestade-perfeita","status":"publish","type":"post","link":"https:\/\/portaltela.pt\/noticias\/politica\/2026\/05\/02\/ivo-canelas-afirma-estar-a-viver-a-tempestade-perfeita\/","title":{"rendered":"Ivo Canelas afirma estar a viver a tempestade perfeita."},"content":{"rendered":"<p>Ivo Canelas, em entrevista ao CM Jornal, analisa o momento pol\u00edtico e social em Portugal, referindo que o pa\u00eds vive uma tempestade perfeita. O ator aponta para o crescimento de descontentamento e a for\u00e7a de movimentos de direita, num contexto de debates sobre democracia e responsabilidades civis.<\/p>\n<p>O artista aborda ainda o papel de personagens amb\u00edguas na fic\u00e7\u00e3o, destacando o desafio de representar dilemas morais complexos. Refere que o sucesso reside na capacidade de mostrar a ambiguidade humana, mesmo quando a narrativa envolve temas sens\u00edveis.<\/p>\n<p>Canelas comenta a responsabilidade de retratar realidades pr\u00f3ximas de hist\u00f3rias reais, ressaltando o esfor\u00e7o t\u00e9cnico envolvido na constru\u00e7\u00e3o de cenas duras. O foco est\u00e1 na humanidade das pessoas, mantendo a narrativa fiel e equilibrada.<\/p>\n<p>Sobre a sua forma\u00e7\u00e3o de int\u00e9rprete, o actor descreve um processo de cria\u00e7\u00e3o que privilegia a dualidade entre certezas e d\u00favidas. O trabalho inclui a influ\u00eancia de orienta\u00e7\u00f5es do realizador Ivo Ferreira e a explora\u00e7\u00e3o de momentos fortuitos que moldam o personagem.<\/p>\n<p>Recorda os tempos de atua\u00e7\u00e3o da FP-25 com pouca mem\u00f3ria pessoal, mas com sensa\u00e7\u00f5es de sil\u00eancios e tens\u00f5es familiares. O ponto de vista familiar ajuda a entender as perspetivas geracionais sobre o passado.<\/p>\n<p>Questionado sobre o impacto atual do seu filme, diz que a dist\u00e2ncia temporal aumenta a import\u00e2ncia de discutir a hist\u00f3ria. A tudo soma que a atual conjuntura pol\u00edtica est\u00e1 marcada por desigualdades econ\u00f3micas e pela ascens\u00e3o de ideologias radicais, especialmente \u00e0 direita.<\/p>\n<p>Ao explicar o que define a atual \u201ctempestade perfeita\u201d, aponta crises globais, perdas de direitos e avan\u00e7os de uma vis\u00e3o retr\u00f3grada de g\u00e9nero. Observa tamb\u00e9m que a democracia permanece din\u00e2mica, com respostas sociais que fortalecem o debate p\u00fablico.<\/p>\n<p>Quanto ao futuro, o actor afirma n\u00e3o ter filhos, mas teme o que se desenha para as novas gera\u00e7\u00f5es. Destaca a import\u00e2ncia de ensinar mecanismos de defesa e de distinguir entre amor saud\u00e1vel e comportamentos t\u00f3xicos, num contexto de exposi\u00e7\u00e3o digital.<\/p>\n<p>Al\u00e9m disso, confirma novos projetos, incluindo o thriller Ref\u00fagio do Medo e a pe\u00e7a Sin\u00e9doque, com estreia no teatro Maria Matos a 13 de maio. A agenda inclui ainda novas leituras de textos pol\u00edticos no palco.<\/p>\n<p>Por fim, comenta o desafio de atuar sem personagem, procurando manter a verdade da voz pr\u00f3pria em palco. Enfatiza que conhecer a pr\u00f3pria identidade \u00e9 uma tarefa cont\u00ednua para qualquer ator, mesmo quando o objetivo \u00e9 representar outro sujeito.<\/p>\n","protected":false},"excerpt":{"rendered":"<ul>\n<li>Ivo Canelas diz estar a viver a tempestade perfeita na pol\u00edtica portuguesa, com uma sociedade cada vez mais dividida e direitos b\u00e1sicos sob press\u00e3o, e com o extremismo de direita a ganhar organiza\u00e7\u00e3o.<\/li>\n<li>No filme \u201cProjecto Global\u201d, o Inspetor-chefe que interpreta \u00e9 um papel amb\u00edguo; o ator admite que, tempos antes, poderia ter estado do outro lado e destaca o desafio de encenar essa ambiguidade.<\/li>\n<li>A constru\u00e7\u00e3o do personagem envolve a ideia de que a certeza absoluta pode ser enganadora, com a linha orientadora do realizador a explorar a dualidade e a gradual descoberta de si pelo corpo.<\/li>\n<li>Recorda pouco os tempos da FP-25, mas relembra tens\u00f5es familiares e conversas \u00e0 mesa; preocupa-se com o futuro das novas gera\u00e7\u00f5es e com a influ\u00eancia dos telem\u00f3veis na educa\u00e7\u00e3o dos jovens.<\/li>\n<li>Est\u00e1 a gravar \u201cRef\u00fagio do Medo\u201d e a 13 de maio estreia no teatro Maria Matos a pe\u00e7a \u201cSin\u00e9doque\u201d, numa parceria com Jo\u00e3o Vasco, mantendo-se ativo no palco.<\/li>\n<\/ul>\n","protected":false},"author":2,"featured_media":464713,"comment_status":"closed","ping_status":"closed","sticky":false,"template":"","format":"standard","meta":{"footnotes":""},"categories":[5,6871],"tags":[8111,8148,10156,8290,7913,8364],"class_list":["post-464711","post","type-post","status-publish","format-standard","has-post-thumbnail","hentry","category-politica","category-sociedade","tag-_cinema","tag-_democracia","tag-_direita","tag-_extrema-direita","tag-_politica","tag-_teatro"],"yoast_head":"<!-- This site is optimized with the Yoast SEO plugin v27.2 - https:\/\/yoast.com\/product\/yoast-seo-wordpress\/ -->\n<title>Ivo Canelas afirma estar a viver a tempestade perfeita. - Portal Tela Portugal<\/title>\n<meta name=\"robots\" content=\"index, follow, max-snippet:-1, max-image-preview:large, max-video-preview:-1\" \/>\n<meta property=\"og:locale\" content=\"pt_PT\" \/>\n<meta property=\"og:type\" content=\"article\" \/>\n<meta property=\"og:title\" content=\"Ivo Canelas afirma estar a viver a tempestade perfeita. - Portal Tela Portugal\" \/>\n<meta property=\"og:description\" content=\"Ivo Canelas diz estar a viver a tempestade perfeita na pol\u00edtica portuguesa, com uma sociedade cada vez mais dividida e direitos b\u00e1sicos sob press\u00e3o, e com o extremismo de direita a ganhar organiza\u00e7\u00e3o. No filme \u201cProjecto Global\u201d, o Inspetor-chefe que interpreta \u00e9 um papel amb\u00edguo; o ator admite que, tempos antes, poderia ter estado do outro lado e destaca o desafio de encenar essa ambiguidade. A constru\u00e7\u00e3o do personagem envolve a ideia de que a certeza absoluta pode ser enganadora, com a linha orientadora do realizador a explorar a dualidade e a gradual descoberta de si pelo corpo. Recorda pouco os tempos da FP-25, mas relembra tens\u00f5es familiares e conversas \u00e0 mesa; preocupa-se com o futuro das novas gera\u00e7\u00f5es e com a influ\u00eancia dos telem\u00f3veis na educa\u00e7\u00e3o dos jovens. Est\u00e1 a gravar \u201cRef\u00fagio do Medo\u201d e a 13 de maio estreia no teatro Maria Matos a pe\u00e7a \u201cSin\u00e9doque\u201d, numa parceria com Jo\u00e3o Vasco, mantendo-se ativo no palco.\" \/>\n<meta property=\"og:url\" content=\"https:\/\/portaltela.pt\/noticias\/2026\/05\/02\/ivo-canelas-afirma-estar-a-viver-a-tempestade-perfeita\/\" \/>\n<meta property=\"og:site_name\" content=\"Portal Tela Portugal\" \/>\n<meta property=\"article:published_time\" content=\"2026-05-02T09:32:53+00:00\" \/>\n<meta name=\"author\" content=\"Telinha\" \/>\n<meta name=\"twitter:card\" content=\"summary_large_image\" \/>\n<meta name=\"twitter:label1\" content=\"Escrito por\" \/>\n\t<meta name=\"twitter:data1\" content=\"Telinha\" \/>\n\t<meta name=\"twitter:label2\" content=\"Tempo estimado de leitura\" \/>\n\t<meta name=\"twitter:data2\" content=\"2 minutos\" \/>\n<script type=\"application\/ld+json\" class=\"yoast-schema-graph\">{\"@context\":\"https:\/\/schema.org\",\"@graph\":[{\"@type\":\"Article\",\"@id\":\"https:\/\/portaltela.pt\/noticias\/2026\/05\/02\/ivo-canelas-afirma-estar-a-viver-a-tempestade-perfeita\/#article\",\"isPartOf\":{\"@id\":\"https:\/\/portaltela.pt\/noticias\/2026\/05\/02\/ivo-canelas-afirma-estar-a-viver-a-tempestade-perfeita\/\"},\"author\":{\"name\":\"Telinha\",\"@id\":\"https:\/\/portaltela.pt\/#\/schema\/person\/c4278d4a6028830caff9ee44b42d32ed\"},\"headline\":\"Ivo Canelas afirma estar a viver a tempestade perfeita.\",\"datePublished\":\"2026-05-02T09:32:53+00:00\",\"mainEntityOfPage\":{\"@id\":\"https:\/\/portaltela.pt\/noticias\/2026\/05\/02\/ivo-canelas-afirma-estar-a-viver-a-tempestade-perfeita\/\"},\"wordCount\":445,\"image\":{\"@id\":\"https:\/\/portaltela.pt\/noticias\/2026\/05\/02\/ivo-canelas-afirma-estar-a-viver-a-tempestade-perfeita\/#primaryimage\"},\"thumbnailUrl\":\"https:\/\/portaltela.pt\/s.01k8rhncp4jt1\/2026\/05\/img_1280x718uu2026-04-28-12-51-17-2281561.jpg\",\"keywords\":[\"_cinema\",\"_democracia\",\"_direita\",\"_extrema-direita\",\"_pol\u00edtica\",\"_teatro\"],\"articleSection\":[\"Pol\u00edtica\",\"Sociedade\"],\"inLanguage\":\"pt-PT\"},{\"@type\":\"WebPage\",\"@id\":\"https:\/\/portaltela.pt\/noticias\/2026\/05\/02\/ivo-canelas-afirma-estar-a-viver-a-tempestade-perfeita\/\",\"url\":\"https:\/\/portaltela.pt\/noticias\/2026\/05\/02\/ivo-canelas-afirma-estar-a-viver-a-tempestade-perfeita\/\",\"name\":\"Ivo Canelas afirma estar a viver a tempestade perfeita. - Portal Tela Portugal\",\"isPartOf\":{\"@id\":\"https:\/\/portaltela.pt\/#website\"},\"primaryImageOfPage\":{\"@id\":\"https:\/\/portaltela.pt\/noticias\/2026\/05\/02\/ivo-canelas-afirma-estar-a-viver-a-tempestade-perfeita\/#primaryimage\"},\"image\":{\"@id\":\"https:\/\/portaltela.pt\/noticias\/2026\/05\/02\/ivo-canelas-afirma-estar-a-viver-a-tempestade-perfeita\/#primaryimage\"},\"thumbnailUrl\":\"https:\/\/portaltela.pt\/s.01k8rhncp4jt1\/2026\/05\/img_1280x718uu2026-04-28-12-51-17-2281561.jpg\",\"datePublished\":\"2026-05-02T09:32:53+00:00\",\"author\":{\"@id\":\"https:\/\/portaltela.pt\/#\/schema\/person\/c4278d4a6028830caff9ee44b42d32ed\"},\"breadcrumb\":{\"@id\":\"https:\/\/portaltela.pt\/noticias\/2026\/05\/02\/ivo-canelas-afirma-estar-a-viver-a-tempestade-perfeita\/#breadcrumb\"},\"inLanguage\":\"pt-PT\",\"potentialAction\":[{\"@type\":\"ReadAction\",\"target\":[\"https:\/\/portaltela.pt\/noticias\/2026\/05\/02\/ivo-canelas-afirma-estar-a-viver-a-tempestade-perfeita\/\"]}]},{\"@type\":\"ImageObject\",\"inLanguage\":\"pt-PT\",\"@id\":\"https:\/\/portaltela.pt\/noticias\/2026\/05\/02\/ivo-canelas-afirma-estar-a-viver-a-tempestade-perfeita\/#primaryimage\",\"url\":\"https:\/\/portaltela.pt\/s.01k8rhncp4jt1\/2026\/05\/img_1280x718uu2026-04-28-12-51-17-2281561.jpg\",\"contentUrl\":\"https:\/\/portaltela.pt\/s.01k8rhncp4jt1\/2026\/05\/img_1280x718uu2026-04-28-12-51-17-2281561.jpg\",\"width\":796,\"height\":448,\"caption\":\"Ivo Canelas\"},{\"@type\":\"BreadcrumbList\",\"@id\":\"https:\/\/portaltela.pt\/noticias\/2026\/05\/02\/ivo-canelas-afirma-estar-a-viver-a-tempestade-perfeita\/#breadcrumb\",\"itemListElement\":[{\"@type\":\"ListItem\",\"position\":1,\"name\":\"In\u00edcio\",\"item\":\"https:\/\/portaltela.pt\/\"},{\"@type\":\"ListItem\",\"position\":2,\"name\":\"Ivo Canelas afirma estar a viver a tempestade perfeita.\"}]},{\"@type\":\"WebSite\",\"@id\":\"https:\/\/portaltela.pt\/#website\",\"url\":\"https:\/\/portaltela.pt\/\",\"name\":\"Portal Tela Portugal\",\"description\":\"\",\"potentialAction\":[{\"@type\":\"SearchAction\",\"target\":{\"@type\":\"EntryPoint\",\"urlTemplate\":\"https:\/\/portaltela.pt\/?s={search_term_string}\"},\"query-input\":{\"@type\":\"PropertyValueSpecification\",\"valueRequired\":true,\"valueName\":\"search_term_string\"}}],\"inLanguage\":\"pt-PT\"},{\"@type\":\"Person\",\"@id\":\"https:\/\/portaltela.pt\/#\/schema\/person\/c4278d4a6028830caff9ee44b42d32ed\",\"name\":\"Telinha\",\"image\":{\"@type\":\"ImageObject\",\"inLanguage\":\"pt-PT\",\"@id\":\"https:\/\/portaltela.pt\/s.01k8rhncp4jt1\/2025\/11\/talking-bot-125x125.png\",\"url\":\"https:\/\/portaltela.pt\/s.01k8rhncp4jt1\/2025\/11\/talking-bot-125x125.png\",\"contentUrl\":\"https:\/\/portaltela.pt\/s.01k8rhncp4jt1\/2025\/11\/talking-bot-125x125.png\",\"caption\":\"Telinha\"},\"sameAs\":[\"https:\/\/portaltela.pt\/\"],\"url\":\"https:\/\/portaltela.pt\/por\/367410592786\/\"}]}<\/script>\n<!-- \/ Yoast SEO plugin. -->","yoast_head_json":{"title":"Ivo Canelas afirma estar a viver a tempestade perfeita. - Portal Tela Portugal","robots":{"index":"index","follow":"follow","max-snippet":"max-snippet:-1","max-image-preview":"max-image-preview:large","max-video-preview":"max-video-preview:-1"},"og_locale":"pt_PT","og_type":"article","og_title":"Ivo Canelas afirma estar a viver a tempestade perfeita. - Portal Tela Portugal","og_description":"Ivo Canelas diz estar a viver a tempestade perfeita na pol\u00edtica portuguesa, com uma sociedade cada vez mais dividida e direitos b\u00e1sicos sob press\u00e3o, e com o extremismo de direita a ganhar organiza\u00e7\u00e3o. No filme \u201cProjecto Global\u201d, o Inspetor-chefe que interpreta \u00e9 um papel amb\u00edguo; o ator admite que, tempos antes, poderia ter estado do outro lado e destaca o desafio de encenar essa ambiguidade. A constru\u00e7\u00e3o do personagem envolve a ideia de que a certeza absoluta pode ser enganadora, com a linha orientadora do realizador a explorar a dualidade e a gradual descoberta de si pelo corpo. Recorda pouco os tempos da FP-25, mas relembra tens\u00f5es familiares e conversas \u00e0 mesa; preocupa-se com o futuro das novas gera\u00e7\u00f5es e com a influ\u00eancia dos telem\u00f3veis na educa\u00e7\u00e3o dos jovens. Est\u00e1 a gravar \u201cRef\u00fagio do Medo\u201d e a 13 de maio estreia no teatro Maria Matos a pe\u00e7a \u201cSin\u00e9doque\u201d, numa parceria com Jo\u00e3o Vasco, mantendo-se ativo no palco.","og_url":"https:\/\/portaltela.pt\/noticias\/2026\/05\/02\/ivo-canelas-afirma-estar-a-viver-a-tempestade-perfeita\/","og_site_name":"Portal Tela Portugal","article_published_time":"2026-05-02T09:32:53+00:00","author":"Telinha","twitter_card":"summary_large_image","twitter_misc":{"Escrito por":"Telinha","Tempo estimado de leitura":"2 minutos"},"schema":{"@context":"https:\/\/schema.org","@graph":[{"@type":"Article","@id":"https:\/\/portaltela.pt\/noticias\/2026\/05\/02\/ivo-canelas-afirma-estar-a-viver-a-tempestade-perfeita\/#article","isPartOf":{"@id":"https:\/\/portaltela.pt\/noticias\/2026\/05\/02\/ivo-canelas-afirma-estar-a-viver-a-tempestade-perfeita\/"},"author":{"name":"Telinha","@id":"https:\/\/portaltela.pt\/#\/schema\/person\/c4278d4a6028830caff9ee44b42d32ed"},"headline":"Ivo Canelas afirma estar a viver a tempestade perfeita.","datePublished":"2026-05-02T09:32:53+00:00","mainEntityOfPage":{"@id":"https:\/\/portaltela.pt\/noticias\/2026\/05\/02\/ivo-canelas-afirma-estar-a-viver-a-tempestade-perfeita\/"},"wordCount":445,"image":{"@id":"https:\/\/portaltela.pt\/noticias\/2026\/05\/02\/ivo-canelas-afirma-estar-a-viver-a-tempestade-perfeita\/#primaryimage"},"thumbnailUrl":"https:\/\/portaltela.pt\/s.01k8rhncp4jt1\/2026\/05\/img_1280x718uu2026-04-28-12-51-17-2281561.jpg","keywords":["_cinema","_democracia","_direita","_extrema-direita","_pol\u00edtica","_teatro"],"articleSection":["Pol\u00edtica","Sociedade"],"inLanguage":"pt-PT"},{"@type":"WebPage","@id":"https:\/\/portaltela.pt\/noticias\/2026\/05\/02\/ivo-canelas-afirma-estar-a-viver-a-tempestade-perfeita\/","url":"https:\/\/portaltela.pt\/noticias\/2026\/05\/02\/ivo-canelas-afirma-estar-a-viver-a-tempestade-perfeita\/","name":"Ivo Canelas afirma estar a viver a tempestade perfeita. - Portal Tela Portugal","isPartOf":{"@id":"https:\/\/portaltela.pt\/#website"},"primaryImageOfPage":{"@id":"https:\/\/portaltela.pt\/noticias\/2026\/05\/02\/ivo-canelas-afirma-estar-a-viver-a-tempestade-perfeita\/#primaryimage"},"image":{"@id":"https:\/\/portaltela.pt\/noticias\/2026\/05\/02\/ivo-canelas-afirma-estar-a-viver-a-tempestade-perfeita\/#primaryimage"},"thumbnailUrl":"https:\/\/portaltela.pt\/s.01k8rhncp4jt1\/2026\/05\/img_1280x718uu2026-04-28-12-51-17-2281561.jpg","datePublished":"2026-05-02T09:32:53+00:00","author":{"@id":"https:\/\/portaltela.pt\/#\/schema\/person\/c4278d4a6028830caff9ee44b42d32ed"},"breadcrumb":{"@id":"https:\/\/portaltela.pt\/noticias\/2026\/05\/02\/ivo-canelas-afirma-estar-a-viver-a-tempestade-perfeita\/#breadcrumb"},"inLanguage":"pt-PT","potentialAction":[{"@type":"ReadAction","target":["https:\/\/portaltela.pt\/noticias\/2026\/05\/02\/ivo-canelas-afirma-estar-a-viver-a-tempestade-perfeita\/"]}]},{"@type":"ImageObject","inLanguage":"pt-PT","@id":"https:\/\/portaltela.pt\/noticias\/2026\/05\/02\/ivo-canelas-afirma-estar-a-viver-a-tempestade-perfeita\/#primaryimage","url":"https:\/\/portaltela.pt\/s.01k8rhncp4jt1\/2026\/05\/img_1280x718uu2026-04-28-12-51-17-2281561.jpg","contentUrl":"https:\/\/portaltela.pt\/s.01k8rhncp4jt1\/2026\/05\/img_1280x718uu2026-04-28-12-51-17-2281561.jpg","width":796,"height":448,"caption":"Ivo Canelas"},{"@type":"BreadcrumbList","@id":"https:\/\/portaltela.pt\/noticias\/2026\/05\/02\/ivo-canelas-afirma-estar-a-viver-a-tempestade-perfeita\/#breadcrumb","itemListElement":[{"@type":"ListItem","position":1,"name":"In\u00edcio","item":"https:\/\/portaltela.pt\/"},{"@type":"ListItem","position":2,"name":"Ivo Canelas afirma estar a viver a tempestade perfeita."}]},{"@type":"WebSite","@id":"https:\/\/portaltela.pt\/#website","url":"https:\/\/portaltela.pt\/","name":"Portal Tela Portugal","description":"","potentialAction":[{"@type":"SearchAction","target":{"@type":"EntryPoint","urlTemplate":"https:\/\/portaltela.pt\/?s={search_term_string}"},"query-input":{"@type":"PropertyValueSpecification","valueRequired":true,"valueName":"search_term_string"}}],"inLanguage":"pt-PT"},{"@type":"Person","@id":"https:\/\/portaltela.pt\/#\/schema\/person\/c4278d4a6028830caff9ee44b42d32ed","name":"Telinha","image":{"@type":"ImageObject","inLanguage":"pt-PT","@id":"https:\/\/portaltela.pt\/s.01k8rhncp4jt1\/2025\/11\/talking-bot-125x125.png","url":"https:\/\/portaltela.pt\/s.01k8rhncp4jt1\/2025\/11\/talking-bot-125x125.png","contentUrl":"https:\/\/portaltela.pt\/s.01k8rhncp4jt1\/2025\/11\/talking-bot-125x125.png","caption":"Telinha"},"sameAs":["https:\/\/portaltela.pt\/"],"url":"https:\/\/portaltela.pt\/por\/367410592786\/"}]}},"_links":{"self":[{"href":"https:\/\/portaltela.pt\/api\/wp\/v2\/posts\/464711","targetHints":{"allow":["GET"]}}],"collection":[{"href":"https:\/\/portaltela.pt\/api\/wp\/v2\/posts"}],"about":[{"href":"https:\/\/portaltela.pt\/api\/wp\/v2\/types\/post"}],"author":[{"embeddable":true,"href":"https:\/\/portaltela.pt\/api\/wp\/v2\/users\/2"}],"replies":[{"embeddable":true,"href":"https:\/\/portaltela.pt\/api\/wp\/v2\/comments?post=464711"}],"version-history":[{"count":0,"href":"https:\/\/portaltela.pt\/api\/wp\/v2\/posts\/464711\/revisions"}],"wp:featuredmedia":[{"embeddable":true,"href":"https:\/\/portaltela.pt\/api\/wp\/v2\/media\/464713"}],"wp:attachment":[{"href":"https:\/\/portaltela.pt\/api\/wp\/v2\/media?parent=464711"}],"wp:term":[{"taxonomy":"category","embeddable":true,"href":"https:\/\/portaltela.pt\/api\/wp\/v2\/categories?post=464711"},{"taxonomy":"post_tag","embeddable":true,"href":"https:\/\/portaltela.pt\/api\/wp\/v2\/tags?post=464711"}],"curies":[{"name":"wp","href":"https:\/\/api.w.org\/{rel}","templated":true}]}}