{"id":464706,"date":"2026-05-02T06:32:49","date_gmt":"2026-05-02T09:32:49","guid":{"rendered":"https:\/\/portaltela.pt\/noticias\/2026\/05\/02\/mocambique-classifica-ataque-a-imigrantes-na-africa-do-sul-como-lamentavel\/"},"modified":"2026-05-02T06:32:49","modified_gmt":"2026-05-02T09:32:49","slug":"mocambique-classifica-ataque-a-imigrantes-na-africa-do-sul-como-lamentavel","status":"publish","type":"post","link":"https:\/\/portaltela.pt\/noticias\/internacional\/2026\/05\/02\/mocambique-classifica-ataque-a-imigrantes-na-africa-do-sul-como-lamentavel\/","title":{"rendered":"Mo\u00e7ambique classifica ataque a imigrantes na \u00c1frica do Sul como lament\u00e1vel"},"content":{"rendered":"<p>A ministra do Trabalho de Mo\u00e7ambique classificou de bastante lament\u00e1vel a viol\u00eancia contra imigrantes na \u00c1frica do Sul e solicitou uma resolu\u00e7\u00e3o muito r\u00e1pida da situa\u00e7\u00e3o.<\/p>\n<p>O coment\u00e1rio foi feito no contexto de ataques a migrantes no pa\u00eds vizinho, envolvendo a\u00e7\u00f5es recentes que geram preocupa\u00e7\u00e3o diplom\u00e1tica.<\/p>\n<p>Mo\u00e7ambique n\u00e3o detalha n\u00fameros oficiais nem prazos, mas reiterou a necessidade de prote\u00e7\u00e3o dos imigrantes e de uma resposta c\u00e9lere das autoridades sul-africanas.<\/p>\n<p>A informa\u00e7\u00e3o foi publicada pela ag\u00eancia Lusa, sem dados adicionais no momento.<\/p>\n","protected":false},"excerpt":{"rendered":"<ul>\n<li>A ministra do Trabalho de Mo\u00e7ambique classificou de \u201cbastante lament\u00e1vel\u201d os ataques a imigrantes na \u00c1frica do Sul.<\/li>\n<li>A dirigente expressou a esperan\u00e7a de que a situa\u00e7\u00e3o se resolva \u201cmuito rapidamente\u201d.<\/li>\n<li>A declara\u00e7\u00e3o refere-se aos ataques contra imigrantes ocorridos na \u00c1frica do Sul.<\/li>\n<\/ul>\n","protected":false},"author":2,"featured_media":464709,"comment_status":"closed","ping_status":"closed","sticky":false,"template":"","format":"standard","meta":{"footnotes":""},"categories":[6912,4],"tags":[7977,7914,7909,7932,8262,8273],"class_list":["post-464706","post","type-post","status-publish","format-standard","has-post-thumbnail","hentry","category-internacionais","category-internacional","tag-_africa","tag-_direitos-humanos","tag-_imigracao","tag-_imigracao-internacional","tag-_imigrantes","tag-_violencia"],"yoast_head":"<!-- This site is optimized with the Yoast SEO plugin v27.2 - https:\/\/yoast.com\/product\/yoast-seo-wordpress\/ -->\n<title>Mo\u00e7ambique classifica ataque a imigrantes na \u00c1frica do Sul como lament\u00e1vel - Portal Tela Portugal<\/title>\n<meta name=\"robots\" content=\"index, follow, max-snippet:-1, max-image-preview:large, max-video-preview:-1\" \/>\n<meta property=\"og:locale\" content=\"pt_PT\" \/>\n<meta property=\"og:type\" content=\"article\" \/>\n<meta property=\"og:title\" content=\"Mo\u00e7ambique classifica ataque a imigrantes na \u00c1frica do Sul como lament\u00e1vel - Portal Tela Portugal\" \/>\n<meta property=\"og:description\" content=\"A ministra do Trabalho de Mo\u00e7ambique classificou de \u201cbastante lament\u00e1vel\u201d os ataques a imigrantes na \u00c1frica do Sul. A dirigente expressou a esperan\u00e7a de que a situa\u00e7\u00e3o se resolva \u201cmuito rapidamente\u201d. A declara\u00e7\u00e3o refere-se aos ataques contra imigrantes ocorridos na \u00c1frica do Sul.\" \/>\n<meta property=\"og:url\" content=\"https:\/\/portaltela.pt\/noticias\/2026\/05\/02\/mocambique-classifica-ataque-a-imigrantes-na-africa-do-sul-como-lamentavel\/\" \/>\n<meta property=\"og:site_name\" content=\"Portal Tela Portugal\" \/>\n<meta property=\"article:published_time\" content=\"2026-05-02T09:32:49+00:00\" \/>\n<meta name=\"author\" content=\"Telinha\" \/>\n<meta name=\"twitter:card\" content=\"summary_large_image\" \/>\n<meta name=\"twitter:label1\" content=\"Escrito por\" \/>\n\t<meta name=\"twitter:data1\" content=\"Telinha\" \/>\n<script type=\"application\/ld+json\" class=\"yoast-schema-graph\">{\"@context\":\"https:\/\/schema.org\",\"@graph\":[{\"@type\":\"Article\",\"@id\":\"https:\/\/portaltela.pt\/noticias\/2026\/05\/02\/mocambique-classifica-ataque-a-imigrantes-na-africa-do-sul-como-lamentavel\/#article\",\"isPartOf\":{\"@id\":\"https:\/\/portaltela.pt\/noticias\/2026\/05\/02\/mocambique-classifica-ataque-a-imigrantes-na-africa-do-sul-como-lamentavel\/\"},\"author\":{\"name\":\"Telinha\",\"@id\":\"https:\/\/portaltela.pt\/#\/schema\/person\/c4278d4a6028830caff9ee44b42d32ed\"},\"headline\":\"Mo\u00e7ambique classifica ataque a imigrantes na \u00c1frica do Sul como lament\u00e1vel\",\"datePublished\":\"2026-05-02T09:32:49+00:00\",\"mainEntityOfPage\":{\"@id\":\"https:\/\/portaltela.pt\/noticias\/2026\/05\/02\/mocambique-classifica-ataque-a-imigrantes-na-africa-do-sul-como-lamentavel\/\"},\"wordCount\":112,\"image\":{\"@id\":\"https:\/\/portaltela.pt\/noticias\/2026\/05\/02\/mocambique-classifica-ataque-a-imigrantes-na-africa-do-sul-como-lamentavel\/#primaryimage\"},\"thumbnailUrl\":\"https:\/\/portaltela.pt\/s.01k8rhncp4jt1\/2026\/05\/CACHE_780X1200_ANALOG_WATERMARKED_11928494_1671336_14042019102131.jpg\",\"keywords\":[\"_\u00c1frica\",\"_direitos humanos\",\"_imigra\u00e7\u00e3o\",\"_imigra\u00e7\u00e3o internacional\",\"_imigrantes\",\"_viol\u00eancia\"],\"articleSection\":[\"Internacionais\",\"Internacional\"],\"inLanguage\":\"pt-PT\"},{\"@type\":\"WebPage\",\"@id\":\"https:\/\/portaltela.pt\/noticias\/2026\/05\/02\/mocambique-classifica-ataque-a-imigrantes-na-africa-do-sul-como-lamentavel\/\",\"url\":\"https:\/\/portaltela.pt\/noticias\/2026\/05\/02\/mocambique-classifica-ataque-a-imigrantes-na-africa-do-sul-como-lamentavel\/\",\"name\":\"Mo\u00e7ambique classifica ataque a imigrantes na \u00c1frica do Sul como lament\u00e1vel - Portal Tela Portugal\",\"isPartOf\":{\"@id\":\"https:\/\/portaltela.pt\/#website\"},\"primaryImageOfPage\":{\"@id\":\"https:\/\/portaltela.pt\/noticias\/2026\/05\/02\/mocambique-classifica-ataque-a-imigrantes-na-africa-do-sul-como-lamentavel\/#primaryimage\"},\"image\":{\"@id\":\"https:\/\/portaltela.pt\/noticias\/2026\/05\/02\/mocambique-classifica-ataque-a-imigrantes-na-africa-do-sul-como-lamentavel\/#primaryimage\"},\"thumbnailUrl\":\"https:\/\/portaltela.pt\/s.01k8rhncp4jt1\/2026\/05\/CACHE_780X1200_ANALOG_WATERMARKED_11928494_1671336_14042019102131.jpg\",\"datePublished\":\"2026-05-02T09:32:49+00:00\",\"author\":{\"@id\":\"https:\/\/portaltela.pt\/#\/schema\/person\/c4278d4a6028830caff9ee44b42d32ed\"},\"breadcrumb\":{\"@id\":\"https:\/\/portaltela.pt\/noticias\/2026\/05\/02\/mocambique-classifica-ataque-a-imigrantes-na-africa-do-sul-como-lamentavel\/#breadcrumb\"},\"inLanguage\":\"pt-PT\",\"potentialAction\":[{\"@type\":\"ReadAction\",\"target\":[\"https:\/\/portaltela.pt\/noticias\/2026\/05\/02\/mocambique-classifica-ataque-a-imigrantes-na-africa-do-sul-como-lamentavel\/\"]}]},{\"@type\":\"ImageObject\",\"inLanguage\":\"pt-PT\",\"@id\":\"https:\/\/portaltela.pt\/noticias\/2026\/05\/02\/mocambique-classifica-ataque-a-imigrantes-na-africa-do-sul-como-lamentavel\/#primaryimage\",\"url\":\"https:\/\/portaltela.pt\/s.01k8rhncp4jt1\/2026\/05\/CACHE_780X1200_ANALOG_WATERMARKED_11928494_1671336_14042019102131.jpg\",\"contentUrl\":\"https:\/\/portaltela.pt\/s.01k8rhncp4jt1\/2026\/05\/CACHE_780X1200_ANALOG_WATERMARKED_11928494_1671336_14042019102131.jpg\",\"width\":796,\"height\":448,\"caption\":\"Mo\u00e7ambique considera \u201cbastante lament\u00e1vel\u201d ataque a imigrantes na \u00c1frica do Sul\"},{\"@type\":\"BreadcrumbList\",\"@id\":\"https:\/\/portaltela.pt\/noticias\/2026\/05\/02\/mocambique-classifica-ataque-a-imigrantes-na-africa-do-sul-como-lamentavel\/#breadcrumb\",\"itemListElement\":[{\"@type\":\"ListItem\",\"position\":1,\"name\":\"In\u00edcio\",\"item\":\"https:\/\/portaltela.pt\/\"},{\"@type\":\"ListItem\",\"position\":2,\"name\":\"Mo\u00e7ambique classifica ataque a imigrantes na \u00c1frica do Sul como lament\u00e1vel\"}]},{\"@type\":\"WebSite\",\"@id\":\"https:\/\/portaltela.pt\/#website\",\"url\":\"https:\/\/portaltela.pt\/\",\"name\":\"Portal Tela Portugal\",\"description\":\"\",\"potentialAction\":[{\"@type\":\"SearchAction\",\"target\":{\"@type\":\"EntryPoint\",\"urlTemplate\":\"https:\/\/portaltela.pt\/?s={search_term_string}\"},\"query-input\":{\"@type\":\"PropertyValueSpecification\",\"valueRequired\":true,\"valueName\":\"search_term_string\"}}],\"inLanguage\":\"pt-PT\"},{\"@type\":\"Person\",\"@id\":\"https:\/\/portaltela.pt\/#\/schema\/person\/c4278d4a6028830caff9ee44b42d32ed\",\"name\":\"Telinha\",\"image\":{\"@type\":\"ImageObject\",\"inLanguage\":\"pt-PT\",\"@id\":\"https:\/\/portaltela.pt\/s.01k8rhncp4jt1\/2025\/11\/talking-bot-125x125.png\",\"url\":\"https:\/\/portaltela.pt\/s.01k8rhncp4jt1\/2025\/11\/talking-bot-125x125.png\",\"contentUrl\":\"https:\/\/portaltela.pt\/s.01k8rhncp4jt1\/2025\/11\/talking-bot-125x125.png\",\"caption\":\"Telinha\"},\"sameAs\":[\"https:\/\/portaltela.pt\/\"],\"url\":\"https:\/\/portaltela.pt\/por\/367410592786\/\"}]}<\/script>\n<!-- \/ Yoast SEO plugin. -->","yoast_head_json":{"title":"Mo\u00e7ambique classifica ataque a imigrantes na \u00c1frica do Sul como lament\u00e1vel - Portal Tela Portugal","robots":{"index":"index","follow":"follow","max-snippet":"max-snippet:-1","max-image-preview":"max-image-preview:large","max-video-preview":"max-video-preview:-1"},"og_locale":"pt_PT","og_type":"article","og_title":"Mo\u00e7ambique classifica ataque a imigrantes na \u00c1frica do Sul como lament\u00e1vel - Portal Tela Portugal","og_description":"A ministra do Trabalho de Mo\u00e7ambique classificou de \u201cbastante lament\u00e1vel\u201d os ataques a imigrantes na \u00c1frica do Sul. A dirigente expressou a esperan\u00e7a de que a situa\u00e7\u00e3o se resolva \u201cmuito rapidamente\u201d. A declara\u00e7\u00e3o refere-se aos ataques contra imigrantes ocorridos na \u00c1frica do Sul.","og_url":"https:\/\/portaltela.pt\/noticias\/2026\/05\/02\/mocambique-classifica-ataque-a-imigrantes-na-africa-do-sul-como-lamentavel\/","og_site_name":"Portal Tela Portugal","article_published_time":"2026-05-02T09:32:49+00:00","author":"Telinha","twitter_card":"summary_large_image","twitter_misc":{"Escrito por":"Telinha"},"schema":{"@context":"https:\/\/schema.org","@graph":[{"@type":"Article","@id":"https:\/\/portaltela.pt\/noticias\/2026\/05\/02\/mocambique-classifica-ataque-a-imigrantes-na-africa-do-sul-como-lamentavel\/#article","isPartOf":{"@id":"https:\/\/portaltela.pt\/noticias\/2026\/05\/02\/mocambique-classifica-ataque-a-imigrantes-na-africa-do-sul-como-lamentavel\/"},"author":{"name":"Telinha","@id":"https:\/\/portaltela.pt\/#\/schema\/person\/c4278d4a6028830caff9ee44b42d32ed"},"headline":"Mo\u00e7ambique classifica ataque a imigrantes na \u00c1frica do Sul como lament\u00e1vel","datePublished":"2026-05-02T09:32:49+00:00","mainEntityOfPage":{"@id":"https:\/\/portaltela.pt\/noticias\/2026\/05\/02\/mocambique-classifica-ataque-a-imigrantes-na-africa-do-sul-como-lamentavel\/"},"wordCount":112,"image":{"@id":"https:\/\/portaltela.pt\/noticias\/2026\/05\/02\/mocambique-classifica-ataque-a-imigrantes-na-africa-do-sul-como-lamentavel\/#primaryimage"},"thumbnailUrl":"https:\/\/portaltela.pt\/s.01k8rhncp4jt1\/2026\/05\/CACHE_780X1200_ANALOG_WATERMARKED_11928494_1671336_14042019102131.jpg","keywords":["_\u00c1frica","_direitos humanos","_imigra\u00e7\u00e3o","_imigra\u00e7\u00e3o internacional","_imigrantes","_viol\u00eancia"],"articleSection":["Internacionais","Internacional"],"inLanguage":"pt-PT"},{"@type":"WebPage","@id":"https:\/\/portaltela.pt\/noticias\/2026\/05\/02\/mocambique-classifica-ataque-a-imigrantes-na-africa-do-sul-como-lamentavel\/","url":"https:\/\/portaltela.pt\/noticias\/2026\/05\/02\/mocambique-classifica-ataque-a-imigrantes-na-africa-do-sul-como-lamentavel\/","name":"Mo\u00e7ambique classifica ataque a imigrantes na \u00c1frica do Sul como lament\u00e1vel - Portal Tela Portugal","isPartOf":{"@id":"https:\/\/portaltela.pt\/#website"},"primaryImageOfPage":{"@id":"https:\/\/portaltela.pt\/noticias\/2026\/05\/02\/mocambique-classifica-ataque-a-imigrantes-na-africa-do-sul-como-lamentavel\/#primaryimage"},"image":{"@id":"https:\/\/portaltela.pt\/noticias\/2026\/05\/02\/mocambique-classifica-ataque-a-imigrantes-na-africa-do-sul-como-lamentavel\/#primaryimage"},"thumbnailUrl":"https:\/\/portaltela.pt\/s.01k8rhncp4jt1\/2026\/05\/CACHE_780X1200_ANALOG_WATERMARKED_11928494_1671336_14042019102131.jpg","datePublished":"2026-05-02T09:32:49+00:00","author":{"@id":"https:\/\/portaltela.pt\/#\/schema\/person\/c4278d4a6028830caff9ee44b42d32ed"},"breadcrumb":{"@id":"https:\/\/portaltela.pt\/noticias\/2026\/05\/02\/mocambique-classifica-ataque-a-imigrantes-na-africa-do-sul-como-lamentavel\/#breadcrumb"},"inLanguage":"pt-PT","potentialAction":[{"@type":"ReadAction","target":["https:\/\/portaltela.pt\/noticias\/2026\/05\/02\/mocambique-classifica-ataque-a-imigrantes-na-africa-do-sul-como-lamentavel\/"]}]},{"@type":"ImageObject","inLanguage":"pt-PT","@id":"https:\/\/portaltela.pt\/noticias\/2026\/05\/02\/mocambique-classifica-ataque-a-imigrantes-na-africa-do-sul-como-lamentavel\/#primaryimage","url":"https:\/\/portaltela.pt\/s.01k8rhncp4jt1\/2026\/05\/CACHE_780X1200_ANALOG_WATERMARKED_11928494_1671336_14042019102131.jpg","contentUrl":"https:\/\/portaltela.pt\/s.01k8rhncp4jt1\/2026\/05\/CACHE_780X1200_ANALOG_WATERMARKED_11928494_1671336_14042019102131.jpg","width":796,"height":448,"caption":"Mo\u00e7ambique considera \u201cbastante lament\u00e1vel\u201d ataque a imigrantes na \u00c1frica do Sul"},{"@type":"BreadcrumbList","@id":"https:\/\/portaltela.pt\/noticias\/2026\/05\/02\/mocambique-classifica-ataque-a-imigrantes-na-africa-do-sul-como-lamentavel\/#breadcrumb","itemListElement":[{"@type":"ListItem","position":1,"name":"In\u00edcio","item":"https:\/\/portaltela.pt\/"},{"@type":"ListItem","position":2,"name":"Mo\u00e7ambique classifica ataque a imigrantes na \u00c1frica do Sul como lament\u00e1vel"}]},{"@type":"WebSite","@id":"https:\/\/portaltela.pt\/#website","url":"https:\/\/portaltela.pt\/","name":"Portal Tela Portugal","description":"","potentialAction":[{"@type":"SearchAction","target":{"@type":"EntryPoint","urlTemplate":"https:\/\/portaltela.pt\/?s={search_term_string}"},"query-input":{"@type":"PropertyValueSpecification","valueRequired":true,"valueName":"search_term_string"}}],"inLanguage":"pt-PT"},{"@type":"Person","@id":"https:\/\/portaltela.pt\/#\/schema\/person\/c4278d4a6028830caff9ee44b42d32ed","name":"Telinha","image":{"@type":"ImageObject","inLanguage":"pt-PT","@id":"https:\/\/portaltela.pt\/s.01k8rhncp4jt1\/2025\/11\/talking-bot-125x125.png","url":"https:\/\/portaltela.pt\/s.01k8rhncp4jt1\/2025\/11\/talking-bot-125x125.png","contentUrl":"https:\/\/portaltela.pt\/s.01k8rhncp4jt1\/2025\/11\/talking-bot-125x125.png","caption":"Telinha"},"sameAs":["https:\/\/portaltela.pt\/"],"url":"https:\/\/portaltela.pt\/por\/367410592786\/"}]}},"_links":{"self":[{"href":"https:\/\/portaltela.pt\/api\/wp\/v2\/posts\/464706","targetHints":{"allow":["GET"]}}],"collection":[{"href":"https:\/\/portaltela.pt\/api\/wp\/v2\/posts"}],"about":[{"href":"https:\/\/portaltela.pt\/api\/wp\/v2\/types\/post"}],"author":[{"embeddable":true,"href":"https:\/\/portaltela.pt\/api\/wp\/v2\/users\/2"}],"replies":[{"embeddable":true,"href":"https:\/\/portaltela.pt\/api\/wp\/v2\/comments?post=464706"}],"version-history":[{"count":0,"href":"https:\/\/portaltela.pt\/api\/wp\/v2\/posts\/464706\/revisions"}],"wp:featuredmedia":[{"embeddable":true,"href":"https:\/\/portaltela.pt\/api\/wp\/v2\/media\/464709"}],"wp:attachment":[{"href":"https:\/\/portaltela.pt\/api\/wp\/v2\/media?parent=464706"}],"wp:term":[{"taxonomy":"category","embeddable":true,"href":"https:\/\/portaltela.pt\/api\/wp\/v2\/categories?post=464706"},{"taxonomy":"post_tag","embeddable":true,"href":"https:\/\/portaltela.pt\/api\/wp\/v2\/tags?post=464706"}],"curies":[{"name":"wp","href":"https:\/\/api.w.org\/{rel}","templated":true}]}}