{"id":464691,"date":"2026-05-02T06:18:00","date_gmt":"2026-05-02T09:18:00","guid":{"rendered":"https:\/\/portaltela.pt\/noticias\/2026\/05\/02\/estacionamento-pago-nas-praias-de-sintra-entra-em-vigor\/"},"modified":"2026-05-02T06:18:00","modified_gmt":"2026-05-02T09:18:00","slug":"estacionamento-pago-nas-praias-de-sintra-entra-em-vigor","status":"publish","type":"post","link":"https:\/\/portaltela.pt\/noticias\/economia\/2026\/05\/02\/estacionamento-pago-nas-praias-de-sintra-entra-em-vigor\/","title":{"rendered":"Estacionamento pago nas praias de Sintra entra em vigor"},"content":{"rendered":"<p>A partir de 1 de junho e at\u00e9 30 de setembro, o estacionamento junto \u00e0s praias Grande e das Ma\u00e7\u00e3s, em Sintra, passa a ser tarifado. A medida \u00e9 da Empresa Municipal de Estacionamento de Sintra (EMES) e abrange zonas com parqu\u00edmetros nas \u00e1reas de parque existentes ou nas vias de acesso ao areal.<\/p>\n<p>A decis\u00e3o foi aprovada pelo executivo municipal em mar\u00e7o, com votos contra do Partido Socialista (PS). A proposta, apresentada pelo presidente da C\u00e2mara, prev\u00ea tarifas de at\u00e9 4 euros por per\u00edodo de estacionamento, com limite de quatro horas.<\/p>\n<p>A implementa\u00e7\u00e3o enfrenta resist\u00eancia local, com mo\u00e7\u00f5es contra apresentadas pela freguesia de Colares e peti\u00e7\u00f5es contra a medida. H\u00e1 ainda indica\u00e7\u00e3o de que, no futuro, a tarifa possa abranger o Cabo da Roca.<\/p>\n","protected":false},"excerpt":{"rendered":"<ul>\n<li>A C\u00e2mara Municipal de Sintra vai cobrar estacionamento junto \u00e0s praias Grande e das Ma\u00e7\u00e3s de 1 de junho a 30 de setembro.<\/li>\n<li>A medida \u00e9 promovida pela Empresa Municipal de Estacionamento de Sintra (EMES) e prev\u00ea zonas com parqu\u00edmetros nas \u00e1reas de estacionamento existentes ou nas vias de acesso ao areal.<\/li>\n<li>O tarif\u00e1rio \u00e9 de at\u00e9 quatro euros e a dura\u00e7\u00e3o m\u00e1xima \u00e9 de quatro horas.<\/li>\n<li>A decis\u00e3o foi aprovada pela C\u00e2mara municipal em mar\u00e7o, com votos contra do Partido Socialista (PS).<\/li>\n<li>Existem mo\u00e7\u00f5es contra na freguesia de Colares e peti\u00e7\u00f5es, e h\u00e1 perspetiva de futura cobran\u00e7a no cabo da Roca.<\/li>\n<\/ul>\n","protected":false},"author":2,"featured_media":464696,"comment_status":"closed","ping_status":"closed","sticky":false,"template":"","format":"standard","meta":{"footnotes":""},"categories":[2,7378],"tags":[10153,10151,8792,8023,8827,7912],"class_list":["post-464691","post","type-post","status-publish","format-standard","has-post-thumbnail","hentry","category-economia","category-financas-locais","tag-_colares","tag-_estacionamentos","tag-_grande-lisboa","tag-_sintra","tag-_tarifas","tag-_turismo"],"yoast_head":"<!-- This site is optimized with the Yoast SEO plugin v27.2 - https:\/\/yoast.com\/product\/yoast-seo-wordpress\/ -->\n<title>Estacionamento pago nas praias de Sintra entra em vigor - Portal Tela Portugal<\/title>\n<meta name=\"robots\" content=\"index, follow, max-snippet:-1, max-image-preview:large, max-video-preview:-1\" \/>\n<meta property=\"og:locale\" content=\"pt_PT\" \/>\n<meta property=\"og:type\" content=\"article\" \/>\n<meta property=\"og:title\" content=\"Estacionamento pago nas praias de Sintra entra em vigor - Portal Tela Portugal\" \/>\n<meta property=\"og:description\" content=\"A C\u00e2mara Municipal de Sintra vai cobrar estacionamento junto \u00e0s praias Grande e das Ma\u00e7\u00e3s de 1 de junho a 30 de setembro. A medida \u00e9 promovida pela Empresa Municipal de Estacionamento de Sintra (EMES) e prev\u00ea zonas com parqu\u00edmetros nas \u00e1reas de estacionamento existentes ou nas vias de acesso ao areal. O tarif\u00e1rio \u00e9 de at\u00e9 quatro euros e a dura\u00e7\u00e3o m\u00e1xima \u00e9 de quatro horas. A decis\u00e3o foi aprovada pela C\u00e2mara municipal em mar\u00e7o, com votos contra do Partido Socialista (PS). Existem mo\u00e7\u00f5es contra na freguesia de Colares e peti\u00e7\u00f5es, e h\u00e1 perspetiva de futura cobran\u00e7a no cabo da Roca.\" \/>\n<meta property=\"og:url\" content=\"https:\/\/portaltela.pt\/noticias\/2026\/05\/02\/estacionamento-pago-nas-praias-de-sintra-entra-em-vigor\/\" \/>\n<meta property=\"og:site_name\" content=\"Portal Tela Portugal\" \/>\n<meta property=\"article:published_time\" content=\"2026-05-02T09:18:00+00:00\" \/>\n<meta name=\"author\" content=\"Telinha\" \/>\n<meta name=\"twitter:card\" content=\"summary_large_image\" \/>\n<meta name=\"twitter:label1\" content=\"Escrito por\" \/>\n\t<meta name=\"twitter:data1\" content=\"Telinha\" \/>\n\t<meta name=\"twitter:label2\" content=\"Tempo estimado de leitura\" \/>\n\t<meta name=\"twitter:data2\" content=\"1 minuto\" \/>\n<script type=\"application\/ld+json\" class=\"yoast-schema-graph\">{\"@context\":\"https:\/\/schema.org\",\"@graph\":[{\"@type\":\"Article\",\"@id\":\"https:\/\/portaltela.pt\/noticias\/2026\/05\/02\/estacionamento-pago-nas-praias-de-sintra-entra-em-vigor\/#article\",\"isPartOf\":{\"@id\":\"https:\/\/portaltela.pt\/noticias\/2026\/05\/02\/estacionamento-pago-nas-praias-de-sintra-entra-em-vigor\/\"},\"author\":{\"name\":\"Telinha\",\"@id\":\"https:\/\/portaltela.pt\/#\/schema\/person\/c4278d4a6028830caff9ee44b42d32ed\"},\"headline\":\"Estacionamento pago nas praias de Sintra entra em vigor\",\"datePublished\":\"2026-05-02T09:18:00+00:00\",\"mainEntityOfPage\":{\"@id\":\"https:\/\/portaltela.pt\/noticias\/2026\/05\/02\/estacionamento-pago-nas-praias-de-sintra-entra-em-vigor\/\"},\"wordCount\":141,\"image\":{\"@id\":\"https:\/\/portaltela.pt\/noticias\/2026\/05\/02\/estacionamento-pago-nas-praias-de-sintra-entra-em-vigor\/#primaryimage\"},\"thumbnailUrl\":\"https:\/\/portaltela.pt\/s.01k8rhncp4jt1\/2026\/05\/img_1500x1000uu2023-07-09-09-59-21-1390436.jpg\",\"keywords\":[\"_Colares\",\"_estacionamentos\",\"_Grande Lisboa\",\"_Sintra\",\"_tarifas\",\"_turismo\"],\"articleSection\":[\"Economia\",\"Finan\u00e7as Locais\"],\"inLanguage\":\"pt-PT\"},{\"@type\":\"WebPage\",\"@id\":\"https:\/\/portaltela.pt\/noticias\/2026\/05\/02\/estacionamento-pago-nas-praias-de-sintra-entra-em-vigor\/\",\"url\":\"https:\/\/portaltela.pt\/noticias\/2026\/05\/02\/estacionamento-pago-nas-praias-de-sintra-entra-em-vigor\/\",\"name\":\"Estacionamento pago nas praias de Sintra entra em vigor - Portal Tela Portugal\",\"isPartOf\":{\"@id\":\"https:\/\/portaltela.pt\/#website\"},\"primaryImageOfPage\":{\"@id\":\"https:\/\/portaltela.pt\/noticias\/2026\/05\/02\/estacionamento-pago-nas-praias-de-sintra-entra-em-vigor\/#primaryimage\"},\"image\":{\"@id\":\"https:\/\/portaltela.pt\/noticias\/2026\/05\/02\/estacionamento-pago-nas-praias-de-sintra-entra-em-vigor\/#primaryimage\"},\"thumbnailUrl\":\"https:\/\/portaltela.pt\/s.01k8rhncp4jt1\/2026\/05\/img_1500x1000uu2023-07-09-09-59-21-1390436.jpg\",\"datePublished\":\"2026-05-02T09:18:00+00:00\",\"author\":{\"@id\":\"https:\/\/portaltela.pt\/#\/schema\/person\/c4278d4a6028830caff9ee44b42d32ed\"},\"breadcrumb\":{\"@id\":\"https:\/\/portaltela.pt\/noticias\/2026\/05\/02\/estacionamento-pago-nas-praias-de-sintra-entra-em-vigor\/#breadcrumb\"},\"inLanguage\":\"pt-PT\",\"potentialAction\":[{\"@type\":\"ReadAction\",\"target\":[\"https:\/\/portaltela.pt\/noticias\/2026\/05\/02\/estacionamento-pago-nas-praias-de-sintra-entra-em-vigor\/\"]}]},{\"@type\":\"ImageObject\",\"inLanguage\":\"pt-PT\",\"@id\":\"https:\/\/portaltela.pt\/noticias\/2026\/05\/02\/estacionamento-pago-nas-praias-de-sintra-entra-em-vigor\/#primaryimage\",\"url\":\"https:\/\/portaltela.pt\/s.01k8rhncp4jt1\/2026\/05\/img_1500x1000uu2023-07-09-09-59-21-1390436.jpg\",\"contentUrl\":\"https:\/\/portaltela.pt\/s.01k8rhncp4jt1\/2026\/05\/img_1500x1000uu2023-07-09-09-59-21-1390436.jpg\",\"width\":1500,\"height\":1000,\"caption\":\"Praia das Ma\u00e7\u00e3s\"},{\"@type\":\"BreadcrumbList\",\"@id\":\"https:\/\/portaltela.pt\/noticias\/2026\/05\/02\/estacionamento-pago-nas-praias-de-sintra-entra-em-vigor\/#breadcrumb\",\"itemListElement\":[{\"@type\":\"ListItem\",\"position\":1,\"name\":\"In\u00edcio\",\"item\":\"https:\/\/portaltela.pt\/\"},{\"@type\":\"ListItem\",\"position\":2,\"name\":\"Estacionamento pago nas praias de Sintra entra em vigor\"}]},{\"@type\":\"WebSite\",\"@id\":\"https:\/\/portaltela.pt\/#website\",\"url\":\"https:\/\/portaltela.pt\/\",\"name\":\"Portal Tela Portugal\",\"description\":\"\",\"potentialAction\":[{\"@type\":\"SearchAction\",\"target\":{\"@type\":\"EntryPoint\",\"urlTemplate\":\"https:\/\/portaltela.pt\/?s={search_term_string}\"},\"query-input\":{\"@type\":\"PropertyValueSpecification\",\"valueRequired\":true,\"valueName\":\"search_term_string\"}}],\"inLanguage\":\"pt-PT\"},{\"@type\":\"Person\",\"@id\":\"https:\/\/portaltela.pt\/#\/schema\/person\/c4278d4a6028830caff9ee44b42d32ed\",\"name\":\"Telinha\",\"image\":{\"@type\":\"ImageObject\",\"inLanguage\":\"pt-PT\",\"@id\":\"https:\/\/portaltela.pt\/s.01k8rhncp4jt1\/2025\/11\/talking-bot-125x125.png\",\"url\":\"https:\/\/portaltela.pt\/s.01k8rhncp4jt1\/2025\/11\/talking-bot-125x125.png\",\"contentUrl\":\"https:\/\/portaltela.pt\/s.01k8rhncp4jt1\/2025\/11\/talking-bot-125x125.png\",\"caption\":\"Telinha\"},\"sameAs\":[\"https:\/\/portaltela.pt\/\"],\"url\":\"https:\/\/portaltela.pt\/por\/367410592786\/\"}]}<\/script>\n<!-- \/ Yoast SEO plugin. -->","yoast_head_json":{"title":"Estacionamento pago nas praias de Sintra entra em vigor - Portal Tela Portugal","robots":{"index":"index","follow":"follow","max-snippet":"max-snippet:-1","max-image-preview":"max-image-preview:large","max-video-preview":"max-video-preview:-1"},"og_locale":"pt_PT","og_type":"article","og_title":"Estacionamento pago nas praias de Sintra entra em vigor - Portal Tela Portugal","og_description":"A C\u00e2mara Municipal de Sintra vai cobrar estacionamento junto \u00e0s praias Grande e das Ma\u00e7\u00e3s de 1 de junho a 30 de setembro. A medida \u00e9 promovida pela Empresa Municipal de Estacionamento de Sintra (EMES) e prev\u00ea zonas com parqu\u00edmetros nas \u00e1reas de estacionamento existentes ou nas vias de acesso ao areal. O tarif\u00e1rio \u00e9 de at\u00e9 quatro euros e a dura\u00e7\u00e3o m\u00e1xima \u00e9 de quatro horas. A decis\u00e3o foi aprovada pela C\u00e2mara municipal em mar\u00e7o, com votos contra do Partido Socialista (PS). Existem mo\u00e7\u00f5es contra na freguesia de Colares e peti\u00e7\u00f5es, e h\u00e1 perspetiva de futura cobran\u00e7a no cabo da Roca.","og_url":"https:\/\/portaltela.pt\/noticias\/2026\/05\/02\/estacionamento-pago-nas-praias-de-sintra-entra-em-vigor\/","og_site_name":"Portal Tela Portugal","article_published_time":"2026-05-02T09:18:00+00:00","author":"Telinha","twitter_card":"summary_large_image","twitter_misc":{"Escrito por":"Telinha","Tempo estimado de leitura":"1 minuto"},"schema":{"@context":"https:\/\/schema.org","@graph":[{"@type":"Article","@id":"https:\/\/portaltela.pt\/noticias\/2026\/05\/02\/estacionamento-pago-nas-praias-de-sintra-entra-em-vigor\/#article","isPartOf":{"@id":"https:\/\/portaltela.pt\/noticias\/2026\/05\/02\/estacionamento-pago-nas-praias-de-sintra-entra-em-vigor\/"},"author":{"name":"Telinha","@id":"https:\/\/portaltela.pt\/#\/schema\/person\/c4278d4a6028830caff9ee44b42d32ed"},"headline":"Estacionamento pago nas praias de Sintra entra em vigor","datePublished":"2026-05-02T09:18:00+00:00","mainEntityOfPage":{"@id":"https:\/\/portaltela.pt\/noticias\/2026\/05\/02\/estacionamento-pago-nas-praias-de-sintra-entra-em-vigor\/"},"wordCount":141,"image":{"@id":"https:\/\/portaltela.pt\/noticias\/2026\/05\/02\/estacionamento-pago-nas-praias-de-sintra-entra-em-vigor\/#primaryimage"},"thumbnailUrl":"https:\/\/portaltela.pt\/s.01k8rhncp4jt1\/2026\/05\/img_1500x1000uu2023-07-09-09-59-21-1390436.jpg","keywords":["_Colares","_estacionamentos","_Grande Lisboa","_Sintra","_tarifas","_turismo"],"articleSection":["Economia","Finan\u00e7as Locais"],"inLanguage":"pt-PT"},{"@type":"WebPage","@id":"https:\/\/portaltela.pt\/noticias\/2026\/05\/02\/estacionamento-pago-nas-praias-de-sintra-entra-em-vigor\/","url":"https:\/\/portaltela.pt\/noticias\/2026\/05\/02\/estacionamento-pago-nas-praias-de-sintra-entra-em-vigor\/","name":"Estacionamento pago nas praias de Sintra entra em vigor - Portal Tela Portugal","isPartOf":{"@id":"https:\/\/portaltela.pt\/#website"},"primaryImageOfPage":{"@id":"https:\/\/portaltela.pt\/noticias\/2026\/05\/02\/estacionamento-pago-nas-praias-de-sintra-entra-em-vigor\/#primaryimage"},"image":{"@id":"https:\/\/portaltela.pt\/noticias\/2026\/05\/02\/estacionamento-pago-nas-praias-de-sintra-entra-em-vigor\/#primaryimage"},"thumbnailUrl":"https:\/\/portaltela.pt\/s.01k8rhncp4jt1\/2026\/05\/img_1500x1000uu2023-07-09-09-59-21-1390436.jpg","datePublished":"2026-05-02T09:18:00+00:00","author":{"@id":"https:\/\/portaltela.pt\/#\/schema\/person\/c4278d4a6028830caff9ee44b42d32ed"},"breadcrumb":{"@id":"https:\/\/portaltela.pt\/noticias\/2026\/05\/02\/estacionamento-pago-nas-praias-de-sintra-entra-em-vigor\/#breadcrumb"},"inLanguage":"pt-PT","potentialAction":[{"@type":"ReadAction","target":["https:\/\/portaltela.pt\/noticias\/2026\/05\/02\/estacionamento-pago-nas-praias-de-sintra-entra-em-vigor\/"]}]},{"@type":"ImageObject","inLanguage":"pt-PT","@id":"https:\/\/portaltela.pt\/noticias\/2026\/05\/02\/estacionamento-pago-nas-praias-de-sintra-entra-em-vigor\/#primaryimage","url":"https:\/\/portaltela.pt\/s.01k8rhncp4jt1\/2026\/05\/img_1500x1000uu2023-07-09-09-59-21-1390436.jpg","contentUrl":"https:\/\/portaltela.pt\/s.01k8rhncp4jt1\/2026\/05\/img_1500x1000uu2023-07-09-09-59-21-1390436.jpg","width":1500,"height":1000,"caption":"Praia das Ma\u00e7\u00e3s"},{"@type":"BreadcrumbList","@id":"https:\/\/portaltela.pt\/noticias\/2026\/05\/02\/estacionamento-pago-nas-praias-de-sintra-entra-em-vigor\/#breadcrumb","itemListElement":[{"@type":"ListItem","position":1,"name":"In\u00edcio","item":"https:\/\/portaltela.pt\/"},{"@type":"ListItem","position":2,"name":"Estacionamento pago nas praias de Sintra entra em vigor"}]},{"@type":"WebSite","@id":"https:\/\/portaltela.pt\/#website","url":"https:\/\/portaltela.pt\/","name":"Portal Tela Portugal","description":"","potentialAction":[{"@type":"SearchAction","target":{"@type":"EntryPoint","urlTemplate":"https:\/\/portaltela.pt\/?s={search_term_string}"},"query-input":{"@type":"PropertyValueSpecification","valueRequired":true,"valueName":"search_term_string"}}],"inLanguage":"pt-PT"},{"@type":"Person","@id":"https:\/\/portaltela.pt\/#\/schema\/person\/c4278d4a6028830caff9ee44b42d32ed","name":"Telinha","image":{"@type":"ImageObject","inLanguage":"pt-PT","@id":"https:\/\/portaltela.pt\/s.01k8rhncp4jt1\/2025\/11\/talking-bot-125x125.png","url":"https:\/\/portaltela.pt\/s.01k8rhncp4jt1\/2025\/11\/talking-bot-125x125.png","contentUrl":"https:\/\/portaltela.pt\/s.01k8rhncp4jt1\/2025\/11\/talking-bot-125x125.png","caption":"Telinha"},"sameAs":["https:\/\/portaltela.pt\/"],"url":"https:\/\/portaltela.pt\/por\/367410592786\/"}]}},"_links":{"self":[{"href":"https:\/\/portaltela.pt\/api\/wp\/v2\/posts\/464691","targetHints":{"allow":["GET"]}}],"collection":[{"href":"https:\/\/portaltela.pt\/api\/wp\/v2\/posts"}],"about":[{"href":"https:\/\/portaltela.pt\/api\/wp\/v2\/types\/post"}],"author":[{"embeddable":true,"href":"https:\/\/portaltela.pt\/api\/wp\/v2\/users\/2"}],"replies":[{"embeddable":true,"href":"https:\/\/portaltela.pt\/api\/wp\/v2\/comments?post=464691"}],"version-history":[{"count":0,"href":"https:\/\/portaltela.pt\/api\/wp\/v2\/posts\/464691\/revisions"}],"wp:featuredmedia":[{"embeddable":true,"href":"https:\/\/portaltela.pt\/api\/wp\/v2\/media\/464696"}],"wp:attachment":[{"href":"https:\/\/portaltela.pt\/api\/wp\/v2\/media?parent=464691"}],"wp:term":[{"taxonomy":"category","embeddable":true,"href":"https:\/\/portaltela.pt\/api\/wp\/v2\/categories?post=464691"},{"taxonomy":"post_tag","embeddable":true,"href":"https:\/\/portaltela.pt\/api\/wp\/v2\/tags?post=464691"}],"curies":[{"name":"wp","href":"https:\/\/api.w.org\/{rel}","templated":true}]}}