{"id":464687,"date":"2026-05-02T06:17:57","date_gmt":"2026-05-02T09:17:57","guid":{"rendered":"https:\/\/portaltela.pt\/noticias\/2026\/05\/02\/idosa-de-87-anos-em-ambulancia-morre-em-colisao-na-en14\/"},"modified":"2026-05-02T06:17:57","modified_gmt":"2026-05-02T09:17:57","slug":"idosa-de-87-anos-em-ambulancia-morre-em-colisao-na-en14","status":"publish","type":"post","link":"https:\/\/portaltela.pt\/noticias\/2026\/05\/02\/idosa-de-87-anos-em-ambulancia-morre-em-colisao-na-en14\/","title":{"rendered":"Idosa de 87 anos, em ambul\u00e2ncia, morre em colis\u00e3o na EN14"},"content":{"rendered":"<p>Na madrugada deste s\u00e1bado, ocorreu uma colis\u00e3o na EN14, na freguesia de Gavi\u00e3o, em Vila Nova de Famalic\u00e3o. Um carro entrou em contram\u00e3o, com as luzes apagadas, embateu violentamente numa ambul\u00e2ncia que seguia a cumprir um transporte de utentes n\u00e3o urgentes.<\/p>\n<p>A v\u00edtima mortal \u00e9 uma idosa de 87 anos, que seguia no interior da ambul\u00e2ncia para um lar. Dois feridos amplamente graves faziam parte da equipa de transporte: o motorista de 54 anos e a maqueira que o acompanhava. Ambos ficaram encarcerados ap\u00f3s o choque.<\/p>\n<p>No total, seis pessoas ficaram feridas. Cinco foram encaminhadas para o hospital de Famalic\u00e3o pela corpora\u00e7\u00e3o de bombeiros local, um em estado grave foi transportado para Braga e outro pela viatura SIV de Santo Tirso. A ocorr\u00eancia ocorreu por volta das 01h00, segundo o 112.<\/p>\n<h3>Investiga\u00e7\u00e3o em curso<\/h3>\n<p>As autoridades representam o caso como um embate frontal entre o carro que entrou em contram\u00e3o e a ambul\u00e2ncia. Os ocupantes do ve\u00edculo que circulava com as luzes apagadas s\u00e3o estrangeiros, supostamente naturais da \u00cdndia, do Nepal e do Paquist\u00e3o.<\/p>\n<p>A PSP de Famalic\u00e3o assume a investiga\u00e7\u00e3o para apurar as causas, incluindo poss\u00edveis raz\u00f5es para a circula\u00e7\u00e3o com as luzes apagadas e a eventual presen\u00e7a de \u00e1lcool. O hospital de Famalic\u00e3o acionou a VMER para apoiar a situa\u00e7\u00e3o no local.<\/p>\n<p>O corpo da idosa foi removido para a morgue para aut\u00f3psia, e o acidente est\u00e1 a ser alvo de peritagem policial. O transporte seguia de um hospital para o lar, ao abrigo de um protocolo entre a unidade hospitalar e a empresa privada de Ermesinde.<\/p>\n","protected":false},"excerpt":{"rendered":"<ul>\n<li>Colis\u00e3o na EN14, na freguesia de Gavi\u00e3o, Vila Nova de Famalic\u00e3o, entre uma ambul\u00e2ncia de transporte de utentes n\u00e3o urgentes e um carro que entrou em contram\u00e3o com luzes apagadas.<\/li>\n<li>Uma utente de 87 anos, que seguia na ambul\u00e2ncia para o lar, morreu no embate.<\/li>\n<li>Seis pessoas ficaram feridas; quatro foram para o hospital de Famalic\u00e3o e uma para Braga, com dois feridos em estado grave.<\/li>\n<li>O motorista de 54 anos e a profissional que o acompanhava ficaram encarcerados; ambos ficaram feridos.<\/li>\n<li>O ve\u00edculo contr\u00e1rio era conduzido por estrangeiros, possivelmente da \u00cdndia, Nepal e Paquist\u00e3o; a PSP de Famalic\u00e3o investiga as causas, incluindo o uso de luzes apagadas e eventual \u00e1lcool.<\/li>\n<\/ul>\n","protected":false},"author":2,"featured_media":464693,"comment_status":"closed","ping_status":"closed","sticky":false,"template":"","format":"standard","meta":{"footnotes":""},"categories":[6849,1],"tags":[7958,8564,8669,8271,8453,8194],"class_list":["post-464687","post","type-post","status-publish","format-standard","has-post-thumbnail","hentry","category-acidentes","category-noticias","tag-_acidente-rodoviario","tag-_ambulancias","tag-_estrangeiros","tag-_idosos","tag-_india","tag-_paquistao"],"yoast_head":"<!-- This site is optimized with the Yoast SEO plugin v27.2 - https:\/\/yoast.com\/product\/yoast-seo-wordpress\/ -->\n<title>Idosa de 87 anos, em ambul\u00e2ncia, morre em colis\u00e3o na EN14 - Portal Tela Portugal<\/title>\n<meta name=\"robots\" content=\"index, follow, max-snippet:-1, max-image-preview:large, max-video-preview:-1\" \/>\n<meta property=\"og:locale\" content=\"pt_PT\" \/>\n<meta property=\"og:type\" content=\"article\" \/>\n<meta property=\"og:title\" content=\"Idosa de 87 anos, em ambul\u00e2ncia, morre em colis\u00e3o na EN14 - Portal Tela Portugal\" \/>\n<meta property=\"og:description\" content=\"Colis\u00e3o na EN14, na freguesia de Gavi\u00e3o, Vila Nova de Famalic\u00e3o, entre uma ambul\u00e2ncia de transporte de utentes n\u00e3o urgentes e um carro que entrou em contram\u00e3o com luzes apagadas. Uma utente de 87 anos, que seguia na ambul\u00e2ncia para o lar, morreu no embate. Seis pessoas ficaram feridas; quatro foram para o hospital de Famalic\u00e3o e uma para Braga, com dois feridos em estado grave. O motorista de 54 anos e a profissional que o acompanhava ficaram encarcerados; ambos ficaram feridos. O ve\u00edculo contr\u00e1rio era conduzido por estrangeiros, possivelmente da \u00cdndia, Nepal e Paquist\u00e3o; a PSP de Famalic\u00e3o investiga as causas, incluindo o uso de luzes apagadas e eventual \u00e1lcool.\" \/>\n<meta property=\"og:url\" content=\"https:\/\/portaltela.pt\/noticias\/2026\/05\/02\/idosa-de-87-anos-em-ambulancia-morre-em-colisao-na-en14\/\" \/>\n<meta property=\"og:site_name\" content=\"Portal Tela Portugal\" \/>\n<meta property=\"article:published_time\" content=\"2026-05-02T09:17:57+00:00\" \/>\n<meta name=\"author\" content=\"Telinha\" \/>\n<meta name=\"twitter:card\" content=\"summary_large_image\" \/>\n<meta name=\"twitter:label1\" content=\"Escrito por\" \/>\n\t<meta name=\"twitter:data1\" content=\"Telinha\" \/>\n\t<meta name=\"twitter:label2\" content=\"Tempo estimado de leitura\" \/>\n\t<meta name=\"twitter:data2\" content=\"1 minuto\" \/>\n<script type=\"application\/ld+json\" class=\"yoast-schema-graph\">{\"@context\":\"https:\/\/schema.org\",\"@graph\":[{\"@type\":\"Article\",\"@id\":\"https:\/\/portaltela.pt\/noticias\/2026\/05\/02\/idosa-de-87-anos-em-ambulancia-morre-em-colisao-na-en14\/#article\",\"isPartOf\":{\"@id\":\"https:\/\/portaltela.pt\/noticias\/2026\/05\/02\/idosa-de-87-anos-em-ambulancia-morre-em-colisao-na-en14\/\"},\"author\":{\"name\":\"Telinha\",\"@id\":\"https:\/\/portaltela.pt\/#\/schema\/person\/c4278d4a6028830caff9ee44b42d32ed\"},\"headline\":\"Idosa de 87 anos, em ambul\u00e2ncia, morre em colis\u00e3o na EN14\",\"datePublished\":\"2026-05-02T09:17:57+00:00\",\"mainEntityOfPage\":{\"@id\":\"https:\/\/portaltela.pt\/noticias\/2026\/05\/02\/idosa-de-87-anos-em-ambulancia-morre-em-colisao-na-en14\/\"},\"wordCount\":295,\"image\":{\"@id\":\"https:\/\/portaltela.pt\/noticias\/2026\/05\/02\/idosa-de-87-anos-em-ambulancia-morre-em-colisao-na-en14\/#primaryimage\"},\"thumbnailUrl\":\"https:\/\/portaltela.pt\/s.01k8rhncp4jt1\/2026\/05\/img_1500x1000uu2026-05-02-10-02-42-2282356.jpg\",\"keywords\":[\"_acidente rodovi\u00e1rio\",\"_ambul\u00e2ncias\",\"_estrangeiros\",\"_idosos\",\"_\u00cdndia\",\"_Paquist\u00e3o\"],\"articleSection\":[\"Acidentes\",\"Not\u00edcias\"],\"inLanguage\":\"pt-PT\"},{\"@type\":\"WebPage\",\"@id\":\"https:\/\/portaltela.pt\/noticias\/2026\/05\/02\/idosa-de-87-anos-em-ambulancia-morre-em-colisao-na-en14\/\",\"url\":\"https:\/\/portaltela.pt\/noticias\/2026\/05\/02\/idosa-de-87-anos-em-ambulancia-morre-em-colisao-na-en14\/\",\"name\":\"Idosa de 87 anos, em ambul\u00e2ncia, morre em colis\u00e3o na EN14 - Portal Tela Portugal\",\"isPartOf\":{\"@id\":\"https:\/\/portaltela.pt\/#website\"},\"primaryImageOfPage\":{\"@id\":\"https:\/\/portaltela.pt\/noticias\/2026\/05\/02\/idosa-de-87-anos-em-ambulancia-morre-em-colisao-na-en14\/#primaryimage\"},\"image\":{\"@id\":\"https:\/\/portaltela.pt\/noticias\/2026\/05\/02\/idosa-de-87-anos-em-ambulancia-morre-em-colisao-na-en14\/#primaryimage\"},\"thumbnailUrl\":\"https:\/\/portaltela.pt\/s.01k8rhncp4jt1\/2026\/05\/img_1500x1000uu2026-05-02-10-02-42-2282356.jpg\",\"datePublished\":\"2026-05-02T09:17:57+00:00\",\"author\":{\"@id\":\"https:\/\/portaltela.pt\/#\/schema\/person\/c4278d4a6028830caff9ee44b42d32ed\"},\"breadcrumb\":{\"@id\":\"https:\/\/portaltela.pt\/noticias\/2026\/05\/02\/idosa-de-87-anos-em-ambulancia-morre-em-colisao-na-en14\/#breadcrumb\"},\"inLanguage\":\"pt-PT\",\"potentialAction\":[{\"@type\":\"ReadAction\",\"target\":[\"https:\/\/portaltela.pt\/noticias\/2026\/05\/02\/idosa-de-87-anos-em-ambulancia-morre-em-colisao-na-en14\/\"]}]},{\"@type\":\"ImageObject\",\"inLanguage\":\"pt-PT\",\"@id\":\"https:\/\/portaltela.pt\/noticias\/2026\/05\/02\/idosa-de-87-anos-em-ambulancia-morre-em-colisao-na-en14\/#primaryimage\",\"url\":\"https:\/\/portaltela.pt\/s.01k8rhncp4jt1\/2026\/05\/img_1500x1000uu2026-05-02-10-02-42-2282356.jpg\",\"contentUrl\":\"https:\/\/portaltela.pt\/s.01k8rhncp4jt1\/2026\/05\/img_1500x1000uu2026-05-02-10-02-42-2282356.jpg\",\"width\":1500,\"height\":1000,\"caption\":\"Colis\u00e3o na EN14: Idosa morre ap\u00f3s carro em contram\u00e3o embater em ambul\u00e2ncia\"},{\"@type\":\"BreadcrumbList\",\"@id\":\"https:\/\/portaltela.pt\/noticias\/2026\/05\/02\/idosa-de-87-anos-em-ambulancia-morre-em-colisao-na-en14\/#breadcrumb\",\"itemListElement\":[{\"@type\":\"ListItem\",\"position\":1,\"name\":\"In\u00edcio\",\"item\":\"https:\/\/portaltela.pt\/\"},{\"@type\":\"ListItem\",\"position\":2,\"name\":\"Idosa de 87 anos, em ambul\u00e2ncia, morre em colis\u00e3o na EN14\"}]},{\"@type\":\"WebSite\",\"@id\":\"https:\/\/portaltela.pt\/#website\",\"url\":\"https:\/\/portaltela.pt\/\",\"name\":\"Portal Tela Portugal\",\"description\":\"\",\"potentialAction\":[{\"@type\":\"SearchAction\",\"target\":{\"@type\":\"EntryPoint\",\"urlTemplate\":\"https:\/\/portaltela.pt\/?s={search_term_string}\"},\"query-input\":{\"@type\":\"PropertyValueSpecification\",\"valueRequired\":true,\"valueName\":\"search_term_string\"}}],\"inLanguage\":\"pt-PT\"},{\"@type\":\"Person\",\"@id\":\"https:\/\/portaltela.pt\/#\/schema\/person\/c4278d4a6028830caff9ee44b42d32ed\",\"name\":\"Telinha\",\"image\":{\"@type\":\"ImageObject\",\"inLanguage\":\"pt-PT\",\"@id\":\"https:\/\/portaltela.pt\/s.01k8rhncp4jt1\/2025\/11\/talking-bot-125x125.png\",\"url\":\"https:\/\/portaltela.pt\/s.01k8rhncp4jt1\/2025\/11\/talking-bot-125x125.png\",\"contentUrl\":\"https:\/\/portaltela.pt\/s.01k8rhncp4jt1\/2025\/11\/talking-bot-125x125.png\",\"caption\":\"Telinha\"},\"sameAs\":[\"https:\/\/portaltela.pt\/\"],\"url\":\"https:\/\/portaltela.pt\/por\/367410592786\/\"}]}<\/script>\n<!-- \/ Yoast SEO plugin. -->","yoast_head_json":{"title":"Idosa de 87 anos, em ambul\u00e2ncia, morre em colis\u00e3o na EN14 - Portal Tela Portugal","robots":{"index":"index","follow":"follow","max-snippet":"max-snippet:-1","max-image-preview":"max-image-preview:large","max-video-preview":"max-video-preview:-1"},"og_locale":"pt_PT","og_type":"article","og_title":"Idosa de 87 anos, em ambul\u00e2ncia, morre em colis\u00e3o na EN14 - Portal Tela Portugal","og_description":"Colis\u00e3o na EN14, na freguesia de Gavi\u00e3o, Vila Nova de Famalic\u00e3o, entre uma ambul\u00e2ncia de transporte de utentes n\u00e3o urgentes e um carro que entrou em contram\u00e3o com luzes apagadas. Uma utente de 87 anos, que seguia na ambul\u00e2ncia para o lar, morreu no embate. Seis pessoas ficaram feridas; quatro foram para o hospital de Famalic\u00e3o e uma para Braga, com dois feridos em estado grave. O motorista de 54 anos e a profissional que o acompanhava ficaram encarcerados; ambos ficaram feridos. O ve\u00edculo contr\u00e1rio era conduzido por estrangeiros, possivelmente da \u00cdndia, Nepal e Paquist\u00e3o; a PSP de Famalic\u00e3o investiga as causas, incluindo o uso de luzes apagadas e eventual \u00e1lcool.","og_url":"https:\/\/portaltela.pt\/noticias\/2026\/05\/02\/idosa-de-87-anos-em-ambulancia-morre-em-colisao-na-en14\/","og_site_name":"Portal Tela Portugal","article_published_time":"2026-05-02T09:17:57+00:00","author":"Telinha","twitter_card":"summary_large_image","twitter_misc":{"Escrito por":"Telinha","Tempo estimado de leitura":"1 minuto"},"schema":{"@context":"https:\/\/schema.org","@graph":[{"@type":"Article","@id":"https:\/\/portaltela.pt\/noticias\/2026\/05\/02\/idosa-de-87-anos-em-ambulancia-morre-em-colisao-na-en14\/#article","isPartOf":{"@id":"https:\/\/portaltela.pt\/noticias\/2026\/05\/02\/idosa-de-87-anos-em-ambulancia-morre-em-colisao-na-en14\/"},"author":{"name":"Telinha","@id":"https:\/\/portaltela.pt\/#\/schema\/person\/c4278d4a6028830caff9ee44b42d32ed"},"headline":"Idosa de 87 anos, em ambul\u00e2ncia, morre em colis\u00e3o na EN14","datePublished":"2026-05-02T09:17:57+00:00","mainEntityOfPage":{"@id":"https:\/\/portaltela.pt\/noticias\/2026\/05\/02\/idosa-de-87-anos-em-ambulancia-morre-em-colisao-na-en14\/"},"wordCount":295,"image":{"@id":"https:\/\/portaltela.pt\/noticias\/2026\/05\/02\/idosa-de-87-anos-em-ambulancia-morre-em-colisao-na-en14\/#primaryimage"},"thumbnailUrl":"https:\/\/portaltela.pt\/s.01k8rhncp4jt1\/2026\/05\/img_1500x1000uu2026-05-02-10-02-42-2282356.jpg","keywords":["_acidente rodovi\u00e1rio","_ambul\u00e2ncias","_estrangeiros","_idosos","_\u00cdndia","_Paquist\u00e3o"],"articleSection":["Acidentes","Not\u00edcias"],"inLanguage":"pt-PT"},{"@type":"WebPage","@id":"https:\/\/portaltela.pt\/noticias\/2026\/05\/02\/idosa-de-87-anos-em-ambulancia-morre-em-colisao-na-en14\/","url":"https:\/\/portaltela.pt\/noticias\/2026\/05\/02\/idosa-de-87-anos-em-ambulancia-morre-em-colisao-na-en14\/","name":"Idosa de 87 anos, em ambul\u00e2ncia, morre em colis\u00e3o na EN14 - Portal Tela Portugal","isPartOf":{"@id":"https:\/\/portaltela.pt\/#website"},"primaryImageOfPage":{"@id":"https:\/\/portaltela.pt\/noticias\/2026\/05\/02\/idosa-de-87-anos-em-ambulancia-morre-em-colisao-na-en14\/#primaryimage"},"image":{"@id":"https:\/\/portaltela.pt\/noticias\/2026\/05\/02\/idosa-de-87-anos-em-ambulancia-morre-em-colisao-na-en14\/#primaryimage"},"thumbnailUrl":"https:\/\/portaltela.pt\/s.01k8rhncp4jt1\/2026\/05\/img_1500x1000uu2026-05-02-10-02-42-2282356.jpg","datePublished":"2026-05-02T09:17:57+00:00","author":{"@id":"https:\/\/portaltela.pt\/#\/schema\/person\/c4278d4a6028830caff9ee44b42d32ed"},"breadcrumb":{"@id":"https:\/\/portaltela.pt\/noticias\/2026\/05\/02\/idosa-de-87-anos-em-ambulancia-morre-em-colisao-na-en14\/#breadcrumb"},"inLanguage":"pt-PT","potentialAction":[{"@type":"ReadAction","target":["https:\/\/portaltela.pt\/noticias\/2026\/05\/02\/idosa-de-87-anos-em-ambulancia-morre-em-colisao-na-en14\/"]}]},{"@type":"ImageObject","inLanguage":"pt-PT","@id":"https:\/\/portaltela.pt\/noticias\/2026\/05\/02\/idosa-de-87-anos-em-ambulancia-morre-em-colisao-na-en14\/#primaryimage","url":"https:\/\/portaltela.pt\/s.01k8rhncp4jt1\/2026\/05\/img_1500x1000uu2026-05-02-10-02-42-2282356.jpg","contentUrl":"https:\/\/portaltela.pt\/s.01k8rhncp4jt1\/2026\/05\/img_1500x1000uu2026-05-02-10-02-42-2282356.jpg","width":1500,"height":1000,"caption":"Colis\u00e3o na EN14: Idosa morre ap\u00f3s carro em contram\u00e3o embater em ambul\u00e2ncia"},{"@type":"BreadcrumbList","@id":"https:\/\/portaltela.pt\/noticias\/2026\/05\/02\/idosa-de-87-anos-em-ambulancia-morre-em-colisao-na-en14\/#breadcrumb","itemListElement":[{"@type":"ListItem","position":1,"name":"In\u00edcio","item":"https:\/\/portaltela.pt\/"},{"@type":"ListItem","position":2,"name":"Idosa de 87 anos, em ambul\u00e2ncia, morre em colis\u00e3o na EN14"}]},{"@type":"WebSite","@id":"https:\/\/portaltela.pt\/#website","url":"https:\/\/portaltela.pt\/","name":"Portal Tela Portugal","description":"","potentialAction":[{"@type":"SearchAction","target":{"@type":"EntryPoint","urlTemplate":"https:\/\/portaltela.pt\/?s={search_term_string}"},"query-input":{"@type":"PropertyValueSpecification","valueRequired":true,"valueName":"search_term_string"}}],"inLanguage":"pt-PT"},{"@type":"Person","@id":"https:\/\/portaltela.pt\/#\/schema\/person\/c4278d4a6028830caff9ee44b42d32ed","name":"Telinha","image":{"@type":"ImageObject","inLanguage":"pt-PT","@id":"https:\/\/portaltela.pt\/s.01k8rhncp4jt1\/2025\/11\/talking-bot-125x125.png","url":"https:\/\/portaltela.pt\/s.01k8rhncp4jt1\/2025\/11\/talking-bot-125x125.png","contentUrl":"https:\/\/portaltela.pt\/s.01k8rhncp4jt1\/2025\/11\/talking-bot-125x125.png","caption":"Telinha"},"sameAs":["https:\/\/portaltela.pt\/"],"url":"https:\/\/portaltela.pt\/por\/367410592786\/"}]}},"_links":{"self":[{"href":"https:\/\/portaltela.pt\/api\/wp\/v2\/posts\/464687","targetHints":{"allow":["GET"]}}],"collection":[{"href":"https:\/\/portaltela.pt\/api\/wp\/v2\/posts"}],"about":[{"href":"https:\/\/portaltela.pt\/api\/wp\/v2\/types\/post"}],"author":[{"embeddable":true,"href":"https:\/\/portaltela.pt\/api\/wp\/v2\/users\/2"}],"replies":[{"embeddable":true,"href":"https:\/\/portaltela.pt\/api\/wp\/v2\/comments?post=464687"}],"version-history":[{"count":0,"href":"https:\/\/portaltela.pt\/api\/wp\/v2\/posts\/464687\/revisions"}],"wp:featuredmedia":[{"embeddable":true,"href":"https:\/\/portaltela.pt\/api\/wp\/v2\/media\/464693"}],"wp:attachment":[{"href":"https:\/\/portaltela.pt\/api\/wp\/v2\/media?parent=464687"}],"wp:term":[{"taxonomy":"category","embeddable":true,"href":"https:\/\/portaltela.pt\/api\/wp\/v2\/categories?post=464687"},{"taxonomy":"post_tag","embeddable":true,"href":"https:\/\/portaltela.pt\/api\/wp\/v2\/tags?post=464687"}],"curies":[{"name":"wp","href":"https:\/\/api.w.org\/{rel}","templated":true}]}}