{"id":464673,"date":"2026-05-02T05:48:07","date_gmt":"2026-05-02T08:48:07","guid":{"rendered":"https:\/\/portaltela.pt\/noticias\/2026\/05\/02\/giorgia-meloni-e-a-derrota-da-ideologia\/"},"modified":"2026-05-02T05:48:07","modified_gmt":"2026-05-02T08:48:07","slug":"giorgia-meloni-e-a-derrota-da-ideologia","status":"publish","type":"post","link":"https:\/\/portaltela.pt\/noticias\/politica\/2026\/05\/02\/giorgia-meloni-e-a-derrota-da-ideologia\/","title":{"rendered":"Giorgia Meloni e a derrota da ideologia"},"content":{"rendered":"<p>Giorgia Meloni, primeira-ministra italiana, e o presidente dos EUA discutiram publicamente quest\u00f5es ligadas \u00e0 guerra em curso e ao papel da Igreja. O epis\u00f3dio recente alimenta o debate sobre a linha externa italiana, sob a lideran\u00e7a de Meloni.<\/p>\n<p>Analistas indicam que as trocas de mensagens e declara\u00e7\u00f5es alimentam d\u00favidas sobre o alinhamento da It\u00e1lia com pol\u00edticas da direita global. O contorno da rela\u00e7\u00e3o com Donald Trump \u00e9 visto como um indicativo, mas n\u00e3o h\u00e1 confirma\u00e7\u00e3o de mudan\u00e7as formais na pol\u00edtica externa.<\/p>\n<p>A controv\u00e9rsia volta a colocar em foco o estilo de lideran\u00e7a de Meloni e as suas liga\u00e7\u00f5es com movimentos conservadores europeus. Observadores destacam que o tema envolve posi\u00e7\u00e3o estrat\u00e9gica sobre conflitos internacionais e o papel da diplomacia italiana.<\/p>\n<h3>An\u00e1lise ao alinhamento externo<\/h3>\n<p>H\u00e1 quem interprete a rela\u00e7\u00e3o com Trump como sinal de coopera\u00e7\u00e3o entre governos de direita. Outros lembram que Meloni j\u00e1 enfatizou autonomia estrat\u00e9gica italiana em quest\u00f5es diplom\u00e1ticas. Ainda n\u00e3o h\u00e1 declara\u00e7\u00f5es oficiais que revelem um rethink estrutural da pol\u00edtica externa.<\/p>\n<p>Especialistas apontam que o debate atual n\u00e3o determina uma viragem abrupta. O governo italiano tem reiterado a defesa de interesses nacionais, mantendo di\u00e1logo com parceiros europeus e transatl\u00e2nticos. A situa\u00e7\u00e3o permanece em evolu\u00e7\u00e3o.<\/p>\n","protected":false},"excerpt":{"rendered":"<ul>\n<li>A l\u00edder italiana Giorgia Meloni e o presidente dos Estados Unidos, Donald Trump, foram alvo de elogios m\u00fatuos num cap\u00edtulo que envolveu a guerra e o papado; o romance pol\u00edtico entre ambos \u00e9 colocado em d\u00favida.<\/li>\n<li>A ideologia \u00e9 apresentada como eixo da pol\u00edtica externa de Meloni, com um alinhamento percebido a Trump ao longo do per\u00edodo.<\/li>\n<li>O texto levanta a hip\u00f3tese de que a vis\u00e3o de Meloni poder\u00e1 ter ra\u00edzes numa experi\u00eancia de inf\u00e2ncia associada a uma m\u00e3e de direita e um pai de esquerda, em Garbatella, bairro oper\u00e1rio de Roma.<\/li>\n<li>H\u00e1 quem saiba que a origem dessa ideologia envolve um trauma precoce, mas o artigo admite que se trate de uma interpreta\u00e7\u00e3o ou narrativa para cinema, sem confirma\u00e7\u00e3o factual.<\/li>\n<\/ul>\n","protected":false},"author":2,"featured_media":464674,"comment_status":"closed","ping_status":"closed","sticky":false,"template":"","format":"standard","meta":{"footnotes":""},"categories":[6814,5],"tags":[3496,29,2487,81,1857,2832],"class_list":["post-464673","post","type-post","status-publish","format-standard","has-post-thumbnail","hentry","category-geopolitica","category-politica","tag-aliancas-internacionais","tag-diplomacia","tag-europa","tag-internacionais","tag-italia","tag-politica"],"yoast_head":"<!-- This site is optimized with the Yoast SEO plugin v27.2 - https:\/\/yoast.com\/product\/yoast-seo-wordpress\/ -->\n<title>Giorgia Meloni e a derrota da ideologia - Portal Tela Portugal<\/title>\n<meta name=\"robots\" content=\"index, follow, max-snippet:-1, max-image-preview:large, max-video-preview:-1\" \/>\n<meta property=\"og:locale\" content=\"pt_PT\" \/>\n<meta property=\"og:type\" content=\"article\" \/>\n<meta property=\"og:title\" content=\"Giorgia Meloni e a derrota da ideologia - Portal Tela Portugal\" \/>\n<meta property=\"og:description\" content=\"A l\u00edder italiana Giorgia Meloni e o presidente dos Estados Unidos, Donald Trump, foram alvo de elogios m\u00fatuos num cap\u00edtulo que envolveu a guerra e o papado; o romance pol\u00edtico entre ambos \u00e9 colocado em d\u00favida. A ideologia \u00e9 apresentada como eixo da pol\u00edtica externa de Meloni, com um alinhamento percebido a Trump ao longo do per\u00edodo. O texto levanta a hip\u00f3tese de que a vis\u00e3o de Meloni poder\u00e1 ter ra\u00edzes numa experi\u00eancia de inf\u00e2ncia associada a uma m\u00e3e de direita e um pai de esquerda, em Garbatella, bairro oper\u00e1rio de Roma. H\u00e1 quem saiba que a origem dessa ideologia envolve um trauma precoce, mas o artigo admite que se trate de uma interpreta\u00e7\u00e3o ou narrativa para cinema, sem confirma\u00e7\u00e3o factual.\" \/>\n<meta property=\"og:url\" content=\"https:\/\/portaltela.pt\/noticias\/2026\/05\/02\/giorgia-meloni-e-a-derrota-da-ideologia\/\" \/>\n<meta property=\"og:site_name\" content=\"Portal Tela Portugal\" \/>\n<meta property=\"article:published_time\" content=\"2026-05-02T08:48:07+00:00\" \/>\n<meta name=\"author\" content=\"Telinha\" \/>\n<meta name=\"twitter:card\" content=\"summary_large_image\" \/>\n<meta name=\"twitter:label1\" content=\"Escrito por\" \/>\n\t<meta name=\"twitter:data1\" content=\"Telinha\" \/>\n\t<meta name=\"twitter:label2\" content=\"Tempo estimado de leitura\" \/>\n\t<meta name=\"twitter:data2\" content=\"1 minuto\" \/>\n<script type=\"application\/ld+json\" class=\"yoast-schema-graph\">{\"@context\":\"https:\/\/schema.org\",\"@graph\":[{\"@type\":\"Article\",\"@id\":\"https:\/\/portaltela.pt\/noticias\/2026\/05\/02\/giorgia-meloni-e-a-derrota-da-ideologia\/#article\",\"isPartOf\":{\"@id\":\"https:\/\/portaltela.pt\/noticias\/2026\/05\/02\/giorgia-meloni-e-a-derrota-da-ideologia\/\"},\"author\":{\"name\":\"Telinha\",\"@id\":\"https:\/\/portaltela.pt\/#\/schema\/person\/c4278d4a6028830caff9ee44b42d32ed\"},\"headline\":\"Giorgia Meloni e a derrota da ideologia\",\"datePublished\":\"2026-05-02T08:48:07+00:00\",\"mainEntityOfPage\":{\"@id\":\"https:\/\/portaltela.pt\/noticias\/2026\/05\/02\/giorgia-meloni-e-a-derrota-da-ideologia\/\"},\"wordCount\":232,\"image\":{\"@id\":\"https:\/\/portaltela.pt\/noticias\/2026\/05\/02\/giorgia-meloni-e-a-derrota-da-ideologia\/#primaryimage\"},\"thumbnailUrl\":\"https:\/\/portaltela.pt\/s.01k8rhncp4jt1\/2026\/05\/image-73.jpg\",\"keywords\":[\"alian\u00e7as internacionais\",\"diplomacia\",\"Europa\",\"internacionais\",\"It\u00e1lia\",\"pol\u00edtica\"],\"articleSection\":[\"Geopol\u00edtica\",\"Pol\u00edtica\"],\"inLanguage\":\"pt-PT\"},{\"@type\":\"WebPage\",\"@id\":\"https:\/\/portaltela.pt\/noticias\/2026\/05\/02\/giorgia-meloni-e-a-derrota-da-ideologia\/\",\"url\":\"https:\/\/portaltela.pt\/noticias\/2026\/05\/02\/giorgia-meloni-e-a-derrota-da-ideologia\/\",\"name\":\"Giorgia Meloni e a derrota da ideologia - Portal Tela Portugal\",\"isPartOf\":{\"@id\":\"https:\/\/portaltela.pt\/#website\"},\"primaryImageOfPage\":{\"@id\":\"https:\/\/portaltela.pt\/noticias\/2026\/05\/02\/giorgia-meloni-e-a-derrota-da-ideologia\/#primaryimage\"},\"image\":{\"@id\":\"https:\/\/portaltela.pt\/noticias\/2026\/05\/02\/giorgia-meloni-e-a-derrota-da-ideologia\/#primaryimage\"},\"thumbnailUrl\":\"https:\/\/portaltela.pt\/s.01k8rhncp4jt1\/2026\/05\/image-73.jpg\",\"datePublished\":\"2026-05-02T08:48:07+00:00\",\"author\":{\"@id\":\"https:\/\/portaltela.pt\/#\/schema\/person\/c4278d4a6028830caff9ee44b42d32ed\"},\"breadcrumb\":{\"@id\":\"https:\/\/portaltela.pt\/noticias\/2026\/05\/02\/giorgia-meloni-e-a-derrota-da-ideologia\/#breadcrumb\"},\"inLanguage\":\"pt-PT\",\"potentialAction\":[{\"@type\":\"ReadAction\",\"target\":[\"https:\/\/portaltela.pt\/noticias\/2026\/05\/02\/giorgia-meloni-e-a-derrota-da-ideologia\/\"]}]},{\"@type\":\"ImageObject\",\"inLanguage\":\"pt-PT\",\"@id\":\"https:\/\/portaltela.pt\/noticias\/2026\/05\/02\/giorgia-meloni-e-a-derrota-da-ideologia\/#primaryimage\",\"url\":\"https:\/\/portaltela.pt\/s.01k8rhncp4jt1\/2026\/05\/image-73.jpg\",\"contentUrl\":\"https:\/\/portaltela.pt\/s.01k8rhncp4jt1\/2026\/05\/image-73.jpg\",\"width\":796,\"height\":448,\"caption\":\"Foi a ideologia que a primeira-ministra italiana colocou sempre como linha mestra da gest\u00e3o da sua pol\u00edtica externa. A colagem a Donald Trump foi sempre evidente\"},{\"@type\":\"BreadcrumbList\",\"@id\":\"https:\/\/portaltela.pt\/noticias\/2026\/05\/02\/giorgia-meloni-e-a-derrota-da-ideologia\/#breadcrumb\",\"itemListElement\":[{\"@type\":\"ListItem\",\"position\":1,\"name\":\"In\u00edcio\",\"item\":\"https:\/\/portaltela.pt\/\"},{\"@type\":\"ListItem\",\"position\":2,\"name\":\"Giorgia Meloni e a derrota da ideologia\"}]},{\"@type\":\"WebSite\",\"@id\":\"https:\/\/portaltela.pt\/#website\",\"url\":\"https:\/\/portaltela.pt\/\",\"name\":\"Portal Tela Portugal\",\"description\":\"\",\"potentialAction\":[{\"@type\":\"SearchAction\",\"target\":{\"@type\":\"EntryPoint\",\"urlTemplate\":\"https:\/\/portaltela.pt\/?s={search_term_string}\"},\"query-input\":{\"@type\":\"PropertyValueSpecification\",\"valueRequired\":true,\"valueName\":\"search_term_string\"}}],\"inLanguage\":\"pt-PT\"},{\"@type\":\"Person\",\"@id\":\"https:\/\/portaltela.pt\/#\/schema\/person\/c4278d4a6028830caff9ee44b42d32ed\",\"name\":\"Telinha\",\"image\":{\"@type\":\"ImageObject\",\"inLanguage\":\"pt-PT\",\"@id\":\"https:\/\/portaltela.pt\/s.01k8rhncp4jt1\/2025\/11\/talking-bot-125x125.png\",\"url\":\"https:\/\/portaltela.pt\/s.01k8rhncp4jt1\/2025\/11\/talking-bot-125x125.png\",\"contentUrl\":\"https:\/\/portaltela.pt\/s.01k8rhncp4jt1\/2025\/11\/talking-bot-125x125.png\",\"caption\":\"Telinha\"},\"sameAs\":[\"https:\/\/portaltela.pt\/\"],\"url\":\"https:\/\/portaltela.pt\/por\/367410592786\/\"}]}<\/script>\n<!-- \/ Yoast SEO plugin. -->","yoast_head_json":{"title":"Giorgia Meloni e a derrota da ideologia - Portal Tela Portugal","robots":{"index":"index","follow":"follow","max-snippet":"max-snippet:-1","max-image-preview":"max-image-preview:large","max-video-preview":"max-video-preview:-1"},"og_locale":"pt_PT","og_type":"article","og_title":"Giorgia Meloni e a derrota da ideologia - Portal Tela Portugal","og_description":"A l\u00edder italiana Giorgia Meloni e o presidente dos Estados Unidos, Donald Trump, foram alvo de elogios m\u00fatuos num cap\u00edtulo que envolveu a guerra e o papado; o romance pol\u00edtico entre ambos \u00e9 colocado em d\u00favida. A ideologia \u00e9 apresentada como eixo da pol\u00edtica externa de Meloni, com um alinhamento percebido a Trump ao longo do per\u00edodo. O texto levanta a hip\u00f3tese de que a vis\u00e3o de Meloni poder\u00e1 ter ra\u00edzes numa experi\u00eancia de inf\u00e2ncia associada a uma m\u00e3e de direita e um pai de esquerda, em Garbatella, bairro oper\u00e1rio de Roma. H\u00e1 quem saiba que a origem dessa ideologia envolve um trauma precoce, mas o artigo admite que se trate de uma interpreta\u00e7\u00e3o ou narrativa para cinema, sem confirma\u00e7\u00e3o factual.","og_url":"https:\/\/portaltela.pt\/noticias\/2026\/05\/02\/giorgia-meloni-e-a-derrota-da-ideologia\/","og_site_name":"Portal Tela Portugal","article_published_time":"2026-05-02T08:48:07+00:00","author":"Telinha","twitter_card":"summary_large_image","twitter_misc":{"Escrito por":"Telinha","Tempo estimado de leitura":"1 minuto"},"schema":{"@context":"https:\/\/schema.org","@graph":[{"@type":"Article","@id":"https:\/\/portaltela.pt\/noticias\/2026\/05\/02\/giorgia-meloni-e-a-derrota-da-ideologia\/#article","isPartOf":{"@id":"https:\/\/portaltela.pt\/noticias\/2026\/05\/02\/giorgia-meloni-e-a-derrota-da-ideologia\/"},"author":{"name":"Telinha","@id":"https:\/\/portaltela.pt\/#\/schema\/person\/c4278d4a6028830caff9ee44b42d32ed"},"headline":"Giorgia Meloni e a derrota da ideologia","datePublished":"2026-05-02T08:48:07+00:00","mainEntityOfPage":{"@id":"https:\/\/portaltela.pt\/noticias\/2026\/05\/02\/giorgia-meloni-e-a-derrota-da-ideologia\/"},"wordCount":232,"image":{"@id":"https:\/\/portaltela.pt\/noticias\/2026\/05\/02\/giorgia-meloni-e-a-derrota-da-ideologia\/#primaryimage"},"thumbnailUrl":"https:\/\/portaltela.pt\/s.01k8rhncp4jt1\/2026\/05\/image-73.jpg","keywords":["alian\u00e7as internacionais","diplomacia","Europa","internacionais","It\u00e1lia","pol\u00edtica"],"articleSection":["Geopol\u00edtica","Pol\u00edtica"],"inLanguage":"pt-PT"},{"@type":"WebPage","@id":"https:\/\/portaltela.pt\/noticias\/2026\/05\/02\/giorgia-meloni-e-a-derrota-da-ideologia\/","url":"https:\/\/portaltela.pt\/noticias\/2026\/05\/02\/giorgia-meloni-e-a-derrota-da-ideologia\/","name":"Giorgia Meloni e a derrota da ideologia - Portal Tela Portugal","isPartOf":{"@id":"https:\/\/portaltela.pt\/#website"},"primaryImageOfPage":{"@id":"https:\/\/portaltela.pt\/noticias\/2026\/05\/02\/giorgia-meloni-e-a-derrota-da-ideologia\/#primaryimage"},"image":{"@id":"https:\/\/portaltela.pt\/noticias\/2026\/05\/02\/giorgia-meloni-e-a-derrota-da-ideologia\/#primaryimage"},"thumbnailUrl":"https:\/\/portaltela.pt\/s.01k8rhncp4jt1\/2026\/05\/image-73.jpg","datePublished":"2026-05-02T08:48:07+00:00","author":{"@id":"https:\/\/portaltela.pt\/#\/schema\/person\/c4278d4a6028830caff9ee44b42d32ed"},"breadcrumb":{"@id":"https:\/\/portaltela.pt\/noticias\/2026\/05\/02\/giorgia-meloni-e-a-derrota-da-ideologia\/#breadcrumb"},"inLanguage":"pt-PT","potentialAction":[{"@type":"ReadAction","target":["https:\/\/portaltela.pt\/noticias\/2026\/05\/02\/giorgia-meloni-e-a-derrota-da-ideologia\/"]}]},{"@type":"ImageObject","inLanguage":"pt-PT","@id":"https:\/\/portaltela.pt\/noticias\/2026\/05\/02\/giorgia-meloni-e-a-derrota-da-ideologia\/#primaryimage","url":"https:\/\/portaltela.pt\/s.01k8rhncp4jt1\/2026\/05\/image-73.jpg","contentUrl":"https:\/\/portaltela.pt\/s.01k8rhncp4jt1\/2026\/05\/image-73.jpg","width":796,"height":448,"caption":"Foi a ideologia que a primeira-ministra italiana colocou sempre como linha mestra da gest\u00e3o da sua pol\u00edtica externa. A colagem a Donald Trump foi sempre evidente"},{"@type":"BreadcrumbList","@id":"https:\/\/portaltela.pt\/noticias\/2026\/05\/02\/giorgia-meloni-e-a-derrota-da-ideologia\/#breadcrumb","itemListElement":[{"@type":"ListItem","position":1,"name":"In\u00edcio","item":"https:\/\/portaltela.pt\/"},{"@type":"ListItem","position":2,"name":"Giorgia Meloni e a derrota da ideologia"}]},{"@type":"WebSite","@id":"https:\/\/portaltela.pt\/#website","url":"https:\/\/portaltela.pt\/","name":"Portal Tela Portugal","description":"","potentialAction":[{"@type":"SearchAction","target":{"@type":"EntryPoint","urlTemplate":"https:\/\/portaltela.pt\/?s={search_term_string}"},"query-input":{"@type":"PropertyValueSpecification","valueRequired":true,"valueName":"search_term_string"}}],"inLanguage":"pt-PT"},{"@type":"Person","@id":"https:\/\/portaltela.pt\/#\/schema\/person\/c4278d4a6028830caff9ee44b42d32ed","name":"Telinha","image":{"@type":"ImageObject","inLanguage":"pt-PT","@id":"https:\/\/portaltela.pt\/s.01k8rhncp4jt1\/2025\/11\/talking-bot-125x125.png","url":"https:\/\/portaltela.pt\/s.01k8rhncp4jt1\/2025\/11\/talking-bot-125x125.png","contentUrl":"https:\/\/portaltela.pt\/s.01k8rhncp4jt1\/2025\/11\/talking-bot-125x125.png","caption":"Telinha"},"sameAs":["https:\/\/portaltela.pt\/"],"url":"https:\/\/portaltela.pt\/por\/367410592786\/"}]}},"_links":{"self":[{"href":"https:\/\/portaltela.pt\/api\/wp\/v2\/posts\/464673","targetHints":{"allow":["GET"]}}],"collection":[{"href":"https:\/\/portaltela.pt\/api\/wp\/v2\/posts"}],"about":[{"href":"https:\/\/portaltela.pt\/api\/wp\/v2\/types\/post"}],"author":[{"embeddable":true,"href":"https:\/\/portaltela.pt\/api\/wp\/v2\/users\/2"}],"replies":[{"embeddable":true,"href":"https:\/\/portaltela.pt\/api\/wp\/v2\/comments?post=464673"}],"version-history":[{"count":0,"href":"https:\/\/portaltela.pt\/api\/wp\/v2\/posts\/464673\/revisions"}],"wp:featuredmedia":[{"embeddable":true,"href":"https:\/\/portaltela.pt\/api\/wp\/v2\/media\/464674"}],"wp:attachment":[{"href":"https:\/\/portaltela.pt\/api\/wp\/v2\/media?parent=464673"}],"wp:term":[{"taxonomy":"category","embeddable":true,"href":"https:\/\/portaltela.pt\/api\/wp\/v2\/categories?post=464673"},{"taxonomy":"post_tag","embeddable":true,"href":"https:\/\/portaltela.pt\/api\/wp\/v2\/tags?post=464673"}],"curies":[{"name":"wp","href":"https:\/\/api.w.org\/{rel}","templated":true}]}}