{"id":464636,"date":"2026-05-02T05:03:31","date_gmt":"2026-05-02T08:03:31","guid":{"rendered":"https:\/\/portaltela.pt\/noticias\/2026\/05\/02\/alteracoes-climaticas-nao-justificam-ma-gestao-do-territorio\/"},"modified":"2026-05-02T05:03:31","modified_gmt":"2026-05-02T08:03:31","slug":"alteracoes-climaticas-nao-justificam-ma-gestao-do-territorio","status":"publish","type":"post","link":"https:\/\/portaltela.pt\/noticias\/2026\/05\/02\/alteracoes-climaticas-nao-justificam-ma-gestao-do-territorio\/","title":{"rendered":"Altera\u00e7\u00f5es clim\u00e1ticas n\u00e3o justificam m\u00e1 gest\u00e3o do territ\u00f3rio"},"content":{"rendered":"<p>O artigo de opini\u00e3o questiona a tend\u00eancia de usar as altera\u00e7\u00f5es clim\u00e1ticas como explica\u00e7\u00e3o \u00fanica para falhas de territ\u00f3rio. Defende que essa leitura encobre d\u00e9cadas de m\u00e1 leitura da paisagem, uso do solo inadequado e infraestruturas mal planeadas.<\/p>\n<p>Segundo o texto, o problema n\u00e3o est\u00e1 na exist\u00eancia da crise clim\u00e1tica, mas na forma como se protege o territ\u00f3rio sem atender \u00e0 sua din\u00e2mica ecol\u00f3gica. O autor indica que muitos locais s\u00e3o desenhados contra a \u00e1gua, o solo e a pr\u00f3pria paisagem.<\/p>\n<p>A obra alerta que a calamidade n\u00e3o \u00e9 inevit\u00e1vel e que a chuva extrema apenas evidencia desequil\u00edbrios j\u00e1 existentes. Observa estradas que funcionam como canais de eros\u00e3o e solos expostos como sinais de gest\u00e3o inadequada.<\/p>\n<h3>Resumo das teses centrais<\/h3>\n<p>A \u00e1gua \u00e9 apresentada como estrutura-m\u00e3e do territ\u00f3rio, n\u00e3o detalhe eventual. O texto defende planeamento que comece pela bacia, relevo, solos e infiltra\u00e7\u00e3o, antes de projetar reten\u00e7\u00e3o e drenagem, sob risco de agravar problemas.<\/p>\n<p>A import\u00e2ncia do solo vivo \u00e9 destacada como base da resili\u00eancia clim\u00e1tica. A redu\u00e7\u00e3o da capacidade de reten\u00e7\u00e3o de \u00e1gua, agravada por solos degradados, \u00e9 apontada como fator-chave para secas e cheias.<\/p>\n<h3>Engenharia natural e acessos<\/h3>\n<p>A edi\u00e7\u00e3o sustenta que engenharia natural, para ser eficaz, exige rigor ecol\u00f3gico: reter antes de infiltrar, infiltrar antes de conduzir. O desenho de acessos \u00e9 visto como indicador da compreens\u00e3o da hidrologia.<\/p>\n<p>Por fim, o artigo enfatiza que a crise clim\u00e1tica requer responsabilidade t\u00e9cnica, institucional e pol\u00edtica. Slogans n\u00e3o substituem decis\u00f5es fundamentadas, conclui-se, para evitar perdas de solo, \u00e1gua e tempo.<\/p>\n","protected":false},"excerpt":{"rendered":"<ul>\n<li>As mudan\u00e7as clim\u00e1ticas n\u00e3o devem explicar toda a m\u00e1 gest\u00e3o do territ\u00f3rio; \u00e9 preciso reconhecer a crise clim\u00e1tica sem ocultar decis\u00f5es de uso do solo e infraestrutura inadequadas.<\/li>\n<li>O territ\u00f3rio falha quando \u00e9 desenhado contra a \u00e1gua, o solo e a hidrologia; a leitura da paisagem deve partir da bacia, relevo, solos, drenagem e conectividade ecol\u00f3gica.<\/li>\n<li>A \u00e1gua \u00e9 a estrutura-m\u00e3e do territ\u00f3rio: tudo depende da forma como a \u00e1gua \u00e9 recolhida, infiltrada e distribu\u00edda desde o in\u00edcio do planeamento.<\/li>\n<li>A resili\u00eancia clim\u00e1tica come\u00e7a no solo: solos vivos ret\u00eam \u00e1gua e reduzem severidade de secas; solos degradados aumentam escoamento e temperaturas locais.<\/li>\n<li>Engenharia natural eficaz requer ordem de prioridade: reter, depois infiltrar e s\u00f3 depois conduzir; acessos e estradas devem dissipar energia e n\u00e3o intensificar eros\u00e3o.<\/li>\n<\/ul>\n","protected":false},"author":2,"featured_media":464638,"comment_status":"closed","ping_status":"closed","sticky":false,"template":"","format":"standard","meta":{"footnotes":""},"categories":[7380,1],"tags":[7923,8291,8238,7928,8994,8243],"class_list":["post-464636","post","type-post","status-publish","format-standard","has-post-thumbnail","hentry","category-clima","category-noticias","tag-_agua","tag-_alteracoes-climaticas","tag-_ambiente","tag-_desenvolvimento-sustentavel","tag-_gestao-de-recursos-hidricos","tag-_planeamento-urbano"],"yoast_head":"<!-- This site is optimized with the Yoast SEO plugin v27.2 - https:\/\/yoast.com\/product\/yoast-seo-wordpress\/ -->\n<title>Altera\u00e7\u00f5es clim\u00e1ticas n\u00e3o justificam m\u00e1 gest\u00e3o do territ\u00f3rio - Portal Tela Portugal<\/title>\n<meta name=\"robots\" content=\"index, follow, max-snippet:-1, max-image-preview:large, max-video-preview:-1\" \/>\n<meta property=\"og:locale\" content=\"pt_PT\" \/>\n<meta property=\"og:type\" content=\"article\" \/>\n<meta property=\"og:title\" content=\"Altera\u00e7\u00f5es clim\u00e1ticas n\u00e3o justificam m\u00e1 gest\u00e3o do territ\u00f3rio - Portal Tela Portugal\" \/>\n<meta property=\"og:description\" content=\"As mudan\u00e7as clim\u00e1ticas n\u00e3o devem explicar toda a m\u00e1 gest\u00e3o do territ\u00f3rio; \u00e9 preciso reconhecer a crise clim\u00e1tica sem ocultar decis\u00f5es de uso do solo e infraestrutura inadequadas. O territ\u00f3rio falha quando \u00e9 desenhado contra a \u00e1gua, o solo e a hidrologia; a leitura da paisagem deve partir da bacia, relevo, solos, drenagem e conectividade ecol\u00f3gica. A \u00e1gua \u00e9 a estrutura-m\u00e3e do territ\u00f3rio: tudo depende da forma como a \u00e1gua \u00e9 recolhida, infiltrada e distribu\u00edda desde o in\u00edcio do planeamento. A resili\u00eancia clim\u00e1tica come\u00e7a no solo: solos vivos ret\u00eam \u00e1gua e reduzem severidade de secas; solos degradados aumentam escoamento e temperaturas locais. Engenharia natural eficaz requer ordem de prioridade: reter, depois infiltrar e s\u00f3 depois conduzir; acessos e estradas devem dissipar energia e n\u00e3o intensificar eros\u00e3o.\" \/>\n<meta property=\"og:url\" content=\"https:\/\/portaltela.pt\/noticias\/2026\/05\/02\/alteracoes-climaticas-nao-justificam-ma-gestao-do-territorio\/\" \/>\n<meta property=\"og:site_name\" content=\"Portal Tela Portugal\" \/>\n<meta property=\"article:published_time\" content=\"2026-05-02T08:03:31+00:00\" \/>\n<meta name=\"author\" content=\"Telinha\" \/>\n<meta name=\"twitter:card\" content=\"summary_large_image\" \/>\n<meta name=\"twitter:label1\" content=\"Escrito por\" \/>\n\t<meta name=\"twitter:data1\" content=\"Telinha\" \/>\n\t<meta name=\"twitter:label2\" content=\"Tempo estimado de leitura\" \/>\n\t<meta name=\"twitter:data2\" content=\"1 minuto\" \/>\n<script type=\"application\/ld+json\" class=\"yoast-schema-graph\">{\"@context\":\"https:\/\/schema.org\",\"@graph\":[{\"@type\":\"Article\",\"@id\":\"https:\/\/portaltela.pt\/noticias\/2026\/05\/02\/alteracoes-climaticas-nao-justificam-ma-gestao-do-territorio\/#article\",\"isPartOf\":{\"@id\":\"https:\/\/portaltela.pt\/noticias\/2026\/05\/02\/alteracoes-climaticas-nao-justificam-ma-gestao-do-territorio\/\"},\"author\":{\"name\":\"Telinha\",\"@id\":\"https:\/\/portaltela.pt\/#\/schema\/person\/c4278d4a6028830caff9ee44b42d32ed\"},\"headline\":\"Altera\u00e7\u00f5es clim\u00e1ticas n\u00e3o justificam m\u00e1 gest\u00e3o do territ\u00f3rio\",\"datePublished\":\"2026-05-02T08:03:31+00:00\",\"mainEntityOfPage\":{\"@id\":\"https:\/\/portaltela.pt\/noticias\/2026\/05\/02\/alteracoes-climaticas-nao-justificam-ma-gestao-do-territorio\/\"},\"wordCount\":296,\"image\":{\"@id\":\"https:\/\/portaltela.pt\/noticias\/2026\/05\/02\/alteracoes-climaticas-nao-justificam-ma-gestao-do-territorio\/#primaryimage\"},\"thumbnailUrl\":\"https:\/\/portaltela.pt\/s.01k8rhncp4jt1\/2026\/05\/tpUHdbIMAGENStypeJPGshare1oBarraFacebook_Azul.jpg\",\"keywords\":[\"_\u00e1gua\",\"_Altera\u00e7\u00f5es Clim\u00e1ticas\",\"_ambiente\",\"_desenvolvimento sustent\u00e1vel\",\"_gest\u00e3o de recursos h\u00eddricos\",\"_planeamento urbano\"],\"articleSection\":[\"Clima\",\"Not\u00edcias\"],\"inLanguage\":\"pt-PT\"},{\"@type\":\"WebPage\",\"@id\":\"https:\/\/portaltela.pt\/noticias\/2026\/05\/02\/alteracoes-climaticas-nao-justificam-ma-gestao-do-territorio\/\",\"url\":\"https:\/\/portaltela.pt\/noticias\/2026\/05\/02\/alteracoes-climaticas-nao-justificam-ma-gestao-do-territorio\/\",\"name\":\"Altera\u00e7\u00f5es clim\u00e1ticas n\u00e3o justificam m\u00e1 gest\u00e3o do territ\u00f3rio - Portal Tela Portugal\",\"isPartOf\":{\"@id\":\"https:\/\/portaltela.pt\/#website\"},\"primaryImageOfPage\":{\"@id\":\"https:\/\/portaltela.pt\/noticias\/2026\/05\/02\/alteracoes-climaticas-nao-justificam-ma-gestao-do-territorio\/#primaryimage\"},\"image\":{\"@id\":\"https:\/\/portaltela.pt\/noticias\/2026\/05\/02\/alteracoes-climaticas-nao-justificam-ma-gestao-do-territorio\/#primaryimage\"},\"thumbnailUrl\":\"https:\/\/portaltela.pt\/s.01k8rhncp4jt1\/2026\/05\/tpUHdbIMAGENStypeJPGshare1oBarraFacebook_Azul.jpg\",\"datePublished\":\"2026-05-02T08:03:31+00:00\",\"author\":{\"@id\":\"https:\/\/portaltela.pt\/#\/schema\/person\/c4278d4a6028830caff9ee44b42d32ed\"},\"breadcrumb\":{\"@id\":\"https:\/\/portaltela.pt\/noticias\/2026\/05\/02\/alteracoes-climaticas-nao-justificam-ma-gestao-do-territorio\/#breadcrumb\"},\"inLanguage\":\"pt-PT\",\"potentialAction\":[{\"@type\":\"ReadAction\",\"target\":[\"https:\/\/portaltela.pt\/noticias\/2026\/05\/02\/alteracoes-climaticas-nao-justificam-ma-gestao-do-territorio\/\"]}]},{\"@type\":\"ImageObject\",\"inLanguage\":\"pt-PT\",\"@id\":\"https:\/\/portaltela.pt\/noticias\/2026\/05\/02\/alteracoes-climaticas-nao-justificam-ma-gestao-do-territorio\/#primaryimage\",\"url\":\"https:\/\/portaltela.pt\/s.01k8rhncp4jt1\/2026\/05\/tpUHdbIMAGENStypeJPGshare1oBarraFacebook_Azul.jpg\",\"contentUrl\":\"https:\/\/portaltela.pt\/s.01k8rhncp4jt1\/2026\/05\/tpUHdbIMAGENStypeJPGshare1oBarraFacebook_Azul.jpg\",\"width\":682,\"height\":766,\"caption\":\"Photo\"},{\"@type\":\"BreadcrumbList\",\"@id\":\"https:\/\/portaltela.pt\/noticias\/2026\/05\/02\/alteracoes-climaticas-nao-justificam-ma-gestao-do-territorio\/#breadcrumb\",\"itemListElement\":[{\"@type\":\"ListItem\",\"position\":1,\"name\":\"In\u00edcio\",\"item\":\"https:\/\/portaltela.pt\/\"},{\"@type\":\"ListItem\",\"position\":2,\"name\":\"Altera\u00e7\u00f5es clim\u00e1ticas n\u00e3o justificam m\u00e1 gest\u00e3o do territ\u00f3rio\"}]},{\"@type\":\"WebSite\",\"@id\":\"https:\/\/portaltela.pt\/#website\",\"url\":\"https:\/\/portaltela.pt\/\",\"name\":\"Portal Tela Portugal\",\"description\":\"\",\"potentialAction\":[{\"@type\":\"SearchAction\",\"target\":{\"@type\":\"EntryPoint\",\"urlTemplate\":\"https:\/\/portaltela.pt\/?s={search_term_string}\"},\"query-input\":{\"@type\":\"PropertyValueSpecification\",\"valueRequired\":true,\"valueName\":\"search_term_string\"}}],\"inLanguage\":\"pt-PT\"},{\"@type\":\"Person\",\"@id\":\"https:\/\/portaltela.pt\/#\/schema\/person\/c4278d4a6028830caff9ee44b42d32ed\",\"name\":\"Telinha\",\"image\":{\"@type\":\"ImageObject\",\"inLanguage\":\"pt-PT\",\"@id\":\"https:\/\/portaltela.pt\/s.01k8rhncp4jt1\/2025\/11\/talking-bot-125x125.png\",\"url\":\"https:\/\/portaltela.pt\/s.01k8rhncp4jt1\/2025\/11\/talking-bot-125x125.png\",\"contentUrl\":\"https:\/\/portaltela.pt\/s.01k8rhncp4jt1\/2025\/11\/talking-bot-125x125.png\",\"caption\":\"Telinha\"},\"sameAs\":[\"https:\/\/portaltela.pt\/\"],\"url\":\"https:\/\/portaltela.pt\/por\/367410592786\/\"}]}<\/script>\n<!-- \/ Yoast SEO plugin. -->","yoast_head_json":{"title":"Altera\u00e7\u00f5es clim\u00e1ticas n\u00e3o justificam m\u00e1 gest\u00e3o do territ\u00f3rio - Portal Tela Portugal","robots":{"index":"index","follow":"follow","max-snippet":"max-snippet:-1","max-image-preview":"max-image-preview:large","max-video-preview":"max-video-preview:-1"},"og_locale":"pt_PT","og_type":"article","og_title":"Altera\u00e7\u00f5es clim\u00e1ticas n\u00e3o justificam m\u00e1 gest\u00e3o do territ\u00f3rio - Portal Tela Portugal","og_description":"As mudan\u00e7as clim\u00e1ticas n\u00e3o devem explicar toda a m\u00e1 gest\u00e3o do territ\u00f3rio; \u00e9 preciso reconhecer a crise clim\u00e1tica sem ocultar decis\u00f5es de uso do solo e infraestrutura inadequadas. O territ\u00f3rio falha quando \u00e9 desenhado contra a \u00e1gua, o solo e a hidrologia; a leitura da paisagem deve partir da bacia, relevo, solos, drenagem e conectividade ecol\u00f3gica. A \u00e1gua \u00e9 a estrutura-m\u00e3e do territ\u00f3rio: tudo depende da forma como a \u00e1gua \u00e9 recolhida, infiltrada e distribu\u00edda desde o in\u00edcio do planeamento. A resili\u00eancia clim\u00e1tica come\u00e7a no solo: solos vivos ret\u00eam \u00e1gua e reduzem severidade de secas; solos degradados aumentam escoamento e temperaturas locais. Engenharia natural eficaz requer ordem de prioridade: reter, depois infiltrar e s\u00f3 depois conduzir; acessos e estradas devem dissipar energia e n\u00e3o intensificar eros\u00e3o.","og_url":"https:\/\/portaltela.pt\/noticias\/2026\/05\/02\/alteracoes-climaticas-nao-justificam-ma-gestao-do-territorio\/","og_site_name":"Portal Tela Portugal","article_published_time":"2026-05-02T08:03:31+00:00","author":"Telinha","twitter_card":"summary_large_image","twitter_misc":{"Escrito por":"Telinha","Tempo estimado de leitura":"1 minuto"},"schema":{"@context":"https:\/\/schema.org","@graph":[{"@type":"Article","@id":"https:\/\/portaltela.pt\/noticias\/2026\/05\/02\/alteracoes-climaticas-nao-justificam-ma-gestao-do-territorio\/#article","isPartOf":{"@id":"https:\/\/portaltela.pt\/noticias\/2026\/05\/02\/alteracoes-climaticas-nao-justificam-ma-gestao-do-territorio\/"},"author":{"name":"Telinha","@id":"https:\/\/portaltela.pt\/#\/schema\/person\/c4278d4a6028830caff9ee44b42d32ed"},"headline":"Altera\u00e7\u00f5es clim\u00e1ticas n\u00e3o justificam m\u00e1 gest\u00e3o do territ\u00f3rio","datePublished":"2026-05-02T08:03:31+00:00","mainEntityOfPage":{"@id":"https:\/\/portaltela.pt\/noticias\/2026\/05\/02\/alteracoes-climaticas-nao-justificam-ma-gestao-do-territorio\/"},"wordCount":296,"image":{"@id":"https:\/\/portaltela.pt\/noticias\/2026\/05\/02\/alteracoes-climaticas-nao-justificam-ma-gestao-do-territorio\/#primaryimage"},"thumbnailUrl":"https:\/\/portaltela.pt\/s.01k8rhncp4jt1\/2026\/05\/tpUHdbIMAGENStypeJPGshare1oBarraFacebook_Azul.jpg","keywords":["_\u00e1gua","_Altera\u00e7\u00f5es Clim\u00e1ticas","_ambiente","_desenvolvimento sustent\u00e1vel","_gest\u00e3o de recursos h\u00eddricos","_planeamento urbano"],"articleSection":["Clima","Not\u00edcias"],"inLanguage":"pt-PT"},{"@type":"WebPage","@id":"https:\/\/portaltela.pt\/noticias\/2026\/05\/02\/alteracoes-climaticas-nao-justificam-ma-gestao-do-territorio\/","url":"https:\/\/portaltela.pt\/noticias\/2026\/05\/02\/alteracoes-climaticas-nao-justificam-ma-gestao-do-territorio\/","name":"Altera\u00e7\u00f5es clim\u00e1ticas n\u00e3o justificam m\u00e1 gest\u00e3o do territ\u00f3rio - Portal Tela Portugal","isPartOf":{"@id":"https:\/\/portaltela.pt\/#website"},"primaryImageOfPage":{"@id":"https:\/\/portaltela.pt\/noticias\/2026\/05\/02\/alteracoes-climaticas-nao-justificam-ma-gestao-do-territorio\/#primaryimage"},"image":{"@id":"https:\/\/portaltela.pt\/noticias\/2026\/05\/02\/alteracoes-climaticas-nao-justificam-ma-gestao-do-territorio\/#primaryimage"},"thumbnailUrl":"https:\/\/portaltela.pt\/s.01k8rhncp4jt1\/2026\/05\/tpUHdbIMAGENStypeJPGshare1oBarraFacebook_Azul.jpg","datePublished":"2026-05-02T08:03:31+00:00","author":{"@id":"https:\/\/portaltela.pt\/#\/schema\/person\/c4278d4a6028830caff9ee44b42d32ed"},"breadcrumb":{"@id":"https:\/\/portaltela.pt\/noticias\/2026\/05\/02\/alteracoes-climaticas-nao-justificam-ma-gestao-do-territorio\/#breadcrumb"},"inLanguage":"pt-PT","potentialAction":[{"@type":"ReadAction","target":["https:\/\/portaltela.pt\/noticias\/2026\/05\/02\/alteracoes-climaticas-nao-justificam-ma-gestao-do-territorio\/"]}]},{"@type":"ImageObject","inLanguage":"pt-PT","@id":"https:\/\/portaltela.pt\/noticias\/2026\/05\/02\/alteracoes-climaticas-nao-justificam-ma-gestao-do-territorio\/#primaryimage","url":"https:\/\/portaltela.pt\/s.01k8rhncp4jt1\/2026\/05\/tpUHdbIMAGENStypeJPGshare1oBarraFacebook_Azul.jpg","contentUrl":"https:\/\/portaltela.pt\/s.01k8rhncp4jt1\/2026\/05\/tpUHdbIMAGENStypeJPGshare1oBarraFacebook_Azul.jpg","width":682,"height":766,"caption":"Photo"},{"@type":"BreadcrumbList","@id":"https:\/\/portaltela.pt\/noticias\/2026\/05\/02\/alteracoes-climaticas-nao-justificam-ma-gestao-do-territorio\/#breadcrumb","itemListElement":[{"@type":"ListItem","position":1,"name":"In\u00edcio","item":"https:\/\/portaltela.pt\/"},{"@type":"ListItem","position":2,"name":"Altera\u00e7\u00f5es clim\u00e1ticas n\u00e3o justificam m\u00e1 gest\u00e3o do territ\u00f3rio"}]},{"@type":"WebSite","@id":"https:\/\/portaltela.pt\/#website","url":"https:\/\/portaltela.pt\/","name":"Portal Tela Portugal","description":"","potentialAction":[{"@type":"SearchAction","target":{"@type":"EntryPoint","urlTemplate":"https:\/\/portaltela.pt\/?s={search_term_string}"},"query-input":{"@type":"PropertyValueSpecification","valueRequired":true,"valueName":"search_term_string"}}],"inLanguage":"pt-PT"},{"@type":"Person","@id":"https:\/\/portaltela.pt\/#\/schema\/person\/c4278d4a6028830caff9ee44b42d32ed","name":"Telinha","image":{"@type":"ImageObject","inLanguage":"pt-PT","@id":"https:\/\/portaltela.pt\/s.01k8rhncp4jt1\/2025\/11\/talking-bot-125x125.png","url":"https:\/\/portaltela.pt\/s.01k8rhncp4jt1\/2025\/11\/talking-bot-125x125.png","contentUrl":"https:\/\/portaltela.pt\/s.01k8rhncp4jt1\/2025\/11\/talking-bot-125x125.png","caption":"Telinha"},"sameAs":["https:\/\/portaltela.pt\/"],"url":"https:\/\/portaltela.pt\/por\/367410592786\/"}]}},"_links":{"self":[{"href":"https:\/\/portaltela.pt\/api\/wp\/v2\/posts\/464636","targetHints":{"allow":["GET"]}}],"collection":[{"href":"https:\/\/portaltela.pt\/api\/wp\/v2\/posts"}],"about":[{"href":"https:\/\/portaltela.pt\/api\/wp\/v2\/types\/post"}],"author":[{"embeddable":true,"href":"https:\/\/portaltela.pt\/api\/wp\/v2\/users\/2"}],"replies":[{"embeddable":true,"href":"https:\/\/portaltela.pt\/api\/wp\/v2\/comments?post=464636"}],"version-history":[{"count":0,"href":"https:\/\/portaltela.pt\/api\/wp\/v2\/posts\/464636\/revisions"}],"wp:featuredmedia":[{"embeddable":true,"href":"https:\/\/portaltela.pt\/api\/wp\/v2\/media\/464638"}],"wp:attachment":[{"href":"https:\/\/portaltela.pt\/api\/wp\/v2\/media?parent=464636"}],"wp:term":[{"taxonomy":"category","embeddable":true,"href":"https:\/\/portaltela.pt\/api\/wp\/v2\/categories?post=464636"},{"taxonomy":"post_tag","embeddable":true,"href":"https:\/\/portaltela.pt\/api\/wp\/v2\/tags?post=464636"}],"curies":[{"name":"wp","href":"https:\/\/api.w.org\/{rel}","templated":true}]}}