{"id":464635,"date":"2026-05-02T05:03:31","date_gmt":"2026-05-02T08:03:31","guid":{"rendered":"https:\/\/portaltela.pt\/noticias\/2026\/05\/02\/cientistas-apresentam-novo-mapa-olfativo-segundo-a-ciencia\/"},"modified":"2026-05-02T05:03:31","modified_gmt":"2026-05-02T08:03:31","slug":"cientistas-apresentam-novo-mapa-olfativo-segundo-a-ciencia","status":"publish","type":"post","link":"https:\/\/portaltela.pt\/noticias\/2026\/05\/02\/cientistas-apresentam-novo-mapa-olfativo-segundo-a-ciencia\/","title":{"rendered":"Cientistas apresentam novo mapa olfativo segundo a ci\u00eancia"},"content":{"rendered":"<p>A equipa de cientistas da Harvard anunciou a cria\u00e7\u00e3o do primeiro mapa detalhado dos recetores olfativos no nariz. A investiga\u00e7\u00e3o, publicada na revista Cell, sugere que os neur\u00f3nios que expressam estes recetores s\u00e3o organizados em bandas horizontais, desde o topo at\u00e9 \u00e0 base do nariz.<\/p>\n<p>Os investigadores combinaram t\u00e9cnica de sequencia\u00e7\u00e3o de c\u00e9lulas individuais com transcript\u00f3mica espacial para mapear cerca de 5,5 milh\u00f5es de neur\u00f3nios em mais de 300 ratinhos. O objetivo \u00e9 perceber como a informa\u00e7\u00e3o percorre o nariz at\u00e9 ao c\u00e9rebro.<\/p>\n<h3>A descoberta<\/h3>\n<p>O estudo mostra que o mapa olfativo no nariz se alinha com os mapas olfativos no bolbo olfativo do c\u00e9rebro, fornecendo pistas sobre o trajeto da informa\u00e7\u00e3o olfativa. Os mapas j\u00e1 existem para vis\u00e3o, audi\u00e7\u00e3o e tato; o olfato tinha ficado sem mapa.<\/p>\n<h3>O papel do \u00e1cido retinoico<\/h3>\n<p>A equipa identificou o \u00e1cido retinoico como fator-chave no desenvolvimento do mapa. Um gradiente desta mol\u00e9cula orienta cada neur\u00f3nio a expressar o recetor correto consoante a localiza\u00e7\u00e3o, e altera\u00e7\u00f5es no \u00e1cido retinoico deslocam o mapa.<\/p>\n<h3>Implica\u00e7\u00f5es futuras<\/h3>\n<p>Os autores destacam que o mapa \u00e9 uma ferramenta fundamental para compreender o olfato e facilitar terapias para a perda de olfato. Poss\u00edveis caminhos incluem terapias com c\u00e9lulas estaminais ou interfaces c\u00e9rebro-computador.<\/p>\n<h3>Perspectivas de investiga\u00e7\u00e3o<\/h3>\n<p>Atualmente, os investigadores estudam por que as faixas recetoras adoptam a ordem observada e se o mapa humano se mant\u00e9m fiel ao animal. O objetivo \u00e9 clarificar a consist\u00eancia entre esp\u00e9cies e orientar tratamentos.<\/p>\n","protected":false},"excerpt":{"rendered":"<ul>\n<li>Cientistas criaram o primeiro mapa detalhado dos recetores olfativos no nariz, com organiza\u00e7\u00e3o espacial em bandas horizontais desde o topo at\u00e9 \u00e0 base.<\/li>\n<li>O mapa corresponde aos mapas olfativos no bolbo olfativo do c\u00e9rebro, fornecendo pistas sobre a passagem da informa\u00e7\u00e3o do nariz ao c\u00e9rebro.<\/li>\n<li>O estudo, realizado em ratinhos, analisou cerca de 5,5 milh\u00f5es de neur\u00f3nios em mais de 300 animais, usando sequencia\u00e7\u00e3o de c\u00e9lulas \u00fanicas e transcript\u00f3mica espacial.<\/li>\n<li>Descobriu-se que um gradiente de \u00e1cido retinoico no nariz guia a express\u00e3o de cada recetor conforme a localiza\u00e7\u00e3o, e altera\u00e7\u00f5es nesse \u00e1cido deslocam o mapa.<\/li>\n<li>A descoberta pode fundamentar terapias para a perda de olfato, incluindo abordagens com c\u00e9lulas estaminais ou interfaces c\u00e9rebro-computador, conforme publicado na revista Cell.<\/li>\n<\/ul>\n","protected":false},"author":2,"featured_media":464637,"comment_status":"closed","ping_status":"closed","sticky":false,"template":"","format":"standard","meta":{"footnotes":""},"categories":[7371,1],"tags":[1992,57,215,159,5234,56],"class_list":["post-464635","post","type-post","status-publish","format-standard","has-post-thumbnail","hentry","category-medicina","category-noticias","tag-ciencia","tag-cientistas","tag-investigacao","tag-investigacao-cientifica","tag-neurociencia","tag-pesquisa"],"yoast_head":"<!-- This site is optimized with the Yoast SEO plugin v27.2 - https:\/\/yoast.com\/product\/yoast-seo-wordpress\/ -->\n<title>Cientistas apresentam novo mapa olfativo segundo a ci\u00eancia - Portal Tela Portugal<\/title>\n<meta name=\"robots\" content=\"index, follow, max-snippet:-1, max-image-preview:large, max-video-preview:-1\" \/>\n<meta property=\"og:locale\" content=\"pt_PT\" \/>\n<meta property=\"og:type\" content=\"article\" \/>\n<meta property=\"og:title\" content=\"Cientistas apresentam novo mapa olfativo segundo a ci\u00eancia - Portal Tela Portugal\" \/>\n<meta property=\"og:description\" content=\"Cientistas criaram o primeiro mapa detalhado dos recetores olfativos no nariz, com organiza\u00e7\u00e3o espacial em bandas horizontais desde o topo at\u00e9 \u00e0 base. O mapa corresponde aos mapas olfativos no bolbo olfativo do c\u00e9rebro, fornecendo pistas sobre a passagem da informa\u00e7\u00e3o do nariz ao c\u00e9rebro. O estudo, realizado em ratinhos, analisou cerca de 5,5 milh\u00f5es de neur\u00f3nios em mais de 300 animais, usando sequencia\u00e7\u00e3o de c\u00e9lulas \u00fanicas e transcript\u00f3mica espacial. Descobriu-se que um gradiente de \u00e1cido retinoico no nariz guia a express\u00e3o de cada recetor conforme a localiza\u00e7\u00e3o, e altera\u00e7\u00f5es nesse \u00e1cido deslocam o mapa. A descoberta pode fundamentar terapias para a perda de olfato, incluindo abordagens com c\u00e9lulas estaminais ou interfaces c\u00e9rebro-computador, conforme publicado na revista Cell.\" \/>\n<meta property=\"og:url\" content=\"https:\/\/portaltela.pt\/noticias\/2026\/05\/02\/cientistas-apresentam-novo-mapa-olfativo-segundo-a-ciencia\/\" \/>\n<meta property=\"og:site_name\" content=\"Portal Tela Portugal\" \/>\n<meta property=\"article:published_time\" content=\"2026-05-02T08:03:31+00:00\" \/>\n<meta name=\"author\" content=\"Telinha\" \/>\n<meta name=\"twitter:card\" content=\"summary_large_image\" \/>\n<meta name=\"twitter:label1\" content=\"Escrito por\" \/>\n\t<meta name=\"twitter:data1\" content=\"Telinha\" \/>\n\t<meta name=\"twitter:label2\" content=\"Tempo estimado de leitura\" \/>\n\t<meta name=\"twitter:data2\" content=\"1 minuto\" \/>\n<script type=\"application\/ld+json\" class=\"yoast-schema-graph\">{\"@context\":\"https:\/\/schema.org\",\"@graph\":[{\"@type\":\"Article\",\"@id\":\"https:\/\/portaltela.pt\/noticias\/2026\/05\/02\/cientistas-apresentam-novo-mapa-olfativo-segundo-a-ciencia\/#article\",\"isPartOf\":{\"@id\":\"https:\/\/portaltela.pt\/noticias\/2026\/05\/02\/cientistas-apresentam-novo-mapa-olfativo-segundo-a-ciencia\/\"},\"author\":{\"name\":\"Telinha\",\"@id\":\"https:\/\/portaltela.pt\/#\/schema\/person\/c4278d4a6028830caff9ee44b42d32ed\"},\"headline\":\"Cientistas apresentam novo mapa olfativo segundo a ci\u00eancia\",\"datePublished\":\"2026-05-02T08:03:31+00:00\",\"mainEntityOfPage\":{\"@id\":\"https:\/\/portaltela.pt\/noticias\/2026\/05\/02\/cientistas-apresentam-novo-mapa-olfativo-segundo-a-ciencia\/\"},\"wordCount\":270,\"image\":{\"@id\":\"https:\/\/portaltela.pt\/noticias\/2026\/05\/02\/cientistas-apresentam-novo-mapa-olfativo-segundo-a-ciencia\/#primaryimage\"},\"thumbnailUrl\":\"https:\/\/portaltela.pt\/s.01k8rhncp4jt1\/2026\/05\/image-5.webp\",\"keywords\":[\"ci\u00eancia\",\"cientistas\",\"investiga\u00e7\u00e3o\",\"investiga\u00e7\u00e3o cient\u00edfica\",\"neuroci\u00eancia\",\"pesquisa\"],\"articleSection\":[\"Medicina\",\"Not\u00edcias\"],\"inLanguage\":\"pt-PT\"},{\"@type\":\"WebPage\",\"@id\":\"https:\/\/portaltela.pt\/noticias\/2026\/05\/02\/cientistas-apresentam-novo-mapa-olfativo-segundo-a-ciencia\/\",\"url\":\"https:\/\/portaltela.pt\/noticias\/2026\/05\/02\/cientistas-apresentam-novo-mapa-olfativo-segundo-a-ciencia\/\",\"name\":\"Cientistas apresentam novo mapa olfativo segundo a ci\u00eancia - Portal Tela Portugal\",\"isPartOf\":{\"@id\":\"https:\/\/portaltela.pt\/#website\"},\"primaryImageOfPage\":{\"@id\":\"https:\/\/portaltela.pt\/noticias\/2026\/05\/02\/cientistas-apresentam-novo-mapa-olfativo-segundo-a-ciencia\/#primaryimage\"},\"image\":{\"@id\":\"https:\/\/portaltela.pt\/noticias\/2026\/05\/02\/cientistas-apresentam-novo-mapa-olfativo-segundo-a-ciencia\/#primaryimage\"},\"thumbnailUrl\":\"https:\/\/portaltela.pt\/s.01k8rhncp4jt1\/2026\/05\/image-5.webp\",\"datePublished\":\"2026-05-02T08:03:31+00:00\",\"author\":{\"@id\":\"https:\/\/portaltela.pt\/#\/schema\/person\/c4278d4a6028830caff9ee44b42d32ed\"},\"breadcrumb\":{\"@id\":\"https:\/\/portaltela.pt\/noticias\/2026\/05\/02\/cientistas-apresentam-novo-mapa-olfativo-segundo-a-ciencia\/#breadcrumb\"},\"inLanguage\":\"pt-PT\",\"potentialAction\":[{\"@type\":\"ReadAction\",\"target\":[\"https:\/\/portaltela.pt\/noticias\/2026\/05\/02\/cientistas-apresentam-novo-mapa-olfativo-segundo-a-ciencia\/\"]}]},{\"@type\":\"ImageObject\",\"inLanguage\":\"pt-PT\",\"@id\":\"https:\/\/portaltela.pt\/noticias\/2026\/05\/02\/cientistas-apresentam-novo-mapa-olfativo-segundo-a-ciencia\/#primaryimage\",\"url\":\"https:\/\/portaltela.pt\/s.01k8rhncp4jt1\/2026\/05\/image-5.webp\",\"contentUrl\":\"https:\/\/portaltela.pt\/s.01k8rhncp4jt1\/2026\/05\/image-5.webp\",\"width\":1200,\"height\":1800,\"caption\":\"Imagem de contexto do artigo Eis o novo \\\"mapa olfativo\\\" segundo a ci\u00eancia\"},{\"@type\":\"BreadcrumbList\",\"@id\":\"https:\/\/portaltela.pt\/noticias\/2026\/05\/02\/cientistas-apresentam-novo-mapa-olfativo-segundo-a-ciencia\/#breadcrumb\",\"itemListElement\":[{\"@type\":\"ListItem\",\"position\":1,\"name\":\"In\u00edcio\",\"item\":\"https:\/\/portaltela.pt\/\"},{\"@type\":\"ListItem\",\"position\":2,\"name\":\"Cientistas apresentam novo mapa olfativo segundo a ci\u00eancia\"}]},{\"@type\":\"WebSite\",\"@id\":\"https:\/\/portaltela.pt\/#website\",\"url\":\"https:\/\/portaltela.pt\/\",\"name\":\"Portal Tela Portugal\",\"description\":\"\",\"potentialAction\":[{\"@type\":\"SearchAction\",\"target\":{\"@type\":\"EntryPoint\",\"urlTemplate\":\"https:\/\/portaltela.pt\/?s={search_term_string}\"},\"query-input\":{\"@type\":\"PropertyValueSpecification\",\"valueRequired\":true,\"valueName\":\"search_term_string\"}}],\"inLanguage\":\"pt-PT\"},{\"@type\":\"Person\",\"@id\":\"https:\/\/portaltela.pt\/#\/schema\/person\/c4278d4a6028830caff9ee44b42d32ed\",\"name\":\"Telinha\",\"image\":{\"@type\":\"ImageObject\",\"inLanguage\":\"pt-PT\",\"@id\":\"https:\/\/portaltela.pt\/s.01k8rhncp4jt1\/2025\/11\/talking-bot-125x125.png\",\"url\":\"https:\/\/portaltela.pt\/s.01k8rhncp4jt1\/2025\/11\/talking-bot-125x125.png\",\"contentUrl\":\"https:\/\/portaltela.pt\/s.01k8rhncp4jt1\/2025\/11\/talking-bot-125x125.png\",\"caption\":\"Telinha\"},\"sameAs\":[\"https:\/\/portaltela.pt\/\"],\"url\":\"https:\/\/portaltela.pt\/por\/367410592786\/\"}]}<\/script>\n<!-- \/ Yoast SEO plugin. -->","yoast_head_json":{"title":"Cientistas apresentam novo mapa olfativo segundo a ci\u00eancia - Portal Tela Portugal","robots":{"index":"index","follow":"follow","max-snippet":"max-snippet:-1","max-image-preview":"max-image-preview:large","max-video-preview":"max-video-preview:-1"},"og_locale":"pt_PT","og_type":"article","og_title":"Cientistas apresentam novo mapa olfativo segundo a ci\u00eancia - Portal Tela Portugal","og_description":"Cientistas criaram o primeiro mapa detalhado dos recetores olfativos no nariz, com organiza\u00e7\u00e3o espacial em bandas horizontais desde o topo at\u00e9 \u00e0 base. O mapa corresponde aos mapas olfativos no bolbo olfativo do c\u00e9rebro, fornecendo pistas sobre a passagem da informa\u00e7\u00e3o do nariz ao c\u00e9rebro. O estudo, realizado em ratinhos, analisou cerca de 5,5 milh\u00f5es de neur\u00f3nios em mais de 300 animais, usando sequencia\u00e7\u00e3o de c\u00e9lulas \u00fanicas e transcript\u00f3mica espacial. Descobriu-se que um gradiente de \u00e1cido retinoico no nariz guia a express\u00e3o de cada recetor conforme a localiza\u00e7\u00e3o, e altera\u00e7\u00f5es nesse \u00e1cido deslocam o mapa. A descoberta pode fundamentar terapias para a perda de olfato, incluindo abordagens com c\u00e9lulas estaminais ou interfaces c\u00e9rebro-computador, conforme publicado na revista Cell.","og_url":"https:\/\/portaltela.pt\/noticias\/2026\/05\/02\/cientistas-apresentam-novo-mapa-olfativo-segundo-a-ciencia\/","og_site_name":"Portal Tela Portugal","article_published_time":"2026-05-02T08:03:31+00:00","author":"Telinha","twitter_card":"summary_large_image","twitter_misc":{"Escrito por":"Telinha","Tempo estimado de leitura":"1 minuto"},"schema":{"@context":"https:\/\/schema.org","@graph":[{"@type":"Article","@id":"https:\/\/portaltela.pt\/noticias\/2026\/05\/02\/cientistas-apresentam-novo-mapa-olfativo-segundo-a-ciencia\/#article","isPartOf":{"@id":"https:\/\/portaltela.pt\/noticias\/2026\/05\/02\/cientistas-apresentam-novo-mapa-olfativo-segundo-a-ciencia\/"},"author":{"name":"Telinha","@id":"https:\/\/portaltela.pt\/#\/schema\/person\/c4278d4a6028830caff9ee44b42d32ed"},"headline":"Cientistas apresentam novo mapa olfativo segundo a ci\u00eancia","datePublished":"2026-05-02T08:03:31+00:00","mainEntityOfPage":{"@id":"https:\/\/portaltela.pt\/noticias\/2026\/05\/02\/cientistas-apresentam-novo-mapa-olfativo-segundo-a-ciencia\/"},"wordCount":270,"image":{"@id":"https:\/\/portaltela.pt\/noticias\/2026\/05\/02\/cientistas-apresentam-novo-mapa-olfativo-segundo-a-ciencia\/#primaryimage"},"thumbnailUrl":"https:\/\/portaltela.pt\/s.01k8rhncp4jt1\/2026\/05\/image-5.webp","keywords":["ci\u00eancia","cientistas","investiga\u00e7\u00e3o","investiga\u00e7\u00e3o cient\u00edfica","neuroci\u00eancia","pesquisa"],"articleSection":["Medicina","Not\u00edcias"],"inLanguage":"pt-PT"},{"@type":"WebPage","@id":"https:\/\/portaltela.pt\/noticias\/2026\/05\/02\/cientistas-apresentam-novo-mapa-olfativo-segundo-a-ciencia\/","url":"https:\/\/portaltela.pt\/noticias\/2026\/05\/02\/cientistas-apresentam-novo-mapa-olfativo-segundo-a-ciencia\/","name":"Cientistas apresentam novo mapa olfativo segundo a ci\u00eancia - Portal Tela Portugal","isPartOf":{"@id":"https:\/\/portaltela.pt\/#website"},"primaryImageOfPage":{"@id":"https:\/\/portaltela.pt\/noticias\/2026\/05\/02\/cientistas-apresentam-novo-mapa-olfativo-segundo-a-ciencia\/#primaryimage"},"image":{"@id":"https:\/\/portaltela.pt\/noticias\/2026\/05\/02\/cientistas-apresentam-novo-mapa-olfativo-segundo-a-ciencia\/#primaryimage"},"thumbnailUrl":"https:\/\/portaltela.pt\/s.01k8rhncp4jt1\/2026\/05\/image-5.webp","datePublished":"2026-05-02T08:03:31+00:00","author":{"@id":"https:\/\/portaltela.pt\/#\/schema\/person\/c4278d4a6028830caff9ee44b42d32ed"},"breadcrumb":{"@id":"https:\/\/portaltela.pt\/noticias\/2026\/05\/02\/cientistas-apresentam-novo-mapa-olfativo-segundo-a-ciencia\/#breadcrumb"},"inLanguage":"pt-PT","potentialAction":[{"@type":"ReadAction","target":["https:\/\/portaltela.pt\/noticias\/2026\/05\/02\/cientistas-apresentam-novo-mapa-olfativo-segundo-a-ciencia\/"]}]},{"@type":"ImageObject","inLanguage":"pt-PT","@id":"https:\/\/portaltela.pt\/noticias\/2026\/05\/02\/cientistas-apresentam-novo-mapa-olfativo-segundo-a-ciencia\/#primaryimage","url":"https:\/\/portaltela.pt\/s.01k8rhncp4jt1\/2026\/05\/image-5.webp","contentUrl":"https:\/\/portaltela.pt\/s.01k8rhncp4jt1\/2026\/05\/image-5.webp","width":1200,"height":1800,"caption":"Imagem de contexto do artigo Eis o novo \"mapa olfativo\" segundo a ci\u00eancia"},{"@type":"BreadcrumbList","@id":"https:\/\/portaltela.pt\/noticias\/2026\/05\/02\/cientistas-apresentam-novo-mapa-olfativo-segundo-a-ciencia\/#breadcrumb","itemListElement":[{"@type":"ListItem","position":1,"name":"In\u00edcio","item":"https:\/\/portaltela.pt\/"},{"@type":"ListItem","position":2,"name":"Cientistas apresentam novo mapa olfativo segundo a ci\u00eancia"}]},{"@type":"WebSite","@id":"https:\/\/portaltela.pt\/#website","url":"https:\/\/portaltela.pt\/","name":"Portal Tela Portugal","description":"","potentialAction":[{"@type":"SearchAction","target":{"@type":"EntryPoint","urlTemplate":"https:\/\/portaltela.pt\/?s={search_term_string}"},"query-input":{"@type":"PropertyValueSpecification","valueRequired":true,"valueName":"search_term_string"}}],"inLanguage":"pt-PT"},{"@type":"Person","@id":"https:\/\/portaltela.pt\/#\/schema\/person\/c4278d4a6028830caff9ee44b42d32ed","name":"Telinha","image":{"@type":"ImageObject","inLanguage":"pt-PT","@id":"https:\/\/portaltela.pt\/s.01k8rhncp4jt1\/2025\/11\/talking-bot-125x125.png","url":"https:\/\/portaltela.pt\/s.01k8rhncp4jt1\/2025\/11\/talking-bot-125x125.png","contentUrl":"https:\/\/portaltela.pt\/s.01k8rhncp4jt1\/2025\/11\/talking-bot-125x125.png","caption":"Telinha"},"sameAs":["https:\/\/portaltela.pt\/"],"url":"https:\/\/portaltela.pt\/por\/367410592786\/"}]}},"_links":{"self":[{"href":"https:\/\/portaltela.pt\/api\/wp\/v2\/posts\/464635","targetHints":{"allow":["GET"]}}],"collection":[{"href":"https:\/\/portaltela.pt\/api\/wp\/v2\/posts"}],"about":[{"href":"https:\/\/portaltela.pt\/api\/wp\/v2\/types\/post"}],"author":[{"embeddable":true,"href":"https:\/\/portaltela.pt\/api\/wp\/v2\/users\/2"}],"replies":[{"embeddable":true,"href":"https:\/\/portaltela.pt\/api\/wp\/v2\/comments?post=464635"}],"version-history":[{"count":0,"href":"https:\/\/portaltela.pt\/api\/wp\/v2\/posts\/464635\/revisions"}],"wp:featuredmedia":[{"embeddable":true,"href":"https:\/\/portaltela.pt\/api\/wp\/v2\/media\/464637"}],"wp:attachment":[{"href":"https:\/\/portaltela.pt\/api\/wp\/v2\/media?parent=464635"}],"wp:term":[{"taxonomy":"category","embeddable":true,"href":"https:\/\/portaltela.pt\/api\/wp\/v2\/categories?post=464635"},{"taxonomy":"post_tag","embeddable":true,"href":"https:\/\/portaltela.pt\/api\/wp\/v2\/tags?post=464635"}],"curies":[{"name":"wp","href":"https:\/\/api.w.org\/{rel}","templated":true}]}}