{"id":464619,"date":"2026-05-02T05:03:21","date_gmt":"2026-05-02T08:03:21","guid":{"rendered":"https:\/\/portaltela.pt\/noticias\/2026\/05\/02\/nobel-da-paz-narges-mohammadi-hospitalizada-no-irao-apos-crise-cardiaca\/"},"modified":"2026-05-02T05:03:21","modified_gmt":"2026-05-02T08:03:21","slug":"nobel-da-paz-narges-mohammadi-hospitalizada-no-irao-apos-crise-cardiaca","status":"publish","type":"post","link":"https:\/\/portaltela.pt\/noticias\/politica\/2026\/05\/02\/nobel-da-paz-narges-mohammadi-hospitalizada-no-irao-apos-crise-cardiaca\/","title":{"rendered":"Nobel da Paz Narges Mohammadi hospitalizada no Ir\u00e3o ap\u00f3s crise card\u00edaca"},"content":{"rendered":"<p>A vencedora do Nobel da Paz em 2023, Narges Mohammadi, foi hospitalizada no Ir\u00e3o ap\u00f3s uma deteriora\u00e7\u00e3o catastr\u00f3fica da sa\u00fade, incluindo uma crise card\u00edaca, indicou a Funda\u00e7\u00e3o Narges Mohammadi. A transfer\u00eancia para um hospital ocorreu em Zanjan.<\/p>\n<p>A funda\u00e7\u00e3o explicou que Mohammadi foi transferida de urg\u00eancia para o hospital na sequ\u00eancia de dois epis\u00f3dios de perda total de consci\u00eancia e de uma grave crise card\u00edaca. A institui\u00e7\u00e3o acrescentou que a decis\u00e3o foi tomada ap\u00f3s avalia\u00e7\u00e3o m\u00e9dica na pris\u00e3o.<\/p>\n<p>O Comit\u00e9 Nobel Noruegu\u00eas mostrou preocupa\u00e7\u00e3o com o agravamento da condi\u00e7\u00e3o da ativista, que est\u00e1 detida pela sua campanha pelos direitos das mulheres e pela aboli\u00e7\u00e3o da pena de morte no Ir\u00e3o.<\/p>\n<h3>Sa\u00fade e vigil\u00e2ncia<\/h3>\n<p>Mohammadi foi detida em Dezembro ap\u00f3s denunciar a morte do advogado Khosrow Alikordi. O procurador do Ir\u00e3o afirmou que houve coment\u00e1rios provocat\u00f3rios na cerim\u00f3nia f\u00fanebre, em Mashhad, que teriam violado normas.<\/p>\n<p>Na manh\u00e3 de sexta-feira, Mohammadi desmaiou ap\u00f3s dias de press\u00e3o arterial alta e n\u00e1useas; foi levada para a unidade m\u00e9dica da pris\u00e3o para receber fluidos intravenosos de emerg\u00eancia. A fam\u00edlia afirma que corre risco direto \u00e0 vida.<\/p>\n<p>A funda\u00e7\u00e3o destacou que Mohammadi j\u00e1 passou por tr\u00eas angioplastias e reiterou o pedido de retirada imediata de acusa\u00e7\u00f5es relacionadas ao seu trabalho pac\u00edfico, bem como a anula\u00e7\u00e3o de senten\u00e7as associadas.<\/p>\n","protected":false},"excerpt":{"rendered":"<ul>\n<li>Narges Mohammadi, vencedora do Pr\u00e9mio Nobel da Paz em 2023, foi internada num hospital em Zanjan, Ir\u00e3o, ap\u00f3s uma deteriora\u00e7\u00e3o catastr\u00f3fica da sa\u00fade que incluiu uma crise card\u00edaca.<\/li>\n<li>A transfer\u00eancia para o hospital ocorreu de urg\u00eancia, j\u00e1 que a equipa m\u00e9dica da pris\u00e3o considerou que a condi\u00e7\u00e3o n\u00e3o podia ser tratada no local e era necess\u00e1ria assist\u00eancia especializada em Teer\u00e3o.<\/li>\n<li>A ativista desmaiou na manh\u00e3 de sexta-feira, depois de dias com press\u00e3o arterial alta e n\u00e1useas, tendo ocorrido v\u00e1rios epis\u00f3dios de v\u00f3mitos e perda de consci\u00eancia.<\/li>\n<li>Mohammadi foi detida em dezembro por den\u00fancias relacionadas com a morte do advogado Khosrow Alikordi; a funda\u00e7\u00e3o aponta que j\u00e1 foi submetida a tr\u00eas angioplastias.<\/li>\n<li>A fam\u00edlia e o Comit\u00e9 Nobel apelam \u00e0 liberta\u00e7\u00e3o imediata e \u00e0 anula\u00e7\u00e3o de acusa\u00e7\u00f5es e senten\u00e7as associadas ao seu trabalho pac\u00edfico em defesa dos direitos humanos.<\/li>\n<\/ul>\n","protected":false},"author":2,"featured_media":464626,"comment_status":"closed","ping_status":"closed","sticky":false,"template":"","format":"standard","meta":{"footnotes":""},"categories":[6912,5],"tags":[8209,7914,8193,7947,8717,7889],"class_list":["post-464619","post","type-post","status-publish","format-standard","has-post-thumbnail","hentry","category-internacionais","category-politica","tag-_direitos-das-mulheres","tag-_direitos-humanos","tag-_ira","tag-_mulheres","tag-_prisoes","tag-_saude"],"yoast_head":"<!-- This site is optimized with the Yoast SEO plugin v27.2 - https:\/\/yoast.com\/product\/yoast-seo-wordpress\/ -->\n<title>Nobel da Paz Narges Mohammadi hospitalizada no Ir\u00e3o ap\u00f3s crise card\u00edaca - Portal Tela Portugal<\/title>\n<meta name=\"robots\" content=\"index, follow, max-snippet:-1, max-image-preview:large, max-video-preview:-1\" \/>\n<meta property=\"og:locale\" content=\"pt_PT\" \/>\n<meta property=\"og:type\" content=\"article\" \/>\n<meta property=\"og:title\" content=\"Nobel da Paz Narges Mohammadi hospitalizada no Ir\u00e3o ap\u00f3s crise card\u00edaca - Portal Tela Portugal\" \/>\n<meta property=\"og:description\" content=\"Narges Mohammadi, vencedora do Pr\u00e9mio Nobel da Paz em 2023, foi internada num hospital em Zanjan, Ir\u00e3o, ap\u00f3s uma deteriora\u00e7\u00e3o catastr\u00f3fica da sa\u00fade que incluiu uma crise card\u00edaca. A transfer\u00eancia para o hospital ocorreu de urg\u00eancia, j\u00e1 que a equipa m\u00e9dica da pris\u00e3o considerou que a condi\u00e7\u00e3o n\u00e3o podia ser tratada no local e era necess\u00e1ria assist\u00eancia especializada em Teer\u00e3o. A ativista desmaiou na manh\u00e3 de sexta-feira, depois de dias com press\u00e3o arterial alta e n\u00e1useas, tendo ocorrido v\u00e1rios epis\u00f3dios de v\u00f3mitos e perda de consci\u00eancia. Mohammadi foi detida em dezembro por den\u00fancias relacionadas com a morte do advogado Khosrow Alikordi; a funda\u00e7\u00e3o aponta que j\u00e1 foi submetida a tr\u00eas angioplastias. A fam\u00edlia e o Comit\u00e9 Nobel apelam \u00e0 liberta\u00e7\u00e3o imediata e \u00e0 anula\u00e7\u00e3o de acusa\u00e7\u00f5es e senten\u00e7as associadas ao seu trabalho pac\u00edfico em defesa dos direitos humanos.\" \/>\n<meta property=\"og:url\" content=\"https:\/\/portaltela.pt\/noticias\/2026\/05\/02\/nobel-da-paz-narges-mohammadi-hospitalizada-no-irao-apos-crise-cardiaca\/\" \/>\n<meta property=\"og:site_name\" content=\"Portal Tela Portugal\" \/>\n<meta property=\"article:published_time\" content=\"2026-05-02T08:03:21+00:00\" \/>\n<meta name=\"author\" content=\"Telinha\" \/>\n<meta name=\"twitter:card\" content=\"summary_large_image\" \/>\n<meta name=\"twitter:label1\" content=\"Escrito por\" \/>\n\t<meta name=\"twitter:data1\" content=\"Telinha\" \/>\n\t<meta name=\"twitter:label2\" content=\"Tempo estimado de leitura\" \/>\n\t<meta name=\"twitter:data2\" content=\"1 minuto\" \/>\n<script type=\"application\/ld+json\" class=\"yoast-schema-graph\">{\"@context\":\"https:\/\/schema.org\",\"@graph\":[{\"@type\":\"Article\",\"@id\":\"https:\/\/portaltela.pt\/noticias\/2026\/05\/02\/nobel-da-paz-narges-mohammadi-hospitalizada-no-irao-apos-crise-cardiaca\/#article\",\"isPartOf\":{\"@id\":\"https:\/\/portaltela.pt\/noticias\/2026\/05\/02\/nobel-da-paz-narges-mohammadi-hospitalizada-no-irao-apos-crise-cardiaca\/\"},\"author\":{\"name\":\"Telinha\",\"@id\":\"https:\/\/portaltela.pt\/#\/schema\/person\/c4278d4a6028830caff9ee44b42d32ed\"},\"headline\":\"Nobel da Paz Narges Mohammadi hospitalizada no Ir\u00e3o ap\u00f3s crise card\u00edaca\",\"datePublished\":\"2026-05-02T08:03:21+00:00\",\"mainEntityOfPage\":{\"@id\":\"https:\/\/portaltela.pt\/noticias\/2026\/05\/02\/nobel-da-paz-narges-mohammadi-hospitalizada-no-irao-apos-crise-cardiaca\/\"},\"wordCount\":270,\"image\":{\"@id\":\"https:\/\/portaltela.pt\/noticias\/2026\/05\/02\/nobel-da-paz-narges-mohammadi-hospitalizada-no-irao-apos-crise-cardiaca\/#primaryimage\"},\"thumbnailUrl\":\"https:\/\/portaltela.pt\/s.01k8rhncp4jt1\/2026\/05\/2085543.jpg\",\"keywords\":[\"_direitos das mulheres\",\"_direitos humanos\",\"_Ir\u00e3\",\"_mulheres\",\"_pris\u00f5es\",\"_sa\u00fade\"],\"articleSection\":[\"Internacionais\",\"Pol\u00edtica\"],\"inLanguage\":\"pt-PT\"},{\"@type\":\"WebPage\",\"@id\":\"https:\/\/portaltela.pt\/noticias\/2026\/05\/02\/nobel-da-paz-narges-mohammadi-hospitalizada-no-irao-apos-crise-cardiaca\/\",\"url\":\"https:\/\/portaltela.pt\/noticias\/2026\/05\/02\/nobel-da-paz-narges-mohammadi-hospitalizada-no-irao-apos-crise-cardiaca\/\",\"name\":\"Nobel da Paz Narges Mohammadi hospitalizada no Ir\u00e3o ap\u00f3s crise card\u00edaca - Portal Tela Portugal\",\"isPartOf\":{\"@id\":\"https:\/\/portaltela.pt\/#website\"},\"primaryImageOfPage\":{\"@id\":\"https:\/\/portaltela.pt\/noticias\/2026\/05\/02\/nobel-da-paz-narges-mohammadi-hospitalizada-no-irao-apos-crise-cardiaca\/#primaryimage\"},\"image\":{\"@id\":\"https:\/\/portaltela.pt\/noticias\/2026\/05\/02\/nobel-da-paz-narges-mohammadi-hospitalizada-no-irao-apos-crise-cardiaca\/#primaryimage\"},\"thumbnailUrl\":\"https:\/\/portaltela.pt\/s.01k8rhncp4jt1\/2026\/05\/2085543.jpg\",\"datePublished\":\"2026-05-02T08:03:21+00:00\",\"author\":{\"@id\":\"https:\/\/portaltela.pt\/#\/schema\/person\/c4278d4a6028830caff9ee44b42d32ed\"},\"breadcrumb\":{\"@id\":\"https:\/\/portaltela.pt\/noticias\/2026\/05\/02\/nobel-da-paz-narges-mohammadi-hospitalizada-no-irao-apos-crise-cardiaca\/#breadcrumb\"},\"inLanguage\":\"pt-PT\",\"potentialAction\":[{\"@type\":\"ReadAction\",\"target\":[\"https:\/\/portaltela.pt\/noticias\/2026\/05\/02\/nobel-da-paz-narges-mohammadi-hospitalizada-no-irao-apos-crise-cardiaca\/\"]}]},{\"@type\":\"ImageObject\",\"inLanguage\":\"pt-PT\",\"@id\":\"https:\/\/portaltela.pt\/noticias\/2026\/05\/02\/nobel-da-paz-narges-mohammadi-hospitalizada-no-irao-apos-crise-cardiaca\/#primaryimage\",\"url\":\"https:\/\/portaltela.pt\/s.01k8rhncp4jt1\/2026\/05\/2085543.jpg\",\"contentUrl\":\"https:\/\/portaltela.pt\/s.01k8rhncp4jt1\/2026\/05\/2085543.jpg\",\"width\":796,\"height\":448,\"caption\":\"A activista Narges Mohammadi numa foto de arquivo\"},{\"@type\":\"BreadcrumbList\",\"@id\":\"https:\/\/portaltela.pt\/noticias\/2026\/05\/02\/nobel-da-paz-narges-mohammadi-hospitalizada-no-irao-apos-crise-cardiaca\/#breadcrumb\",\"itemListElement\":[{\"@type\":\"ListItem\",\"position\":1,\"name\":\"In\u00edcio\",\"item\":\"https:\/\/portaltela.pt\/\"},{\"@type\":\"ListItem\",\"position\":2,\"name\":\"Nobel da Paz Narges Mohammadi hospitalizada no Ir\u00e3o ap\u00f3s crise card\u00edaca\"}]},{\"@type\":\"WebSite\",\"@id\":\"https:\/\/portaltela.pt\/#website\",\"url\":\"https:\/\/portaltela.pt\/\",\"name\":\"Portal Tela Portugal\",\"description\":\"\",\"potentialAction\":[{\"@type\":\"SearchAction\",\"target\":{\"@type\":\"EntryPoint\",\"urlTemplate\":\"https:\/\/portaltela.pt\/?s={search_term_string}\"},\"query-input\":{\"@type\":\"PropertyValueSpecification\",\"valueRequired\":true,\"valueName\":\"search_term_string\"}}],\"inLanguage\":\"pt-PT\"},{\"@type\":\"Person\",\"@id\":\"https:\/\/portaltela.pt\/#\/schema\/person\/c4278d4a6028830caff9ee44b42d32ed\",\"name\":\"Telinha\",\"image\":{\"@type\":\"ImageObject\",\"inLanguage\":\"pt-PT\",\"@id\":\"https:\/\/portaltela.pt\/s.01k8rhncp4jt1\/2025\/11\/talking-bot-125x125.png\",\"url\":\"https:\/\/portaltela.pt\/s.01k8rhncp4jt1\/2025\/11\/talking-bot-125x125.png\",\"contentUrl\":\"https:\/\/portaltela.pt\/s.01k8rhncp4jt1\/2025\/11\/talking-bot-125x125.png\",\"caption\":\"Telinha\"},\"sameAs\":[\"https:\/\/portaltela.pt\/\"],\"url\":\"https:\/\/portaltela.pt\/por\/367410592786\/\"}]}<\/script>\n<!-- \/ Yoast SEO plugin. -->","yoast_head_json":{"title":"Nobel da Paz Narges Mohammadi hospitalizada no Ir\u00e3o ap\u00f3s crise card\u00edaca - Portal Tela Portugal","robots":{"index":"index","follow":"follow","max-snippet":"max-snippet:-1","max-image-preview":"max-image-preview:large","max-video-preview":"max-video-preview:-1"},"og_locale":"pt_PT","og_type":"article","og_title":"Nobel da Paz Narges Mohammadi hospitalizada no Ir\u00e3o ap\u00f3s crise card\u00edaca - Portal Tela Portugal","og_description":"Narges Mohammadi, vencedora do Pr\u00e9mio Nobel da Paz em 2023, foi internada num hospital em Zanjan, Ir\u00e3o, ap\u00f3s uma deteriora\u00e7\u00e3o catastr\u00f3fica da sa\u00fade que incluiu uma crise card\u00edaca. A transfer\u00eancia para o hospital ocorreu de urg\u00eancia, j\u00e1 que a equipa m\u00e9dica da pris\u00e3o considerou que a condi\u00e7\u00e3o n\u00e3o podia ser tratada no local e era necess\u00e1ria assist\u00eancia especializada em Teer\u00e3o. A ativista desmaiou na manh\u00e3 de sexta-feira, depois de dias com press\u00e3o arterial alta e n\u00e1useas, tendo ocorrido v\u00e1rios epis\u00f3dios de v\u00f3mitos e perda de consci\u00eancia. Mohammadi foi detida em dezembro por den\u00fancias relacionadas com a morte do advogado Khosrow Alikordi; a funda\u00e7\u00e3o aponta que j\u00e1 foi submetida a tr\u00eas angioplastias. A fam\u00edlia e o Comit\u00e9 Nobel apelam \u00e0 liberta\u00e7\u00e3o imediata e \u00e0 anula\u00e7\u00e3o de acusa\u00e7\u00f5es e senten\u00e7as associadas ao seu trabalho pac\u00edfico em defesa dos direitos humanos.","og_url":"https:\/\/portaltela.pt\/noticias\/2026\/05\/02\/nobel-da-paz-narges-mohammadi-hospitalizada-no-irao-apos-crise-cardiaca\/","og_site_name":"Portal Tela Portugal","article_published_time":"2026-05-02T08:03:21+00:00","author":"Telinha","twitter_card":"summary_large_image","twitter_misc":{"Escrito por":"Telinha","Tempo estimado de leitura":"1 minuto"},"schema":{"@context":"https:\/\/schema.org","@graph":[{"@type":"Article","@id":"https:\/\/portaltela.pt\/noticias\/2026\/05\/02\/nobel-da-paz-narges-mohammadi-hospitalizada-no-irao-apos-crise-cardiaca\/#article","isPartOf":{"@id":"https:\/\/portaltela.pt\/noticias\/2026\/05\/02\/nobel-da-paz-narges-mohammadi-hospitalizada-no-irao-apos-crise-cardiaca\/"},"author":{"name":"Telinha","@id":"https:\/\/portaltela.pt\/#\/schema\/person\/c4278d4a6028830caff9ee44b42d32ed"},"headline":"Nobel da Paz Narges Mohammadi hospitalizada no Ir\u00e3o ap\u00f3s crise card\u00edaca","datePublished":"2026-05-02T08:03:21+00:00","mainEntityOfPage":{"@id":"https:\/\/portaltela.pt\/noticias\/2026\/05\/02\/nobel-da-paz-narges-mohammadi-hospitalizada-no-irao-apos-crise-cardiaca\/"},"wordCount":270,"image":{"@id":"https:\/\/portaltela.pt\/noticias\/2026\/05\/02\/nobel-da-paz-narges-mohammadi-hospitalizada-no-irao-apos-crise-cardiaca\/#primaryimage"},"thumbnailUrl":"https:\/\/portaltela.pt\/s.01k8rhncp4jt1\/2026\/05\/2085543.jpg","keywords":["_direitos das mulheres","_direitos humanos","_Ir\u00e3","_mulheres","_pris\u00f5es","_sa\u00fade"],"articleSection":["Internacionais","Pol\u00edtica"],"inLanguage":"pt-PT"},{"@type":"WebPage","@id":"https:\/\/portaltela.pt\/noticias\/2026\/05\/02\/nobel-da-paz-narges-mohammadi-hospitalizada-no-irao-apos-crise-cardiaca\/","url":"https:\/\/portaltela.pt\/noticias\/2026\/05\/02\/nobel-da-paz-narges-mohammadi-hospitalizada-no-irao-apos-crise-cardiaca\/","name":"Nobel da Paz Narges Mohammadi hospitalizada no Ir\u00e3o ap\u00f3s crise card\u00edaca - Portal Tela Portugal","isPartOf":{"@id":"https:\/\/portaltela.pt\/#website"},"primaryImageOfPage":{"@id":"https:\/\/portaltela.pt\/noticias\/2026\/05\/02\/nobel-da-paz-narges-mohammadi-hospitalizada-no-irao-apos-crise-cardiaca\/#primaryimage"},"image":{"@id":"https:\/\/portaltela.pt\/noticias\/2026\/05\/02\/nobel-da-paz-narges-mohammadi-hospitalizada-no-irao-apos-crise-cardiaca\/#primaryimage"},"thumbnailUrl":"https:\/\/portaltela.pt\/s.01k8rhncp4jt1\/2026\/05\/2085543.jpg","datePublished":"2026-05-02T08:03:21+00:00","author":{"@id":"https:\/\/portaltela.pt\/#\/schema\/person\/c4278d4a6028830caff9ee44b42d32ed"},"breadcrumb":{"@id":"https:\/\/portaltela.pt\/noticias\/2026\/05\/02\/nobel-da-paz-narges-mohammadi-hospitalizada-no-irao-apos-crise-cardiaca\/#breadcrumb"},"inLanguage":"pt-PT","potentialAction":[{"@type":"ReadAction","target":["https:\/\/portaltela.pt\/noticias\/2026\/05\/02\/nobel-da-paz-narges-mohammadi-hospitalizada-no-irao-apos-crise-cardiaca\/"]}]},{"@type":"ImageObject","inLanguage":"pt-PT","@id":"https:\/\/portaltela.pt\/noticias\/2026\/05\/02\/nobel-da-paz-narges-mohammadi-hospitalizada-no-irao-apos-crise-cardiaca\/#primaryimage","url":"https:\/\/portaltela.pt\/s.01k8rhncp4jt1\/2026\/05\/2085543.jpg","contentUrl":"https:\/\/portaltela.pt\/s.01k8rhncp4jt1\/2026\/05\/2085543.jpg","width":796,"height":448,"caption":"A activista Narges Mohammadi numa foto de arquivo"},{"@type":"BreadcrumbList","@id":"https:\/\/portaltela.pt\/noticias\/2026\/05\/02\/nobel-da-paz-narges-mohammadi-hospitalizada-no-irao-apos-crise-cardiaca\/#breadcrumb","itemListElement":[{"@type":"ListItem","position":1,"name":"In\u00edcio","item":"https:\/\/portaltela.pt\/"},{"@type":"ListItem","position":2,"name":"Nobel da Paz Narges Mohammadi hospitalizada no Ir\u00e3o ap\u00f3s crise card\u00edaca"}]},{"@type":"WebSite","@id":"https:\/\/portaltela.pt\/#website","url":"https:\/\/portaltela.pt\/","name":"Portal Tela Portugal","description":"","potentialAction":[{"@type":"SearchAction","target":{"@type":"EntryPoint","urlTemplate":"https:\/\/portaltela.pt\/?s={search_term_string}"},"query-input":{"@type":"PropertyValueSpecification","valueRequired":true,"valueName":"search_term_string"}}],"inLanguage":"pt-PT"},{"@type":"Person","@id":"https:\/\/portaltela.pt\/#\/schema\/person\/c4278d4a6028830caff9ee44b42d32ed","name":"Telinha","image":{"@type":"ImageObject","inLanguage":"pt-PT","@id":"https:\/\/portaltela.pt\/s.01k8rhncp4jt1\/2025\/11\/talking-bot-125x125.png","url":"https:\/\/portaltela.pt\/s.01k8rhncp4jt1\/2025\/11\/talking-bot-125x125.png","contentUrl":"https:\/\/portaltela.pt\/s.01k8rhncp4jt1\/2025\/11\/talking-bot-125x125.png","caption":"Telinha"},"sameAs":["https:\/\/portaltela.pt\/"],"url":"https:\/\/portaltela.pt\/por\/367410592786\/"}]}},"_links":{"self":[{"href":"https:\/\/portaltela.pt\/api\/wp\/v2\/posts\/464619","targetHints":{"allow":["GET"]}}],"collection":[{"href":"https:\/\/portaltela.pt\/api\/wp\/v2\/posts"}],"about":[{"href":"https:\/\/portaltela.pt\/api\/wp\/v2\/types\/post"}],"author":[{"embeddable":true,"href":"https:\/\/portaltela.pt\/api\/wp\/v2\/users\/2"}],"replies":[{"embeddable":true,"href":"https:\/\/portaltela.pt\/api\/wp\/v2\/comments?post=464619"}],"version-history":[{"count":0,"href":"https:\/\/portaltela.pt\/api\/wp\/v2\/posts\/464619\/revisions"}],"wp:featuredmedia":[{"embeddable":true,"href":"https:\/\/portaltela.pt\/api\/wp\/v2\/media\/464626"}],"wp:attachment":[{"href":"https:\/\/portaltela.pt\/api\/wp\/v2\/media?parent=464619"}],"wp:term":[{"taxonomy":"category","embeddable":true,"href":"https:\/\/portaltela.pt\/api\/wp\/v2\/categories?post=464619"},{"taxonomy":"post_tag","embeddable":true,"href":"https:\/\/portaltela.pt\/api\/wp\/v2\/tags?post=464619"}],"curies":[{"name":"wp","href":"https:\/\/api.w.org\/{rel}","templated":true}]}}