{"id":464603,"date":"2026-05-02T04:47:45","date_gmt":"2026-05-02T07:47:45","guid":{"rendered":"https:\/\/portaltela.pt\/noticias\/2026\/05\/02\/flotilha-afirma-transferencia-de-ativistas-avila-e-abukeshek-para-israel\/"},"modified":"2026-05-02T04:47:45","modified_gmt":"2026-05-02T07:47:45","slug":"flotilha-afirma-transferencia-de-ativistas-avila-e-abukeshek-para-israel","status":"publish","type":"post","link":"https:\/\/portaltela.pt\/internacionais\/2026\/05\/02\/flotilha-afirma-transferencia-de-ativistas-avila-e-abukeshek-para-israel\/","title":{"rendered":"Flotilha afirma transfer\u00eancia de ativistas \u00c1vila e Abukeshek para Israel"},"content":{"rendered":"<p>A Flotilha Global Sumud anunciou, neste s\u00e1bado, que o ativista brasileiro Thiago \u00c1vila e o espanhol de origem palestiniana Saif Abukeshek j\u00e1 est\u00e3o a ser transportados da Gr\u00e9cia para Israel, com chegada prevista hoje. O navio Nahshon est\u00e1 envolvido no percurso, levando 174 ativistas de 22 embarca\u00e7\u00f5es intercetadas na quinta-feira.<\/p>\n<p>\u00c1vila e Abukeshek foram transferidos para o Nahshon, ao contr\u00e1rio dos demais companheiros que ficaram retidos no navio. A flotilha afirma que o Nahshon deixou as \u00e1guas territoriais gregas e segue para a Palestina ocupada, segundo o objetivo da opera\u00e7\u00e3o.<\/p>\n<p>A organiza\u00e7\u00e3o tamb\u00e9m refor\u00e7a den\u00fancias de tortura, alegando que Abukeshek foi agredido pela for\u00e7as israelitas a bordo. Testemunhas teriam relatado gritos durante o suposto mart\u00edrio, descrevendo uma separa\u00e7\u00e3o do grupo para a facilita\u00e7\u00e3o de atos violentos, segundo o comunicado.<\/p>\n<h3>Situa\u00e7\u00e3o atual<\/h3>\n<p>Ap\u00f3s a deten\u00e7\u00e3o no mar, os ativistas desembarcaram na ilha de Creta, com exce\u00e7\u00e3o de \u00c1vila e Abukeshek, que seguiram para o Nahshon. Em Creta, alguns receberam assist\u00eancia m\u00e9dica e outros seguiram para o aeroporto de Heraklion, rumo aos respetivos pa\u00edses.<\/p>\n<p>O grupo afirmou que o n\u00famero de ativistas que necessitou de cuidados m\u00e9dicos subiu para 35, em virtude da viol\u00eancia observada pela defesa dos detidos. Governos de Espanha e Brasil exigem o regresso imediato dos cidad\u00e3os, caracterizando o sequestro como uma viola\u00e7\u00e3o do direito internacional.<\/p>\n<h3>Rea\u00e7\u00e3o oficial<\/h3>\n<p>O Minist\u00e9rio dos Neg\u00f3cios Estrangeiros de Israel contraria as acusa\u00e7\u00f5es, dizendo que os indiv\u00edduos ajudam o Hamas financeiramente ou apoiam o movimento islamista. Cerca de 28 embarca\u00e7\u00f5es da flotilha permanecem ancoradas na ba\u00eda de Ierapetra, em Creta, devido ao mau tempo.<\/p>\n","protected":false},"excerpt":{"rendered":"<ul>\n<li>A Flotilha Global Sumud afirma que Thiago \u00c1vila e Saif Abukeshek j\u00e1 est\u00e3o a ser transferidos da Gr\u00e9cia para Israel, a bordo do navio Nahshon, com 174 ativistas de 22 embarca\u00e7\u00f5es.<\/li>\n<li>O Nahshon deixou as \u00e1guas territoriais da Gr\u00e9cia e dirige-se para a Palestina ocupada, segundo a organiza\u00e7\u00e3o.<\/li>\n<li>A Flotilha alega que Abukeshek foi torturado a bordo, descrevendo o epis\u00f3dio como uma grave escalada e crime de guerra.<\/li>\n<li>Ap\u00f3s a deten\u00e7\u00e3o, os restantes ativistas desembarcaram em Creta; alguns foram para centros m\u00e9dicos e outros foram repatriados.<\/li>\n<li>Espanha e Brasil exigem o regresso imediato dos cidad\u00e3os, qualificando o sequestro em \u00e1guas internacionais como viola\u00e7\u00e3o do direito internacional, enquanto Israel aponta liga\u00e7\u00f5es dos ativistas com o Hamas.<\/li>\n<\/ul>\n","protected":false},"author":2,"featured_media":464604,"comment_status":"closed","ping_status":"closed","sticky":false,"template":"","format":"standard","meta":{"footnotes":""},"categories":[6790,6912],"tags":[6567,3225,2198,3708,2030,8332],"class_list":["post-464603","post","type-post","status-publish","format-standard","has-post-thumbnail","hentry","category-conflitos","category-internacionais","tag-acao-humanitaria","tag-acoes-internacionais","tag-conflitos-internacionais","tag-israel","tag-palestina","tag-refugiados"],"yoast_head":"<!-- This site is optimized with the Yoast SEO plugin v27.2 - https:\/\/yoast.com\/product\/yoast-seo-wordpress\/ -->\n<title>Flotilha afirma transfer\u00eancia de ativistas \u00c1vila e Abukeshek para Israel - Portal Tela Portugal<\/title>\n<meta name=\"robots\" content=\"index, follow, max-snippet:-1, max-image-preview:large, max-video-preview:-1\" \/>\n<meta property=\"og:locale\" content=\"pt_PT\" \/>\n<meta property=\"og:type\" content=\"article\" \/>\n<meta property=\"og:title\" content=\"Flotilha afirma transfer\u00eancia de ativistas \u00c1vila e Abukeshek para Israel - Portal Tela Portugal\" \/>\n<meta property=\"og:description\" content=\"A Flotilha Global Sumud afirma que Thiago \u00c1vila e Saif Abukeshek j\u00e1 est\u00e3o a ser transferidos da Gr\u00e9cia para Israel, a bordo do navio Nahshon, com 174 ativistas de 22 embarca\u00e7\u00f5es. O Nahshon deixou as \u00e1guas territoriais da Gr\u00e9cia e dirige-se para a Palestina ocupada, segundo a organiza\u00e7\u00e3o. A Flotilha alega que Abukeshek foi torturado a bordo, descrevendo o epis\u00f3dio como uma grave escalada e crime de guerra. Ap\u00f3s a deten\u00e7\u00e3o, os restantes ativistas desembarcaram em Creta; alguns foram para centros m\u00e9dicos e outros foram repatriados. Espanha e Brasil exigem o regresso imediato dos cidad\u00e3os, qualificando o sequestro em \u00e1guas internacionais como viola\u00e7\u00e3o do direito internacional, enquanto Israel aponta liga\u00e7\u00f5es dos ativistas com o Hamas.\" \/>\n<meta property=\"og:url\" content=\"https:\/\/portaltela.pt\/noticias\/2026\/05\/02\/flotilha-afirma-transferencia-de-ativistas-avila-e-abukeshek-para-israel\/\" \/>\n<meta property=\"og:site_name\" content=\"Portal Tela Portugal\" \/>\n<meta property=\"article:published_time\" content=\"2026-05-02T07:47:45+00:00\" \/>\n<meta name=\"author\" content=\"Telinha\" \/>\n<meta name=\"twitter:card\" content=\"summary_large_image\" \/>\n<meta name=\"twitter:label1\" content=\"Escrito por\" \/>\n\t<meta name=\"twitter:data1\" content=\"Telinha\" \/>\n\t<meta name=\"twitter:label2\" content=\"Tempo estimado de leitura\" \/>\n\t<meta name=\"twitter:data2\" content=\"1 minuto\" \/>\n<script type=\"application\/ld+json\" class=\"yoast-schema-graph\">{\"@context\":\"https:\/\/schema.org\",\"@graph\":[{\"@type\":\"Article\",\"@id\":\"https:\/\/portaltela.pt\/noticias\/2026\/05\/02\/flotilha-afirma-transferencia-de-ativistas-avila-e-abukeshek-para-israel\/#article\",\"isPartOf\":{\"@id\":\"https:\/\/portaltela.pt\/noticias\/2026\/05\/02\/flotilha-afirma-transferencia-de-ativistas-avila-e-abukeshek-para-israel\/\"},\"author\":{\"name\":\"Telinha\",\"@id\":\"https:\/\/portaltela.pt\/#\/schema\/person\/c4278d4a6028830caff9ee44b42d32ed\"},\"headline\":\"Flotilha afirma transfer\u00eancia de ativistas \u00c1vila e Abukeshek para Israel\",\"datePublished\":\"2026-05-02T07:47:45+00:00\",\"mainEntityOfPage\":{\"@id\":\"https:\/\/portaltela.pt\/noticias\/2026\/05\/02\/flotilha-afirma-transferencia-de-ativistas-avila-e-abukeshek-para-israel\/\"},\"wordCount\":300,\"image\":{\"@id\":\"https:\/\/portaltela.pt\/noticias\/2026\/05\/02\/flotilha-afirma-transferencia-de-ativistas-avila-e-abukeshek-para-israel\/#primaryimage\"},\"thumbnailUrl\":\"https:\/\/portaltela.pt\/s.01k8rhncp4jt1\/2026\/05\/image-64.jpg\",\"keywords\":[\"a\u00e7\u00e3o humanit\u00e1ria\",\"a\u00e7\u00f5es internacionais\",\"conflitos internacionais\",\"Israel\",\"Palestina\",\"refugiados\"],\"articleSection\":[\"Conflitos\",\"Internacionais\"],\"inLanguage\":\"pt-PT\"},{\"@type\":\"WebPage\",\"@id\":\"https:\/\/portaltela.pt\/noticias\/2026\/05\/02\/flotilha-afirma-transferencia-de-ativistas-avila-e-abukeshek-para-israel\/\",\"url\":\"https:\/\/portaltela.pt\/noticias\/2026\/05\/02\/flotilha-afirma-transferencia-de-ativistas-avila-e-abukeshek-para-israel\/\",\"name\":\"Flotilha afirma transfer\u00eancia de ativistas \u00c1vila e Abukeshek para Israel - Portal Tela Portugal\",\"isPartOf\":{\"@id\":\"https:\/\/portaltela.pt\/#website\"},\"primaryImageOfPage\":{\"@id\":\"https:\/\/portaltela.pt\/noticias\/2026\/05\/02\/flotilha-afirma-transferencia-de-ativistas-avila-e-abukeshek-para-israel\/#primaryimage\"},\"image\":{\"@id\":\"https:\/\/portaltela.pt\/noticias\/2026\/05\/02\/flotilha-afirma-transferencia-de-ativistas-avila-e-abukeshek-para-israel\/#primaryimage\"},\"thumbnailUrl\":\"https:\/\/portaltela.pt\/s.01k8rhncp4jt1\/2026\/05\/image-64.jpg\",\"datePublished\":\"2026-05-02T07:47:45+00:00\",\"author\":{\"@id\":\"https:\/\/portaltela.pt\/#\/schema\/person\/c4278d4a6028830caff9ee44b42d32ed\"},\"breadcrumb\":{\"@id\":\"https:\/\/portaltela.pt\/noticias\/2026\/05\/02\/flotilha-afirma-transferencia-de-ativistas-avila-e-abukeshek-para-israel\/#breadcrumb\"},\"inLanguage\":\"pt-PT\",\"potentialAction\":[{\"@type\":\"ReadAction\",\"target\":[\"https:\/\/portaltela.pt\/noticias\/2026\/05\/02\/flotilha-afirma-transferencia-de-ativistas-avila-e-abukeshek-para-israel\/\"]}]},{\"@type\":\"ImageObject\",\"inLanguage\":\"pt-PT\",\"@id\":\"https:\/\/portaltela.pt\/noticias\/2026\/05\/02\/flotilha-afirma-transferencia-de-ativistas-avila-e-abukeshek-para-israel\/#primaryimage\",\"url\":\"https:\/\/portaltela.pt\/s.01k8rhncp4jt1\/2026\/05\/image-64.jpg\",\"contentUrl\":\"https:\/\/portaltela.pt\/s.01k8rhncp4jt1\/2026\/05\/image-64.jpg\",\"width\":796,\"height\":448,\"caption\":\"O navio Nahshon, com \u00c1vila e Abukeshek a bordo, \\\"deixou as \u00e1guas territoriais da Gr\u00e9cia\\\"\"},{\"@type\":\"BreadcrumbList\",\"@id\":\"https:\/\/portaltela.pt\/noticias\/2026\/05\/02\/flotilha-afirma-transferencia-de-ativistas-avila-e-abukeshek-para-israel\/#breadcrumb\",\"itemListElement\":[{\"@type\":\"ListItem\",\"position\":1,\"name\":\"In\u00edcio\",\"item\":\"https:\/\/portaltela.pt\/\"},{\"@type\":\"ListItem\",\"position\":2,\"name\":\"Flotilha afirma transfer\u00eancia de ativistas \u00c1vila e Abukeshek para Israel\"}]},{\"@type\":\"WebSite\",\"@id\":\"https:\/\/portaltela.pt\/#website\",\"url\":\"https:\/\/portaltela.pt\/\",\"name\":\"Portal Tela Portugal\",\"description\":\"\",\"potentialAction\":[{\"@type\":\"SearchAction\",\"target\":{\"@type\":\"EntryPoint\",\"urlTemplate\":\"https:\/\/portaltela.pt\/?s={search_term_string}\"},\"query-input\":{\"@type\":\"PropertyValueSpecification\",\"valueRequired\":true,\"valueName\":\"search_term_string\"}}],\"inLanguage\":\"pt-PT\"},{\"@type\":\"Person\",\"@id\":\"https:\/\/portaltela.pt\/#\/schema\/person\/c4278d4a6028830caff9ee44b42d32ed\",\"name\":\"Telinha\",\"image\":{\"@type\":\"ImageObject\",\"inLanguage\":\"pt-PT\",\"@id\":\"https:\/\/portaltela.pt\/s.01k8rhncp4jt1\/2025\/11\/talking-bot-125x125.png\",\"url\":\"https:\/\/portaltela.pt\/s.01k8rhncp4jt1\/2025\/11\/talking-bot-125x125.png\",\"contentUrl\":\"https:\/\/portaltela.pt\/s.01k8rhncp4jt1\/2025\/11\/talking-bot-125x125.png\",\"caption\":\"Telinha\"},\"sameAs\":[\"https:\/\/portaltela.pt\/\"],\"url\":\"https:\/\/portaltela.pt\/por\/367410592786\/\"}]}<\/script>\n<!-- \/ Yoast SEO plugin. -->","yoast_head_json":{"title":"Flotilha afirma transfer\u00eancia de ativistas \u00c1vila e Abukeshek para Israel - Portal Tela Portugal","robots":{"index":"index","follow":"follow","max-snippet":"max-snippet:-1","max-image-preview":"max-image-preview:large","max-video-preview":"max-video-preview:-1"},"og_locale":"pt_PT","og_type":"article","og_title":"Flotilha afirma transfer\u00eancia de ativistas \u00c1vila e Abukeshek para Israel - Portal Tela Portugal","og_description":"A Flotilha Global Sumud afirma que Thiago \u00c1vila e Saif Abukeshek j\u00e1 est\u00e3o a ser transferidos da Gr\u00e9cia para Israel, a bordo do navio Nahshon, com 174 ativistas de 22 embarca\u00e7\u00f5es. O Nahshon deixou as \u00e1guas territoriais da Gr\u00e9cia e dirige-se para a Palestina ocupada, segundo a organiza\u00e7\u00e3o. A Flotilha alega que Abukeshek foi torturado a bordo, descrevendo o epis\u00f3dio como uma grave escalada e crime de guerra. Ap\u00f3s a deten\u00e7\u00e3o, os restantes ativistas desembarcaram em Creta; alguns foram para centros m\u00e9dicos e outros foram repatriados. Espanha e Brasil exigem o regresso imediato dos cidad\u00e3os, qualificando o sequestro em \u00e1guas internacionais como viola\u00e7\u00e3o do direito internacional, enquanto Israel aponta liga\u00e7\u00f5es dos ativistas com o Hamas.","og_url":"https:\/\/portaltela.pt\/noticias\/2026\/05\/02\/flotilha-afirma-transferencia-de-ativistas-avila-e-abukeshek-para-israel\/","og_site_name":"Portal Tela Portugal","article_published_time":"2026-05-02T07:47:45+00:00","author":"Telinha","twitter_card":"summary_large_image","twitter_misc":{"Escrito por":"Telinha","Tempo estimado de leitura":"1 minuto"},"schema":{"@context":"https:\/\/schema.org","@graph":[{"@type":"Article","@id":"https:\/\/portaltela.pt\/noticias\/2026\/05\/02\/flotilha-afirma-transferencia-de-ativistas-avila-e-abukeshek-para-israel\/#article","isPartOf":{"@id":"https:\/\/portaltela.pt\/noticias\/2026\/05\/02\/flotilha-afirma-transferencia-de-ativistas-avila-e-abukeshek-para-israel\/"},"author":{"name":"Telinha","@id":"https:\/\/portaltela.pt\/#\/schema\/person\/c4278d4a6028830caff9ee44b42d32ed"},"headline":"Flotilha afirma transfer\u00eancia de ativistas \u00c1vila e Abukeshek para Israel","datePublished":"2026-05-02T07:47:45+00:00","mainEntityOfPage":{"@id":"https:\/\/portaltela.pt\/noticias\/2026\/05\/02\/flotilha-afirma-transferencia-de-ativistas-avila-e-abukeshek-para-israel\/"},"wordCount":300,"image":{"@id":"https:\/\/portaltela.pt\/noticias\/2026\/05\/02\/flotilha-afirma-transferencia-de-ativistas-avila-e-abukeshek-para-israel\/#primaryimage"},"thumbnailUrl":"https:\/\/portaltela.pt\/s.01k8rhncp4jt1\/2026\/05\/image-64.jpg","keywords":["a\u00e7\u00e3o humanit\u00e1ria","a\u00e7\u00f5es internacionais","conflitos internacionais","Israel","Palestina","refugiados"],"articleSection":["Conflitos","Internacionais"],"inLanguage":"pt-PT"},{"@type":"WebPage","@id":"https:\/\/portaltela.pt\/noticias\/2026\/05\/02\/flotilha-afirma-transferencia-de-ativistas-avila-e-abukeshek-para-israel\/","url":"https:\/\/portaltela.pt\/noticias\/2026\/05\/02\/flotilha-afirma-transferencia-de-ativistas-avila-e-abukeshek-para-israel\/","name":"Flotilha afirma transfer\u00eancia de ativistas \u00c1vila e Abukeshek para Israel - Portal Tela Portugal","isPartOf":{"@id":"https:\/\/portaltela.pt\/#website"},"primaryImageOfPage":{"@id":"https:\/\/portaltela.pt\/noticias\/2026\/05\/02\/flotilha-afirma-transferencia-de-ativistas-avila-e-abukeshek-para-israel\/#primaryimage"},"image":{"@id":"https:\/\/portaltela.pt\/noticias\/2026\/05\/02\/flotilha-afirma-transferencia-de-ativistas-avila-e-abukeshek-para-israel\/#primaryimage"},"thumbnailUrl":"https:\/\/portaltela.pt\/s.01k8rhncp4jt1\/2026\/05\/image-64.jpg","datePublished":"2026-05-02T07:47:45+00:00","author":{"@id":"https:\/\/portaltela.pt\/#\/schema\/person\/c4278d4a6028830caff9ee44b42d32ed"},"breadcrumb":{"@id":"https:\/\/portaltela.pt\/noticias\/2026\/05\/02\/flotilha-afirma-transferencia-de-ativistas-avila-e-abukeshek-para-israel\/#breadcrumb"},"inLanguage":"pt-PT","potentialAction":[{"@type":"ReadAction","target":["https:\/\/portaltela.pt\/noticias\/2026\/05\/02\/flotilha-afirma-transferencia-de-ativistas-avila-e-abukeshek-para-israel\/"]}]},{"@type":"ImageObject","inLanguage":"pt-PT","@id":"https:\/\/portaltela.pt\/noticias\/2026\/05\/02\/flotilha-afirma-transferencia-de-ativistas-avila-e-abukeshek-para-israel\/#primaryimage","url":"https:\/\/portaltela.pt\/s.01k8rhncp4jt1\/2026\/05\/image-64.jpg","contentUrl":"https:\/\/portaltela.pt\/s.01k8rhncp4jt1\/2026\/05\/image-64.jpg","width":796,"height":448,"caption":"O navio Nahshon, com \u00c1vila e Abukeshek a bordo, \"deixou as \u00e1guas territoriais da Gr\u00e9cia\""},{"@type":"BreadcrumbList","@id":"https:\/\/portaltela.pt\/noticias\/2026\/05\/02\/flotilha-afirma-transferencia-de-ativistas-avila-e-abukeshek-para-israel\/#breadcrumb","itemListElement":[{"@type":"ListItem","position":1,"name":"In\u00edcio","item":"https:\/\/portaltela.pt\/"},{"@type":"ListItem","position":2,"name":"Flotilha afirma transfer\u00eancia de ativistas \u00c1vila e Abukeshek para Israel"}]},{"@type":"WebSite","@id":"https:\/\/portaltela.pt\/#website","url":"https:\/\/portaltela.pt\/","name":"Portal Tela Portugal","description":"","potentialAction":[{"@type":"SearchAction","target":{"@type":"EntryPoint","urlTemplate":"https:\/\/portaltela.pt\/?s={search_term_string}"},"query-input":{"@type":"PropertyValueSpecification","valueRequired":true,"valueName":"search_term_string"}}],"inLanguage":"pt-PT"},{"@type":"Person","@id":"https:\/\/portaltela.pt\/#\/schema\/person\/c4278d4a6028830caff9ee44b42d32ed","name":"Telinha","image":{"@type":"ImageObject","inLanguage":"pt-PT","@id":"https:\/\/portaltela.pt\/s.01k8rhncp4jt1\/2025\/11\/talking-bot-125x125.png","url":"https:\/\/portaltela.pt\/s.01k8rhncp4jt1\/2025\/11\/talking-bot-125x125.png","contentUrl":"https:\/\/portaltela.pt\/s.01k8rhncp4jt1\/2025\/11\/talking-bot-125x125.png","caption":"Telinha"},"sameAs":["https:\/\/portaltela.pt\/"],"url":"https:\/\/portaltela.pt\/por\/367410592786\/"}]}},"_links":{"self":[{"href":"https:\/\/portaltela.pt\/api\/wp\/v2\/posts\/464603","targetHints":{"allow":["GET"]}}],"collection":[{"href":"https:\/\/portaltela.pt\/api\/wp\/v2\/posts"}],"about":[{"href":"https:\/\/portaltela.pt\/api\/wp\/v2\/types\/post"}],"author":[{"embeddable":true,"href":"https:\/\/portaltela.pt\/api\/wp\/v2\/users\/2"}],"replies":[{"embeddable":true,"href":"https:\/\/portaltela.pt\/api\/wp\/v2\/comments?post=464603"}],"version-history":[{"count":0,"href":"https:\/\/portaltela.pt\/api\/wp\/v2\/posts\/464603\/revisions"}],"wp:featuredmedia":[{"embeddable":true,"href":"https:\/\/portaltela.pt\/api\/wp\/v2\/media\/464604"}],"wp:attachment":[{"href":"https:\/\/portaltela.pt\/api\/wp\/v2\/media?parent=464603"}],"wp:term":[{"taxonomy":"category","embeddable":true,"href":"https:\/\/portaltela.pt\/api\/wp\/v2\/categories?post=464603"},{"taxonomy":"post_tag","embeddable":true,"href":"https:\/\/portaltela.pt\/api\/wp\/v2\/tags?post=464603"}],"curies":[{"name":"wp","href":"https:\/\/api.w.org\/{rel}","templated":true}]}}