{"id":464575,"date":"2026-05-02T04:17:53","date_gmt":"2026-05-02T07:17:53","guid":{"rendered":"https:\/\/portaltela.pt\/noticias\/2026\/05\/02\/trump-diz-que-tomaria-cuba-quase-de-imediato-apos-chegada-de-porta-avioes\/"},"modified":"2026-05-02T04:17:53","modified_gmt":"2026-05-02T07:17:53","slug":"trump-diz-que-tomaria-cuba-quase-de-imediato-apos-chegada-de-porta-avioes","status":"publish","type":"post","link":"https:\/\/portaltela.pt\/noticias\/internacional\/2026\/05\/02\/trump-diz-que-tomaria-cuba-quase-de-imediato-apos-chegada-de-porta-avioes\/","title":{"rendered":"Trump diz que tomaria Cuba quase de imediato ap\u00f3s chegada de porta-avi\u00f5es"},"content":{"rendered":"<p>Durante um jantar privado no Raymon F. Kravis Center for the Performing Arts, em West Palm Beach, Florida, Donald Trump afirmou que vai tomar o controlo de Cuba quase de imediato, ap\u00f3s terminar o que chamou de trabalho no Ir\u00e3o. A declara\u00e7\u00e3o ocorreu num evento fechado do Forum Club.<\/p>\n<p>No mesmo dia, o Presidente assinou um decreto com novas san\u00e7\u00f5es contra Cuba, refor\u00e7ando medidas j\u00e1 anunciadas no final de janeiro. As a\u00e7\u00f5es visam pressionar o governo cubano atrav\u00e9s de v\u00e1rios setores, mantendo o foco na ilha.<\/p>\n<p>As autoridades cubanas reagiram. Miguel D\u00edaz-Canel qualificou o bloqueio de genocida, enquanto Bruno Rodr\u00edguez o descreveu como puni\u00e7\u00e3o coletiva. Em Havana, uma grande manifesta\u00e7\u00e3o junto \u00e0 embaixada dos EUA reuniu milhares de pessoas.<\/p>\n<h3>Novas san\u00e7\u00f5es e implica\u00e7\u00f5es<\/h3>\n<p>Trump determinou restri\u00e7\u00f5es adicionais para fechar o acesso a recursos externos. O decreto mira os setores de energia, explora\u00e7\u00e3o mineira, defesa e servi\u00e7os financeiros, com impacto tamb\u00e9m em bancos estrangeiros que trabalham com o governo cubano e em pol\u00edticas migrat\u00f3rias.<\/p>\n<p>O objetivo \u00e9 asfixiar a economia cubana, segundo o governo norte-americano. Em resposta, Cuba tem mantido contactos diplom\u00e1ticos, incluindo reuni\u00f5es em Havana com representantes dos EUA em abril, e continua a apresentar a situa\u00e7\u00e3o na ilha a n\u00edvel internacional.<\/p>\n<h3>Contexto e desdobramentos<\/h3>\n<p>Desde janeiro, a press\u00e3o sobre Cuba tem vindo a aumentar. A jun\u00e7\u00e3o de dificuldades energ\u00e9ticas na regi\u00e3o, com o derrube do regime venezuelano de Maduro, tem influenciado o cen\u00e1rio cubano, aliado hist\u00f3rico e principal fornecedor de petr\u00f3leo.<\/p>\n<p>Trump j\u00e1 sinalizou, em contexto anterior, a possibilidade de uma interven\u00e7\u00e3o mais assertiva se as condi\u00e7\u00f5es n\u00e3o forem ajustadas. A declara\u00e7\u00e3o do porta-avi\u00f5es nas Cara\u00edbas foi apresentada como uma eventual demonstra\u00e7\u00e3o de for\u00e7a, sem confirma\u00e7\u00e3o de planos concretos.<\/p>\n","protected":false},"excerpt":{"rendered":"<ul>\n<li>O Presidente Donald Trump afirmou num jantar privado em West Palm Beach, Florida, que vai assumir o controlo de Cuba \u201cquase imediatamente\u201d, depois de terminar o que chamou de \u201ctrabalho\u201d no Ir\u00e3o, com um porta-avi\u00f5es a chegar \u00e0s Cara\u00edbas a cerca de 100 metros da costa cubana.<\/li>\n<li>A declara\u00e7\u00e3o foi proferida no mesmo dia em que a Casa Branca assinou um decreto com novas san\u00e7\u00f5es contra Cuba, visando v\u00e1rios setores e restri\u00e7\u00f5es a bancos e migra\u00e7\u00e3o.<\/li>\n<li>As novas medidas atingem energia, explora\u00e7\u00e3o mineira, defesa e servi\u00e7os financeiros, incluindo restri\u00e7\u00f5es a bancos estrangeiros que colaboram com o governo cubano.<\/li>\n<li>O governo cubano, liderado por Miguel D\u00edaz-Canel, qualificou o bloqueio de \u201cgenoc\u00eddio\u201d; o ministro Bruno Rodr\u00edguez chamou a a\u00e7\u00e3o de \u201cpuni\u00e7\u00e3o colectiva\u201d e associou-a a uma grande manifesta\u00e7\u00e3o em Havana.<\/li>\n<li>A escalada ocorre num contexto de press\u00e3o crescente desde janeiro, com contactos diplom\u00e1ticos entre os dois pa\u00edses, mobiliza\u00e7\u00e3o de milhares de cubanos e discuss\u00f5es sobre a presen\u00e7a de tropas e op\u00e7\u00f5es militares.<\/li>\n<\/ul>\n","protected":false},"author":2,"featured_media":464580,"comment_status":"closed","ping_status":"closed","sticky":false,"template":"","format":"standard","meta":{"footnotes":""},"categories":[6814,4],"tags":[9053,7986,7962,7946,8060,8397],"class_list":["post-464575","post","type-post","status-publish","format-standard","has-post-thumbnail","hentry","category-geopolitica","category-internacional","tag-_cuba","tag-_estados-unidos","tag-_politica-externa","tag-_relacoes-internacionais","tag-_sancoes","tag-_sancoes-internacionais"],"yoast_head":"<!-- This site is optimized with the Yoast SEO plugin v27.2 - https:\/\/yoast.com\/product\/yoast-seo-wordpress\/ -->\n<title>Trump diz que tomaria Cuba quase de imediato ap\u00f3s chegada de porta-avi\u00f5es - Portal Tela Portugal<\/title>\n<meta name=\"robots\" content=\"index, follow, max-snippet:-1, max-image-preview:large, max-video-preview:-1\" \/>\n<meta property=\"og:locale\" content=\"pt_PT\" \/>\n<meta property=\"og:type\" content=\"article\" \/>\n<meta property=\"og:title\" content=\"Trump diz que tomaria Cuba quase de imediato ap\u00f3s chegada de porta-avi\u00f5es - Portal Tela Portugal\" \/>\n<meta property=\"og:description\" content=\"O Presidente Donald Trump afirmou num jantar privado em West Palm Beach, Florida, que vai assumir o controlo de Cuba \u201cquase imediatamente\u201d, depois de terminar o que chamou de \u201ctrabalho\u201d no Ir\u00e3o, com um porta-avi\u00f5es a chegar \u00e0s Cara\u00edbas a cerca de 100 metros da costa cubana. A declara\u00e7\u00e3o foi proferida no mesmo dia em que a Casa Branca assinou um decreto com novas san\u00e7\u00f5es contra Cuba, visando v\u00e1rios setores e restri\u00e7\u00f5es a bancos e migra\u00e7\u00e3o. As novas medidas atingem energia, explora\u00e7\u00e3o mineira, defesa e servi\u00e7os financeiros, incluindo restri\u00e7\u00f5es a bancos estrangeiros que colaboram com o governo cubano. O governo cubano, liderado por Miguel D\u00edaz-Canel, qualificou o bloqueio de \u201cgenoc\u00eddio\u201d; o ministro Bruno Rodr\u00edguez chamou a a\u00e7\u00e3o de \u201cpuni\u00e7\u00e3o colectiva\u201d e associou-a a uma grande manifesta\u00e7\u00e3o em Havana. A escalada ocorre num contexto de press\u00e3o crescente desde janeiro, com contactos diplom\u00e1ticos entre os dois pa\u00edses, mobiliza\u00e7\u00e3o de milhares de cubanos e discuss\u00f5es sobre a presen\u00e7a de tropas e op\u00e7\u00f5es militares.\" \/>\n<meta property=\"og:url\" content=\"https:\/\/portaltela.pt\/noticias\/2026\/05\/02\/trump-diz-que-tomaria-cuba-quase-de-imediato-apos-chegada-de-porta-avioes\/\" \/>\n<meta property=\"og:site_name\" content=\"Portal Tela Portugal\" \/>\n<meta property=\"article:published_time\" content=\"2026-05-02T07:17:53+00:00\" \/>\n<meta name=\"author\" content=\"Telinha\" \/>\n<meta name=\"twitter:card\" content=\"summary_large_image\" \/>\n<meta name=\"twitter:label1\" content=\"Escrito por\" \/>\n\t<meta name=\"twitter:data1\" content=\"Telinha\" \/>\n\t<meta name=\"twitter:label2\" content=\"Tempo estimado de leitura\" \/>\n\t<meta name=\"twitter:data2\" content=\"2 minutos\" \/>\n<script type=\"application\/ld+json\" class=\"yoast-schema-graph\">{\"@context\":\"https:\/\/schema.org\",\"@graph\":[{\"@type\":\"Article\",\"@id\":\"https:\/\/portaltela.pt\/noticias\/2026\/05\/02\/trump-diz-que-tomaria-cuba-quase-de-imediato-apos-chegada-de-porta-avioes\/#article\",\"isPartOf\":{\"@id\":\"https:\/\/portaltela.pt\/noticias\/2026\/05\/02\/trump-diz-que-tomaria-cuba-quase-de-imediato-apos-chegada-de-porta-avioes\/\"},\"author\":{\"name\":\"Telinha\",\"@id\":\"https:\/\/portaltela.pt\/#\/schema\/person\/c4278d4a6028830caff9ee44b42d32ed\"},\"headline\":\"Trump diz que tomaria Cuba quase de imediato ap\u00f3s chegada de porta-avi\u00f5es\",\"datePublished\":\"2026-05-02T07:17:53+00:00\",\"mainEntityOfPage\":{\"@id\":\"https:\/\/portaltela.pt\/noticias\/2026\/05\/02\/trump-diz-que-tomaria-cuba-quase-de-imediato-apos-chegada-de-porta-avioes\/\"},\"wordCount\":332,\"image\":{\"@id\":\"https:\/\/portaltela.pt\/noticias\/2026\/05\/02\/trump-diz-que-tomaria-cuba-quase-de-imediato-apos-chegada-de-porta-avioes\/#primaryimage\"},\"thumbnailUrl\":\"https:\/\/portaltela.pt\/s.01k8rhncp4jt1\/2026\/05\/1536x864_cmsv2_7b885d5b-fd2c-5f75-84ca-101e4c072e9d-9744209.jpg\",\"keywords\":[\"_Cuba\",\"_Estados Unidos\",\"_pol\u00edtica externa\",\"_rela\u00e7\u00f5es internacionais\",\"_san\u00e7\u00f5es\",\"_san\u00e7\u00f5es internacionais\"],\"articleSection\":[\"Geopol\u00edtica\",\"Internacional\"],\"inLanguage\":\"pt-PT\"},{\"@type\":\"WebPage\",\"@id\":\"https:\/\/portaltela.pt\/noticias\/2026\/05\/02\/trump-diz-que-tomaria-cuba-quase-de-imediato-apos-chegada-de-porta-avioes\/\",\"url\":\"https:\/\/portaltela.pt\/noticias\/2026\/05\/02\/trump-diz-que-tomaria-cuba-quase-de-imediato-apos-chegada-de-porta-avioes\/\",\"name\":\"Trump diz que tomaria Cuba quase de imediato ap\u00f3s chegada de porta-avi\u00f5es - Portal Tela Portugal\",\"isPartOf\":{\"@id\":\"https:\/\/portaltela.pt\/#website\"},\"primaryImageOfPage\":{\"@id\":\"https:\/\/portaltela.pt\/noticias\/2026\/05\/02\/trump-diz-que-tomaria-cuba-quase-de-imediato-apos-chegada-de-porta-avioes\/#primaryimage\"},\"image\":{\"@id\":\"https:\/\/portaltela.pt\/noticias\/2026\/05\/02\/trump-diz-que-tomaria-cuba-quase-de-imediato-apos-chegada-de-porta-avioes\/#primaryimage\"},\"thumbnailUrl\":\"https:\/\/portaltela.pt\/s.01k8rhncp4jt1\/2026\/05\/1536x864_cmsv2_7b885d5b-fd2c-5f75-84ca-101e4c072e9d-9744209.jpg\",\"datePublished\":\"2026-05-02T07:17:53+00:00\",\"author\":{\"@id\":\"https:\/\/portaltela.pt\/#\/schema\/person\/c4278d4a6028830caff9ee44b42d32ed\"},\"breadcrumb\":{\"@id\":\"https:\/\/portaltela.pt\/noticias\/2026\/05\/02\/trump-diz-que-tomaria-cuba-quase-de-imediato-apos-chegada-de-porta-avioes\/#breadcrumb\"},\"inLanguage\":\"pt-PT\",\"potentialAction\":[{\"@type\":\"ReadAction\",\"target\":[\"https:\/\/portaltela.pt\/noticias\/2026\/05\/02\/trump-diz-que-tomaria-cuba-quase-de-imediato-apos-chegada-de-porta-avioes\/\"]}]},{\"@type\":\"ImageObject\",\"inLanguage\":\"pt-PT\",\"@id\":\"https:\/\/portaltela.pt\/noticias\/2026\/05\/02\/trump-diz-que-tomaria-cuba-quase-de-imediato-apos-chegada-de-porta-avioes\/#primaryimage\",\"url\":\"https:\/\/portaltela.pt\/s.01k8rhncp4jt1\/2026\/05\/1536x864_cmsv2_7b885d5b-fd2c-5f75-84ca-101e4c072e9d-9744209.jpg\",\"contentUrl\":\"https:\/\/portaltela.pt\/s.01k8rhncp4jt1\/2026\/05\/1536x864_cmsv2_7b885d5b-fd2c-5f75-84ca-101e4c072e9d-9744209.jpg\",\"width\":796,\"height\":448,\"caption\":\"O Presidente Donald Trump discursa no Raymond F. Kravis Center for the Performing Arts em West Palm Beach, Florida, sexta-feira, 1 de maio de 2026.\"},{\"@type\":\"BreadcrumbList\",\"@id\":\"https:\/\/portaltela.pt\/noticias\/2026\/05\/02\/trump-diz-que-tomaria-cuba-quase-de-imediato-apos-chegada-de-porta-avioes\/#breadcrumb\",\"itemListElement\":[{\"@type\":\"ListItem\",\"position\":1,\"name\":\"In\u00edcio\",\"item\":\"https:\/\/portaltela.pt\/\"},{\"@type\":\"ListItem\",\"position\":2,\"name\":\"Trump diz que tomaria Cuba quase de imediato ap\u00f3s chegada de porta-avi\u00f5es\"}]},{\"@type\":\"WebSite\",\"@id\":\"https:\/\/portaltela.pt\/#website\",\"url\":\"https:\/\/portaltela.pt\/\",\"name\":\"Portal Tela Portugal\",\"description\":\"\",\"potentialAction\":[{\"@type\":\"SearchAction\",\"target\":{\"@type\":\"EntryPoint\",\"urlTemplate\":\"https:\/\/portaltela.pt\/?s={search_term_string}\"},\"query-input\":{\"@type\":\"PropertyValueSpecification\",\"valueRequired\":true,\"valueName\":\"search_term_string\"}}],\"inLanguage\":\"pt-PT\"},{\"@type\":\"Person\",\"@id\":\"https:\/\/portaltela.pt\/#\/schema\/person\/c4278d4a6028830caff9ee44b42d32ed\",\"name\":\"Telinha\",\"image\":{\"@type\":\"ImageObject\",\"inLanguage\":\"pt-PT\",\"@id\":\"https:\/\/portaltela.pt\/s.01k8rhncp4jt1\/2025\/11\/talking-bot-125x125.png\",\"url\":\"https:\/\/portaltela.pt\/s.01k8rhncp4jt1\/2025\/11\/talking-bot-125x125.png\",\"contentUrl\":\"https:\/\/portaltela.pt\/s.01k8rhncp4jt1\/2025\/11\/talking-bot-125x125.png\",\"caption\":\"Telinha\"},\"sameAs\":[\"https:\/\/portaltela.pt\/\"],\"url\":\"https:\/\/portaltela.pt\/por\/367410592786\/\"}]}<\/script>\n<!-- \/ Yoast SEO plugin. -->","yoast_head_json":{"title":"Trump diz que tomaria Cuba quase de imediato ap\u00f3s chegada de porta-avi\u00f5es - Portal Tela Portugal","robots":{"index":"index","follow":"follow","max-snippet":"max-snippet:-1","max-image-preview":"max-image-preview:large","max-video-preview":"max-video-preview:-1"},"og_locale":"pt_PT","og_type":"article","og_title":"Trump diz que tomaria Cuba quase de imediato ap\u00f3s chegada de porta-avi\u00f5es - Portal Tela Portugal","og_description":"O Presidente Donald Trump afirmou num jantar privado em West Palm Beach, Florida, que vai assumir o controlo de Cuba \u201cquase imediatamente\u201d, depois de terminar o que chamou de \u201ctrabalho\u201d no Ir\u00e3o, com um porta-avi\u00f5es a chegar \u00e0s Cara\u00edbas a cerca de 100 metros da costa cubana. A declara\u00e7\u00e3o foi proferida no mesmo dia em que a Casa Branca assinou um decreto com novas san\u00e7\u00f5es contra Cuba, visando v\u00e1rios setores e restri\u00e7\u00f5es a bancos e migra\u00e7\u00e3o. As novas medidas atingem energia, explora\u00e7\u00e3o mineira, defesa e servi\u00e7os financeiros, incluindo restri\u00e7\u00f5es a bancos estrangeiros que colaboram com o governo cubano. O governo cubano, liderado por Miguel D\u00edaz-Canel, qualificou o bloqueio de \u201cgenoc\u00eddio\u201d; o ministro Bruno Rodr\u00edguez chamou a a\u00e7\u00e3o de \u201cpuni\u00e7\u00e3o colectiva\u201d e associou-a a uma grande manifesta\u00e7\u00e3o em Havana. A escalada ocorre num contexto de press\u00e3o crescente desde janeiro, com contactos diplom\u00e1ticos entre os dois pa\u00edses, mobiliza\u00e7\u00e3o de milhares de cubanos e discuss\u00f5es sobre a presen\u00e7a de tropas e op\u00e7\u00f5es militares.","og_url":"https:\/\/portaltela.pt\/noticias\/2026\/05\/02\/trump-diz-que-tomaria-cuba-quase-de-imediato-apos-chegada-de-porta-avioes\/","og_site_name":"Portal Tela Portugal","article_published_time":"2026-05-02T07:17:53+00:00","author":"Telinha","twitter_card":"summary_large_image","twitter_misc":{"Escrito por":"Telinha","Tempo estimado de leitura":"2 minutos"},"schema":{"@context":"https:\/\/schema.org","@graph":[{"@type":"Article","@id":"https:\/\/portaltela.pt\/noticias\/2026\/05\/02\/trump-diz-que-tomaria-cuba-quase-de-imediato-apos-chegada-de-porta-avioes\/#article","isPartOf":{"@id":"https:\/\/portaltela.pt\/noticias\/2026\/05\/02\/trump-diz-que-tomaria-cuba-quase-de-imediato-apos-chegada-de-porta-avioes\/"},"author":{"name":"Telinha","@id":"https:\/\/portaltela.pt\/#\/schema\/person\/c4278d4a6028830caff9ee44b42d32ed"},"headline":"Trump diz que tomaria Cuba quase de imediato ap\u00f3s chegada de porta-avi\u00f5es","datePublished":"2026-05-02T07:17:53+00:00","mainEntityOfPage":{"@id":"https:\/\/portaltela.pt\/noticias\/2026\/05\/02\/trump-diz-que-tomaria-cuba-quase-de-imediato-apos-chegada-de-porta-avioes\/"},"wordCount":332,"image":{"@id":"https:\/\/portaltela.pt\/noticias\/2026\/05\/02\/trump-diz-que-tomaria-cuba-quase-de-imediato-apos-chegada-de-porta-avioes\/#primaryimage"},"thumbnailUrl":"https:\/\/portaltela.pt\/s.01k8rhncp4jt1\/2026\/05\/1536x864_cmsv2_7b885d5b-fd2c-5f75-84ca-101e4c072e9d-9744209.jpg","keywords":["_Cuba","_Estados Unidos","_pol\u00edtica externa","_rela\u00e7\u00f5es internacionais","_san\u00e7\u00f5es","_san\u00e7\u00f5es internacionais"],"articleSection":["Geopol\u00edtica","Internacional"],"inLanguage":"pt-PT"},{"@type":"WebPage","@id":"https:\/\/portaltela.pt\/noticias\/2026\/05\/02\/trump-diz-que-tomaria-cuba-quase-de-imediato-apos-chegada-de-porta-avioes\/","url":"https:\/\/portaltela.pt\/noticias\/2026\/05\/02\/trump-diz-que-tomaria-cuba-quase-de-imediato-apos-chegada-de-porta-avioes\/","name":"Trump diz que tomaria Cuba quase de imediato ap\u00f3s chegada de porta-avi\u00f5es - Portal Tela Portugal","isPartOf":{"@id":"https:\/\/portaltela.pt\/#website"},"primaryImageOfPage":{"@id":"https:\/\/portaltela.pt\/noticias\/2026\/05\/02\/trump-diz-que-tomaria-cuba-quase-de-imediato-apos-chegada-de-porta-avioes\/#primaryimage"},"image":{"@id":"https:\/\/portaltela.pt\/noticias\/2026\/05\/02\/trump-diz-que-tomaria-cuba-quase-de-imediato-apos-chegada-de-porta-avioes\/#primaryimage"},"thumbnailUrl":"https:\/\/portaltela.pt\/s.01k8rhncp4jt1\/2026\/05\/1536x864_cmsv2_7b885d5b-fd2c-5f75-84ca-101e4c072e9d-9744209.jpg","datePublished":"2026-05-02T07:17:53+00:00","author":{"@id":"https:\/\/portaltela.pt\/#\/schema\/person\/c4278d4a6028830caff9ee44b42d32ed"},"breadcrumb":{"@id":"https:\/\/portaltela.pt\/noticias\/2026\/05\/02\/trump-diz-que-tomaria-cuba-quase-de-imediato-apos-chegada-de-porta-avioes\/#breadcrumb"},"inLanguage":"pt-PT","potentialAction":[{"@type":"ReadAction","target":["https:\/\/portaltela.pt\/noticias\/2026\/05\/02\/trump-diz-que-tomaria-cuba-quase-de-imediato-apos-chegada-de-porta-avioes\/"]}]},{"@type":"ImageObject","inLanguage":"pt-PT","@id":"https:\/\/portaltela.pt\/noticias\/2026\/05\/02\/trump-diz-que-tomaria-cuba-quase-de-imediato-apos-chegada-de-porta-avioes\/#primaryimage","url":"https:\/\/portaltela.pt\/s.01k8rhncp4jt1\/2026\/05\/1536x864_cmsv2_7b885d5b-fd2c-5f75-84ca-101e4c072e9d-9744209.jpg","contentUrl":"https:\/\/portaltela.pt\/s.01k8rhncp4jt1\/2026\/05\/1536x864_cmsv2_7b885d5b-fd2c-5f75-84ca-101e4c072e9d-9744209.jpg","width":796,"height":448,"caption":"O Presidente Donald Trump discursa no Raymond F. Kravis Center for the Performing Arts em West Palm Beach, Florida, sexta-feira, 1 de maio de 2026."},{"@type":"BreadcrumbList","@id":"https:\/\/portaltela.pt\/noticias\/2026\/05\/02\/trump-diz-que-tomaria-cuba-quase-de-imediato-apos-chegada-de-porta-avioes\/#breadcrumb","itemListElement":[{"@type":"ListItem","position":1,"name":"In\u00edcio","item":"https:\/\/portaltela.pt\/"},{"@type":"ListItem","position":2,"name":"Trump diz que tomaria Cuba quase de imediato ap\u00f3s chegada de porta-avi\u00f5es"}]},{"@type":"WebSite","@id":"https:\/\/portaltela.pt\/#website","url":"https:\/\/portaltela.pt\/","name":"Portal Tela Portugal","description":"","potentialAction":[{"@type":"SearchAction","target":{"@type":"EntryPoint","urlTemplate":"https:\/\/portaltela.pt\/?s={search_term_string}"},"query-input":{"@type":"PropertyValueSpecification","valueRequired":true,"valueName":"search_term_string"}}],"inLanguage":"pt-PT"},{"@type":"Person","@id":"https:\/\/portaltela.pt\/#\/schema\/person\/c4278d4a6028830caff9ee44b42d32ed","name":"Telinha","image":{"@type":"ImageObject","inLanguage":"pt-PT","@id":"https:\/\/portaltela.pt\/s.01k8rhncp4jt1\/2025\/11\/talking-bot-125x125.png","url":"https:\/\/portaltela.pt\/s.01k8rhncp4jt1\/2025\/11\/talking-bot-125x125.png","contentUrl":"https:\/\/portaltela.pt\/s.01k8rhncp4jt1\/2025\/11\/talking-bot-125x125.png","caption":"Telinha"},"sameAs":["https:\/\/portaltela.pt\/"],"url":"https:\/\/portaltela.pt\/por\/367410592786\/"}]}},"_links":{"self":[{"href":"https:\/\/portaltela.pt\/api\/wp\/v2\/posts\/464575","targetHints":{"allow":["GET"]}}],"collection":[{"href":"https:\/\/portaltela.pt\/api\/wp\/v2\/posts"}],"about":[{"href":"https:\/\/portaltela.pt\/api\/wp\/v2\/types\/post"}],"author":[{"embeddable":true,"href":"https:\/\/portaltela.pt\/api\/wp\/v2\/users\/2"}],"replies":[{"embeddable":true,"href":"https:\/\/portaltela.pt\/api\/wp\/v2\/comments?post=464575"}],"version-history":[{"count":0,"href":"https:\/\/portaltela.pt\/api\/wp\/v2\/posts\/464575\/revisions"}],"wp:featuredmedia":[{"embeddable":true,"href":"https:\/\/portaltela.pt\/api\/wp\/v2\/media\/464580"}],"wp:attachment":[{"href":"https:\/\/portaltela.pt\/api\/wp\/v2\/media?parent=464575"}],"wp:term":[{"taxonomy":"category","embeddable":true,"href":"https:\/\/portaltela.pt\/api\/wp\/v2\/categories?post=464575"},{"taxonomy":"post_tag","embeddable":true,"href":"https:\/\/portaltela.pt\/api\/wp\/v2\/tags?post=464575"}],"curies":[{"name":"wp","href":"https:\/\/api.w.org\/{rel}","templated":true}]}}