{"id":464561,"date":"2026-05-02T04:03:10","date_gmt":"2026-05-02T07:03:10","guid":{"rendered":"https:\/\/portaltela.pt\/noticias\/2026\/05\/02\/brasileira-abre-spa-infantil-em-lisboa-com-foco-na-beleza-natural-da-crianca\/"},"modified":"2026-05-02T04:03:10","modified_gmt":"2026-05-02T07:03:10","slug":"brasileira-abre-spa-infantil-em-lisboa-com-foco-na-beleza-natural-da-crianca","status":"publish","type":"post","link":"https:\/\/portaltela.pt\/noticias\/economia\/2026\/05\/02\/brasileira-abre-spa-infantil-em-lisboa-com-foco-na-beleza-natural-da-crianca\/","title":{"rendered":"Brasileira abre spa infantil em Lisboa com foco na beleza natural da crian\u00e7a"},"content":{"rendered":"<p>Cristiane Battaglion, brasileira de Ribeir\u00e3o Preto, abriu em 2023 o spa infantil Sonho Encantado em Lisboa, Olivais. A iniciativa nasceu ap\u00f3s a mudan\u00e7a para Portugal, motivada pelo marido na \u00e1rea tecnol\u00f3gica. Ela investiu 13 mil euros para p\u00f4r o espa\u00e7o a funcionar.<\/p>\n<p>A empreendedora, 52 anos, j\u00e1 tinha experi\u00eancia com crian\u00e7as e, na altura, trabalhou na \u00e1rea administrativa de uma escola. Antes de avan\u00e7ar, frequentou um curso no CECOA para forma\u00e7\u00e3o em massagem e gest\u00e3o de neg\u00f3cios, fator essencial para operar em Portugal e na Uni\u00e3o Europeia.<\/p>\n<p>Inicialmente, Cristiane investiu 5 mil euros do pr\u00f3prio bolso e procurou financiamento para financiar o restante. O dinheiro veio de v\u00e1rias fontes, incluindo a venda de ativos no Brasil, at\u00e9 que recebeu um empr\u00e9stimo de 8 mil euros.<\/p>\n<h3>Modelo de neg\u00f3cio e servi\u00e7os<\/h3>\n<p>O spa funciona como centro de festas infantis e espa\u00e7o de bem\u2011estar para crian\u00e7as de 3 a 18 anos, com capacidade para 20 alunas. O servi\u00e7o inclui massagens, escalda-p\u00e9s, maquiagem, manicure e penteados, al\u00e9m da sala de festas com lanche simples.<\/p>\n<p>\u00c0 medida que o neg\u00f3cio cresceu, passou a oferecer servi\u00e7os de beleza para os pais durante a espera das filhas. A equipe destaca que o foco \u00e9 educar sobre cuidados com a pele, sem procedimentos agressivos, para evitar a chamada \u201cadultiza\u00e7\u00e3o\u201d precoce.<\/p>\n<h3>Viabilidade e sazonalidade<\/h3>\n<p>O custo por crian\u00e7a \u00e9 de 29,90 euros. O espa\u00e7o funciona como laborat\u00f3rio de bem-estar, com o lucro reinvestido em materiais e melhoria do espa\u00e7o, especialmente em per\u00edodos de menor atividade, como o ver\u00e3o europeu, quando o movimento cai.<\/p>\n<p>Cristiane aponta que, durante as f\u00e9rias de agosto, h\u00e1 maior procura por atividades ao ar livre, o que reduz a ocupa\u00e7\u00e3o interna. A gest\u00e3o do espa\u00e7o prev\u00ea ajustes conforme o calend\u00e1rio de festas e eventos na cidade.<\/p>\n<h3>Vis\u00e3o educativa<\/h3>\n<p>A empres\u00e1ria enfatiza que o spa n\u00e3o incentiva a procura de solu\u00e7\u00f5es permanentes de altera\u00e7\u00e3o f\u00edsica. Em vez disso, promove a autoestima, o cuidado com a pele com produtos naturais e uma ideia de beleza centrada na naturalidade.<\/p>\n<p>Ela refor\u00e7a que a experi\u00eancia educativa inclui workshops de maquiagem respons\u00e1veis e informa\u00e7\u00f5es sobre cuidados com a pele, com o objetivo de orientar as crian\u00e7as de forma consciente.<\/p>\n<p>Cristiane acrescenta que o objetivo n\u00e3o \u00e9 transformar as crian\u00e7as em clientes ideais de est\u00e9tica, mas empoder\u00e1-las desde a inf\u00e2ncia, mantendo o foco no bem-estar e no respeito pelo corpo.<\/p>\n","protected":false},"excerpt":{"rendered":"<ul>\n<li>Brasileira Cristiane Battaglion abriu o spa infantil Sonho Encantado em Olivais, Lisboa, em 2023, com foco em eventos e festas de anivers\u00e1rio.<\/li>\n<li>Investimento total de 13 mil euros, financiado parcialmente com 8 mil euros, ap\u00f3s ter injectado 5 mil euros do seu bolso e obter apoio de cr\u00e9dito.<\/li>\n<li>O espa\u00e7o atende crian\u00e7as entre 3 e 18 anos, com pre\u00e7o de 29,90 euros por crian\u00e7a, incluindo sal\u00e3o de festa e lanche; dura\u00e7\u00e3o do servi\u00e7o \u00e9 de duas horas e meia.<\/li>\n<li>Tr\u00eas meses ap\u00f3s a abertura, passaram a oferecer servi\u00e7os de beleza para pais e respons\u00e1veis que acompanham as filhas, mantendo a proposta original voltada a crian\u00e7as.<\/li>\n<li>A empres\u00e1ria refor\u00e7a a oposi\u00e7\u00e3o \u00e0 adultiza\u00e7\u00e3o infantil, promovendo produtos naturais e atividades educativas, sem uso de aparelhos invasivos e desencorajando a press\u00e3o para procedimentos est\u00e9ticos.<\/li>\n<\/ul>\n","protected":false},"author":2,"featured_media":464562,"comment_status":"closed","ping_status":"closed","sticky":false,"template":"","format":"standard","meta":{"footnotes":""},"categories":[2,6735],"tags":[7925,7795,8531,8208,7974,8802],"class_list":["post-464561","post","type-post","status-publish","format-standard","has-post-thumbnail","hentry","category-economia","category-negocios","tag-_criancas","tag-_educacao","tag-_educacao-infantil","tag-_infancia","tag-_lisboa","tag-_odivelas"],"yoast_head":"<!-- This site is optimized with the Yoast SEO plugin v27.2 - https:\/\/yoast.com\/product\/yoast-seo-wordpress\/ -->\n<title>Brasileira abre spa infantil em Lisboa com foco na beleza natural da crian\u00e7a - Portal Tela Portugal<\/title>\n<meta name=\"robots\" content=\"index, follow, max-snippet:-1, max-image-preview:large, max-video-preview:-1\" \/>\n<meta property=\"og:locale\" content=\"pt_PT\" \/>\n<meta property=\"og:type\" content=\"article\" \/>\n<meta property=\"og:title\" content=\"Brasileira abre spa infantil em Lisboa com foco na beleza natural da crian\u00e7a - Portal Tela Portugal\" \/>\n<meta property=\"og:description\" content=\"Brasileira Cristiane Battaglion abriu o spa infantil Sonho Encantado em Olivais, Lisboa, em 2023, com foco em eventos e festas de anivers\u00e1rio. Investimento total de 13 mil euros, financiado parcialmente com 8 mil euros, ap\u00f3s ter injectado 5 mil euros do seu bolso e obter apoio de cr\u00e9dito. O espa\u00e7o atende crian\u00e7as entre 3 e 18 anos, com pre\u00e7o de 29,90 euros por crian\u00e7a, incluindo sal\u00e3o de festa e lanche; dura\u00e7\u00e3o do servi\u00e7o \u00e9 de duas horas e meia. Tr\u00eas meses ap\u00f3s a abertura, passaram a oferecer servi\u00e7os de beleza para pais e respons\u00e1veis que acompanham as filhas, mantendo a proposta original voltada a crian\u00e7as. A empres\u00e1ria refor\u00e7a a oposi\u00e7\u00e3o \u00e0 adultiza\u00e7\u00e3o infantil, promovendo produtos naturais e atividades educativas, sem uso de aparelhos invasivos e desencorajando a press\u00e3o para procedimentos est\u00e9ticos.\" \/>\n<meta property=\"og:url\" content=\"https:\/\/portaltela.pt\/noticias\/2026\/05\/02\/brasileira-abre-spa-infantil-em-lisboa-com-foco-na-beleza-natural-da-crianca\/\" \/>\n<meta property=\"og:site_name\" content=\"Portal Tela Portugal\" \/>\n<meta property=\"article:published_time\" content=\"2026-05-02T07:03:10+00:00\" \/>\n<meta name=\"author\" content=\"Telinha\" \/>\n<meta name=\"twitter:card\" content=\"summary_large_image\" \/>\n<meta name=\"twitter:label1\" content=\"Escrito por\" \/>\n\t<meta name=\"twitter:data1\" content=\"Telinha\" \/>\n\t<meta name=\"twitter:label2\" content=\"Tempo estimado de leitura\" \/>\n\t<meta name=\"twitter:data2\" content=\"2 minutos\" \/>\n<script type=\"application\/ld+json\" class=\"yoast-schema-graph\">{\"@context\":\"https:\/\/schema.org\",\"@graph\":[{\"@type\":\"Article\",\"@id\":\"https:\/\/portaltela.pt\/noticias\/2026\/05\/02\/brasileira-abre-spa-infantil-em-lisboa-com-foco-na-beleza-natural-da-crianca\/#article\",\"isPartOf\":{\"@id\":\"https:\/\/portaltela.pt\/noticias\/2026\/05\/02\/brasileira-abre-spa-infantil-em-lisboa-com-foco-na-beleza-natural-da-crianca\/\"},\"author\":{\"name\":\"Telinha\",\"@id\":\"https:\/\/portaltela.pt\/#\/schema\/person\/c4278d4a6028830caff9ee44b42d32ed\"},\"headline\":\"Brasileira abre spa infantil em Lisboa com foco na beleza natural da crian\u00e7a\",\"datePublished\":\"2026-05-02T07:03:10+00:00\",\"mainEntityOfPage\":{\"@id\":\"https:\/\/portaltela.pt\/noticias\/2026\/05\/02\/brasileira-abre-spa-infantil-em-lisboa-com-foco-na-beleza-natural-da-crianca\/\"},\"wordCount\":445,\"image\":{\"@id\":\"https:\/\/portaltela.pt\/noticias\/2026\/05\/02\/brasileira-abre-spa-infantil-em-lisboa-com-foco-na-beleza-natural-da-crianca\/#primaryimage\"},\"thumbnailUrl\":\"https:\/\/portaltela.pt\/s.01k8rhncp4jt1\/2026\/05\/2085305.jpg\",\"keywords\":[\"_crian\u00e7as\",\"_educa\u00e7\u00e3o\",\"_educa\u00e7\u00e3o infantil\",\"_inf\u00e2ncia\",\"_Lisboa\",\"_Odivelas\"],\"articleSection\":[\"Economia\",\"Neg\u00f3cios\"],\"inLanguage\":\"pt-PT\"},{\"@type\":\"WebPage\",\"@id\":\"https:\/\/portaltela.pt\/noticias\/2026\/05\/02\/brasileira-abre-spa-infantil-em-lisboa-com-foco-na-beleza-natural-da-crianca\/\",\"url\":\"https:\/\/portaltela.pt\/noticias\/2026\/05\/02\/brasileira-abre-spa-infantil-em-lisboa-com-foco-na-beleza-natural-da-crianca\/\",\"name\":\"Brasileira abre spa infantil em Lisboa com foco na beleza natural da crian\u00e7a - Portal Tela Portugal\",\"isPartOf\":{\"@id\":\"https:\/\/portaltela.pt\/#website\"},\"primaryImageOfPage\":{\"@id\":\"https:\/\/portaltela.pt\/noticias\/2026\/05\/02\/brasileira-abre-spa-infantil-em-lisboa-com-foco-na-beleza-natural-da-crianca\/#primaryimage\"},\"image\":{\"@id\":\"https:\/\/portaltela.pt\/noticias\/2026\/05\/02\/brasileira-abre-spa-infantil-em-lisboa-com-foco-na-beleza-natural-da-crianca\/#primaryimage\"},\"thumbnailUrl\":\"https:\/\/portaltela.pt\/s.01k8rhncp4jt1\/2026\/05\/2085305.jpg\",\"datePublished\":\"2026-05-02T07:03:10+00:00\",\"author\":{\"@id\":\"https:\/\/portaltela.pt\/#\/schema\/person\/c4278d4a6028830caff9ee44b42d32ed\"},\"breadcrumb\":{\"@id\":\"https:\/\/portaltela.pt\/noticias\/2026\/05\/02\/brasileira-abre-spa-infantil-em-lisboa-com-foco-na-beleza-natural-da-crianca\/#breadcrumb\"},\"inLanguage\":\"pt-PT\",\"potentialAction\":[{\"@type\":\"ReadAction\",\"target\":[\"https:\/\/portaltela.pt\/noticias\/2026\/05\/02\/brasileira-abre-spa-infantil-em-lisboa-com-foco-na-beleza-natural-da-crianca\/\"]}]},{\"@type\":\"ImageObject\",\"inLanguage\":\"pt-PT\",\"@id\":\"https:\/\/portaltela.pt\/noticias\/2026\/05\/02\/brasileira-abre-spa-infantil-em-lisboa-com-foco-na-beleza-natural-da-crianca\/#primaryimage\",\"url\":\"https:\/\/portaltela.pt\/s.01k8rhncp4jt1\/2026\/05\/2085305.jpg\",\"contentUrl\":\"https:\/\/portaltela.pt\/s.01k8rhncp4jt1\/2026\/05\/2085305.jpg\",\"width\":796,\"height\":448,\"caption\":\"Cristiane Battaglion \u00e9 dona do spa infantil Sonho Encantado, em Lisboa: investimento inicial de 13 mil euros\"},{\"@type\":\"BreadcrumbList\",\"@id\":\"https:\/\/portaltela.pt\/noticias\/2026\/05\/02\/brasileira-abre-spa-infantil-em-lisboa-com-foco-na-beleza-natural-da-crianca\/#breadcrumb\",\"itemListElement\":[{\"@type\":\"ListItem\",\"position\":1,\"name\":\"In\u00edcio\",\"item\":\"https:\/\/portaltela.pt\/\"},{\"@type\":\"ListItem\",\"position\":2,\"name\":\"Brasileira abre spa infantil em Lisboa com foco na beleza natural da crian\u00e7a\"}]},{\"@type\":\"WebSite\",\"@id\":\"https:\/\/portaltela.pt\/#website\",\"url\":\"https:\/\/portaltela.pt\/\",\"name\":\"Portal Tela Portugal\",\"description\":\"\",\"potentialAction\":[{\"@type\":\"SearchAction\",\"target\":{\"@type\":\"EntryPoint\",\"urlTemplate\":\"https:\/\/portaltela.pt\/?s={search_term_string}\"},\"query-input\":{\"@type\":\"PropertyValueSpecification\",\"valueRequired\":true,\"valueName\":\"search_term_string\"}}],\"inLanguage\":\"pt-PT\"},{\"@type\":\"Person\",\"@id\":\"https:\/\/portaltela.pt\/#\/schema\/person\/c4278d4a6028830caff9ee44b42d32ed\",\"name\":\"Telinha\",\"image\":{\"@type\":\"ImageObject\",\"inLanguage\":\"pt-PT\",\"@id\":\"https:\/\/portaltela.pt\/s.01k8rhncp4jt1\/2025\/11\/talking-bot-125x125.png\",\"url\":\"https:\/\/portaltela.pt\/s.01k8rhncp4jt1\/2025\/11\/talking-bot-125x125.png\",\"contentUrl\":\"https:\/\/portaltela.pt\/s.01k8rhncp4jt1\/2025\/11\/talking-bot-125x125.png\",\"caption\":\"Telinha\"},\"sameAs\":[\"https:\/\/portaltela.pt\/\"],\"url\":\"https:\/\/portaltela.pt\/por\/367410592786\/\"}]}<\/script>\n<!-- \/ Yoast SEO plugin. -->","yoast_head_json":{"title":"Brasileira abre spa infantil em Lisboa com foco na beleza natural da crian\u00e7a - Portal Tela Portugal","robots":{"index":"index","follow":"follow","max-snippet":"max-snippet:-1","max-image-preview":"max-image-preview:large","max-video-preview":"max-video-preview:-1"},"og_locale":"pt_PT","og_type":"article","og_title":"Brasileira abre spa infantil em Lisboa com foco na beleza natural da crian\u00e7a - Portal Tela Portugal","og_description":"Brasileira Cristiane Battaglion abriu o spa infantil Sonho Encantado em Olivais, Lisboa, em 2023, com foco em eventos e festas de anivers\u00e1rio. Investimento total de 13 mil euros, financiado parcialmente com 8 mil euros, ap\u00f3s ter injectado 5 mil euros do seu bolso e obter apoio de cr\u00e9dito. O espa\u00e7o atende crian\u00e7as entre 3 e 18 anos, com pre\u00e7o de 29,90 euros por crian\u00e7a, incluindo sal\u00e3o de festa e lanche; dura\u00e7\u00e3o do servi\u00e7o \u00e9 de duas horas e meia. Tr\u00eas meses ap\u00f3s a abertura, passaram a oferecer servi\u00e7os de beleza para pais e respons\u00e1veis que acompanham as filhas, mantendo a proposta original voltada a crian\u00e7as. A empres\u00e1ria refor\u00e7a a oposi\u00e7\u00e3o \u00e0 adultiza\u00e7\u00e3o infantil, promovendo produtos naturais e atividades educativas, sem uso de aparelhos invasivos e desencorajando a press\u00e3o para procedimentos est\u00e9ticos.","og_url":"https:\/\/portaltela.pt\/noticias\/2026\/05\/02\/brasileira-abre-spa-infantil-em-lisboa-com-foco-na-beleza-natural-da-crianca\/","og_site_name":"Portal Tela Portugal","article_published_time":"2026-05-02T07:03:10+00:00","author":"Telinha","twitter_card":"summary_large_image","twitter_misc":{"Escrito por":"Telinha","Tempo estimado de leitura":"2 minutos"},"schema":{"@context":"https:\/\/schema.org","@graph":[{"@type":"Article","@id":"https:\/\/portaltela.pt\/noticias\/2026\/05\/02\/brasileira-abre-spa-infantil-em-lisboa-com-foco-na-beleza-natural-da-crianca\/#article","isPartOf":{"@id":"https:\/\/portaltela.pt\/noticias\/2026\/05\/02\/brasileira-abre-spa-infantil-em-lisboa-com-foco-na-beleza-natural-da-crianca\/"},"author":{"name":"Telinha","@id":"https:\/\/portaltela.pt\/#\/schema\/person\/c4278d4a6028830caff9ee44b42d32ed"},"headline":"Brasileira abre spa infantil em Lisboa com foco na beleza natural da crian\u00e7a","datePublished":"2026-05-02T07:03:10+00:00","mainEntityOfPage":{"@id":"https:\/\/portaltela.pt\/noticias\/2026\/05\/02\/brasileira-abre-spa-infantil-em-lisboa-com-foco-na-beleza-natural-da-crianca\/"},"wordCount":445,"image":{"@id":"https:\/\/portaltela.pt\/noticias\/2026\/05\/02\/brasileira-abre-spa-infantil-em-lisboa-com-foco-na-beleza-natural-da-crianca\/#primaryimage"},"thumbnailUrl":"https:\/\/portaltela.pt\/s.01k8rhncp4jt1\/2026\/05\/2085305.jpg","keywords":["_crian\u00e7as","_educa\u00e7\u00e3o","_educa\u00e7\u00e3o infantil","_inf\u00e2ncia","_Lisboa","_Odivelas"],"articleSection":["Economia","Neg\u00f3cios"],"inLanguage":"pt-PT"},{"@type":"WebPage","@id":"https:\/\/portaltela.pt\/noticias\/2026\/05\/02\/brasileira-abre-spa-infantil-em-lisboa-com-foco-na-beleza-natural-da-crianca\/","url":"https:\/\/portaltela.pt\/noticias\/2026\/05\/02\/brasileira-abre-spa-infantil-em-lisboa-com-foco-na-beleza-natural-da-crianca\/","name":"Brasileira abre spa infantil em Lisboa com foco na beleza natural da crian\u00e7a - Portal Tela Portugal","isPartOf":{"@id":"https:\/\/portaltela.pt\/#website"},"primaryImageOfPage":{"@id":"https:\/\/portaltela.pt\/noticias\/2026\/05\/02\/brasileira-abre-spa-infantil-em-lisboa-com-foco-na-beleza-natural-da-crianca\/#primaryimage"},"image":{"@id":"https:\/\/portaltela.pt\/noticias\/2026\/05\/02\/brasileira-abre-spa-infantil-em-lisboa-com-foco-na-beleza-natural-da-crianca\/#primaryimage"},"thumbnailUrl":"https:\/\/portaltela.pt\/s.01k8rhncp4jt1\/2026\/05\/2085305.jpg","datePublished":"2026-05-02T07:03:10+00:00","author":{"@id":"https:\/\/portaltela.pt\/#\/schema\/person\/c4278d4a6028830caff9ee44b42d32ed"},"breadcrumb":{"@id":"https:\/\/portaltela.pt\/noticias\/2026\/05\/02\/brasileira-abre-spa-infantil-em-lisboa-com-foco-na-beleza-natural-da-crianca\/#breadcrumb"},"inLanguage":"pt-PT","potentialAction":[{"@type":"ReadAction","target":["https:\/\/portaltela.pt\/noticias\/2026\/05\/02\/brasileira-abre-spa-infantil-em-lisboa-com-foco-na-beleza-natural-da-crianca\/"]}]},{"@type":"ImageObject","inLanguage":"pt-PT","@id":"https:\/\/portaltela.pt\/noticias\/2026\/05\/02\/brasileira-abre-spa-infantil-em-lisboa-com-foco-na-beleza-natural-da-crianca\/#primaryimage","url":"https:\/\/portaltela.pt\/s.01k8rhncp4jt1\/2026\/05\/2085305.jpg","contentUrl":"https:\/\/portaltela.pt\/s.01k8rhncp4jt1\/2026\/05\/2085305.jpg","width":796,"height":448,"caption":"Cristiane Battaglion \u00e9 dona do spa infantil Sonho Encantado, em Lisboa: investimento inicial de 13 mil euros"},{"@type":"BreadcrumbList","@id":"https:\/\/portaltela.pt\/noticias\/2026\/05\/02\/brasileira-abre-spa-infantil-em-lisboa-com-foco-na-beleza-natural-da-crianca\/#breadcrumb","itemListElement":[{"@type":"ListItem","position":1,"name":"In\u00edcio","item":"https:\/\/portaltela.pt\/"},{"@type":"ListItem","position":2,"name":"Brasileira abre spa infantil em Lisboa com foco na beleza natural da crian\u00e7a"}]},{"@type":"WebSite","@id":"https:\/\/portaltela.pt\/#website","url":"https:\/\/portaltela.pt\/","name":"Portal Tela Portugal","description":"","potentialAction":[{"@type":"SearchAction","target":{"@type":"EntryPoint","urlTemplate":"https:\/\/portaltela.pt\/?s={search_term_string}"},"query-input":{"@type":"PropertyValueSpecification","valueRequired":true,"valueName":"search_term_string"}}],"inLanguage":"pt-PT"},{"@type":"Person","@id":"https:\/\/portaltela.pt\/#\/schema\/person\/c4278d4a6028830caff9ee44b42d32ed","name":"Telinha","image":{"@type":"ImageObject","inLanguage":"pt-PT","@id":"https:\/\/portaltela.pt\/s.01k8rhncp4jt1\/2025\/11\/talking-bot-125x125.png","url":"https:\/\/portaltela.pt\/s.01k8rhncp4jt1\/2025\/11\/talking-bot-125x125.png","contentUrl":"https:\/\/portaltela.pt\/s.01k8rhncp4jt1\/2025\/11\/talking-bot-125x125.png","caption":"Telinha"},"sameAs":["https:\/\/portaltela.pt\/"],"url":"https:\/\/portaltela.pt\/por\/367410592786\/"}]}},"_links":{"self":[{"href":"https:\/\/portaltela.pt\/api\/wp\/v2\/posts\/464561","targetHints":{"allow":["GET"]}}],"collection":[{"href":"https:\/\/portaltela.pt\/api\/wp\/v2\/posts"}],"about":[{"href":"https:\/\/portaltela.pt\/api\/wp\/v2\/types\/post"}],"author":[{"embeddable":true,"href":"https:\/\/portaltela.pt\/api\/wp\/v2\/users\/2"}],"replies":[{"embeddable":true,"href":"https:\/\/portaltela.pt\/api\/wp\/v2\/comments?post=464561"}],"version-history":[{"count":0,"href":"https:\/\/portaltela.pt\/api\/wp\/v2\/posts\/464561\/revisions"}],"wp:featuredmedia":[{"embeddable":true,"href":"https:\/\/portaltela.pt\/api\/wp\/v2\/media\/464562"}],"wp:attachment":[{"href":"https:\/\/portaltela.pt\/api\/wp\/v2\/media?parent=464561"}],"wp:term":[{"taxonomy":"category","embeddable":true,"href":"https:\/\/portaltela.pt\/api\/wp\/v2\/categories?post=464561"},{"taxonomy":"post_tag","embeddable":true,"href":"https:\/\/portaltela.pt\/api\/wp\/v2\/tags?post=464561"}],"curies":[{"name":"wp","href":"https:\/\/api.w.org\/{rel}","templated":true}]}}