{"id":464529,"date":"2026-05-02T03:17:55","date_gmt":"2026-05-02T06:17:55","guid":{"rendered":"https:\/\/portaltela.pt\/noticias\/2026\/05\/02\/trump-diz-que-eua-podem-assumir-controlo-de-cuba-quase-de-imediato\/"},"modified":"2026-05-02T03:17:55","modified_gmt":"2026-05-02T06:17:55","slug":"trump-diz-que-eua-podem-assumir-controlo-de-cuba-quase-de-imediato","status":"publish","type":"post","link":"https:\/\/portaltela.pt\/noticias\/politica\/2026\/05\/02\/trump-diz-que-eua-podem-assumir-controlo-de-cuba-quase-de-imediato\/","title":{"rendered":"Trump diz que EUA podem assumir controlo de Cuba quase de imediato"},"content":{"rendered":"<p>Donald Trump sugeriu que os EUA poder\u00e3o \u201cassumir o controlo\u201d de Cuba quase de imediato, em tom de interven\u00e7\u00e3o militar hipot\u00e9tica, ap\u00f3s concluir o que chamou de trabalho no Ir\u00e3o. O coment\u00e1rio surgiu num jantar privado do Forum Club, na Fl\u00f3rida.<\/p>\n<p>Segundo o relato, o ex-presidente citou um participante cubano-americano na plateia, insinuando que Cuba estaria na lista de a\u00e7\u00f5es futuras dos EUA. A interven\u00e7\u00e3o foi apresentada no contexto de uma declara\u00e7\u00e3o mais ampla sobre pol\u00edtica externa.<\/p>\n<p>A refer\u00eancia ocorreu durante o jantar, com risos no sal\u00e3o, enquanto Trump conectava a ideia de agir em Cuba ao objetivo de encerrar opera\u00e7\u00f5es militares no Ir\u00e3o, afirmando que o pa\u00eds iria terminar o que chamou de trabalho no M\u00e9dio Oriente.<\/p>\n<h3>Contexto internacional<\/h3>\n<p>A fala insere-se num momento de tens\u00f5es diplom\u00e1ticas e militares na regi\u00e3o do M\u00e9dio Oriente, com foco nas estrat\u00e9gias dos EUA ap\u00f3s d\u00e9cadas de interven\u00e7\u00e3o.<\/p>\n<h3>Rea\u00e7\u00f5es iniciais<\/h3>\n<p>Fontes pr\u00f3ximas ao evento n\u00e3o confirmaram medidas em Cuba, limitando-se a registrar o tom apresentando uma poss\u00edvel linha de comunica\u00e7\u00e3o pol\u00edtica. A situa\u00e7\u00e3o n\u00e3o teve confirma\u00e7\u00e3o oficial por parte do governo norte-americano.<\/p>\n<h3>O que se sabe at\u00e9 agora<\/h3>\n<p>N\u00e3o houve an\u00fancio governamental formal sobre a\u00e7\u00f5es contra Cuba. As declara\u00e7\u00f5es de Trump s\u00e3o atribu\u00eddas a um discurso particular, sem indica\u00e7\u00e3o de planos oficiais. Este tipo de coment\u00e1rio pode influenciar debates diplom\u00e1ticos.<\/p>\n","protected":false},"excerpt":{"rendered":"<ul>\n<li>O presidente dos Estados Unidos, Donald Trump, sugeriu a possibilidade de os EUA &#8220;assumir o controlo&#8221; de Cuba num futuro pr\u00f3ximo.<\/li>\n<li>A afirma\u00e7\u00e3o foi feita durante um jantar privado do Forum Club, na Florida, ao responder a uma pessoa da ilha.<\/li>\n<li>Trump disse: &#8220;E ele \u00e9 origin\u00e1rio de um lugar chamado Cuba, que vamos tomar quase de imediato&#8221;, o que provocou risos entre os presentes.<\/li>\n<li>O coment\u00e1rio relacionou a eventual interven\u00e7\u00e3o em Cuba com a\u00e7\u00f5es da pol\u00edtica externa norte\u2011americana no M\u00e9dio Oriente, referindo\u2011se ao Ir\u00e3o.<\/li>\n<li>O presidente afirmou que pretendia &#8220;terminar o trabalho&#8221; ap\u00f3s o Ir\u00e3o, sugerindo uma liga\u00e7\u00e3o entre poss\u00edveis medidas no M\u00e9dio Oriente e uma interven\u00e7\u00e3o em Cuba.<\/li>\n<\/ul>\n","protected":false},"author":2,"featured_media":464531,"comment_status":"closed","ping_status":"closed","sticky":false,"template":"","format":"standard","meta":{"footnotes":""},"categories":[6814,5],"tags":[7934,9053,7986,8094,7962],"class_list":["post-464529","post","type-post","status-publish","format-standard","has-post-thumbnail","hentry","category-geopolitica","category-politica","tag-_conflitos-internacionais","tag-_cuba","tag-_estados-unidos","tag-_internacionais","tag-_politica-externa"],"yoast_head":"<!-- This site is optimized with the Yoast SEO plugin v27.2 - https:\/\/yoast.com\/product\/yoast-seo-wordpress\/ -->\n<title>Trump diz que EUA podem assumir controlo de Cuba quase de imediato - Portal Tela Portugal<\/title>\n<meta name=\"robots\" content=\"index, follow, max-snippet:-1, max-image-preview:large, max-video-preview:-1\" \/>\n<meta property=\"og:locale\" content=\"pt_PT\" \/>\n<meta property=\"og:type\" content=\"article\" \/>\n<meta property=\"og:title\" content=\"Trump diz que EUA podem assumir controlo de Cuba quase de imediato - Portal Tela Portugal\" \/>\n<meta property=\"og:description\" content=\"O presidente dos Estados Unidos, Donald Trump, sugeriu a possibilidade de os EUA &quot;assumir o controlo&quot; de Cuba num futuro pr\u00f3ximo. A afirma\u00e7\u00e3o foi feita durante um jantar privado do Forum Club, na Florida, ao responder a uma pessoa da ilha. Trump disse: &quot;E ele \u00e9 origin\u00e1rio de um lugar chamado Cuba, que vamos tomar quase de imediato&quot;, o que provocou risos entre os presentes. O coment\u00e1rio relacionou a eventual interven\u00e7\u00e3o em Cuba com a\u00e7\u00f5es da pol\u00edtica externa norte\u2011americana no M\u00e9dio Oriente, referindo\u2011se ao Ir\u00e3o. O presidente afirmou que pretendia &quot;terminar o trabalho&quot; ap\u00f3s o Ir\u00e3o, sugerindo uma liga\u00e7\u00e3o entre poss\u00edveis medidas no M\u00e9dio Oriente e uma interven\u00e7\u00e3o em Cuba.\" \/>\n<meta property=\"og:url\" content=\"https:\/\/portaltela.pt\/noticias\/2026\/05\/02\/trump-diz-que-eua-podem-assumir-controlo-de-cuba-quase-de-imediato\/\" \/>\n<meta property=\"og:site_name\" content=\"Portal Tela Portugal\" \/>\n<meta property=\"article:published_time\" content=\"2026-05-02T06:17:55+00:00\" \/>\n<meta name=\"author\" content=\"Telinha\" \/>\n<meta name=\"twitter:card\" content=\"summary_large_image\" \/>\n<meta name=\"twitter:label1\" content=\"Escrito por\" \/>\n\t<meta name=\"twitter:data1\" content=\"Telinha\" \/>\n\t<meta name=\"twitter:label2\" content=\"Tempo estimado de leitura\" \/>\n\t<meta name=\"twitter:data2\" content=\"1 minuto\" \/>\n<script type=\"application\/ld+json\" class=\"yoast-schema-graph\">{\"@context\":\"https:\/\/schema.org\",\"@graph\":[{\"@type\":\"Article\",\"@id\":\"https:\/\/portaltela.pt\/noticias\/2026\/05\/02\/trump-diz-que-eua-podem-assumir-controlo-de-cuba-quase-de-imediato\/#article\",\"isPartOf\":{\"@id\":\"https:\/\/portaltela.pt\/noticias\/2026\/05\/02\/trump-diz-que-eua-podem-assumir-controlo-de-cuba-quase-de-imediato\/\"},\"author\":{\"name\":\"Telinha\",\"@id\":\"https:\/\/portaltela.pt\/#\/schema\/person\/c4278d4a6028830caff9ee44b42d32ed\"},\"headline\":\"Trump diz que EUA podem assumir controlo de Cuba quase de imediato\",\"datePublished\":\"2026-05-02T06:17:55+00:00\",\"mainEntityOfPage\":{\"@id\":\"https:\/\/portaltela.pt\/noticias\/2026\/05\/02\/trump-diz-que-eua-podem-assumir-controlo-de-cuba-quase-de-imediato\/\"},\"wordCount\":272,\"image\":{\"@id\":\"https:\/\/portaltela.pt\/noticias\/2026\/05\/02\/trump-diz-que-eua-podem-assumir-controlo-de-cuba-quase-de-imediato\/#primaryimage\"},\"thumbnailUrl\":\"https:\/\/portaltela.pt\/s.01k8rhncp4jt1\/2026\/05\/img_1500x1000uu2026-05-01-23-00-05-2282336.jpg\",\"keywords\":[\"_conflitos internacionais\",\"_Cuba\",\"_Estados Unidos\",\"_internacionais\",\"_pol\u00edtica externa\"],\"articleSection\":[\"Geopol\u00edtica\",\"Pol\u00edtica\"],\"inLanguage\":\"pt-PT\"},{\"@type\":\"WebPage\",\"@id\":\"https:\/\/portaltela.pt\/noticias\/2026\/05\/02\/trump-diz-que-eua-podem-assumir-controlo-de-cuba-quase-de-imediato\/\",\"url\":\"https:\/\/portaltela.pt\/noticias\/2026\/05\/02\/trump-diz-que-eua-podem-assumir-controlo-de-cuba-quase-de-imediato\/\",\"name\":\"Trump diz que EUA podem assumir controlo de Cuba quase de imediato - Portal Tela Portugal\",\"isPartOf\":{\"@id\":\"https:\/\/portaltela.pt\/#website\"},\"primaryImageOfPage\":{\"@id\":\"https:\/\/portaltela.pt\/noticias\/2026\/05\/02\/trump-diz-que-eua-podem-assumir-controlo-de-cuba-quase-de-imediato\/#primaryimage\"},\"image\":{\"@id\":\"https:\/\/portaltela.pt\/noticias\/2026\/05\/02\/trump-diz-que-eua-podem-assumir-controlo-de-cuba-quase-de-imediato\/#primaryimage\"},\"thumbnailUrl\":\"https:\/\/portaltela.pt\/s.01k8rhncp4jt1\/2026\/05\/img_1500x1000uu2026-05-01-23-00-05-2282336.jpg\",\"datePublished\":\"2026-05-02T06:17:55+00:00\",\"author\":{\"@id\":\"https:\/\/portaltela.pt\/#\/schema\/person\/c4278d4a6028830caff9ee44b42d32ed\"},\"breadcrumb\":{\"@id\":\"https:\/\/portaltela.pt\/noticias\/2026\/05\/02\/trump-diz-que-eua-podem-assumir-controlo-de-cuba-quase-de-imediato\/#breadcrumb\"},\"inLanguage\":\"pt-PT\",\"potentialAction\":[{\"@type\":\"ReadAction\",\"target\":[\"https:\/\/portaltela.pt\/noticias\/2026\/05\/02\/trump-diz-que-eua-podem-assumir-controlo-de-cuba-quase-de-imediato\/\"]}]},{\"@type\":\"ImageObject\",\"inLanguage\":\"pt-PT\",\"@id\":\"https:\/\/portaltela.pt\/noticias\/2026\/05\/02\/trump-diz-que-eua-podem-assumir-controlo-de-cuba-quase-de-imediato\/#primaryimage\",\"url\":\"https:\/\/portaltela.pt\/s.01k8rhncp4jt1\/2026\/05\/img_1500x1000uu2026-05-01-23-00-05-2282336.jpg\",\"contentUrl\":\"https:\/\/portaltela.pt\/s.01k8rhncp4jt1\/2026\/05\/img_1500x1000uu2026-05-01-23-00-05-2282336.jpg\",\"width\":796,\"height\":448,\"caption\":\"Donald Trump\"},{\"@type\":\"BreadcrumbList\",\"@id\":\"https:\/\/portaltela.pt\/noticias\/2026\/05\/02\/trump-diz-que-eua-podem-assumir-controlo-de-cuba-quase-de-imediato\/#breadcrumb\",\"itemListElement\":[{\"@type\":\"ListItem\",\"position\":1,\"name\":\"In\u00edcio\",\"item\":\"https:\/\/portaltela.pt\/\"},{\"@type\":\"ListItem\",\"position\":2,\"name\":\"Trump diz que EUA podem assumir controlo de Cuba quase de imediato\"}]},{\"@type\":\"WebSite\",\"@id\":\"https:\/\/portaltela.pt\/#website\",\"url\":\"https:\/\/portaltela.pt\/\",\"name\":\"Portal Tela Portugal\",\"description\":\"\",\"potentialAction\":[{\"@type\":\"SearchAction\",\"target\":{\"@type\":\"EntryPoint\",\"urlTemplate\":\"https:\/\/portaltela.pt\/?s={search_term_string}\"},\"query-input\":{\"@type\":\"PropertyValueSpecification\",\"valueRequired\":true,\"valueName\":\"search_term_string\"}}],\"inLanguage\":\"pt-PT\"},{\"@type\":\"Person\",\"@id\":\"https:\/\/portaltela.pt\/#\/schema\/person\/c4278d4a6028830caff9ee44b42d32ed\",\"name\":\"Telinha\",\"image\":{\"@type\":\"ImageObject\",\"inLanguage\":\"pt-PT\",\"@id\":\"https:\/\/portaltela.pt\/s.01k8rhncp4jt1\/2025\/11\/talking-bot-125x125.png\",\"url\":\"https:\/\/portaltela.pt\/s.01k8rhncp4jt1\/2025\/11\/talking-bot-125x125.png\",\"contentUrl\":\"https:\/\/portaltela.pt\/s.01k8rhncp4jt1\/2025\/11\/talking-bot-125x125.png\",\"caption\":\"Telinha\"},\"sameAs\":[\"https:\/\/portaltela.pt\/\"],\"url\":\"https:\/\/portaltela.pt\/por\/367410592786\/\"}]}<\/script>\n<!-- \/ Yoast SEO plugin. -->","yoast_head_json":{"title":"Trump diz que EUA podem assumir controlo de Cuba quase de imediato - Portal Tela Portugal","robots":{"index":"index","follow":"follow","max-snippet":"max-snippet:-1","max-image-preview":"max-image-preview:large","max-video-preview":"max-video-preview:-1"},"og_locale":"pt_PT","og_type":"article","og_title":"Trump diz que EUA podem assumir controlo de Cuba quase de imediato - Portal Tela Portugal","og_description":"O presidente dos Estados Unidos, Donald Trump, sugeriu a possibilidade de os EUA \"assumir o controlo\" de Cuba num futuro pr\u00f3ximo. A afirma\u00e7\u00e3o foi feita durante um jantar privado do Forum Club, na Florida, ao responder a uma pessoa da ilha. Trump disse: \"E ele \u00e9 origin\u00e1rio de um lugar chamado Cuba, que vamos tomar quase de imediato\", o que provocou risos entre os presentes. O coment\u00e1rio relacionou a eventual interven\u00e7\u00e3o em Cuba com a\u00e7\u00f5es da pol\u00edtica externa norte\u2011americana no M\u00e9dio Oriente, referindo\u2011se ao Ir\u00e3o. O presidente afirmou que pretendia \"terminar o trabalho\" ap\u00f3s o Ir\u00e3o, sugerindo uma liga\u00e7\u00e3o entre poss\u00edveis medidas no M\u00e9dio Oriente e uma interven\u00e7\u00e3o em Cuba.","og_url":"https:\/\/portaltela.pt\/noticias\/2026\/05\/02\/trump-diz-que-eua-podem-assumir-controlo-de-cuba-quase-de-imediato\/","og_site_name":"Portal Tela Portugal","article_published_time":"2026-05-02T06:17:55+00:00","author":"Telinha","twitter_card":"summary_large_image","twitter_misc":{"Escrito por":"Telinha","Tempo estimado de leitura":"1 minuto"},"schema":{"@context":"https:\/\/schema.org","@graph":[{"@type":"Article","@id":"https:\/\/portaltela.pt\/noticias\/2026\/05\/02\/trump-diz-que-eua-podem-assumir-controlo-de-cuba-quase-de-imediato\/#article","isPartOf":{"@id":"https:\/\/portaltela.pt\/noticias\/2026\/05\/02\/trump-diz-que-eua-podem-assumir-controlo-de-cuba-quase-de-imediato\/"},"author":{"name":"Telinha","@id":"https:\/\/portaltela.pt\/#\/schema\/person\/c4278d4a6028830caff9ee44b42d32ed"},"headline":"Trump diz que EUA podem assumir controlo de Cuba quase de imediato","datePublished":"2026-05-02T06:17:55+00:00","mainEntityOfPage":{"@id":"https:\/\/portaltela.pt\/noticias\/2026\/05\/02\/trump-diz-que-eua-podem-assumir-controlo-de-cuba-quase-de-imediato\/"},"wordCount":272,"image":{"@id":"https:\/\/portaltela.pt\/noticias\/2026\/05\/02\/trump-diz-que-eua-podem-assumir-controlo-de-cuba-quase-de-imediato\/#primaryimage"},"thumbnailUrl":"https:\/\/portaltela.pt\/s.01k8rhncp4jt1\/2026\/05\/img_1500x1000uu2026-05-01-23-00-05-2282336.jpg","keywords":["_conflitos internacionais","_Cuba","_Estados Unidos","_internacionais","_pol\u00edtica externa"],"articleSection":["Geopol\u00edtica","Pol\u00edtica"],"inLanguage":"pt-PT"},{"@type":"WebPage","@id":"https:\/\/portaltela.pt\/noticias\/2026\/05\/02\/trump-diz-que-eua-podem-assumir-controlo-de-cuba-quase-de-imediato\/","url":"https:\/\/portaltela.pt\/noticias\/2026\/05\/02\/trump-diz-que-eua-podem-assumir-controlo-de-cuba-quase-de-imediato\/","name":"Trump diz que EUA podem assumir controlo de Cuba quase de imediato - Portal Tela Portugal","isPartOf":{"@id":"https:\/\/portaltela.pt\/#website"},"primaryImageOfPage":{"@id":"https:\/\/portaltela.pt\/noticias\/2026\/05\/02\/trump-diz-que-eua-podem-assumir-controlo-de-cuba-quase-de-imediato\/#primaryimage"},"image":{"@id":"https:\/\/portaltela.pt\/noticias\/2026\/05\/02\/trump-diz-que-eua-podem-assumir-controlo-de-cuba-quase-de-imediato\/#primaryimage"},"thumbnailUrl":"https:\/\/portaltela.pt\/s.01k8rhncp4jt1\/2026\/05\/img_1500x1000uu2026-05-01-23-00-05-2282336.jpg","datePublished":"2026-05-02T06:17:55+00:00","author":{"@id":"https:\/\/portaltela.pt\/#\/schema\/person\/c4278d4a6028830caff9ee44b42d32ed"},"breadcrumb":{"@id":"https:\/\/portaltela.pt\/noticias\/2026\/05\/02\/trump-diz-que-eua-podem-assumir-controlo-de-cuba-quase-de-imediato\/#breadcrumb"},"inLanguage":"pt-PT","potentialAction":[{"@type":"ReadAction","target":["https:\/\/portaltela.pt\/noticias\/2026\/05\/02\/trump-diz-que-eua-podem-assumir-controlo-de-cuba-quase-de-imediato\/"]}]},{"@type":"ImageObject","inLanguage":"pt-PT","@id":"https:\/\/portaltela.pt\/noticias\/2026\/05\/02\/trump-diz-que-eua-podem-assumir-controlo-de-cuba-quase-de-imediato\/#primaryimage","url":"https:\/\/portaltela.pt\/s.01k8rhncp4jt1\/2026\/05\/img_1500x1000uu2026-05-01-23-00-05-2282336.jpg","contentUrl":"https:\/\/portaltela.pt\/s.01k8rhncp4jt1\/2026\/05\/img_1500x1000uu2026-05-01-23-00-05-2282336.jpg","width":796,"height":448,"caption":"Donald Trump"},{"@type":"BreadcrumbList","@id":"https:\/\/portaltela.pt\/noticias\/2026\/05\/02\/trump-diz-que-eua-podem-assumir-controlo-de-cuba-quase-de-imediato\/#breadcrumb","itemListElement":[{"@type":"ListItem","position":1,"name":"In\u00edcio","item":"https:\/\/portaltela.pt\/"},{"@type":"ListItem","position":2,"name":"Trump diz que EUA podem assumir controlo de Cuba quase de imediato"}]},{"@type":"WebSite","@id":"https:\/\/portaltela.pt\/#website","url":"https:\/\/portaltela.pt\/","name":"Portal Tela Portugal","description":"","potentialAction":[{"@type":"SearchAction","target":{"@type":"EntryPoint","urlTemplate":"https:\/\/portaltela.pt\/?s={search_term_string}"},"query-input":{"@type":"PropertyValueSpecification","valueRequired":true,"valueName":"search_term_string"}}],"inLanguage":"pt-PT"},{"@type":"Person","@id":"https:\/\/portaltela.pt\/#\/schema\/person\/c4278d4a6028830caff9ee44b42d32ed","name":"Telinha","image":{"@type":"ImageObject","inLanguage":"pt-PT","@id":"https:\/\/portaltela.pt\/s.01k8rhncp4jt1\/2025\/11\/talking-bot-125x125.png","url":"https:\/\/portaltela.pt\/s.01k8rhncp4jt1\/2025\/11\/talking-bot-125x125.png","contentUrl":"https:\/\/portaltela.pt\/s.01k8rhncp4jt1\/2025\/11\/talking-bot-125x125.png","caption":"Telinha"},"sameAs":["https:\/\/portaltela.pt\/"],"url":"https:\/\/portaltela.pt\/por\/367410592786\/"}]}},"_links":{"self":[{"href":"https:\/\/portaltela.pt\/api\/wp\/v2\/posts\/464529","targetHints":{"allow":["GET"]}}],"collection":[{"href":"https:\/\/portaltela.pt\/api\/wp\/v2\/posts"}],"about":[{"href":"https:\/\/portaltela.pt\/api\/wp\/v2\/types\/post"}],"author":[{"embeddable":true,"href":"https:\/\/portaltela.pt\/api\/wp\/v2\/users\/2"}],"replies":[{"embeddable":true,"href":"https:\/\/portaltela.pt\/api\/wp\/v2\/comments?post=464529"}],"version-history":[{"count":0,"href":"https:\/\/portaltela.pt\/api\/wp\/v2\/posts\/464529\/revisions"}],"wp:featuredmedia":[{"embeddable":true,"href":"https:\/\/portaltela.pt\/api\/wp\/v2\/media\/464531"}],"wp:attachment":[{"href":"https:\/\/portaltela.pt\/api\/wp\/v2\/media?parent=464529"}],"wp:term":[{"taxonomy":"category","embeddable":true,"href":"https:\/\/portaltela.pt\/api\/wp\/v2\/categories?post=464529"},{"taxonomy":"post_tag","embeddable":true,"href":"https:\/\/portaltela.pt\/api\/wp\/v2\/tags?post=464529"}],"curies":[{"name":"wp","href":"https:\/\/api.w.org\/{rel}","templated":true}]}}