{"id":464522,"date":"2026-05-02T02:48:03","date_gmt":"2026-05-02T05:48:03","guid":{"rendered":"https:\/\/portaltela.pt\/noticias\/2026\/05\/02\/cidades-europeias-impulsionam-aumento-dos-precos-das-casas-de-luxo\/"},"modified":"2026-05-02T02:48:03","modified_gmt":"2026-05-02T05:48:03","slug":"cidades-europeias-impulsionam-aumento-dos-precos-das-casas-de-luxo","status":"publish","type":"post","link":"https:\/\/portaltela.pt\/noticias\/economia\/2026\/05\/02\/cidades-europeias-impulsionam-aumento-dos-precos-das-casas-de-luxo\/","title":{"rendered":"Cidades europeias impulsionam aumento dos pre\u00e7os das casas de luxo"},"content":{"rendered":"<p>O mercado de im\u00f3veis de luxo na Europa manteve o impulso em 2025, com Praga a liderar o crescimento entre as principais cidades europeias e Londres a registar a maior quebra. A an\u00e1lise do Wealth Report 2026 da Knight Frank compara ainda o desempenho europeu com o cen\u00e1rio global, incluindo T\u00f3quio.<\/p>\n<p>Em mais de metade das 50 cidades acompanhadas, a subida anual dos pre\u00e7os prime superou os 3% em 2025. O relat\u00f3rio destaca que os im\u00f3veis de topo, que representam os 5% mais valiosos, atraem compradores internacionais e continuam a responder a din\u00e2micas de riqueza global.<\/p>\n<p>Praga registou a subida mais expressiva entre as cidades europeias, com aumentos de 14,6% em 2025. M\u00e9ribel, Porto, Marbella e Courchevel 1850 tiveram crescimentos relevantes, acima dos 6%. Floren\u00e7a e Lago de Como vinharam ao redor de 6,5% a 6,7%.<\/p>\n<p>Londres foi a mais afetada na Europa, com queda de 4,7% nos pre\u00e7os prime em 2025. O relat\u00f3rio aponta mudan\u00e7as fiscais que reduzem o or\u00e7amento de residentes ricos, levando alguns compradores a considerar arrendamento em vez de compra.<\/p>\n<p>Entre capitais europeias, Madrid, Oslo e Berlim mostraram ganhos s\u00f3lidos, enquanto Lisboa, Dublin, Viena, Paris e Bucareste apresentaram varia\u00e7\u00f5es mais moderadas. Estocolmo registou uma ligeira queda, e Edimburgo manteve-se est\u00e1vel.<\/p>\n<p>Destinos de lazer e resorts continuam a puxar o desempenho do imobili\u00e1rio de top na Europa, com destaque para est\u00e2ncias alpinas e destinos mediterr\u00e2nicos. Cidades italianas tamb\u00e9m aparecem entre as mais din\u00e2micas.<\/p>\n<p>A n\u00edvel global, T\u00f3quio destacou-se com uma subida de 58,5% em 2025, impulsionada pela escassez de oferta, taxas de juros baixas e procura da regi\u00e3o \u00c1sia-Pac\u00edfico. Dubai surge em segundo lugar, seguido por Manila e Seul, completando o top cinco. Praga fecha esse grupo entre as cinco primeiras.<\/p>\n<p>O relat\u00f3rio acrescenta que o imobili\u00e1rio prime distanciou-se do restante mercado residencial em muitos mercados, sustentado pela acumula\u00e7\u00e3o de riqueza. Enquanto os mercados tradicionais enfrentam press\u00f5es econ\u00f3micas, a procura por im\u00f3veis de luxo manteve-se resiliente.<\/p>\n<p>No eixo da Europa, os pre\u00e7os subiram 5,5% no \u00faltimo trimestre de 2025, segundo dados do Eurostat, com Portugal, Cro\u00e1cia e Espanha a registarem aumentos ainda mais fortes, impulsionados pela procura tur\u00edstica.<\/p>\n","protected":false},"excerpt":{"rendered":"<ul>\n<li>Em 2025, Praga liderou o mercado de im\u00f3veis de topo na Europa (subida de 14,6%), com M\u00e9ribel, Porto e Marbella entre os ganhos mais fortes.<\/li>\n<li>Londres registou a maior quebra na Europa, com queda de 4,7% nos pre\u00e7os prime; Ibiza, Jersey e Lausana tamb\u00e9m recuaram entre 1% e 2%.<\/li>\n<li>A n\u00edvel mundial, T\u00f3quio subiu 58,5% no imobili\u00e1rio prime em 2025; Dubai ficou em segundo lugar com 25,1%, seguidos por Manila e Seul (cerca de 15\u201320%). Praga fecha o grupo das cinco primeiras a n\u00edvel global.<\/li>\n<li>Destinos de lazer e resorts dominam os ganhos na Europa, com resorts alpinos e cidades costeiras a liderar, enquanto grandes capitais financeiras ficam atr\u00e1s.<\/li>\n<li>No \u00e2mbito global, grandes quebras ocorreram na China e no Canad\u00e1; na Uni\u00e3o Europeia, os pre\u00e7os subiram 5,5% no \u00faltimo trimestre de 2025.<\/li>\n<\/ul>\n","protected":false},"author":2,"featured_media":464524,"comment_status":"closed","ping_status":"closed","sticky":false,"template":"","format":"standard","meta":{"footnotes":""},"categories":[2,6735],"tags":[6115,7791,8473,8261,8062,7912],"class_list":["post-464522","post","type-post","status-publish","format-standard","has-post-thumbnail","hentry","category-economia","category-negocios","tag-_economia","tag-_habitacao","tag-_imobiliario","tag-_mercados-internacionais","tag-_portugal","tag-_turismo"],"yoast_head":"<!-- This site is optimized with the Yoast SEO plugin v27.2 - https:\/\/yoast.com\/product\/yoast-seo-wordpress\/ -->\n<title>Cidades europeias impulsionam aumento dos pre\u00e7os das casas de luxo - Portal Tela Portugal<\/title>\n<meta name=\"robots\" content=\"index, follow, max-snippet:-1, max-image-preview:large, max-video-preview:-1\" \/>\n<meta property=\"og:locale\" content=\"pt_PT\" \/>\n<meta property=\"og:type\" content=\"article\" \/>\n<meta property=\"og:title\" content=\"Cidades europeias impulsionam aumento dos pre\u00e7os das casas de luxo - Portal Tela Portugal\" \/>\n<meta property=\"og:description\" content=\"Em 2025, Praga liderou o mercado de im\u00f3veis de topo na Europa (subida de 14,6%), com M\u00e9ribel, Porto e Marbella entre os ganhos mais fortes. Londres registou a maior quebra na Europa, com queda de 4,7% nos pre\u00e7os prime; Ibiza, Jersey e Lausana tamb\u00e9m recuaram entre 1% e 2%. A n\u00edvel mundial, T\u00f3quio subiu 58,5% no imobili\u00e1rio prime em 2025; Dubai ficou em segundo lugar com 25,1%, seguidos por Manila e Seul (cerca de 15\u201320%). Praga fecha o grupo das cinco primeiras a n\u00edvel global. Destinos de lazer e resorts dominam os ganhos na Europa, com resorts alpinos e cidades costeiras a liderar, enquanto grandes capitais financeiras ficam atr\u00e1s. No \u00e2mbito global, grandes quebras ocorreram na China e no Canad\u00e1; na Uni\u00e3o Europeia, os pre\u00e7os subiram 5,5% no \u00faltimo trimestre de 2025.\" \/>\n<meta property=\"og:url\" content=\"https:\/\/portaltela.pt\/noticias\/2026\/05\/02\/cidades-europeias-impulsionam-aumento-dos-precos-das-casas-de-luxo\/\" \/>\n<meta property=\"og:site_name\" content=\"Portal Tela Portugal\" \/>\n<meta property=\"article:published_time\" content=\"2026-05-02T05:48:03+00:00\" \/>\n<meta name=\"author\" content=\"Telinha\" \/>\n<meta name=\"twitter:card\" content=\"summary_large_image\" \/>\n<meta name=\"twitter:label1\" content=\"Escrito por\" \/>\n\t<meta name=\"twitter:data1\" content=\"Telinha\" \/>\n\t<meta name=\"twitter:label2\" content=\"Tempo estimado de leitura\" \/>\n\t<meta name=\"twitter:data2\" content=\"2 minutos\" \/>\n<script type=\"application\/ld+json\" class=\"yoast-schema-graph\">{\"@context\":\"https:\/\/schema.org\",\"@graph\":[{\"@type\":\"Article\",\"@id\":\"https:\/\/portaltela.pt\/noticias\/2026\/05\/02\/cidades-europeias-impulsionam-aumento-dos-precos-das-casas-de-luxo\/#article\",\"isPartOf\":{\"@id\":\"https:\/\/portaltela.pt\/noticias\/2026\/05\/02\/cidades-europeias-impulsionam-aumento-dos-precos-das-casas-de-luxo\/\"},\"author\":{\"name\":\"Telinha\",\"@id\":\"https:\/\/portaltela.pt\/#\/schema\/person\/c4278d4a6028830caff9ee44b42d32ed\"},\"headline\":\"Cidades europeias impulsionam aumento dos pre\u00e7os das casas de luxo\",\"datePublished\":\"2026-05-02T05:48:03+00:00\",\"mainEntityOfPage\":{\"@id\":\"https:\/\/portaltela.pt\/noticias\/2026\/05\/02\/cidades-europeias-impulsionam-aumento-dos-precos-das-casas-de-luxo\/\"},\"wordCount\":379,\"image\":{\"@id\":\"https:\/\/portaltela.pt\/noticias\/2026\/05\/02\/cidades-europeias-impulsionam-aumento-dos-precos-das-casas-de-luxo\/#primaryimage\"},\"thumbnailUrl\":\"https:\/\/portaltela.pt\/s.01k8rhncp4jt1\/2026\/05\/1536x864_cmsv2_12c2a3a4-9325-5e9c-82d3-3b59def3e43d-9743328.jpg\",\"keywords\":[\"_economia\",\"_habita\u00e7\u00e3o\",\"_imobili\u00e1rio\",\"_mercados internacionais\",\"_Portugal\",\"_turismo\"],\"articleSection\":[\"Economia\",\"Neg\u00f3cios\"],\"inLanguage\":\"pt-PT\"},{\"@type\":\"WebPage\",\"@id\":\"https:\/\/portaltela.pt\/noticias\/2026\/05\/02\/cidades-europeias-impulsionam-aumento-dos-precos-das-casas-de-luxo\/\",\"url\":\"https:\/\/portaltela.pt\/noticias\/2026\/05\/02\/cidades-europeias-impulsionam-aumento-dos-precos-das-casas-de-luxo\/\",\"name\":\"Cidades europeias impulsionam aumento dos pre\u00e7os das casas de luxo - Portal Tela Portugal\",\"isPartOf\":{\"@id\":\"https:\/\/portaltela.pt\/#website\"},\"primaryImageOfPage\":{\"@id\":\"https:\/\/portaltela.pt\/noticias\/2026\/05\/02\/cidades-europeias-impulsionam-aumento-dos-precos-das-casas-de-luxo\/#primaryimage\"},\"image\":{\"@id\":\"https:\/\/portaltela.pt\/noticias\/2026\/05\/02\/cidades-europeias-impulsionam-aumento-dos-precos-das-casas-de-luxo\/#primaryimage\"},\"thumbnailUrl\":\"https:\/\/portaltela.pt\/s.01k8rhncp4jt1\/2026\/05\/1536x864_cmsv2_12c2a3a4-9325-5e9c-82d3-3b59def3e43d-9743328.jpg\",\"datePublished\":\"2026-05-02T05:48:03+00:00\",\"author\":{\"@id\":\"https:\/\/portaltela.pt\/#\/schema\/person\/c4278d4a6028830caff9ee44b42d32ed\"},\"breadcrumb\":{\"@id\":\"https:\/\/portaltela.pt\/noticias\/2026\/05\/02\/cidades-europeias-impulsionam-aumento-dos-precos-das-casas-de-luxo\/#breadcrumb\"},\"inLanguage\":\"pt-PT\",\"potentialAction\":[{\"@type\":\"ReadAction\",\"target\":[\"https:\/\/portaltela.pt\/noticias\/2026\/05\/02\/cidades-europeias-impulsionam-aumento-dos-precos-das-casas-de-luxo\/\"]}]},{\"@type\":\"ImageObject\",\"inLanguage\":\"pt-PT\",\"@id\":\"https:\/\/portaltela.pt\/noticias\/2026\/05\/02\/cidades-europeias-impulsionam-aumento-dos-precos-das-casas-de-luxo\/#primaryimage\",\"url\":\"https:\/\/portaltela.pt\/s.01k8rhncp4jt1\/2026\/05\/1536x864_cmsv2_12c2a3a4-9325-5e9c-82d3-3b59def3e43d-9743328.jpg\",\"contentUrl\":\"https:\/\/portaltela.pt\/s.01k8rhncp4jt1\/2026\/05\/1536x864_cmsv2_12c2a3a4-9325-5e9c-82d3-3b59def3e43d-9743328.jpg\",\"width\":796,\"height\":448,\"caption\":\"ARQUIVO Vista de Mala Strana e de parte da ponte Carlos, em baixo \u00e0 esquerda, sob o Castelo de Praga e a catedral de S\u00e3o Vito, numa foto de 5 jan. 2004.\"},{\"@type\":\"BreadcrumbList\",\"@id\":\"https:\/\/portaltela.pt\/noticias\/2026\/05\/02\/cidades-europeias-impulsionam-aumento-dos-precos-das-casas-de-luxo\/#breadcrumb\",\"itemListElement\":[{\"@type\":\"ListItem\",\"position\":1,\"name\":\"In\u00edcio\",\"item\":\"https:\/\/portaltela.pt\/\"},{\"@type\":\"ListItem\",\"position\":2,\"name\":\"Cidades europeias impulsionam aumento dos pre\u00e7os das casas de luxo\"}]},{\"@type\":\"WebSite\",\"@id\":\"https:\/\/portaltela.pt\/#website\",\"url\":\"https:\/\/portaltela.pt\/\",\"name\":\"Portal Tela Portugal\",\"description\":\"\",\"potentialAction\":[{\"@type\":\"SearchAction\",\"target\":{\"@type\":\"EntryPoint\",\"urlTemplate\":\"https:\/\/portaltela.pt\/?s={search_term_string}\"},\"query-input\":{\"@type\":\"PropertyValueSpecification\",\"valueRequired\":true,\"valueName\":\"search_term_string\"}}],\"inLanguage\":\"pt-PT\"},{\"@type\":\"Person\",\"@id\":\"https:\/\/portaltela.pt\/#\/schema\/person\/c4278d4a6028830caff9ee44b42d32ed\",\"name\":\"Telinha\",\"image\":{\"@type\":\"ImageObject\",\"inLanguage\":\"pt-PT\",\"@id\":\"https:\/\/portaltela.pt\/s.01k8rhncp4jt1\/2025\/11\/talking-bot-125x125.png\",\"url\":\"https:\/\/portaltela.pt\/s.01k8rhncp4jt1\/2025\/11\/talking-bot-125x125.png\",\"contentUrl\":\"https:\/\/portaltela.pt\/s.01k8rhncp4jt1\/2025\/11\/talking-bot-125x125.png\",\"caption\":\"Telinha\"},\"sameAs\":[\"https:\/\/portaltela.pt\/\"],\"url\":\"https:\/\/portaltela.pt\/por\/367410592786\/\"}]}<\/script>\n<!-- \/ Yoast SEO plugin. -->","yoast_head_json":{"title":"Cidades europeias impulsionam aumento dos pre\u00e7os das casas de luxo - Portal Tela Portugal","robots":{"index":"index","follow":"follow","max-snippet":"max-snippet:-1","max-image-preview":"max-image-preview:large","max-video-preview":"max-video-preview:-1"},"og_locale":"pt_PT","og_type":"article","og_title":"Cidades europeias impulsionam aumento dos pre\u00e7os das casas de luxo - Portal Tela Portugal","og_description":"Em 2025, Praga liderou o mercado de im\u00f3veis de topo na Europa (subida de 14,6%), com M\u00e9ribel, Porto e Marbella entre os ganhos mais fortes. Londres registou a maior quebra na Europa, com queda de 4,7% nos pre\u00e7os prime; Ibiza, Jersey e Lausana tamb\u00e9m recuaram entre 1% e 2%. A n\u00edvel mundial, T\u00f3quio subiu 58,5% no imobili\u00e1rio prime em 2025; Dubai ficou em segundo lugar com 25,1%, seguidos por Manila e Seul (cerca de 15\u201320%). Praga fecha o grupo das cinco primeiras a n\u00edvel global. Destinos de lazer e resorts dominam os ganhos na Europa, com resorts alpinos e cidades costeiras a liderar, enquanto grandes capitais financeiras ficam atr\u00e1s. No \u00e2mbito global, grandes quebras ocorreram na China e no Canad\u00e1; na Uni\u00e3o Europeia, os pre\u00e7os subiram 5,5% no \u00faltimo trimestre de 2025.","og_url":"https:\/\/portaltela.pt\/noticias\/2026\/05\/02\/cidades-europeias-impulsionam-aumento-dos-precos-das-casas-de-luxo\/","og_site_name":"Portal Tela Portugal","article_published_time":"2026-05-02T05:48:03+00:00","author":"Telinha","twitter_card":"summary_large_image","twitter_misc":{"Escrito por":"Telinha","Tempo estimado de leitura":"2 minutos"},"schema":{"@context":"https:\/\/schema.org","@graph":[{"@type":"Article","@id":"https:\/\/portaltela.pt\/noticias\/2026\/05\/02\/cidades-europeias-impulsionam-aumento-dos-precos-das-casas-de-luxo\/#article","isPartOf":{"@id":"https:\/\/portaltela.pt\/noticias\/2026\/05\/02\/cidades-europeias-impulsionam-aumento-dos-precos-das-casas-de-luxo\/"},"author":{"name":"Telinha","@id":"https:\/\/portaltela.pt\/#\/schema\/person\/c4278d4a6028830caff9ee44b42d32ed"},"headline":"Cidades europeias impulsionam aumento dos pre\u00e7os das casas de luxo","datePublished":"2026-05-02T05:48:03+00:00","mainEntityOfPage":{"@id":"https:\/\/portaltela.pt\/noticias\/2026\/05\/02\/cidades-europeias-impulsionam-aumento-dos-precos-das-casas-de-luxo\/"},"wordCount":379,"image":{"@id":"https:\/\/portaltela.pt\/noticias\/2026\/05\/02\/cidades-europeias-impulsionam-aumento-dos-precos-das-casas-de-luxo\/#primaryimage"},"thumbnailUrl":"https:\/\/portaltela.pt\/s.01k8rhncp4jt1\/2026\/05\/1536x864_cmsv2_12c2a3a4-9325-5e9c-82d3-3b59def3e43d-9743328.jpg","keywords":["_economia","_habita\u00e7\u00e3o","_imobili\u00e1rio","_mercados internacionais","_Portugal","_turismo"],"articleSection":["Economia","Neg\u00f3cios"],"inLanguage":"pt-PT"},{"@type":"WebPage","@id":"https:\/\/portaltela.pt\/noticias\/2026\/05\/02\/cidades-europeias-impulsionam-aumento-dos-precos-das-casas-de-luxo\/","url":"https:\/\/portaltela.pt\/noticias\/2026\/05\/02\/cidades-europeias-impulsionam-aumento-dos-precos-das-casas-de-luxo\/","name":"Cidades europeias impulsionam aumento dos pre\u00e7os das casas de luxo - Portal Tela Portugal","isPartOf":{"@id":"https:\/\/portaltela.pt\/#website"},"primaryImageOfPage":{"@id":"https:\/\/portaltela.pt\/noticias\/2026\/05\/02\/cidades-europeias-impulsionam-aumento-dos-precos-das-casas-de-luxo\/#primaryimage"},"image":{"@id":"https:\/\/portaltela.pt\/noticias\/2026\/05\/02\/cidades-europeias-impulsionam-aumento-dos-precos-das-casas-de-luxo\/#primaryimage"},"thumbnailUrl":"https:\/\/portaltela.pt\/s.01k8rhncp4jt1\/2026\/05\/1536x864_cmsv2_12c2a3a4-9325-5e9c-82d3-3b59def3e43d-9743328.jpg","datePublished":"2026-05-02T05:48:03+00:00","author":{"@id":"https:\/\/portaltela.pt\/#\/schema\/person\/c4278d4a6028830caff9ee44b42d32ed"},"breadcrumb":{"@id":"https:\/\/portaltela.pt\/noticias\/2026\/05\/02\/cidades-europeias-impulsionam-aumento-dos-precos-das-casas-de-luxo\/#breadcrumb"},"inLanguage":"pt-PT","potentialAction":[{"@type":"ReadAction","target":["https:\/\/portaltela.pt\/noticias\/2026\/05\/02\/cidades-europeias-impulsionam-aumento-dos-precos-das-casas-de-luxo\/"]}]},{"@type":"ImageObject","inLanguage":"pt-PT","@id":"https:\/\/portaltela.pt\/noticias\/2026\/05\/02\/cidades-europeias-impulsionam-aumento-dos-precos-das-casas-de-luxo\/#primaryimage","url":"https:\/\/portaltela.pt\/s.01k8rhncp4jt1\/2026\/05\/1536x864_cmsv2_12c2a3a4-9325-5e9c-82d3-3b59def3e43d-9743328.jpg","contentUrl":"https:\/\/portaltela.pt\/s.01k8rhncp4jt1\/2026\/05\/1536x864_cmsv2_12c2a3a4-9325-5e9c-82d3-3b59def3e43d-9743328.jpg","width":796,"height":448,"caption":"ARQUIVO Vista de Mala Strana e de parte da ponte Carlos, em baixo \u00e0 esquerda, sob o Castelo de Praga e a catedral de S\u00e3o Vito, numa foto de 5 jan. 2004."},{"@type":"BreadcrumbList","@id":"https:\/\/portaltela.pt\/noticias\/2026\/05\/02\/cidades-europeias-impulsionam-aumento-dos-precos-das-casas-de-luxo\/#breadcrumb","itemListElement":[{"@type":"ListItem","position":1,"name":"In\u00edcio","item":"https:\/\/portaltela.pt\/"},{"@type":"ListItem","position":2,"name":"Cidades europeias impulsionam aumento dos pre\u00e7os das casas de luxo"}]},{"@type":"WebSite","@id":"https:\/\/portaltela.pt\/#website","url":"https:\/\/portaltela.pt\/","name":"Portal Tela Portugal","description":"","potentialAction":[{"@type":"SearchAction","target":{"@type":"EntryPoint","urlTemplate":"https:\/\/portaltela.pt\/?s={search_term_string}"},"query-input":{"@type":"PropertyValueSpecification","valueRequired":true,"valueName":"search_term_string"}}],"inLanguage":"pt-PT"},{"@type":"Person","@id":"https:\/\/portaltela.pt\/#\/schema\/person\/c4278d4a6028830caff9ee44b42d32ed","name":"Telinha","image":{"@type":"ImageObject","inLanguage":"pt-PT","@id":"https:\/\/portaltela.pt\/s.01k8rhncp4jt1\/2025\/11\/talking-bot-125x125.png","url":"https:\/\/portaltela.pt\/s.01k8rhncp4jt1\/2025\/11\/talking-bot-125x125.png","contentUrl":"https:\/\/portaltela.pt\/s.01k8rhncp4jt1\/2025\/11\/talking-bot-125x125.png","caption":"Telinha"},"sameAs":["https:\/\/portaltela.pt\/"],"url":"https:\/\/portaltela.pt\/por\/367410592786\/"}]}},"_links":{"self":[{"href":"https:\/\/portaltela.pt\/api\/wp\/v2\/posts\/464522","targetHints":{"allow":["GET"]}}],"collection":[{"href":"https:\/\/portaltela.pt\/api\/wp\/v2\/posts"}],"about":[{"href":"https:\/\/portaltela.pt\/api\/wp\/v2\/types\/post"}],"author":[{"embeddable":true,"href":"https:\/\/portaltela.pt\/api\/wp\/v2\/users\/2"}],"replies":[{"embeddable":true,"href":"https:\/\/portaltela.pt\/api\/wp\/v2\/comments?post=464522"}],"version-history":[{"count":0,"href":"https:\/\/portaltela.pt\/api\/wp\/v2\/posts\/464522\/revisions"}],"wp:featuredmedia":[{"embeddable":true,"href":"https:\/\/portaltela.pt\/api\/wp\/v2\/media\/464524"}],"wp:attachment":[{"href":"https:\/\/portaltela.pt\/api\/wp\/v2\/media?parent=464522"}],"wp:term":[{"taxonomy":"category","embeddable":true,"href":"https:\/\/portaltela.pt\/api\/wp\/v2\/categories?post=464522"},{"taxonomy":"post_tag","embeddable":true,"href":"https:\/\/portaltela.pt\/api\/wp\/v2\/tags?post=464522"}],"curies":[{"name":"wp","href":"https:\/\/api.w.org\/{rel}","templated":true}]}}