{"id":464497,"date":"2026-05-02T00:32:36","date_gmt":"2026-05-02T03:32:36","guid":{"rendered":"https:\/\/portaltela.pt\/noticias\/2026\/05\/02\/plano-mantem-miolo-do-benfica-intocavel-rios-em-alerta\/"},"modified":"2026-05-02T00:32:36","modified_gmt":"2026-05-02T03:32:36","slug":"plano-mantem-miolo-do-benfica-intocavel-rios-em-alerta","status":"publish","type":"post","link":"https:\/\/portaltela.pt\/desporto\/futebol\/2026\/05\/02\/plano-mantem-miolo-do-benfica-intocavel-rios-em-alerta\/","title":{"rendered":"Plano mant\u00e9m miolo do Benfica intoc\u00e1vel, R\u00edos em alerta"},"content":{"rendered":"<p>O Benfica mant\u00e9m o mesmo plano para o meio-campo, repetindo a titularidade de Fredrik Aursnes, Richard R\u00edos e Leandro Barreiro, segundo apurou o Record. O trio permanece mesmo com R\u00edos em risco de exclus\u00e3o.<\/p>\n<p>A ideia continua a ser a de h\u00e1 dois jogos, mantendo o trio no meio-campo, mesmo que o colombiano possa ficar de fora. A decis\u00e3o depende do que acontecer no jogo desta tarde.<\/p>\n<p>Jos\u00e9 Mourinho n\u00e3o confirmou a possibilidade de apresentar tr\u00eas m\u00e9dios, respondendo de forma amb\u00edgua na confer\u00eancia de imprensa. Contudo, mostrou respeito pelo advers\u00e1rio, especialmente ao falar do meio-campo.<\/p>\n<p>O foco da equipa \u00e9 distribuir a posi\u00e7\u00e3o de responsabilidade entre os tr\u00eas m\u00e9dios, mantendo a constru\u00e7\u00e3o ofensiva e o equil\u00edbrio defensivo. O jornal Record sustenta a informa\u00e7\u00e3o com base em fontes pr\u00f3ximas do clube.<\/p>\n","protected":false},"excerpt":{"rendered":"<ul>\n<li>O plano para o meio-campo mant\u00e9m-se igual aos dois jogos anteriores, segundo o Record.<\/li>\n<li>A equipa vai manter Fredrik Aursnes, Richard R\u00edos e Leandro Barreiro no miolo, mesmo que R\u00edos esteja em risco de exclus\u00e3o.<\/li>\n<li>Jos\u00e9 Mourinho n\u00e3o confirmou a poss\u00edvel apresenta\u00e7\u00e3o de tr\u00eas m\u00e9dios na partida, dizendo que \u201cse calhar sim, se calhar n\u00e3o\u201d.<\/li>\n<li>O t\u00e9cnico mostrou respeito pelo advers\u00e1rio, sobretudo no que toca ao meio-campo.<\/li>\n<li>A not\u00edcia destaca que R\u00edos continua sob observa\u00e7\u00e3o quanto \u00e0 possibilidade de ficar de fora.<\/li>\n<\/ul>\n","protected":false},"author":2,"featured_media":464498,"comment_status":"closed","ping_status":"closed","sticky":false,"template":"","format":"standard","meta":{"footnotes":""},"categories":[21,24],"tags":[4059,1946,152,32],"class_list":["post-464497","post","type-post","status-publish","format-standard","has-post-thumbnail","hentry","category-desporto","category-futebol","tag-1-a-liga","tag-benfica","tag-desporto","tag-futebol"],"yoast_head":"<!-- This site is optimized with the Yoast SEO plugin v27.2 - https:\/\/yoast.com\/product\/yoast-seo-wordpress\/ -->\n<title>Plano mant\u00e9m miolo do Benfica intoc\u00e1vel, R\u00edos em alerta - Portal Tela Portugal<\/title>\n<meta name=\"robots\" content=\"index, follow, max-snippet:-1, max-image-preview:large, max-video-preview:-1\" \/>\n<meta property=\"og:locale\" content=\"pt_PT\" \/>\n<meta property=\"og:type\" content=\"article\" \/>\n<meta property=\"og:title\" content=\"Plano mant\u00e9m miolo do Benfica intoc\u00e1vel, R\u00edos em alerta - Portal Tela Portugal\" \/>\n<meta property=\"og:description\" content=\"O plano para o meio-campo mant\u00e9m-se igual aos dois jogos anteriores, segundo o Record. A equipa vai manter Fredrik Aursnes, Richard R\u00edos e Leandro Barreiro no miolo, mesmo que R\u00edos esteja em risco de exclus\u00e3o. Jos\u00e9 Mourinho n\u00e3o confirmou a poss\u00edvel apresenta\u00e7\u00e3o de tr\u00eas m\u00e9dios na partida, dizendo que \u201cse calhar sim, se calhar n\u00e3o\u201d. O t\u00e9cnico mostrou respeito pelo advers\u00e1rio, sobretudo no que toca ao meio-campo. A not\u00edcia destaca que R\u00edos continua sob observa\u00e7\u00e3o quanto \u00e0 possibilidade de ficar de fora.\" \/>\n<meta property=\"og:url\" content=\"https:\/\/portaltela.pt\/noticias\/2026\/05\/02\/plano-mantem-miolo-do-benfica-intocavel-rios-em-alerta\/\" \/>\n<meta property=\"og:site_name\" content=\"Portal Tela Portugal\" \/>\n<meta property=\"article:published_time\" content=\"2026-05-02T03:32:36+00:00\" \/>\n<meta name=\"author\" content=\"Telinha\" \/>\n<meta name=\"twitter:card\" content=\"summary_large_image\" \/>\n<meta name=\"twitter:label1\" content=\"Escrito por\" \/>\n\t<meta name=\"twitter:data1\" content=\"Telinha\" \/>\n\t<meta name=\"twitter:label2\" content=\"Tempo estimado de leitura\" \/>\n\t<meta name=\"twitter:data2\" content=\"1 minuto\" \/>\n<script type=\"application\/ld+json\" class=\"yoast-schema-graph\">{\"@context\":\"https:\/\/schema.org\",\"@graph\":[{\"@type\":\"Article\",\"@id\":\"https:\/\/portaltela.pt\/noticias\/2026\/05\/02\/plano-mantem-miolo-do-benfica-intocavel-rios-em-alerta\/#article\",\"isPartOf\":{\"@id\":\"https:\/\/portaltela.pt\/noticias\/2026\/05\/02\/plano-mantem-miolo-do-benfica-intocavel-rios-em-alerta\/\"},\"author\":{\"name\":\"Telinha\",\"@id\":\"https:\/\/portaltela.pt\/#\/schema\/person\/c4278d4a6028830caff9ee44b42d32ed\"},\"headline\":\"Plano mant\u00e9m miolo do Benfica intoc\u00e1vel, R\u00edos em alerta\",\"datePublished\":\"2026-05-02T03:32:36+00:00\",\"mainEntityOfPage\":{\"@id\":\"https:\/\/portaltela.pt\/noticias\/2026\/05\/02\/plano-mantem-miolo-do-benfica-intocavel-rios-em-alerta\/\"},\"wordCount\":159,\"image\":{\"@id\":\"https:\/\/portaltela.pt\/noticias\/2026\/05\/02\/plano-mantem-miolo-do-benfica-intocavel-rios-em-alerta\/#primaryimage\"},\"thumbnailUrl\":\"https:\/\/portaltela.pt\/s.01k8rhncp4jt1\/2026\/05\/img_920x518uu2026-05-02-00-58-06-2436334-im-639132802976730548.jpg\",\"keywords\":[\"1.\u00aa Liga\",\"Benfica\",\"desporto\",\"futebol\"],\"articleSection\":[\"Desporto\",\"Futebol\"],\"inLanguage\":\"pt-PT\"},{\"@type\":\"WebPage\",\"@id\":\"https:\/\/portaltela.pt\/noticias\/2026\/05\/02\/plano-mantem-miolo-do-benfica-intocavel-rios-em-alerta\/\",\"url\":\"https:\/\/portaltela.pt\/noticias\/2026\/05\/02\/plano-mantem-miolo-do-benfica-intocavel-rios-em-alerta\/\",\"name\":\"Plano mant\u00e9m miolo do Benfica intoc\u00e1vel, R\u00edos em alerta - Portal Tela Portugal\",\"isPartOf\":{\"@id\":\"https:\/\/portaltela.pt\/#website\"},\"primaryImageOfPage\":{\"@id\":\"https:\/\/portaltela.pt\/noticias\/2026\/05\/02\/plano-mantem-miolo-do-benfica-intocavel-rios-em-alerta\/#primaryimage\"},\"image\":{\"@id\":\"https:\/\/portaltela.pt\/noticias\/2026\/05\/02\/plano-mantem-miolo-do-benfica-intocavel-rios-em-alerta\/#primaryimage\"},\"thumbnailUrl\":\"https:\/\/portaltela.pt\/s.01k8rhncp4jt1\/2026\/05\/img_920x518uu2026-05-02-00-58-06-2436334-im-639132802976730548.jpg\",\"datePublished\":\"2026-05-02T03:32:36+00:00\",\"author\":{\"@id\":\"https:\/\/portaltela.pt\/#\/schema\/person\/c4278d4a6028830caff9ee44b42d32ed\"},\"breadcrumb\":{\"@id\":\"https:\/\/portaltela.pt\/noticias\/2026\/05\/02\/plano-mantem-miolo-do-benfica-intocavel-rios-em-alerta\/#breadcrumb\"},\"inLanguage\":\"pt-PT\",\"potentialAction\":[{\"@type\":\"ReadAction\",\"target\":[\"https:\/\/portaltela.pt\/noticias\/2026\/05\/02\/plano-mantem-miolo-do-benfica-intocavel-rios-em-alerta\/\"]}]},{\"@type\":\"ImageObject\",\"inLanguage\":\"pt-PT\",\"@id\":\"https:\/\/portaltela.pt\/noticias\/2026\/05\/02\/plano-mantem-miolo-do-benfica-intocavel-rios-em-alerta\/#primaryimage\",\"url\":\"https:\/\/portaltela.pt\/s.01k8rhncp4jt1\/2026\/05\/img_920x518uu2026-05-02-00-58-06-2436334-im-639132802976730548.jpg\",\"contentUrl\":\"https:\/\/portaltela.pt\/s.01k8rhncp4jt1\/2026\/05\/img_920x518uu2026-05-02-00-58-06-2436334-im-639132802976730548.jpg\",\"width\":796,\"height\":448,\"caption\":\"Richard R\u00edos em risco de exclus\u00e3o\"},{\"@type\":\"BreadcrumbList\",\"@id\":\"https:\/\/portaltela.pt\/noticias\/2026\/05\/02\/plano-mantem-miolo-do-benfica-intocavel-rios-em-alerta\/#breadcrumb\",\"itemListElement\":[{\"@type\":\"ListItem\",\"position\":1,\"name\":\"In\u00edcio\",\"item\":\"https:\/\/portaltela.pt\/\"},{\"@type\":\"ListItem\",\"position\":2,\"name\":\"Plano mant\u00e9m miolo do Benfica intoc\u00e1vel, R\u00edos em alerta\"}]},{\"@type\":\"WebSite\",\"@id\":\"https:\/\/portaltela.pt\/#website\",\"url\":\"https:\/\/portaltela.pt\/\",\"name\":\"Portal Tela Portugal\",\"description\":\"\",\"potentialAction\":[{\"@type\":\"SearchAction\",\"target\":{\"@type\":\"EntryPoint\",\"urlTemplate\":\"https:\/\/portaltela.pt\/?s={search_term_string}\"},\"query-input\":{\"@type\":\"PropertyValueSpecification\",\"valueRequired\":true,\"valueName\":\"search_term_string\"}}],\"inLanguage\":\"pt-PT\"},{\"@type\":\"Person\",\"@id\":\"https:\/\/portaltela.pt\/#\/schema\/person\/c4278d4a6028830caff9ee44b42d32ed\",\"name\":\"Telinha\",\"image\":{\"@type\":\"ImageObject\",\"inLanguage\":\"pt-PT\",\"@id\":\"https:\/\/portaltela.pt\/s.01k8rhncp4jt1\/2025\/11\/talking-bot-125x125.png\",\"url\":\"https:\/\/portaltela.pt\/s.01k8rhncp4jt1\/2025\/11\/talking-bot-125x125.png\",\"contentUrl\":\"https:\/\/portaltela.pt\/s.01k8rhncp4jt1\/2025\/11\/talking-bot-125x125.png\",\"caption\":\"Telinha\"},\"sameAs\":[\"https:\/\/portaltela.pt\/\"],\"url\":\"https:\/\/portaltela.pt\/por\/367410592786\/\"}]}<\/script>\n<!-- \/ Yoast SEO plugin. -->","yoast_head_json":{"title":"Plano mant\u00e9m miolo do Benfica intoc\u00e1vel, R\u00edos em alerta - Portal Tela Portugal","robots":{"index":"index","follow":"follow","max-snippet":"max-snippet:-1","max-image-preview":"max-image-preview:large","max-video-preview":"max-video-preview:-1"},"og_locale":"pt_PT","og_type":"article","og_title":"Plano mant\u00e9m miolo do Benfica intoc\u00e1vel, R\u00edos em alerta - Portal Tela Portugal","og_description":"O plano para o meio-campo mant\u00e9m-se igual aos dois jogos anteriores, segundo o Record. A equipa vai manter Fredrik Aursnes, Richard R\u00edos e Leandro Barreiro no miolo, mesmo que R\u00edos esteja em risco de exclus\u00e3o. Jos\u00e9 Mourinho n\u00e3o confirmou a poss\u00edvel apresenta\u00e7\u00e3o de tr\u00eas m\u00e9dios na partida, dizendo que \u201cse calhar sim, se calhar n\u00e3o\u201d. O t\u00e9cnico mostrou respeito pelo advers\u00e1rio, sobretudo no que toca ao meio-campo. A not\u00edcia destaca que R\u00edos continua sob observa\u00e7\u00e3o quanto \u00e0 possibilidade de ficar de fora.","og_url":"https:\/\/portaltela.pt\/noticias\/2026\/05\/02\/plano-mantem-miolo-do-benfica-intocavel-rios-em-alerta\/","og_site_name":"Portal Tela Portugal","article_published_time":"2026-05-02T03:32:36+00:00","author":"Telinha","twitter_card":"summary_large_image","twitter_misc":{"Escrito por":"Telinha","Tempo estimado de leitura":"1 minuto"},"schema":{"@context":"https:\/\/schema.org","@graph":[{"@type":"Article","@id":"https:\/\/portaltela.pt\/noticias\/2026\/05\/02\/plano-mantem-miolo-do-benfica-intocavel-rios-em-alerta\/#article","isPartOf":{"@id":"https:\/\/portaltela.pt\/noticias\/2026\/05\/02\/plano-mantem-miolo-do-benfica-intocavel-rios-em-alerta\/"},"author":{"name":"Telinha","@id":"https:\/\/portaltela.pt\/#\/schema\/person\/c4278d4a6028830caff9ee44b42d32ed"},"headline":"Plano mant\u00e9m miolo do Benfica intoc\u00e1vel, R\u00edos em alerta","datePublished":"2026-05-02T03:32:36+00:00","mainEntityOfPage":{"@id":"https:\/\/portaltela.pt\/noticias\/2026\/05\/02\/plano-mantem-miolo-do-benfica-intocavel-rios-em-alerta\/"},"wordCount":159,"image":{"@id":"https:\/\/portaltela.pt\/noticias\/2026\/05\/02\/plano-mantem-miolo-do-benfica-intocavel-rios-em-alerta\/#primaryimage"},"thumbnailUrl":"https:\/\/portaltela.pt\/s.01k8rhncp4jt1\/2026\/05\/img_920x518uu2026-05-02-00-58-06-2436334-im-639132802976730548.jpg","keywords":["1.\u00aa Liga","Benfica","desporto","futebol"],"articleSection":["Desporto","Futebol"],"inLanguage":"pt-PT"},{"@type":"WebPage","@id":"https:\/\/portaltela.pt\/noticias\/2026\/05\/02\/plano-mantem-miolo-do-benfica-intocavel-rios-em-alerta\/","url":"https:\/\/portaltela.pt\/noticias\/2026\/05\/02\/plano-mantem-miolo-do-benfica-intocavel-rios-em-alerta\/","name":"Plano mant\u00e9m miolo do Benfica intoc\u00e1vel, R\u00edos em alerta - Portal Tela Portugal","isPartOf":{"@id":"https:\/\/portaltela.pt\/#website"},"primaryImageOfPage":{"@id":"https:\/\/portaltela.pt\/noticias\/2026\/05\/02\/plano-mantem-miolo-do-benfica-intocavel-rios-em-alerta\/#primaryimage"},"image":{"@id":"https:\/\/portaltela.pt\/noticias\/2026\/05\/02\/plano-mantem-miolo-do-benfica-intocavel-rios-em-alerta\/#primaryimage"},"thumbnailUrl":"https:\/\/portaltela.pt\/s.01k8rhncp4jt1\/2026\/05\/img_920x518uu2026-05-02-00-58-06-2436334-im-639132802976730548.jpg","datePublished":"2026-05-02T03:32:36+00:00","author":{"@id":"https:\/\/portaltela.pt\/#\/schema\/person\/c4278d4a6028830caff9ee44b42d32ed"},"breadcrumb":{"@id":"https:\/\/portaltela.pt\/noticias\/2026\/05\/02\/plano-mantem-miolo-do-benfica-intocavel-rios-em-alerta\/#breadcrumb"},"inLanguage":"pt-PT","potentialAction":[{"@type":"ReadAction","target":["https:\/\/portaltela.pt\/noticias\/2026\/05\/02\/plano-mantem-miolo-do-benfica-intocavel-rios-em-alerta\/"]}]},{"@type":"ImageObject","inLanguage":"pt-PT","@id":"https:\/\/portaltela.pt\/noticias\/2026\/05\/02\/plano-mantem-miolo-do-benfica-intocavel-rios-em-alerta\/#primaryimage","url":"https:\/\/portaltela.pt\/s.01k8rhncp4jt1\/2026\/05\/img_920x518uu2026-05-02-00-58-06-2436334-im-639132802976730548.jpg","contentUrl":"https:\/\/portaltela.pt\/s.01k8rhncp4jt1\/2026\/05\/img_920x518uu2026-05-02-00-58-06-2436334-im-639132802976730548.jpg","width":796,"height":448,"caption":"Richard R\u00edos em risco de exclus\u00e3o"},{"@type":"BreadcrumbList","@id":"https:\/\/portaltela.pt\/noticias\/2026\/05\/02\/plano-mantem-miolo-do-benfica-intocavel-rios-em-alerta\/#breadcrumb","itemListElement":[{"@type":"ListItem","position":1,"name":"In\u00edcio","item":"https:\/\/portaltela.pt\/"},{"@type":"ListItem","position":2,"name":"Plano mant\u00e9m miolo do Benfica intoc\u00e1vel, R\u00edos em alerta"}]},{"@type":"WebSite","@id":"https:\/\/portaltela.pt\/#website","url":"https:\/\/portaltela.pt\/","name":"Portal Tela Portugal","description":"","potentialAction":[{"@type":"SearchAction","target":{"@type":"EntryPoint","urlTemplate":"https:\/\/portaltela.pt\/?s={search_term_string}"},"query-input":{"@type":"PropertyValueSpecification","valueRequired":true,"valueName":"search_term_string"}}],"inLanguage":"pt-PT"},{"@type":"Person","@id":"https:\/\/portaltela.pt\/#\/schema\/person\/c4278d4a6028830caff9ee44b42d32ed","name":"Telinha","image":{"@type":"ImageObject","inLanguage":"pt-PT","@id":"https:\/\/portaltela.pt\/s.01k8rhncp4jt1\/2025\/11\/talking-bot-125x125.png","url":"https:\/\/portaltela.pt\/s.01k8rhncp4jt1\/2025\/11\/talking-bot-125x125.png","contentUrl":"https:\/\/portaltela.pt\/s.01k8rhncp4jt1\/2025\/11\/talking-bot-125x125.png","caption":"Telinha"},"sameAs":["https:\/\/portaltela.pt\/"],"url":"https:\/\/portaltela.pt\/por\/367410592786\/"}]}},"_links":{"self":[{"href":"https:\/\/portaltela.pt\/api\/wp\/v2\/posts\/464497","targetHints":{"allow":["GET"]}}],"collection":[{"href":"https:\/\/portaltela.pt\/api\/wp\/v2\/posts"}],"about":[{"href":"https:\/\/portaltela.pt\/api\/wp\/v2\/types\/post"}],"author":[{"embeddable":true,"href":"https:\/\/portaltela.pt\/api\/wp\/v2\/users\/2"}],"replies":[{"embeddable":true,"href":"https:\/\/portaltela.pt\/api\/wp\/v2\/comments?post=464497"}],"version-history":[{"count":0,"href":"https:\/\/portaltela.pt\/api\/wp\/v2\/posts\/464497\/revisions"}],"wp:featuredmedia":[{"embeddable":true,"href":"https:\/\/portaltela.pt\/api\/wp\/v2\/media\/464498"}],"wp:attachment":[{"href":"https:\/\/portaltela.pt\/api\/wp\/v2\/media?parent=464497"}],"wp:term":[{"taxonomy":"category","embeddable":true,"href":"https:\/\/portaltela.pt\/api\/wp\/v2\/categories?post=464497"},{"taxonomy":"post_tag","embeddable":true,"href":"https:\/\/portaltela.pt\/api\/wp\/v2\/tags?post=464497"}],"curies":[{"name":"wp","href":"https:\/\/api.w.org\/{rel}","templated":true}]}}