{"id":464480,"date":"2026-05-01T21:33:49","date_gmt":"2026-05-02T00:33:49","guid":{"rendered":"https:\/\/portaltela.pt\/noticias\/2026\/05\/01\/farioli-sem-tempo-para-festejos-antes-de-jogo-com-o-alverca\/"},"modified":"2026-05-01T21:33:49","modified_gmt":"2026-05-02T00:33:49","slug":"farioli-sem-tempo-para-festejos-antes-de-jogo-com-o-alverca","status":"publish","type":"post","link":"https:\/\/portaltela.pt\/desporto\/futebol\/2026\/05\/01\/farioli-sem-tempo-para-festejos-antes-de-jogo-com-o-alverca\/","title":{"rendered":"Farioli sem tempo para festejos antes de jogo com o Alverca"},"content":{"rendered":"<p>O FC Porto est\u00e1 a uma vit\u00f3ria de sagrar-se campe\u00e3o nacional, mas a equipa entra em campo apenas para vencer o Alverca. O jogo de domingo, \u00e0s 20h30, no Est\u00e1dio do Drag\u00e3o, pretende manter o foco da equipa na reta final do campeonato.<\/p>\n<p>O t\u00e9cnico Francesco Farioli afirma que n\u00e3o h\u00e1 espa\u00e7o para festejos antecipados e que o objetivo \u00e9 cumprir o pr\u00f3ximo desafio com a atitude certa. A abordagem da equipa passa por manter o n\u00edvel defensivo e transformar desejo em a\u00e7\u00f5es concretas.<\/p>\n<p>A equipa de Portim? O foco \u00e9 o jogo de hoje, sem distra\u00e7\u00f5es com o que acontece antes. A gest\u00e3o da log\u00edstica e a prepara\u00e7\u00e3o passam pela concentra\u00e7\u00e3o no advers\u00e1rio e pela disciplina exigida pela fase decisiva da competi\u00e7\u00e3o.<\/p>\n<h3>FC Porto segue na persegui\u00e7\u00e3o ao t\u00edtulo<\/h3>\n<p>A derrota de outros resultados n\u00e3o altera a forma de abordagem para este encontro. Se o Benfica n\u00e3o confirmar o triunfo mais cedo, o t\u00edtulo pode ficar ainda pendente at\u00e9 o \u00faltimo minuto da jornada final. O plantel treina visando manter a consist\u00eancia.<\/p>\n<p>Farioli elogiou a estrat\u00e9gia do clube e refor\u00e7ou a import\u00e2ncia de manter o n\u00edvel de foco em cada partida. O treinador destacou ainda o papel do departamento m\u00e9dico na gest\u00e3o de les\u00f5es e na preserva\u00e7\u00e3o da forma f\u00edsica ao longo do campeonato.<\/p>\n<h3>Alverca procura manter ambi\u00e7\u00e3o<\/h3>\n<p>Cust\u00f3dio Castro, treinador do Alverca, admite que a manuten\u00e7\u00e3o j\u00e1 est\u00e1 assegurada mas enfatiza a vontade de competir no Drag\u00e3o. A equipa pretende demonstrar organiza\u00e7\u00e3o, intensidade e esp\u00edrito competitivo frente ao campe\u00e3o em t\u00edtulo.<\/p>\n<p>O t\u00e9cnico portista respondeu a cr\u00edticas sobre indica\u00e7\u00f5es dos dirigentes, mantendo o foco na prepara\u00e7\u00e3o da equipa para o confronto com o Alverca. A confer\u00eancia de imprensa privilegiou o desempenho e a ilus\u00e3o de m\u00e9rito dos advers\u00e1rios.<\/p>\n<h3>Infraestruturas e apoio<\/h3>\n<p>A Metro do Porto organizou uma opera\u00e7\u00e3o especial para responder ao aumento de aflu\u00eancia no dia do jogo. O fluxo de p\u00fablico dever\u00e1 aumentar, com a concentra\u00e7\u00e3o de adeptos no Drag\u00e3o e na zona central da cidade.<\/p>\n<p>O presidente da Liga comentou as recentes picardias entre os grandes clubes, apontando para a presen\u00e7a de mais adeptos nos est\u00e1dios como sinal de intensidade do futebol nacional. A Liga refor\u00e7a a necessidade de competi\u00e7\u00e3o equilibrada.<\/p>\n","protected":false},"excerpt":{"rendered":"<ul>\n<li>O FC Porto pode confirmar o t\u00edtulo neste s\u00e1bado, com a vit\u00f3ria a depender do desfecho entre Benfica e Famalic\u00e3o, mas Farioli quer foco apenas no pr\u00f3ximo jogo.<\/li>\n<li>O encontro com o Alverca, no Drag\u00e3o, est\u00e1 marcado para domingo \u00e0s 20h30, e a equipa exige concentra\u00e7\u00e3o m\u00e1xima sem festejos antecipados.<\/li>\n<li>Farioli refor\u00e7ou que a equipa precisa manter a mentalidade e o mesmo esp\u00edrito, independentemente de outros resultados.<\/li>\n<li>O treinador elogiou o plantel e o departamento m\u00e9dico, destacando decis\u00f5es tomadas para a sa\u00fade dos atletas e para manter o foco nos jogos.<\/li>\n<li>O Alverca, j\u00e1 com manuten\u00e7\u00e3o garantida, prometeu ser competitivo e manter a ambi\u00e7\u00e3o no duelo com o l\u00edder, enquanto o Porto prepara-se para avan\u00e7ar no campeonato.<\/li>\n<\/ul>\n","protected":false},"author":2,"featured_media":464482,"comment_status":"closed","ping_status":"closed","sticky":false,"template":"","format":"standard","meta":{"footnotes":""},"categories":[21,24],"tags":[4143,1230,2028,32,1786,982],"class_list":["post-464480","post","type-post","status-publish","format-standard","has-post-thumbnail","hentry","category-desporto","category-futebol","tag-1-liga","tag-alverca","tag-fc-porto","tag-futebol","tag-liga","tag-porto"],"yoast_head":"<!-- This site is optimized with the Yoast SEO plugin v27.2 - https:\/\/yoast.com\/product\/yoast-seo-wordpress\/ -->\n<title>Farioli sem tempo para festejos antes de jogo com o Alverca - Portal Tela Portugal<\/title>\n<meta name=\"robots\" content=\"index, follow, max-snippet:-1, max-image-preview:large, max-video-preview:-1\" \/>\n<meta property=\"og:locale\" content=\"pt_PT\" \/>\n<meta property=\"og:type\" content=\"article\" \/>\n<meta property=\"og:title\" content=\"Farioli sem tempo para festejos antes de jogo com o Alverca - Portal Tela Portugal\" \/>\n<meta property=\"og:description\" content=\"O FC Porto pode confirmar o t\u00edtulo neste s\u00e1bado, com a vit\u00f3ria a depender do desfecho entre Benfica e Famalic\u00e3o, mas Farioli quer foco apenas no pr\u00f3ximo jogo. O encontro com o Alverca, no Drag\u00e3o, est\u00e1 marcado para domingo \u00e0s 20h30, e a equipa exige concentra\u00e7\u00e3o m\u00e1xima sem festejos antecipados. Farioli refor\u00e7ou que a equipa precisa manter a mentalidade e o mesmo esp\u00edrito, independentemente de outros resultados. O treinador elogiou o plantel e o departamento m\u00e9dico, destacando decis\u00f5es tomadas para a sa\u00fade dos atletas e para manter o foco nos jogos. O Alverca, j\u00e1 com manuten\u00e7\u00e3o garantida, prometeu ser competitivo e manter a ambi\u00e7\u00e3o no duelo com o l\u00edder, enquanto o Porto prepara-se para avan\u00e7ar no campeonato.\" \/>\n<meta property=\"og:url\" content=\"https:\/\/portaltela.pt\/noticias\/2026\/05\/01\/farioli-sem-tempo-para-festejos-antes-de-jogo-com-o-alverca\/\" \/>\n<meta property=\"og:site_name\" content=\"Portal Tela Portugal\" \/>\n<meta property=\"article:published_time\" content=\"2026-05-02T00:33:49+00:00\" \/>\n<meta name=\"author\" content=\"Telinha\" \/>\n<meta name=\"twitter:card\" content=\"summary_large_image\" \/>\n<meta name=\"twitter:label1\" content=\"Escrito por\" \/>\n\t<meta name=\"twitter:data1\" content=\"Telinha\" \/>\n\t<meta name=\"twitter:label2\" content=\"Tempo estimado de leitura\" \/>\n\t<meta name=\"twitter:data2\" content=\"2 minutos\" \/>\n<script type=\"application\/ld+json\" class=\"yoast-schema-graph\">{\"@context\":\"https:\/\/schema.org\",\"@graph\":[{\"@type\":\"Article\",\"@id\":\"https:\/\/portaltela.pt\/noticias\/2026\/05\/01\/farioli-sem-tempo-para-festejos-antes-de-jogo-com-o-alverca\/#article\",\"isPartOf\":{\"@id\":\"https:\/\/portaltela.pt\/noticias\/2026\/05\/01\/farioli-sem-tempo-para-festejos-antes-de-jogo-com-o-alverca\/\"},\"author\":{\"name\":\"Telinha\",\"@id\":\"https:\/\/portaltela.pt\/#\/schema\/person\/c4278d4a6028830caff9ee44b42d32ed\"},\"headline\":\"Farioli sem tempo para festejos antes de jogo com o Alverca\",\"datePublished\":\"2026-05-02T00:33:49+00:00\",\"mainEntityOfPage\":{\"@id\":\"https:\/\/portaltela.pt\/noticias\/2026\/05\/01\/farioli-sem-tempo-para-festejos-antes-de-jogo-com-o-alverca\/\"},\"wordCount\":432,\"image\":{\"@id\":\"https:\/\/portaltela.pt\/noticias\/2026\/05\/01\/farioli-sem-tempo-para-festejos-antes-de-jogo-com-o-alverca\/#primaryimage\"},\"thumbnailUrl\":\"https:\/\/portaltela.pt\/s.01k8rhncp4jt1\/2026\/05\/img_1500x1000uu2026-05-01-22-14-58-2282321.jpg\",\"keywords\":[\"1. Liga\",\"Alverca\",\"FC Porto\",\"futebol\",\"Liga\",\"Porto\"],\"articleSection\":[\"Desporto\",\"Futebol\"],\"inLanguage\":\"pt-PT\"},{\"@type\":\"WebPage\",\"@id\":\"https:\/\/portaltela.pt\/noticias\/2026\/05\/01\/farioli-sem-tempo-para-festejos-antes-de-jogo-com-o-alverca\/\",\"url\":\"https:\/\/portaltela.pt\/noticias\/2026\/05\/01\/farioli-sem-tempo-para-festejos-antes-de-jogo-com-o-alverca\/\",\"name\":\"Farioli sem tempo para festejos antes de jogo com o Alverca - Portal Tela Portugal\",\"isPartOf\":{\"@id\":\"https:\/\/portaltela.pt\/#website\"},\"primaryImageOfPage\":{\"@id\":\"https:\/\/portaltela.pt\/noticias\/2026\/05\/01\/farioli-sem-tempo-para-festejos-antes-de-jogo-com-o-alverca\/#primaryimage\"},\"image\":{\"@id\":\"https:\/\/portaltela.pt\/noticias\/2026\/05\/01\/farioli-sem-tempo-para-festejos-antes-de-jogo-com-o-alverca\/#primaryimage\"},\"thumbnailUrl\":\"https:\/\/portaltela.pt\/s.01k8rhncp4jt1\/2026\/05\/img_1500x1000uu2026-05-01-22-14-58-2282321.jpg\",\"datePublished\":\"2026-05-02T00:33:49+00:00\",\"author\":{\"@id\":\"https:\/\/portaltela.pt\/#\/schema\/person\/c4278d4a6028830caff9ee44b42d32ed\"},\"breadcrumb\":{\"@id\":\"https:\/\/portaltela.pt\/noticias\/2026\/05\/01\/farioli-sem-tempo-para-festejos-antes-de-jogo-com-o-alverca\/#breadcrumb\"},\"inLanguage\":\"pt-PT\",\"potentialAction\":[{\"@type\":\"ReadAction\",\"target\":[\"https:\/\/portaltela.pt\/noticias\/2026\/05\/01\/farioli-sem-tempo-para-festejos-antes-de-jogo-com-o-alverca\/\"]}]},{\"@type\":\"ImageObject\",\"inLanguage\":\"pt-PT\",\"@id\":\"https:\/\/portaltela.pt\/noticias\/2026\/05\/01\/farioli-sem-tempo-para-festejos-antes-de-jogo-com-o-alverca\/#primaryimage\",\"url\":\"https:\/\/portaltela.pt\/s.01k8rhncp4jt1\/2026\/05\/img_1500x1000uu2026-05-01-22-14-58-2282321.jpg\",\"contentUrl\":\"https:\/\/portaltela.pt\/s.01k8rhncp4jt1\/2026\/05\/img_1500x1000uu2026-05-01-22-14-58-2282321.jpg\",\"width\":1500,\"height\":1000,\"caption\":\"Francesco Farioli rodeado de adeptos, a quem deu aut\u00f3grafos\"},{\"@type\":\"BreadcrumbList\",\"@id\":\"https:\/\/portaltela.pt\/noticias\/2026\/05\/01\/farioli-sem-tempo-para-festejos-antes-de-jogo-com-o-alverca\/#breadcrumb\",\"itemListElement\":[{\"@type\":\"ListItem\",\"position\":1,\"name\":\"In\u00edcio\",\"item\":\"https:\/\/portaltela.pt\/\"},{\"@type\":\"ListItem\",\"position\":2,\"name\":\"Farioli sem tempo para festejos antes de jogo com o Alverca\"}]},{\"@type\":\"WebSite\",\"@id\":\"https:\/\/portaltela.pt\/#website\",\"url\":\"https:\/\/portaltela.pt\/\",\"name\":\"Portal Tela Portugal\",\"description\":\"\",\"potentialAction\":[{\"@type\":\"SearchAction\",\"target\":{\"@type\":\"EntryPoint\",\"urlTemplate\":\"https:\/\/portaltela.pt\/?s={search_term_string}\"},\"query-input\":{\"@type\":\"PropertyValueSpecification\",\"valueRequired\":true,\"valueName\":\"search_term_string\"}}],\"inLanguage\":\"pt-PT\"},{\"@type\":\"Person\",\"@id\":\"https:\/\/portaltela.pt\/#\/schema\/person\/c4278d4a6028830caff9ee44b42d32ed\",\"name\":\"Telinha\",\"image\":{\"@type\":\"ImageObject\",\"inLanguage\":\"pt-PT\",\"@id\":\"https:\/\/portaltela.pt\/s.01k8rhncp4jt1\/2025\/11\/talking-bot-125x125.png\",\"url\":\"https:\/\/portaltela.pt\/s.01k8rhncp4jt1\/2025\/11\/talking-bot-125x125.png\",\"contentUrl\":\"https:\/\/portaltela.pt\/s.01k8rhncp4jt1\/2025\/11\/talking-bot-125x125.png\",\"caption\":\"Telinha\"},\"sameAs\":[\"https:\/\/portaltela.pt\/\"],\"url\":\"https:\/\/portaltela.pt\/por\/367410592786\/\"}]}<\/script>\n<!-- \/ Yoast SEO plugin. -->","yoast_head_json":{"title":"Farioli sem tempo para festejos antes de jogo com o Alverca - Portal Tela Portugal","robots":{"index":"index","follow":"follow","max-snippet":"max-snippet:-1","max-image-preview":"max-image-preview:large","max-video-preview":"max-video-preview:-1"},"og_locale":"pt_PT","og_type":"article","og_title":"Farioli sem tempo para festejos antes de jogo com o Alverca - Portal Tela Portugal","og_description":"O FC Porto pode confirmar o t\u00edtulo neste s\u00e1bado, com a vit\u00f3ria a depender do desfecho entre Benfica e Famalic\u00e3o, mas Farioli quer foco apenas no pr\u00f3ximo jogo. O encontro com o Alverca, no Drag\u00e3o, est\u00e1 marcado para domingo \u00e0s 20h30, e a equipa exige concentra\u00e7\u00e3o m\u00e1xima sem festejos antecipados. Farioli refor\u00e7ou que a equipa precisa manter a mentalidade e o mesmo esp\u00edrito, independentemente de outros resultados. O treinador elogiou o plantel e o departamento m\u00e9dico, destacando decis\u00f5es tomadas para a sa\u00fade dos atletas e para manter o foco nos jogos. O Alverca, j\u00e1 com manuten\u00e7\u00e3o garantida, prometeu ser competitivo e manter a ambi\u00e7\u00e3o no duelo com o l\u00edder, enquanto o Porto prepara-se para avan\u00e7ar no campeonato.","og_url":"https:\/\/portaltela.pt\/noticias\/2026\/05\/01\/farioli-sem-tempo-para-festejos-antes-de-jogo-com-o-alverca\/","og_site_name":"Portal Tela Portugal","article_published_time":"2026-05-02T00:33:49+00:00","author":"Telinha","twitter_card":"summary_large_image","twitter_misc":{"Escrito por":"Telinha","Tempo estimado de leitura":"2 minutos"},"schema":{"@context":"https:\/\/schema.org","@graph":[{"@type":"Article","@id":"https:\/\/portaltela.pt\/noticias\/2026\/05\/01\/farioli-sem-tempo-para-festejos-antes-de-jogo-com-o-alverca\/#article","isPartOf":{"@id":"https:\/\/portaltela.pt\/noticias\/2026\/05\/01\/farioli-sem-tempo-para-festejos-antes-de-jogo-com-o-alverca\/"},"author":{"name":"Telinha","@id":"https:\/\/portaltela.pt\/#\/schema\/person\/c4278d4a6028830caff9ee44b42d32ed"},"headline":"Farioli sem tempo para festejos antes de jogo com o Alverca","datePublished":"2026-05-02T00:33:49+00:00","mainEntityOfPage":{"@id":"https:\/\/portaltela.pt\/noticias\/2026\/05\/01\/farioli-sem-tempo-para-festejos-antes-de-jogo-com-o-alverca\/"},"wordCount":432,"image":{"@id":"https:\/\/portaltela.pt\/noticias\/2026\/05\/01\/farioli-sem-tempo-para-festejos-antes-de-jogo-com-o-alverca\/#primaryimage"},"thumbnailUrl":"https:\/\/portaltela.pt\/s.01k8rhncp4jt1\/2026\/05\/img_1500x1000uu2026-05-01-22-14-58-2282321.jpg","keywords":["1. Liga","Alverca","FC Porto","futebol","Liga","Porto"],"articleSection":["Desporto","Futebol"],"inLanguage":"pt-PT"},{"@type":"WebPage","@id":"https:\/\/portaltela.pt\/noticias\/2026\/05\/01\/farioli-sem-tempo-para-festejos-antes-de-jogo-com-o-alverca\/","url":"https:\/\/portaltela.pt\/noticias\/2026\/05\/01\/farioli-sem-tempo-para-festejos-antes-de-jogo-com-o-alverca\/","name":"Farioli sem tempo para festejos antes de jogo com o Alverca - Portal Tela Portugal","isPartOf":{"@id":"https:\/\/portaltela.pt\/#website"},"primaryImageOfPage":{"@id":"https:\/\/portaltela.pt\/noticias\/2026\/05\/01\/farioli-sem-tempo-para-festejos-antes-de-jogo-com-o-alverca\/#primaryimage"},"image":{"@id":"https:\/\/portaltela.pt\/noticias\/2026\/05\/01\/farioli-sem-tempo-para-festejos-antes-de-jogo-com-o-alverca\/#primaryimage"},"thumbnailUrl":"https:\/\/portaltela.pt\/s.01k8rhncp4jt1\/2026\/05\/img_1500x1000uu2026-05-01-22-14-58-2282321.jpg","datePublished":"2026-05-02T00:33:49+00:00","author":{"@id":"https:\/\/portaltela.pt\/#\/schema\/person\/c4278d4a6028830caff9ee44b42d32ed"},"breadcrumb":{"@id":"https:\/\/portaltela.pt\/noticias\/2026\/05\/01\/farioli-sem-tempo-para-festejos-antes-de-jogo-com-o-alverca\/#breadcrumb"},"inLanguage":"pt-PT","potentialAction":[{"@type":"ReadAction","target":["https:\/\/portaltela.pt\/noticias\/2026\/05\/01\/farioli-sem-tempo-para-festejos-antes-de-jogo-com-o-alverca\/"]}]},{"@type":"ImageObject","inLanguage":"pt-PT","@id":"https:\/\/portaltela.pt\/noticias\/2026\/05\/01\/farioli-sem-tempo-para-festejos-antes-de-jogo-com-o-alverca\/#primaryimage","url":"https:\/\/portaltela.pt\/s.01k8rhncp4jt1\/2026\/05\/img_1500x1000uu2026-05-01-22-14-58-2282321.jpg","contentUrl":"https:\/\/portaltela.pt\/s.01k8rhncp4jt1\/2026\/05\/img_1500x1000uu2026-05-01-22-14-58-2282321.jpg","width":1500,"height":1000,"caption":"Francesco Farioli rodeado de adeptos, a quem deu aut\u00f3grafos"},{"@type":"BreadcrumbList","@id":"https:\/\/portaltela.pt\/noticias\/2026\/05\/01\/farioli-sem-tempo-para-festejos-antes-de-jogo-com-o-alverca\/#breadcrumb","itemListElement":[{"@type":"ListItem","position":1,"name":"In\u00edcio","item":"https:\/\/portaltela.pt\/"},{"@type":"ListItem","position":2,"name":"Farioli sem tempo para festejos antes de jogo com o Alverca"}]},{"@type":"WebSite","@id":"https:\/\/portaltela.pt\/#website","url":"https:\/\/portaltela.pt\/","name":"Portal Tela Portugal","description":"","potentialAction":[{"@type":"SearchAction","target":{"@type":"EntryPoint","urlTemplate":"https:\/\/portaltela.pt\/?s={search_term_string}"},"query-input":{"@type":"PropertyValueSpecification","valueRequired":true,"valueName":"search_term_string"}}],"inLanguage":"pt-PT"},{"@type":"Person","@id":"https:\/\/portaltela.pt\/#\/schema\/person\/c4278d4a6028830caff9ee44b42d32ed","name":"Telinha","image":{"@type":"ImageObject","inLanguage":"pt-PT","@id":"https:\/\/portaltela.pt\/s.01k8rhncp4jt1\/2025\/11\/talking-bot-125x125.png","url":"https:\/\/portaltela.pt\/s.01k8rhncp4jt1\/2025\/11\/talking-bot-125x125.png","contentUrl":"https:\/\/portaltela.pt\/s.01k8rhncp4jt1\/2025\/11\/talking-bot-125x125.png","caption":"Telinha"},"sameAs":["https:\/\/portaltela.pt\/"],"url":"https:\/\/portaltela.pt\/por\/367410592786\/"}]}},"_links":{"self":[{"href":"https:\/\/portaltela.pt\/api\/wp\/v2\/posts\/464480","targetHints":{"allow":["GET"]}}],"collection":[{"href":"https:\/\/portaltela.pt\/api\/wp\/v2\/posts"}],"about":[{"href":"https:\/\/portaltela.pt\/api\/wp\/v2\/types\/post"}],"author":[{"embeddable":true,"href":"https:\/\/portaltela.pt\/api\/wp\/v2\/users\/2"}],"replies":[{"embeddable":true,"href":"https:\/\/portaltela.pt\/api\/wp\/v2\/comments?post=464480"}],"version-history":[{"count":0,"href":"https:\/\/portaltela.pt\/api\/wp\/v2\/posts\/464480\/revisions"}],"wp:featuredmedia":[{"embeddable":true,"href":"https:\/\/portaltela.pt\/api\/wp\/v2\/media\/464482"}],"wp:attachment":[{"href":"https:\/\/portaltela.pt\/api\/wp\/v2\/media?parent=464480"}],"wp:term":[{"taxonomy":"category","embeddable":true,"href":"https:\/\/portaltela.pt\/api\/wp\/v2\/categories?post=464480"},{"taxonomy":"post_tag","embeddable":true,"href":"https:\/\/portaltela.pt\/api\/wp\/v2\/tags?post=464480"}],"curies":[{"name":"wp","href":"https:\/\/api.w.org\/{rel}","templated":true}]}}