{"id":464474,"date":"2026-05-01T21:33:46","date_gmt":"2026-05-02T00:33:46","guid":{"rendered":"https:\/\/portaltela.pt\/noticias\/2026\/05\/01\/comemoracoes-no-dragao-planeadas-em-segredo\/"},"modified":"2026-05-01T21:33:46","modified_gmt":"2026-05-02T00:33:46","slug":"comemoracoes-no-dragao-planeadas-em-segredo","status":"publish","type":"post","link":"https:\/\/portaltela.pt\/desporto\/futebol\/2026\/05\/01\/comemoracoes-no-dragao-planeadas-em-segredo\/","title":{"rendered":"Comemora\u00e7\u00f5es no Drag\u00e3o planeadas em segredo"},"content":{"rendered":"<p>Francesco Farioli travou a euforia hist\u00f3rica do FC Porto e disse que n\u00e3o h\u00e1 tempo para festejos antes do pr\u00f3ximo jogo. O treinador sublinhou a prioridade no desempenho em campo, mesmo com o clube na imin\u00eancia de conquistar o campeonato.<\/p>\n<p>Segundo bastidores, a hip\u00f3tese de celebrar o t\u00edtulo ainda fica guardada na sombra, em prepara\u00e7\u00e3o para uma eventual vit\u00f3ria. A gest\u00e3o da festa tem sido discutida de forma discreta, sem an\u00fancio p\u00fablico.<\/p>\n<p>A refer\u00eancia mais antiga de celebra\u00e7\u00e3o relacionada com o clube ocorreu em 2022, quando o epicentro dos festejos esteve num coreto conhecido como \u201ccogumelo\u201d. A imagem associada ao momento \u00e9 de Jos\u00e9 Reis\/Movephoto.<\/p>\n","protected":false},"excerpt":{"rendered":"<ul>\n<li>O treinador Francesco Farioli explicou que n\u00e3o h\u00e1 tempo para pensar em festejos antes do jogo.<\/li>\n<li>O FC Porto est\u00e1 a um passo de conquistar o t\u00edtulo.<\/li>\n<li>Mesmo assim, surgem indica\u00e7\u00f5es de que uma festa de campe\u00e3o poder\u00e1 estar a ser preparada em segredo.<\/li>\n<li>A not\u00edcia usa uma imagem de celebra\u00e7\u00f5es de 2022, centradas num coreto conhecido como \u201ccogumelo\u201d.<\/li>\n<li>N\u00e3o foram apresentadas informa\u00e7\u00f5es adicionais ou que indiquem datas espec\u00edficas para eventuais festejos.<\/li>\n<\/ul>\n","protected":false},"author":2,"featured_media":464481,"comment_status":"closed","ping_status":"closed","sticky":false,"template":"","format":"standard","meta":{"footnotes":""},"categories":[21,24],"tags":[8756,8315,7755,8096,8088,4919],"class_list":["post-464474","post","type-post","status-publish","format-standard","has-post-thumbnail","hentry","category-desporto","category-futebol","tag-_1-a-liga","tag-_fc-porto","tag-_futebol","tag-_liga","tag-_porto","tag-festas"],"yoast_head":"<!-- This site is optimized with the Yoast SEO plugin v27.2 - https:\/\/yoast.com\/product\/yoast-seo-wordpress\/ -->\n<title>Comemora\u00e7\u00f5es no Drag\u00e3o planeadas em segredo - Portal Tela Portugal<\/title>\n<meta name=\"robots\" content=\"index, follow, max-snippet:-1, max-image-preview:large, max-video-preview:-1\" \/>\n<meta property=\"og:locale\" content=\"pt_PT\" \/>\n<meta property=\"og:type\" content=\"article\" \/>\n<meta property=\"og:title\" content=\"Comemora\u00e7\u00f5es no Drag\u00e3o planeadas em segredo - Portal Tela Portugal\" \/>\n<meta property=\"og:description\" content=\"O treinador Francesco Farioli explicou que n\u00e3o h\u00e1 tempo para pensar em festejos antes do jogo. O FC Porto est\u00e1 a um passo de conquistar o t\u00edtulo. Mesmo assim, surgem indica\u00e7\u00f5es de que uma festa de campe\u00e3o poder\u00e1 estar a ser preparada em segredo. A not\u00edcia usa uma imagem de celebra\u00e7\u00f5es de 2022, centradas num coreto conhecido como \u201ccogumelo\u201d. N\u00e3o foram apresentadas informa\u00e7\u00f5es adicionais ou que indiquem datas espec\u00edficas para eventuais festejos.\" \/>\n<meta property=\"og:url\" content=\"https:\/\/portaltela.pt\/noticias\/2026\/05\/01\/comemoracoes-no-dragao-planeadas-em-segredo\/\" \/>\n<meta property=\"og:site_name\" content=\"Portal Tela Portugal\" \/>\n<meta property=\"article:published_time\" content=\"2026-05-02T00:33:46+00:00\" \/>\n<meta name=\"author\" content=\"Telinha\" \/>\n<meta name=\"twitter:card\" content=\"summary_large_image\" \/>\n<meta name=\"twitter:label1\" content=\"Escrito por\" \/>\n\t<meta name=\"twitter:data1\" content=\"Telinha\" \/>\n\t<meta name=\"twitter:label2\" content=\"Tempo estimado de leitura\" \/>\n\t<meta name=\"twitter:data2\" content=\"1 minuto\" \/>\n<script type=\"application\/ld+json\" class=\"yoast-schema-graph\">{\"@context\":\"https:\/\/schema.org\",\"@graph\":[{\"@type\":\"Article\",\"@id\":\"https:\/\/portaltela.pt\/noticias\/2026\/05\/01\/comemoracoes-no-dragao-planeadas-em-segredo\/#article\",\"isPartOf\":{\"@id\":\"https:\/\/portaltela.pt\/noticias\/2026\/05\/01\/comemoracoes-no-dragao-planeadas-em-segredo\/\"},\"author\":{\"name\":\"Telinha\",\"@id\":\"https:\/\/portaltela.pt\/#\/schema\/person\/c4278d4a6028830caff9ee44b42d32ed\"},\"headline\":\"Comemora\u00e7\u00f5es no Drag\u00e3o planeadas em segredo\",\"datePublished\":\"2026-05-02T00:33:46+00:00\",\"mainEntityOfPage\":{\"@id\":\"https:\/\/portaltela.pt\/noticias\/2026\/05\/01\/comemoracoes-no-dragao-planeadas-em-segredo\/\"},\"wordCount\":125,\"image\":{\"@id\":\"https:\/\/portaltela.pt\/noticias\/2026\/05\/01\/comemoracoes-no-dragao-planeadas-em-segredo\/#primaryimage\"},\"thumbnailUrl\":\"https:\/\/portaltela.pt\/s.01k8rhncp4jt1\/2026\/05\/img_1500x1000uu2026-05-01-22-23-44-2282322.jpg\",\"keywords\":[\"_1.\u00aa Liga\",\"_FC Porto\",\"_futebol\",\"_Liga\",\"_Porto\",\"festas\"],\"articleSection\":[\"Desporto\",\"Futebol\"],\"inLanguage\":\"pt-PT\"},{\"@type\":\"WebPage\",\"@id\":\"https:\/\/portaltela.pt\/noticias\/2026\/05\/01\/comemoracoes-no-dragao-planeadas-em-segredo\/\",\"url\":\"https:\/\/portaltela.pt\/noticias\/2026\/05\/01\/comemoracoes-no-dragao-planeadas-em-segredo\/\",\"name\":\"Comemora\u00e7\u00f5es no Drag\u00e3o planeadas em segredo - Portal Tela Portugal\",\"isPartOf\":{\"@id\":\"https:\/\/portaltela.pt\/#website\"},\"primaryImageOfPage\":{\"@id\":\"https:\/\/portaltela.pt\/noticias\/2026\/05\/01\/comemoracoes-no-dragao-planeadas-em-segredo\/#primaryimage\"},\"image\":{\"@id\":\"https:\/\/portaltela.pt\/noticias\/2026\/05\/01\/comemoracoes-no-dragao-planeadas-em-segredo\/#primaryimage\"},\"thumbnailUrl\":\"https:\/\/portaltela.pt\/s.01k8rhncp4jt1\/2026\/05\/img_1500x1000uu2026-05-01-22-23-44-2282322.jpg\",\"datePublished\":\"2026-05-02T00:33:46+00:00\",\"author\":{\"@id\":\"https:\/\/portaltela.pt\/#\/schema\/person\/c4278d4a6028830caff9ee44b42d32ed\"},\"breadcrumb\":{\"@id\":\"https:\/\/portaltela.pt\/noticias\/2026\/05\/01\/comemoracoes-no-dragao-planeadas-em-segredo\/#breadcrumb\"},\"inLanguage\":\"pt-PT\",\"potentialAction\":[{\"@type\":\"ReadAction\",\"target\":[\"https:\/\/portaltela.pt\/noticias\/2026\/05\/01\/comemoracoes-no-dragao-planeadas-em-segredo\/\"]}]},{\"@type\":\"ImageObject\",\"inLanguage\":\"pt-PT\",\"@id\":\"https:\/\/portaltela.pt\/noticias\/2026\/05\/01\/comemoracoes-no-dragao-planeadas-em-segredo\/#primaryimage\",\"url\":\"https:\/\/portaltela.pt\/s.01k8rhncp4jt1\/2026\/05\/img_1500x1000uu2026-05-01-22-23-44-2282322.jpg\",\"contentUrl\":\"https:\/\/portaltela.pt\/s.01k8rhncp4jt1\/2026\/05\/img_1500x1000uu2026-05-01-22-23-44-2282322.jpg\",\"width\":1500,\"height\":1000,\"caption\":\"Festejos do t\u00edtulo, em 2022, tiveram epicentro no coreto, conhecido como 'cogumelo'\"},{\"@type\":\"BreadcrumbList\",\"@id\":\"https:\/\/portaltela.pt\/noticias\/2026\/05\/01\/comemoracoes-no-dragao-planeadas-em-segredo\/#breadcrumb\",\"itemListElement\":[{\"@type\":\"ListItem\",\"position\":1,\"name\":\"In\u00edcio\",\"item\":\"https:\/\/portaltela.pt\/\"},{\"@type\":\"ListItem\",\"position\":2,\"name\":\"Comemora\u00e7\u00f5es no Drag\u00e3o planeadas em segredo\"}]},{\"@type\":\"WebSite\",\"@id\":\"https:\/\/portaltela.pt\/#website\",\"url\":\"https:\/\/portaltela.pt\/\",\"name\":\"Portal Tela Portugal\",\"description\":\"\",\"potentialAction\":[{\"@type\":\"SearchAction\",\"target\":{\"@type\":\"EntryPoint\",\"urlTemplate\":\"https:\/\/portaltela.pt\/?s={search_term_string}\"},\"query-input\":{\"@type\":\"PropertyValueSpecification\",\"valueRequired\":true,\"valueName\":\"search_term_string\"}}],\"inLanguage\":\"pt-PT\"},{\"@type\":\"Person\",\"@id\":\"https:\/\/portaltela.pt\/#\/schema\/person\/c4278d4a6028830caff9ee44b42d32ed\",\"name\":\"Telinha\",\"image\":{\"@type\":\"ImageObject\",\"inLanguage\":\"pt-PT\",\"@id\":\"https:\/\/portaltela.pt\/s.01k8rhncp4jt1\/2025\/11\/talking-bot-125x125.png\",\"url\":\"https:\/\/portaltela.pt\/s.01k8rhncp4jt1\/2025\/11\/talking-bot-125x125.png\",\"contentUrl\":\"https:\/\/portaltela.pt\/s.01k8rhncp4jt1\/2025\/11\/talking-bot-125x125.png\",\"caption\":\"Telinha\"},\"sameAs\":[\"https:\/\/portaltela.pt\/\"],\"url\":\"https:\/\/portaltela.pt\/por\/367410592786\/\"}]}<\/script>\n<!-- \/ Yoast SEO plugin. -->","yoast_head_json":{"title":"Comemora\u00e7\u00f5es no Drag\u00e3o planeadas em segredo - Portal Tela Portugal","robots":{"index":"index","follow":"follow","max-snippet":"max-snippet:-1","max-image-preview":"max-image-preview:large","max-video-preview":"max-video-preview:-1"},"og_locale":"pt_PT","og_type":"article","og_title":"Comemora\u00e7\u00f5es no Drag\u00e3o planeadas em segredo - Portal Tela Portugal","og_description":"O treinador Francesco Farioli explicou que n\u00e3o h\u00e1 tempo para pensar em festejos antes do jogo. O FC Porto est\u00e1 a um passo de conquistar o t\u00edtulo. Mesmo assim, surgem indica\u00e7\u00f5es de que uma festa de campe\u00e3o poder\u00e1 estar a ser preparada em segredo. A not\u00edcia usa uma imagem de celebra\u00e7\u00f5es de 2022, centradas num coreto conhecido como \u201ccogumelo\u201d. N\u00e3o foram apresentadas informa\u00e7\u00f5es adicionais ou que indiquem datas espec\u00edficas para eventuais festejos.","og_url":"https:\/\/portaltela.pt\/noticias\/2026\/05\/01\/comemoracoes-no-dragao-planeadas-em-segredo\/","og_site_name":"Portal Tela Portugal","article_published_time":"2026-05-02T00:33:46+00:00","author":"Telinha","twitter_card":"summary_large_image","twitter_misc":{"Escrito por":"Telinha","Tempo estimado de leitura":"1 minuto"},"schema":{"@context":"https:\/\/schema.org","@graph":[{"@type":"Article","@id":"https:\/\/portaltela.pt\/noticias\/2026\/05\/01\/comemoracoes-no-dragao-planeadas-em-segredo\/#article","isPartOf":{"@id":"https:\/\/portaltela.pt\/noticias\/2026\/05\/01\/comemoracoes-no-dragao-planeadas-em-segredo\/"},"author":{"name":"Telinha","@id":"https:\/\/portaltela.pt\/#\/schema\/person\/c4278d4a6028830caff9ee44b42d32ed"},"headline":"Comemora\u00e7\u00f5es no Drag\u00e3o planeadas em segredo","datePublished":"2026-05-02T00:33:46+00:00","mainEntityOfPage":{"@id":"https:\/\/portaltela.pt\/noticias\/2026\/05\/01\/comemoracoes-no-dragao-planeadas-em-segredo\/"},"wordCount":125,"image":{"@id":"https:\/\/portaltela.pt\/noticias\/2026\/05\/01\/comemoracoes-no-dragao-planeadas-em-segredo\/#primaryimage"},"thumbnailUrl":"https:\/\/portaltela.pt\/s.01k8rhncp4jt1\/2026\/05\/img_1500x1000uu2026-05-01-22-23-44-2282322.jpg","keywords":["_1.\u00aa Liga","_FC Porto","_futebol","_Liga","_Porto","festas"],"articleSection":["Desporto","Futebol"],"inLanguage":"pt-PT"},{"@type":"WebPage","@id":"https:\/\/portaltela.pt\/noticias\/2026\/05\/01\/comemoracoes-no-dragao-planeadas-em-segredo\/","url":"https:\/\/portaltela.pt\/noticias\/2026\/05\/01\/comemoracoes-no-dragao-planeadas-em-segredo\/","name":"Comemora\u00e7\u00f5es no Drag\u00e3o planeadas em segredo - Portal Tela Portugal","isPartOf":{"@id":"https:\/\/portaltela.pt\/#website"},"primaryImageOfPage":{"@id":"https:\/\/portaltela.pt\/noticias\/2026\/05\/01\/comemoracoes-no-dragao-planeadas-em-segredo\/#primaryimage"},"image":{"@id":"https:\/\/portaltela.pt\/noticias\/2026\/05\/01\/comemoracoes-no-dragao-planeadas-em-segredo\/#primaryimage"},"thumbnailUrl":"https:\/\/portaltela.pt\/s.01k8rhncp4jt1\/2026\/05\/img_1500x1000uu2026-05-01-22-23-44-2282322.jpg","datePublished":"2026-05-02T00:33:46+00:00","author":{"@id":"https:\/\/portaltela.pt\/#\/schema\/person\/c4278d4a6028830caff9ee44b42d32ed"},"breadcrumb":{"@id":"https:\/\/portaltela.pt\/noticias\/2026\/05\/01\/comemoracoes-no-dragao-planeadas-em-segredo\/#breadcrumb"},"inLanguage":"pt-PT","potentialAction":[{"@type":"ReadAction","target":["https:\/\/portaltela.pt\/noticias\/2026\/05\/01\/comemoracoes-no-dragao-planeadas-em-segredo\/"]}]},{"@type":"ImageObject","inLanguage":"pt-PT","@id":"https:\/\/portaltela.pt\/noticias\/2026\/05\/01\/comemoracoes-no-dragao-planeadas-em-segredo\/#primaryimage","url":"https:\/\/portaltela.pt\/s.01k8rhncp4jt1\/2026\/05\/img_1500x1000uu2026-05-01-22-23-44-2282322.jpg","contentUrl":"https:\/\/portaltela.pt\/s.01k8rhncp4jt1\/2026\/05\/img_1500x1000uu2026-05-01-22-23-44-2282322.jpg","width":1500,"height":1000,"caption":"Festejos do t\u00edtulo, em 2022, tiveram epicentro no coreto, conhecido como 'cogumelo'"},{"@type":"BreadcrumbList","@id":"https:\/\/portaltela.pt\/noticias\/2026\/05\/01\/comemoracoes-no-dragao-planeadas-em-segredo\/#breadcrumb","itemListElement":[{"@type":"ListItem","position":1,"name":"In\u00edcio","item":"https:\/\/portaltela.pt\/"},{"@type":"ListItem","position":2,"name":"Comemora\u00e7\u00f5es no Drag\u00e3o planeadas em segredo"}]},{"@type":"WebSite","@id":"https:\/\/portaltela.pt\/#website","url":"https:\/\/portaltela.pt\/","name":"Portal Tela Portugal","description":"","potentialAction":[{"@type":"SearchAction","target":{"@type":"EntryPoint","urlTemplate":"https:\/\/portaltela.pt\/?s={search_term_string}"},"query-input":{"@type":"PropertyValueSpecification","valueRequired":true,"valueName":"search_term_string"}}],"inLanguage":"pt-PT"},{"@type":"Person","@id":"https:\/\/portaltela.pt\/#\/schema\/person\/c4278d4a6028830caff9ee44b42d32ed","name":"Telinha","image":{"@type":"ImageObject","inLanguage":"pt-PT","@id":"https:\/\/portaltela.pt\/s.01k8rhncp4jt1\/2025\/11\/talking-bot-125x125.png","url":"https:\/\/portaltela.pt\/s.01k8rhncp4jt1\/2025\/11\/talking-bot-125x125.png","contentUrl":"https:\/\/portaltela.pt\/s.01k8rhncp4jt1\/2025\/11\/talking-bot-125x125.png","caption":"Telinha"},"sameAs":["https:\/\/portaltela.pt\/"],"url":"https:\/\/portaltela.pt\/por\/367410592786\/"}]}},"_links":{"self":[{"href":"https:\/\/portaltela.pt\/api\/wp\/v2\/posts\/464474","targetHints":{"allow":["GET"]}}],"collection":[{"href":"https:\/\/portaltela.pt\/api\/wp\/v2\/posts"}],"about":[{"href":"https:\/\/portaltela.pt\/api\/wp\/v2\/types\/post"}],"author":[{"embeddable":true,"href":"https:\/\/portaltela.pt\/api\/wp\/v2\/users\/2"}],"replies":[{"embeddable":true,"href":"https:\/\/portaltela.pt\/api\/wp\/v2\/comments?post=464474"}],"version-history":[{"count":0,"href":"https:\/\/portaltela.pt\/api\/wp\/v2\/posts\/464474\/revisions"}],"wp:featuredmedia":[{"embeddable":true,"href":"https:\/\/portaltela.pt\/api\/wp\/v2\/media\/464481"}],"wp:attachment":[{"href":"https:\/\/portaltela.pt\/api\/wp\/v2\/media?parent=464474"}],"wp:term":[{"taxonomy":"category","embeddable":true,"href":"https:\/\/portaltela.pt\/api\/wp\/v2\/categories?post=464474"},{"taxonomy":"post_tag","embeddable":true,"href":"https:\/\/portaltela.pt\/api\/wp\/v2\/tags?post=464474"}],"curies":[{"name":"wp","href":"https:\/\/api.w.org\/{rel}","templated":true}]}}