{"id":464463,"date":"2026-05-01T21:33:40","date_gmt":"2026-05-02T00:33:40","guid":{"rendered":"https:\/\/portaltela.pt\/noticias\/2026\/05\/01\/carlos-moedas-diz-ter-apenas-ajudado-a-contratar-cantores-para-piquenique-de-luxo\/"},"modified":"2026-05-01T21:33:40","modified_gmt":"2026-05-02T00:33:40","slug":"carlos-moedas-diz-ter-apenas-ajudado-a-contratar-cantores-para-piquenique-de-luxo","status":"publish","type":"post","link":"https:\/\/portaltela.pt\/noticias\/politica\/2026\/05\/01\/carlos-moedas-diz-ter-apenas-ajudado-a-contratar-cantores-para-piquenique-de-luxo\/","title":{"rendered":"Carlos Moedas diz ter apenas ajudado a contratar cantores para piquenique de luxo"},"content":{"rendered":"<p>O presidente da C\u00e2mara de Lisboa, Carlos Moedas, confirmou que o munic\u00edpio ter\u00e1 apoio financeiro para um evento p\u00fablico, a ser realizado no Parque Eduardo VII neste domingo. A verba de 75 mil euros destina-se apenas \u00e0 parte vis\u00edvel ao p\u00fablico geral, especificamente \u00e0 m\u00fasica e aos cantores, n\u00e3o ao piquenique de luxo com lugar reservado.<\/p>\n<p>O piquenique, promovido pela empresa LOHAD, \u00e9 anunciado com bilheitos de 150 euros por duplo e 300 euros por casal com dois filhos. A autarquia n\u00e3o financia esse segmento do evento, assegurou Moedas, que acrescentou que n\u00e3o houve barreiras entre o que se pode ver e o que \u00e9 pago.<\/p>\n<p>A not\u00edcia publicada pela S\u00e1bado relata o ajuste direto de 75 mil euros \u00e0 LOHAD, empresa que organiza o espet\u00e1culo. Moedas n\u00e3o detalhou como a autarquia verifica a aloca\u00e7\u00e3o do dinheiro para artistas versus outras componentes do evento nem se houve controle espec\u00edfico sobre esse ponto.<\/p>\n<p>O epis\u00f3dio envolve Gon\u00e7alo Castel-Branco, produtor que integrou a equipa t\u00e9cnica da noite eleitoral de Moedas nas aut\u00e1rquicas de 12 de outubro. A rela\u00e7\u00e3o entre o organizador do piquenique e o evento p\u00fablico permanece sem explica\u00e7\u00e3o formal por parte da C\u00e2mara.<\/p>\n<p>Na reuni\u00e3o camar\u00e1ria de quarta-feira, o vereador da CDU, Jo\u00e3o Ferreira, questionou a gest\u00e3o da autarquia, apontando uma poss\u00edvel falta de transpar\u00eancia e lisura. O tema gerou cr\u00edticas quanto ao equil\u00edbrio entre apoio p\u00fablico e interesses privados.<\/p>\n","protected":false},"excerpt":{"rendered":"<ul>\n<li>C\u00e2mara de Lisboa atribuiu ajuste direto de 75 mil euros \u00e0 LOHAD, empresa que organiza o concerto com piquenique de luxo no Parque Eduardo VII neste domingo.<\/li>\n<li>O piquenique custa 300 euros por casal, com dois filhos, ou 150 euros por bilhete duplo, incluindo lugares privilegiados.<\/li>\n<li>O presidente da C\u00e2mara afirmou que a ajuda foi apenas para a parte vis\u00edvel ao p\u00fablico, m\u00fasica e cantores; n\u00e3o houve apoio ao piquenique.<\/li>\n<li>O dono da LOHAD integrou a equipa t\u00e9cnica na noite eleitoral de Carlos Moedas nas aut\u00e1rquicas, e a empresa \u00e9 de Gon\u00e7alo Castel-Branco.<\/li>\n<li>O vereador da CDU, Jo\u00e3o Ferreira, pediu maior transpar\u00eancia na gest\u00e3o p\u00fablica, alegando falta de lisura, sem que Moedas tenha explicado como se controla a verba destinada aos cantores.<\/li>\n<\/ul>\n","protected":false},"author":2,"featured_media":464465,"comment_status":"closed","ping_status":"closed","sticky":false,"template":"","format":"standard","meta":{"footnotes":""},"categories":[1,5],"tags":[9470,10139,7952,7974,7913,8280],"class_list":["post-464463","post","type-post","status-publish","format-standard","has-post-thumbnail","hentry","category-noticias","category-politica","tag-_apoio-publico","tag-_cdu","tag-_governo","tag-_lisboa","tag-_politica","tag-_transparencia"],"yoast_head":"<!-- This site is optimized with the Yoast SEO plugin v27.2 - https:\/\/yoast.com\/product\/yoast-seo-wordpress\/ -->\n<title>Carlos Moedas diz ter apenas ajudado a contratar cantores para piquenique de luxo - Portal Tela Portugal<\/title>\n<meta name=\"robots\" content=\"index, follow, max-snippet:-1, max-image-preview:large, max-video-preview:-1\" \/>\n<meta property=\"og:locale\" content=\"pt_PT\" \/>\n<meta property=\"og:type\" content=\"article\" \/>\n<meta property=\"og:title\" content=\"Carlos Moedas diz ter apenas ajudado a contratar cantores para piquenique de luxo - Portal Tela Portugal\" \/>\n<meta property=\"og:description\" content=\"C\u00e2mara de Lisboa atribuiu ajuste direto de 75 mil euros \u00e0 LOHAD, empresa que organiza o concerto com piquenique de luxo no Parque Eduardo VII neste domingo. O piquenique custa 300 euros por casal, com dois filhos, ou 150 euros por bilhete duplo, incluindo lugares privilegiados. O presidente da C\u00e2mara afirmou que a ajuda foi apenas para a parte vis\u00edvel ao p\u00fablico, m\u00fasica e cantores; n\u00e3o houve apoio ao piquenique. O dono da LOHAD integrou a equipa t\u00e9cnica na noite eleitoral de Carlos Moedas nas aut\u00e1rquicas, e a empresa \u00e9 de Gon\u00e7alo Castel-Branco. O vereador da CDU, Jo\u00e3o Ferreira, pediu maior transpar\u00eancia na gest\u00e3o p\u00fablica, alegando falta de lisura, sem que Moedas tenha explicado como se controla a verba destinada aos cantores.\" \/>\n<meta property=\"og:url\" content=\"https:\/\/portaltela.pt\/noticias\/2026\/05\/01\/carlos-moedas-diz-ter-apenas-ajudado-a-contratar-cantores-para-piquenique-de-luxo\/\" \/>\n<meta property=\"og:site_name\" content=\"Portal Tela Portugal\" \/>\n<meta property=\"article:published_time\" content=\"2026-05-02T00:33:40+00:00\" \/>\n<meta name=\"author\" content=\"Telinha\" \/>\n<meta name=\"twitter:card\" content=\"summary_large_image\" \/>\n<meta name=\"twitter:label1\" content=\"Escrito por\" \/>\n\t<meta name=\"twitter:data1\" content=\"Telinha\" \/>\n\t<meta name=\"twitter:label2\" content=\"Tempo estimado de leitura\" \/>\n\t<meta name=\"twitter:data2\" content=\"1 minuto\" \/>\n<script type=\"application\/ld+json\" class=\"yoast-schema-graph\">{\"@context\":\"https:\/\/schema.org\",\"@graph\":[{\"@type\":\"Article\",\"@id\":\"https:\/\/portaltela.pt\/noticias\/2026\/05\/01\/carlos-moedas-diz-ter-apenas-ajudado-a-contratar-cantores-para-piquenique-de-luxo\/#article\",\"isPartOf\":{\"@id\":\"https:\/\/portaltela.pt\/noticias\/2026\/05\/01\/carlos-moedas-diz-ter-apenas-ajudado-a-contratar-cantores-para-piquenique-de-luxo\/\"},\"author\":{\"name\":\"Telinha\",\"@id\":\"https:\/\/portaltela.pt\/#\/schema\/person\/c4278d4a6028830caff9ee44b42d32ed\"},\"headline\":\"Carlos Moedas diz ter apenas ajudado a contratar cantores para piquenique de luxo\",\"datePublished\":\"2026-05-02T00:33:40+00:00\",\"mainEntityOfPage\":{\"@id\":\"https:\/\/portaltela.pt\/noticias\/2026\/05\/01\/carlos-moedas-diz-ter-apenas-ajudado-a-contratar-cantores-para-piquenique-de-luxo\/\"},\"wordCount\":265,\"image\":{\"@id\":\"https:\/\/portaltela.pt\/noticias\/2026\/05\/01\/carlos-moedas-diz-ter-apenas-ajudado-a-contratar-cantores-para-piquenique-de-luxo\/#primaryimage\"},\"thumbnailUrl\":\"https:\/\/portaltela.pt\/s.01k8rhncp4jt1\/2026\/05\/img_1500x1000uu2026-04-20-23-26-44-2279918-im-639123244155982581.jpg\",\"keywords\":[\"_apoio p\u00fablico\",\"_CDU\",\"_governo\",\"_Lisboa\",\"_pol\u00edtica\",\"_transpar\u00eancia\"],\"articleSection\":[\"Not\u00edcias\",\"Pol\u00edtica\"],\"inLanguage\":\"pt-PT\"},{\"@type\":\"WebPage\",\"@id\":\"https:\/\/portaltela.pt\/noticias\/2026\/05\/01\/carlos-moedas-diz-ter-apenas-ajudado-a-contratar-cantores-para-piquenique-de-luxo\/\",\"url\":\"https:\/\/portaltela.pt\/noticias\/2026\/05\/01\/carlos-moedas-diz-ter-apenas-ajudado-a-contratar-cantores-para-piquenique-de-luxo\/\",\"name\":\"Carlos Moedas diz ter apenas ajudado a contratar cantores para piquenique de luxo - Portal Tela Portugal\",\"isPartOf\":{\"@id\":\"https:\/\/portaltela.pt\/#website\"},\"primaryImageOfPage\":{\"@id\":\"https:\/\/portaltela.pt\/noticias\/2026\/05\/01\/carlos-moedas-diz-ter-apenas-ajudado-a-contratar-cantores-para-piquenique-de-luxo\/#primaryimage\"},\"image\":{\"@id\":\"https:\/\/portaltela.pt\/noticias\/2026\/05\/01\/carlos-moedas-diz-ter-apenas-ajudado-a-contratar-cantores-para-piquenique-de-luxo\/#primaryimage\"},\"thumbnailUrl\":\"https:\/\/portaltela.pt\/s.01k8rhncp4jt1\/2026\/05\/img_1500x1000uu2026-04-20-23-26-44-2279918-im-639123244155982581.jpg\",\"datePublished\":\"2026-05-02T00:33:40+00:00\",\"author\":{\"@id\":\"https:\/\/portaltela.pt\/#\/schema\/person\/c4278d4a6028830caff9ee44b42d32ed\"},\"breadcrumb\":{\"@id\":\"https:\/\/portaltela.pt\/noticias\/2026\/05\/01\/carlos-moedas-diz-ter-apenas-ajudado-a-contratar-cantores-para-piquenique-de-luxo\/#breadcrumb\"},\"inLanguage\":\"pt-PT\",\"potentialAction\":[{\"@type\":\"ReadAction\",\"target\":[\"https:\/\/portaltela.pt\/noticias\/2026\/05\/01\/carlos-moedas-diz-ter-apenas-ajudado-a-contratar-cantores-para-piquenique-de-luxo\/\"]}]},{\"@type\":\"ImageObject\",\"inLanguage\":\"pt-PT\",\"@id\":\"https:\/\/portaltela.pt\/noticias\/2026\/05\/01\/carlos-moedas-diz-ter-apenas-ajudado-a-contratar-cantores-para-piquenique-de-luxo\/#primaryimage\",\"url\":\"https:\/\/portaltela.pt\/s.01k8rhncp4jt1\/2026\/05\/img_1500x1000uu2026-04-20-23-26-44-2279918-im-639123244155982581.jpg\",\"contentUrl\":\"https:\/\/portaltela.pt\/s.01k8rhncp4jt1\/2026\/05\/img_1500x1000uu2026-04-20-23-26-44-2279918-im-639123244155982581.jpg\",\"width\":796,\"height\":448,\"caption\":\"Carlos Moedas\"},{\"@type\":\"BreadcrumbList\",\"@id\":\"https:\/\/portaltela.pt\/noticias\/2026\/05\/01\/carlos-moedas-diz-ter-apenas-ajudado-a-contratar-cantores-para-piquenique-de-luxo\/#breadcrumb\",\"itemListElement\":[{\"@type\":\"ListItem\",\"position\":1,\"name\":\"In\u00edcio\",\"item\":\"https:\/\/portaltela.pt\/\"},{\"@type\":\"ListItem\",\"position\":2,\"name\":\"Carlos Moedas diz ter apenas ajudado a contratar cantores para piquenique de luxo\"}]},{\"@type\":\"WebSite\",\"@id\":\"https:\/\/portaltela.pt\/#website\",\"url\":\"https:\/\/portaltela.pt\/\",\"name\":\"Portal Tela Portugal\",\"description\":\"\",\"potentialAction\":[{\"@type\":\"SearchAction\",\"target\":{\"@type\":\"EntryPoint\",\"urlTemplate\":\"https:\/\/portaltela.pt\/?s={search_term_string}\"},\"query-input\":{\"@type\":\"PropertyValueSpecification\",\"valueRequired\":true,\"valueName\":\"search_term_string\"}}],\"inLanguage\":\"pt-PT\"},{\"@type\":\"Person\",\"@id\":\"https:\/\/portaltela.pt\/#\/schema\/person\/c4278d4a6028830caff9ee44b42d32ed\",\"name\":\"Telinha\",\"image\":{\"@type\":\"ImageObject\",\"inLanguage\":\"pt-PT\",\"@id\":\"https:\/\/portaltela.pt\/s.01k8rhncp4jt1\/2025\/11\/talking-bot-125x125.png\",\"url\":\"https:\/\/portaltela.pt\/s.01k8rhncp4jt1\/2025\/11\/talking-bot-125x125.png\",\"contentUrl\":\"https:\/\/portaltela.pt\/s.01k8rhncp4jt1\/2025\/11\/talking-bot-125x125.png\",\"caption\":\"Telinha\"},\"sameAs\":[\"https:\/\/portaltela.pt\/\"],\"url\":\"https:\/\/portaltela.pt\/por\/367410592786\/\"}]}<\/script>\n<!-- \/ Yoast SEO plugin. -->","yoast_head_json":{"title":"Carlos Moedas diz ter apenas ajudado a contratar cantores para piquenique de luxo - Portal Tela Portugal","robots":{"index":"index","follow":"follow","max-snippet":"max-snippet:-1","max-image-preview":"max-image-preview:large","max-video-preview":"max-video-preview:-1"},"og_locale":"pt_PT","og_type":"article","og_title":"Carlos Moedas diz ter apenas ajudado a contratar cantores para piquenique de luxo - Portal Tela Portugal","og_description":"C\u00e2mara de Lisboa atribuiu ajuste direto de 75 mil euros \u00e0 LOHAD, empresa que organiza o concerto com piquenique de luxo no Parque Eduardo VII neste domingo. O piquenique custa 300 euros por casal, com dois filhos, ou 150 euros por bilhete duplo, incluindo lugares privilegiados. O presidente da C\u00e2mara afirmou que a ajuda foi apenas para a parte vis\u00edvel ao p\u00fablico, m\u00fasica e cantores; n\u00e3o houve apoio ao piquenique. O dono da LOHAD integrou a equipa t\u00e9cnica na noite eleitoral de Carlos Moedas nas aut\u00e1rquicas, e a empresa \u00e9 de Gon\u00e7alo Castel-Branco. O vereador da CDU, Jo\u00e3o Ferreira, pediu maior transpar\u00eancia na gest\u00e3o p\u00fablica, alegando falta de lisura, sem que Moedas tenha explicado como se controla a verba destinada aos cantores.","og_url":"https:\/\/portaltela.pt\/noticias\/2026\/05\/01\/carlos-moedas-diz-ter-apenas-ajudado-a-contratar-cantores-para-piquenique-de-luxo\/","og_site_name":"Portal Tela Portugal","article_published_time":"2026-05-02T00:33:40+00:00","author":"Telinha","twitter_card":"summary_large_image","twitter_misc":{"Escrito por":"Telinha","Tempo estimado de leitura":"1 minuto"},"schema":{"@context":"https:\/\/schema.org","@graph":[{"@type":"Article","@id":"https:\/\/portaltela.pt\/noticias\/2026\/05\/01\/carlos-moedas-diz-ter-apenas-ajudado-a-contratar-cantores-para-piquenique-de-luxo\/#article","isPartOf":{"@id":"https:\/\/portaltela.pt\/noticias\/2026\/05\/01\/carlos-moedas-diz-ter-apenas-ajudado-a-contratar-cantores-para-piquenique-de-luxo\/"},"author":{"name":"Telinha","@id":"https:\/\/portaltela.pt\/#\/schema\/person\/c4278d4a6028830caff9ee44b42d32ed"},"headline":"Carlos Moedas diz ter apenas ajudado a contratar cantores para piquenique de luxo","datePublished":"2026-05-02T00:33:40+00:00","mainEntityOfPage":{"@id":"https:\/\/portaltela.pt\/noticias\/2026\/05\/01\/carlos-moedas-diz-ter-apenas-ajudado-a-contratar-cantores-para-piquenique-de-luxo\/"},"wordCount":265,"image":{"@id":"https:\/\/portaltela.pt\/noticias\/2026\/05\/01\/carlos-moedas-diz-ter-apenas-ajudado-a-contratar-cantores-para-piquenique-de-luxo\/#primaryimage"},"thumbnailUrl":"https:\/\/portaltela.pt\/s.01k8rhncp4jt1\/2026\/05\/img_1500x1000uu2026-04-20-23-26-44-2279918-im-639123244155982581.jpg","keywords":["_apoio p\u00fablico","_CDU","_governo","_Lisboa","_pol\u00edtica","_transpar\u00eancia"],"articleSection":["Not\u00edcias","Pol\u00edtica"],"inLanguage":"pt-PT"},{"@type":"WebPage","@id":"https:\/\/portaltela.pt\/noticias\/2026\/05\/01\/carlos-moedas-diz-ter-apenas-ajudado-a-contratar-cantores-para-piquenique-de-luxo\/","url":"https:\/\/portaltela.pt\/noticias\/2026\/05\/01\/carlos-moedas-diz-ter-apenas-ajudado-a-contratar-cantores-para-piquenique-de-luxo\/","name":"Carlos Moedas diz ter apenas ajudado a contratar cantores para piquenique de luxo - Portal Tela Portugal","isPartOf":{"@id":"https:\/\/portaltela.pt\/#website"},"primaryImageOfPage":{"@id":"https:\/\/portaltela.pt\/noticias\/2026\/05\/01\/carlos-moedas-diz-ter-apenas-ajudado-a-contratar-cantores-para-piquenique-de-luxo\/#primaryimage"},"image":{"@id":"https:\/\/portaltela.pt\/noticias\/2026\/05\/01\/carlos-moedas-diz-ter-apenas-ajudado-a-contratar-cantores-para-piquenique-de-luxo\/#primaryimage"},"thumbnailUrl":"https:\/\/portaltela.pt\/s.01k8rhncp4jt1\/2026\/05\/img_1500x1000uu2026-04-20-23-26-44-2279918-im-639123244155982581.jpg","datePublished":"2026-05-02T00:33:40+00:00","author":{"@id":"https:\/\/portaltela.pt\/#\/schema\/person\/c4278d4a6028830caff9ee44b42d32ed"},"breadcrumb":{"@id":"https:\/\/portaltela.pt\/noticias\/2026\/05\/01\/carlos-moedas-diz-ter-apenas-ajudado-a-contratar-cantores-para-piquenique-de-luxo\/#breadcrumb"},"inLanguage":"pt-PT","potentialAction":[{"@type":"ReadAction","target":["https:\/\/portaltela.pt\/noticias\/2026\/05\/01\/carlos-moedas-diz-ter-apenas-ajudado-a-contratar-cantores-para-piquenique-de-luxo\/"]}]},{"@type":"ImageObject","inLanguage":"pt-PT","@id":"https:\/\/portaltela.pt\/noticias\/2026\/05\/01\/carlos-moedas-diz-ter-apenas-ajudado-a-contratar-cantores-para-piquenique-de-luxo\/#primaryimage","url":"https:\/\/portaltela.pt\/s.01k8rhncp4jt1\/2026\/05\/img_1500x1000uu2026-04-20-23-26-44-2279918-im-639123244155982581.jpg","contentUrl":"https:\/\/portaltela.pt\/s.01k8rhncp4jt1\/2026\/05\/img_1500x1000uu2026-04-20-23-26-44-2279918-im-639123244155982581.jpg","width":796,"height":448,"caption":"Carlos Moedas"},{"@type":"BreadcrumbList","@id":"https:\/\/portaltela.pt\/noticias\/2026\/05\/01\/carlos-moedas-diz-ter-apenas-ajudado-a-contratar-cantores-para-piquenique-de-luxo\/#breadcrumb","itemListElement":[{"@type":"ListItem","position":1,"name":"In\u00edcio","item":"https:\/\/portaltela.pt\/"},{"@type":"ListItem","position":2,"name":"Carlos Moedas diz ter apenas ajudado a contratar cantores para piquenique de luxo"}]},{"@type":"WebSite","@id":"https:\/\/portaltela.pt\/#website","url":"https:\/\/portaltela.pt\/","name":"Portal Tela Portugal","description":"","potentialAction":[{"@type":"SearchAction","target":{"@type":"EntryPoint","urlTemplate":"https:\/\/portaltela.pt\/?s={search_term_string}"},"query-input":{"@type":"PropertyValueSpecification","valueRequired":true,"valueName":"search_term_string"}}],"inLanguage":"pt-PT"},{"@type":"Person","@id":"https:\/\/portaltela.pt\/#\/schema\/person\/c4278d4a6028830caff9ee44b42d32ed","name":"Telinha","image":{"@type":"ImageObject","inLanguage":"pt-PT","@id":"https:\/\/portaltela.pt\/s.01k8rhncp4jt1\/2025\/11\/talking-bot-125x125.png","url":"https:\/\/portaltela.pt\/s.01k8rhncp4jt1\/2025\/11\/talking-bot-125x125.png","contentUrl":"https:\/\/portaltela.pt\/s.01k8rhncp4jt1\/2025\/11\/talking-bot-125x125.png","caption":"Telinha"},"sameAs":["https:\/\/portaltela.pt\/"],"url":"https:\/\/portaltela.pt\/por\/367410592786\/"}]}},"_links":{"self":[{"href":"https:\/\/portaltela.pt\/api\/wp\/v2\/posts\/464463","targetHints":{"allow":["GET"]}}],"collection":[{"href":"https:\/\/portaltela.pt\/api\/wp\/v2\/posts"}],"about":[{"href":"https:\/\/portaltela.pt\/api\/wp\/v2\/types\/post"}],"author":[{"embeddable":true,"href":"https:\/\/portaltela.pt\/api\/wp\/v2\/users\/2"}],"replies":[{"embeddable":true,"href":"https:\/\/portaltela.pt\/api\/wp\/v2\/comments?post=464463"}],"version-history":[{"count":0,"href":"https:\/\/portaltela.pt\/api\/wp\/v2\/posts\/464463\/revisions"}],"wp:featuredmedia":[{"embeddable":true,"href":"https:\/\/portaltela.pt\/api\/wp\/v2\/media\/464465"}],"wp:attachment":[{"href":"https:\/\/portaltela.pt\/api\/wp\/v2\/media?parent=464463"}],"wp:term":[{"taxonomy":"category","embeddable":true,"href":"https:\/\/portaltela.pt\/api\/wp\/v2\/categories?post=464463"},{"taxonomy":"post_tag","embeddable":true,"href":"https:\/\/portaltela.pt\/api\/wp\/v2\/tags?post=464463"}],"curies":[{"name":"wp","href":"https:\/\/api.w.org\/{rel}","templated":true}]}}